{"id":707,"date":"2022-02-02T18:41:09","date_gmt":"2022-02-02T18:41:09","guid":{"rendered":"https:\/\/blogs.ugto.mx\/bachilleratovirtual\/?p=707"},"modified":"2022-02-20T01:57:10","modified_gmt":"2022-02-20T01:57:10","slug":"clase-digital-5-comunicacion-masiva-y-sociedad-contemporanea","status":"publish","type":"post","link":"https:\/\/blogs.ugto.mx\/bachilleratovirtual\/clase-digital-5-comunicacion-masiva-y-sociedad-contemporanea\/","title":{"rendered":"Clase digital 5. Comunicaci\u00f3n masiva y sociedad contempor\u00e1nea"},"content":{"rendered":"\n\n\n<div class=\"wp-block-cover is-light\" style=\"min-height:284px;aspect-ratio:unset;\"><span aria-hidden=\"true\" class=\"has-background-dim-40 wp-block-cover__gradient-background has-background-dim\"><\/span><img decoding=\"async\" class=\"wp-block-cover__image-background wp-image-708\" alt=\"\" src=\"data:image\/gif;base64,R0lGODlhAQABAIAAAAAAAP\/\/\/yH5BAEAAAAALAAAAAABAAEAAAIBRAA7\" data-src=\"https:\/\/blogs.ugto.mx\/bachilleratovirtual\/wp-content\/uploads\/sites\/69\/2022\/01\/Portada-clase-5-comunicacio\u0301n-II.jpg\" style=\"object-position:35% 7%\" data-object-fit=\"cover\" data-object-position=\"35% 7%\" \/><noscript><img loading=\"lazy\" decoding=\"async\" width=\"1200\" height=\"675\" class=\"wp-block-cover__image-background wp-image-708\" alt=\"\" src=\"https:\/\/blogs.ugto.mx\/bachilleratovirtual\/wp-content\/uploads\/sites\/69\/2022\/01\/Portada-clase-5-comunicacio\u0301n-II.jpg\" style=\"object-position:35% 7%\" data-object-fit=\"cover\" data-object-position=\"35% 7%\" srcset=\"https:\/\/blogs.ugto.mx\/bachilleratovirtual\/wp-content\/uploads\/sites\/69\/2022\/01\/Portada-clase-5-comunicacio\u0301n-II.jpg 1200w, https:\/\/blogs.ugto.mx\/bachilleratovirtual\/wp-content\/uploads\/sites\/69\/2022\/01\/Portada-clase-5-comunicacio\u0301n-II-300x169.jpg 300w, https:\/\/blogs.ugto.mx\/bachilleratovirtual\/wp-content\/uploads\/sites\/69\/2022\/01\/Portada-clase-5-comunicacio\u0301n-II-1024x576.jpg 1024w, https:\/\/blogs.ugto.mx\/bachilleratovirtual\/wp-content\/uploads\/sites\/69\/2022\/01\/Portada-clase-5-comunicacio\u0301n-II-768x432.jpg 768w\" sizes=\"auto, (max-width: 1200px) 100vw, 1200px\" \/><\/noscript><div class=\"wp-block-cover__inner-container is-layout-flow wp-block-cover-is-layout-flow\">\n<p class=\"has-text-align-center has-base-3-color has-text-color has-large-font-size wp-block-paragraph\">Comunicaci\u00f3n masiva y sociedad contempor\u00e1nea<\/p>\n<\/div><\/div>\n\n\n\n<h2 class=\"wp-block-heading\" id=\"introduccion\">Introducci\u00f3n<\/h2>\n\n\n\n<p class=\"wp-block-paragraph\">\u00a1Hola! Bienvenido a nuestra pen\u00faltima clase virtual, el d\u00eda de hoy, veremos un tema que es de suma importancia para nosotros como hablantes y part\u00edcipes de un proceso comunicativo, como lo has podido apreciar, nosotros siempre nos estamos comunicando de alguna u otra manera, es por ello que hoy veremos en qu\u00e9 consiste la comunicaci\u00f3n, su vinculaci\u00f3n con la sociedad y los medios de comunicaci\u00f3n.<\/p>\n\n\n\n<p class=\"wp-block-paragraph\">Empecemos.<\/p>\n\n\n\n<h2 class=\"wp-block-heading\" id=\"desarrollo-del-tema\">Desarrollo del tema<\/h2>\n\n\n\n<p class=\"wp-block-paragraph\">La comunicaci\u00f3n es la forma en que nosotros como hablantes damos a conocer nuestros pensamientos, ideolog\u00edas, sentimientos, cosmovisi\u00f3n de mundo; la forma de interactuar con los dem\u00e1s; pero hablar de comunicaci\u00f3n tambi\u00e9n radica en mencionar la comunicaci\u00f3n masiva, donde un emisor se dirige a su receptor que puede ser un conjunto de personas que est\u00e1n atentas a percibir la informaci\u00f3n, procesarla, decodificarla y significarla.<\/p>\n\n\n\n<p class=\"wp-block-paragraph\">Hablar de comunicaci\u00f3n masiva, es entonces, aquella que desarrollan los medios de comunicaci\u00f3n, cuyo objetivo es llegar a muchas personas para darles a conocer su producto, o informaci\u00f3n; recuerda que los medios de comunicaci\u00f3n est\u00e1n presentes en televisi\u00f3n, radio, redes sociales.<\/p>\n\n\n\n<p class=\"wp-block-paragraph\">Las caracter\u00edsticas de dicha comunicaci\u00f3n son:<\/p>\n\n\n\n<ol class=\"wp-block-list\"><li>La audiencia, p\u00fablico masivo\u00a0<\/li><li>Decodificaci\u00f3n por parte de los receptores, sin dar una respuesta directa al mensaje.<\/li><li>Al ser masiva y extensiva la informaci\u00f3n, es captada por mujeres, hombres, ni\u00f1os, diferentes rangos sociales.<\/li><li>Los receptores son an\u00f3nimos, al poder captar la informaci\u00f3n en cualquier medio de comunicaci\u00f3n no se puede se\u00f1alar el nombre, edad o clase social a la que pertenece.<\/li><\/ol>\n\n\n\n<p class=\"wp-block-paragraph\">Si nos ponemos a reflexionar para qu\u00e9 nos sirve este tipo de comunicaci\u00f3n, la respuesta es para poder llegar a un gran n\u00famero de audiencia o receptores, en donde se comunican noticias, productos, campa\u00f1as, entre otros.&nbsp; Entonces hablar de audiencia es tambi\u00e9n mencionar a la sociedad, que sabemos que es el conjunto de personas que estamos dentro de un pueblo, comunidad. Dentro de la sociedad contempor\u00e1nea, nos referimos a la sociedad de nuestro tiempo, en donde estamos inmersos en la famosa <em>Era de la Tecnolog\u00eda y de la Informaci\u00f3n<\/em>.<\/p>\n\n\n\n<p class=\"wp-block-paragraph\">La informaci\u00f3n y las tecnolog\u00edas van de la mano, no los podemos separar ya que, por su parte, la informaci\u00f3n nos dirige a la posibilidad de decodificar, significar y analizar todo lo que leemos y est\u00e1 a nuestro alcance; mientras que las tecnolog\u00edas nos ayudan a tener un contacto m\u00e1s r\u00e1pido y directo con lo que nos transmite la informaci\u00f3n.&nbsp;<\/p>\n\n\n\n<div class=\"wp-block-image\"><figure class=\"aligncenter size-large is-resized\"><img loading=\"lazy\" decoding=\"async\" src=\"data:image\/gif;base64,R0lGODlhAQABAIAAAAAAAP\/\/\/yH5BAEAAAAALAAAAAABAAEAAAIBRAA7\" data-src=\"https:\/\/blogs.ugto.mx\/bachilleratovirtual\/wp-content\/uploads\/sites\/69\/2022\/01\/Clase-5-imagen-1-1024x683.jpg\" alt=\"\" class=\"wp-image-735\" width=\"678\" height=\"453\" \/><noscript><img loading=\"lazy\" decoding=\"async\" src=\"https:\/\/blogs.ugto.mx\/bachilleratovirtual\/wp-content\/uploads\/sites\/69\/2022\/01\/Clase-5-imagen-1-1024x683.jpg\" alt=\"\" class=\"wp-image-735\" width=\"678\" height=\"453\" srcset=\"https:\/\/blogs.ugto.mx\/bachilleratovirtual\/wp-content\/uploads\/sites\/69\/2022\/01\/Clase-5-imagen-1-1024x683.jpg 1024w, https:\/\/blogs.ugto.mx\/bachilleratovirtual\/wp-content\/uploads\/sites\/69\/2022\/01\/Clase-5-imagen-1-300x200.jpg 300w, https:\/\/blogs.ugto.mx\/bachilleratovirtual\/wp-content\/uploads\/sites\/69\/2022\/01\/Clase-5-imagen-1-768x512.jpg 768w, https:\/\/blogs.ugto.mx\/bachilleratovirtual\/wp-content\/uploads\/sites\/69\/2022\/01\/Clase-5-imagen-1-1536x1024.jpg 1536w, https:\/\/blogs.ugto.mx\/bachilleratovirtual\/wp-content\/uploads\/sites\/69\/2022\/01\/Clase-5-imagen-1-2048x1365.jpg 2048w, https:\/\/blogs.ugto.mx\/bachilleratovirtual\/wp-content\/uploads\/sites\/69\/2022\/01\/Clase-5-imagen-1-272x182.jpg 272w\" sizes=\"auto, (max-width: 678px) 100vw, 678px\" \/><\/noscript><figcaption>Imagen 1:  La informaci\u00f3n nos dirige a la posibilidad de decodificar, significar y analizar todo lo que leemos.<\/figcaption><\/figure><\/div>\n\n\n\n<p class=\"wp-block-paragraph\">Ahora bien, hablar de sociedad contempor\u00e1nea es mencionar su estrecha relaci\u00f3n con la tecnolog\u00eda, en donde el primer contacto es la televisi\u00f3n, y ahora, los dispositivos m\u00f3viles como la computadora, tablet, tel\u00e9fonos inteligentes; pero recuerda que estos medios son actuales, antes de ellos exist\u00edan otros medios de comunicaci\u00f3n, que en su momento fueron masivos, dichos medios los conocemos actualmente como comunicaci\u00f3n tradicional: prensa, radio y televisi\u00f3n.<\/p>\n\n\n\n<p class=\"wp-block-paragraph\">Los medios de comunicaci\u00f3n tradicionales \u201cmanejan en general una f\u00f3rmula b\u00e1sica dentro del proceso de comunicaci\u00f3n: el&nbsp;<strong>emisor<\/strong>&nbsp;(medio) se encarga de enviar o transmitir la informaci\u00f3n al&nbsp;<strong>receptor<\/strong>&nbsp;(lector, radioescucha o televidente) y el&nbsp;<strong>feedback<\/strong>&nbsp;es dif\u00edcil de cuantificar, medir y gestionar.\u201d&nbsp;&nbsp;<\/p>\n\n\n\n<p class=\"wp-block-paragraph\">Los medios digitales o New-media, es el cambio de paradigma que se ten\u00eda de los medios tradicionales, es la era digital, inmersa no s\u00f3lo en dispositivos inteligentes, sino en internet, en donde en cuesti\u00f3n de minutos o segundos tenemos acceso a informaci\u00f3n o al <em>on line.<\/em><\/p>\n\n\n\n<p class=\"wp-block-paragraph\">Te invito a ver el siguiente video: Medio de Comunicaci\u00f3n Digital<\/p>\n\n\n\n<figure class=\"wp-block-embed is-type-video is-provider-youtube wp-block-embed-youtube wp-embed-aspect-16-9 wp-has-aspect-ratio\"><div class=\"wp-block-embed__wrapper\">\n<iframe loading=\"lazy\" title=\"Medio de Comunicaci\u00f3n Digital\" width=\"1200\" height=\"675\" src=\"https:\/\/www.youtube.com\/embed\/Ji36-4q8y70?feature=oembed\" frameborder=\"0\" allow=\"accelerometer; autoplay; clipboard-write; encrypted-media; gyroscope; picture-in-picture\" allowfullscreen><\/iframe>\n<\/div><\/figure>\n\n\n\n<p class=\"wp-block-paragraph\">La transformaci\u00f3n de los medios de comunicaci\u00f3n, es bastante significativa y adem\u00e1s va de la mano con la evoluci\u00f3n de la sociedad.<\/p>\n\n\n\n<p class=\"wp-block-paragraph\">Para concluir con nuestra sesi\u00f3n de veremos lo que es una brecha digital, para ello veamos el siguiente el video: La brecha digital en minuto y medio<\/p>\n\n\n\n<figure class=\"wp-block-embed is-type-video is-provider-youtube wp-block-embed-youtube wp-embed-aspect-16-9 wp-has-aspect-ratio\"><div class=\"wp-block-embed__wrapper\">\n<iframe loading=\"lazy\" title=\"La brecha digital en minuto y medio\" width=\"1200\" height=\"675\" src=\"https:\/\/www.youtube.com\/embed\/mtTOB4tFRSs?feature=oembed\" frameborder=\"0\" allow=\"accelerometer; autoplay; clipboard-write; encrypted-media; gyroscope; picture-in-picture\" allowfullscreen><\/iframe>\n<\/div><\/figure>\n\n\n\n<h2 class=\"wp-block-heading\" id=\"conclusion\">Conclusi\u00f3n<\/h2>\n\n\n\n<p class=\"wp-block-paragraph\">Como pudiste ver, la comunicaci\u00f3n es una herramienta necesaria, nata e importante para el hombre; siempre nos estamos comunicando de una u otra manera, utilizamos el lenguaje, todo tipo de lenguaje para hacerlo, en este caso el lenguaje empleado es el escrito, representado por los medios de comunicaci\u00f3n, en primera instancia los tradicionales \u2013 radio, televisi\u00f3n, peri\u00f3dico, correo- y ahora los medios digitales \u2013 internet y los dispositivos m\u00f3viles-.<\/p>\n\n\n\n<h2 class=\"wp-block-heading\" id=\"fuentes-de-informacion\">Fuentes de informaci\u00f3n<\/h2>\n\n\n\n<ul class=\"wp-block-list\"><li>https:\/\/economipedia.com\/definiciones\/comunicacion-masiva.html<\/li><li>https:\/\/cienciaedu.wordpress.com\/2013\/05\/02\/caracteristicas-de-la-sociedad-contemporanea\/<\/li><li>https:\/\/www.ceupe.com\/blog\/medios-tradicionales-vs-medios-digitales.html<\/li><li>https:\/\/www.ceupe.com\/blog\/medios-tradicionales-vs-medios-digitales.html<\/li><li>https:\/\/www.youtube.com\/watch?v=mtTOB4tFRSs<\/li><li>https:\/\/www.youtube.com\/watch?v=Ji36-4q8y70<\/li><\/ul>\n","protected":false},"excerpt":{"rendered":"<p>Introducci\u00f3n \u00a1Hola! Bienvenido a nuestra pen\u00faltima clase virtual, el d\u00eda de hoy, veremos un tema que es de suma importancia para nosotros como hablantes y part\u00edcipes de un proceso comunicativo, como lo has podido apreciar, nosotros siempre nos estamos comunicando de alguna u otra manera, es por ello que hoy veremos en qu\u00e9 consiste la &#8230; <a title=\"Clase digital 5. Comunicaci\u00f3n masiva y sociedad contempor\u00e1nea\" class=\"read-more\" href=\"https:\/\/blogs.ugto.mx\/bachilleratovirtual\/clase-digital-5-comunicacion-masiva-y-sociedad-contemporanea\/\" aria-label=\"Leer m\u00e1s sobre Clase digital 5. Comunicaci\u00f3n masiva y sociedad contempor\u00e1nea\">Leer m\u00e1s<\/a><\/p>\n","protected":false},"author":142,"featured_media":0,"comment_status":"closed","ping_status":"closed","sticky":false,"template":"","format":"standard","meta":{"_acf_changed":false,"_crdt_document":"","episode_type":"","audio_file":"","podmotor_file_id":"","podmotor_episode_id":"","cover_image":"","cover_image_id":"","duration":"","filesize":"","filesize_raw":"","date_recorded":"","explicit":"","block":"","itunes_episode_number":"","itunes_title":"","itunes_season_number":"","itunes_episode_type":"","footnotes":""},"categories":[19,13],"tags":[15,4,6],"class_list":["post-707","post","type-post","status-publish","format-standard","hentry","category-bloque-2","category-uda-comunicacion-oral-y-escrita-ii","tag-blanca-olivia-ortiz-soria","tag-clase-digital","tag-shba03"],"acf":[],"jetpack_featured_media_url":"","_links":{"self":[{"href":"https:\/\/blogs.ugto.mx\/bachilleratovirtual\/wp-json\/wp\/v2\/posts\/707","targetHints":{"allow":["GET"]}}],"collection":[{"href":"https:\/\/blogs.ugto.mx\/bachilleratovirtual\/wp-json\/wp\/v2\/posts"}],"about":[{"href":"https:\/\/blogs.ugto.mx\/bachilleratovirtual\/wp-json\/wp\/v2\/types\/post"}],"author":[{"embeddable":true,"href":"https:\/\/blogs.ugto.mx\/bachilleratovirtual\/wp-json\/wp\/v2\/users\/142"}],"replies":[{"embeddable":true,"href":"https:\/\/blogs.ugto.mx\/bachilleratovirtual\/wp-json\/wp\/v2\/comments?post=707"}],"version-history":[{"count":4,"href":"https:\/\/blogs.ugto.mx\/bachilleratovirtual\/wp-json\/wp\/v2\/posts\/707\/revisions"}],"predecessor-version":[{"id":849,"href":"https:\/\/blogs.ugto.mx\/bachilleratovirtual\/wp-json\/wp\/v2\/posts\/707\/revisions\/849"}],"wp:attachment":[{"href":"https:\/\/blogs.ugto.mx\/bachilleratovirtual\/wp-json\/wp\/v2\/media?parent=707"}],"wp:term":[{"taxonomy":"category","embeddable":true,"href":"https:\/\/blogs.ugto.mx\/bachilleratovirtual\/wp-json\/wp\/v2\/categories?post=707"},{"taxonomy":"post_tag","embeddable":true,"href":"https:\/\/blogs.ugto.mx\/bachilleratovirtual\/wp-json\/wp\/v2\/tags?post=707"}],"curies":[{"name":"wp","href":"https:\/\/api.w.org\/{rel}","templated":true}]}}