{"id":40,"date":"2016-11-18T15:59:52","date_gmt":"2016-11-18T21:59:52","guid":{"rendered":"http:\/\/blogs.ugto.mx\/constancias\/?p=40"},"modified":"2016-11-24T14:24:20","modified_gmt":"2016-11-24T20:24:20","slug":"taller-la-interaccion-entre-academicos-y-estudiantes-repercusiones-en-su-formacion","status":"publish","type":"post","link":"https:\/\/blogs.ugto.mx\/constancias\/taller-la-interaccion-entre-academicos-y-estudiantes-repercusiones-en-su-formacion\/","title":{"rendered":"Taller 4: La interacci\u00f3n entre acad\u00e9micos y estudiantes. Repercusiones en su formaci\u00f3n"},"content":{"rendered":"<p style=\"text-align: justify;\">A continuaci\u00f3n, se presentan las lecturas complementarias del taller \u00abLa interacci\u00f3n entre acad\u00e9micos y estudiantes. Repercusiones en su formaci\u00f3n\u00bb:<\/p>\n<ol style=\"text-align: justify;\">\n<li><a href=\"http:\/\/blogs.ugto.mx\/constancias\/wp-content\/uploads\/sites\/30\/2016\/11\/Catedra-RC-Adrian-de-Garay.pdf\" target=\"_blank\">Catedra-RC-Adrian-de-Garay<\/a><\/li>\n<li><a href=\"http:\/\/blogs.ugto.mx\/constancias\/wp-content\/uploads\/sites\/30\/2016\/11\/El-docente-universitario-Corredor-Torres.pdf\" target=\"_blank\">El docente universitario Corredor Torres<\/a><\/li>\n<li><a href=\"http:\/\/blogs.ugto.mx\/constancias\/wp-content\/uploads\/sites\/30\/2016\/11\/Los-estudiantes-Dubet.pdf\" target=\"_blank\">Los estudiantes Dubet<\/a><\/li>\n<li><a href=\"http:\/\/blogs.ugto.mx\/constancias\/wp-content\/uploads\/sites\/30\/2016\/11\/Relac-M-A-apred-Covarrubias-y-Pi\u00f1a.pdf\" target=\"_blank\">Relac M &#8211; A apred Covarrubias y Pi\u00f1a<\/a><\/li>\n<li><a href=\"http:\/\/blogs.ugto.mx\/constancias\/wp-content\/uploads\/sites\/30\/2016\/11\/Relac-M-A-lineas-invest-Coll-y-Sanchez.pdf\" target=\"_blank\">Relac M &#8211; A lineas invest Coll y Sanchez<\/a><\/li>\n<li><a href=\"http:\/\/blogs.ugto.mx\/constancias\/wp-content\/uploads\/sites\/30\/2016\/11\/Relac-M-A-rend-acad-Lara-Barrag\u00e1n.pdf\" target=\"_blank\">Relac M &#8211; A rend acad Lara Barrag\u00e1n<\/a><\/li>\n<li><a href=\"http:\/\/blogs.ugto.mx\/constancias\/wp-content\/uploads\/sites\/30\/2016\/11\/Relac-profesor-alumno-aula.-P-Morales.pdf\" target=\"_blank\">Relac profesor &#8211; alumno aula. P Morales<\/a><\/li>\n<li><a href=\"http:\/\/blogs.ugto.mx\/constancias\/wp-content\/uploads\/sites\/30\/2016\/11\/Relaci\u00f3n-M-A-el-poder.-AG-S\u00e1nchez-G.pdf\" target=\"_blank\">Relaci\u00f3n M-A, el poder. AG S\u00e1nchez G<\/a><\/li>\n<li><a href=\"http:\/\/blogs.ugto.mx\/constancias\/wp-content\/uploads\/sites\/30\/2016\/11\/Relacion-P-A-Universidad.-Gallardo-Reyes.pdf\" target=\"_blank\">Relacion P -A Universidad. Gallardo-Reyes<\/a><\/li>\n<li><a href=\"http:\/\/blogs.ugto.mx\/constancias\/wp-content\/uploads\/sites\/30\/2016\/11\/Tipos-de-estud.-Entrev-a-de-Garay.pdf\" target=\"_blank\">Tipos de estud. Entrev a de Garay<\/a><\/li>\n<li><a href=\"http:\/\/blogs.ugto.mx\/constancias\/wp-content\/uploads\/sites\/30\/2016\/11\/Tipos-E-M-discurso.-Cadoche.pdf\" target=\"_blank\">Tipos E &#8211; M discurso. Cadoche<\/a><\/li>\n<li><a href=\"http:\/\/blogs.ugto.mx\/constancias\/wp-content\/uploads\/sites\/30\/2016\/11\/Relac-M-A-form-\u00e9tica-Odette-V\u00e9lez.pdf\" target=\"_blank\">Relac M &#8211; A form \u00e9tica Odette V\u00e9lez<\/a><\/li>\n<\/ol>\n<p style=\"text-align: justify;\"><em>Nota: Los materiales aqu\u00ed referidos han sido dispuestos por el facilitador del taller como apoyo bibliogr\u00e1fico de consulta. La utilizaci\u00f3n de ellos bajo otra modalidad, no est\u00e1 autorizada. Por tal motivo, la Universidad de Guanajuato no se hace responsable al respecto.<\/em><\/p>\n","protected":false},"excerpt":{"rendered":"<p>A continuaci\u00f3n, se presentan las lecturas complementarias del taller \u00abLa interacci\u00f3n entre acad\u00e9micos y estudiantes. Repercusiones en su formaci\u00f3n\u00bb: Catedra-RC-Adrian-de-Garay El docente universitario Corredor Torres Los estudiantes Dubet Relac M &#8211; A apred Covarrubias y Pi\u00f1a Relac M &#8211; A lineas invest Coll y Sanchez Relac M &#8211; A rend acad Lara Barrag\u00e1n Relac profesor &#8230; <a title=\"Taller 4: La interacci\u00f3n entre acad\u00e9micos y estudiantes. Repercusiones en su formaci\u00f3n\" class=\"read-more\" href=\"https:\/\/blogs.ugto.mx\/constancias\/taller-la-interaccion-entre-academicos-y-estudiantes-repercusiones-en-su-formacion\/\" aria-label=\"Leer m\u00e1s sobre Taller 4: La interacci\u00f3n entre acad\u00e9micos y estudiantes. Repercusiones en su formaci\u00f3n\">Leer m\u00e1s<\/a><\/p>\n","protected":false},"author":1,"featured_media":0,"comment_status":"closed","ping_status":"closed","sticky":false,"template":"","format":"standard","meta":{"_acf_changed":false,"_crdt_document":"","advanced_seo_description":"","jetpack_seo_html_title":"","jetpack_seo_noindex":false,"episode_type":"","audio_file":"","podmotor_file_id":"","podmotor_episode_id":"","cover_image":"","cover_image_id":"","duration":"","filesize":"","filesize_raw":"","date_recorded":"","explicit":"","block":"","itunes_episode_number":"","itunes_title":"","itunes_season_number":"","itunes_episode_type":"","jetpack_post_was_ever_published":false,"footnotes":""},"categories":[5],"tags":[7],"class_list":["post-40","post","type-post","status-publish","format-standard","hentry","category-recursos-educativos-de-talleres","tag-material-complementario"],"acf":[],"jetpack_featured_media_url":"","jetpack_sharing_enabled":true,"jetpack_shortlink":"https:\/\/wp.me\/p89eJN-E","jetpack-related-posts":[],"_links":{"self":[{"href":"https:\/\/blogs.ugto.mx\/constancias\/wp-json\/wp\/v2\/posts\/40","targetHints":{"allow":["GET"]}}],"collection":[{"href":"https:\/\/blogs.ugto.mx\/constancias\/wp-json\/wp\/v2\/posts"}],"about":[{"href":"https:\/\/blogs.ugto.mx\/constancias\/wp-json\/wp\/v2\/types\/post"}],"author":[{"embeddable":true,"href":"https:\/\/blogs.ugto.mx\/constancias\/wp-json\/wp\/v2\/users\/1"}],"replies":[{"embeddable":true,"href":"https:\/\/blogs.ugto.mx\/constancias\/wp-json\/wp\/v2\/comments?post=40"}],"version-history":[{"count":8,"href":"https:\/\/blogs.ugto.mx\/constancias\/wp-json\/wp\/v2\/posts\/40\/revisions"}],"predecessor-version":[{"id":90,"href":"https:\/\/blogs.ugto.mx\/constancias\/wp-json\/wp\/v2\/posts\/40\/revisions\/90"}],"wp:attachment":[{"href":"https:\/\/blogs.ugto.mx\/constancias\/wp-json\/wp\/v2\/media?parent=40"}],"wp:term":[{"taxonomy":"category","embeddable":true,"href":"https:\/\/blogs.ugto.mx\/constancias\/wp-json\/wp\/v2\/categories?post=40"},{"taxonomy":"post_tag","embeddable":true,"href":"https:\/\/blogs.ugto.mx\/constancias\/wp-json\/wp\/v2\/tags?post=40"}],"curies":[{"name":"wp","href":"https:\/\/api.w.org\/{rel}","templated":true}]}}