{"id":2062,"date":"2021-11-19T20:28:41","date_gmt":"2021-11-19T20:28:41","guid":{"rendered":"https:\/\/blogs.ugto.mx\/derecho\/?p=2062"},"modified":"2021-12-01T20:39:02","modified_gmt":"2021-12-01T20:39:02","slug":"clase-digital-1-derecho-fundamental-de-seguridad-juridica","status":"publish","type":"post","link":"https:\/\/blogs.ugto.mx\/derecho\/clase-digital-1-derecho-fundamental-de-seguridad-juridica\/","title":{"rendered":"Clase digital 1. Derecho fundamental de seguridad jur\u00eddica"},"content":{"rendered":"\n\n\n<div class=\"wp-block-cover has-background-dim-40 has-black-background-color has-background-dim\" style=\"min-height:284px;aspect-ratio:unset;\"><img decoding=\"async\" class=\"wp-block-cover__image-background wp-image-2064\" alt=\"\" src=\"data:image\/gif;base64,R0lGODlhAQABAIAAAAAAAP\/\/\/yH5BAEAAAAALAAAAAABAAEAAAIBRAA7\" data-src=\"https:\/\/blogs.ugto.mx\/derecho\/wp-content\/uploads\/sites\/67\/2021\/11\/wwd93icc30y.jpg\" style=\"object-position:22% 45%\" data-object-fit=\"cover\" data-object-position=\"22% 45%\" \/><noscript><img loading=\"lazy\" decoding=\"async\" width=\"1600\" height=\"1067\" class=\"wp-block-cover__image-background wp-image-2064\" alt=\"\" src=\"https:\/\/blogs.ugto.mx\/derecho\/wp-content\/uploads\/sites\/67\/2021\/11\/wwd93icc30y.jpg\" style=\"object-position:22% 45%\" data-object-fit=\"cover\" data-object-position=\"22% 45%\" srcset=\"https:\/\/blogs.ugto.mx\/derecho\/wp-content\/uploads\/sites\/67\/2021\/11\/wwd93icc30y.jpg 1600w, https:\/\/blogs.ugto.mx\/derecho\/wp-content\/uploads\/sites\/67\/2021\/11\/wwd93icc30y-300x200.jpg 300w, https:\/\/blogs.ugto.mx\/derecho\/wp-content\/uploads\/sites\/67\/2021\/11\/wwd93icc30y-1024x683.jpg 1024w, https:\/\/blogs.ugto.mx\/derecho\/wp-content\/uploads\/sites\/67\/2021\/11\/wwd93icc30y-768x512.jpg 768w, https:\/\/blogs.ugto.mx\/derecho\/wp-content\/uploads\/sites\/67\/2021\/11\/wwd93icc30y-1536x1024.jpg 1536w, https:\/\/blogs.ugto.mx\/derecho\/wp-content\/uploads\/sites\/67\/2021\/11\/wwd93icc30y-272x182.jpg 272w\" sizes=\"auto, (max-width: 1600px) 100vw, 1600px\" \/><\/noscript><div class=\"wp-block-cover__inner-container is-layout-flow wp-block-cover-is-layout-flow\">\n<p class=\"has-text-align-center has-large-font-size wp-block-paragraph\">Derecho fundamental de seguridad jur\u00eddica<\/p>\n<\/div><\/div>\n\n\n\n<h2 class=\"wp-block-heading\">1. Fundamentaci\u00f3n del tema<\/h2>\n\n\n\n<p class=\"wp-block-paragraph\">El presente tema corresponde a la Unidad De Aprendizaje de Derechos Humanos parte II, perteneciente al cuarto semestre de la Licenciatura en Derecho de acuerdo al plan de estudios vigente. La importancia de conocerlo radica en que se trata de un primer acercamiento a este segundo curso en materia de Derechos Humanos, indispensable en tu formaci\u00f3n acad\u00e9mica y profesional.<\/p>\n\n\n\n<p class=\"wp-block-paragraph\">Ya que en las UDAs de Teor\u00eda de los Derechos Humanos y en Derechos Humanos I tuvimos la oportunidad de introducirnos y adentrarnos al vasto campo de esta disciplina, es menester ahora brindarle un espacio a un siguiente bloque de derechos fundamentales: los de seguridad jur\u00eddica.<\/p>\n\n\n\n<p class=\"wp-block-paragraph\">A lo largo de tu trayectoria acad\u00e9mica, has podido asimilar la importancia de los derechos humanos en nuestro sistema jur\u00eddico y en general, en nuestra vida cotidiana. Los derechos fundamentales de seguridad jur\u00eddica no son la excepci\u00f3n, ya que como veremos son una pieza clave en el llamado Estado de Derecho.<\/p>\n\n\n\n<h2 class=\"wp-block-heading\">2. Objetivo did\u00e1ctico<\/h2>\n\n\n\n<p class=\"wp-block-paragraph\">Partiendo del concepto b\u00e1sico de derechos humanos, comprender a qu\u00e9 se hace referencia con el t\u00e9rmino de seguridad jur\u00eddica, dimensionando sus alcances y dem\u00e1s circunstancias en torno a esta. Lo anterior como una introducci\u00f3n al bloque de derechos fundamentales de seguridad jur\u00eddica y sus garant\u00edas, con el prop\u00f3sito de sentar una base que permita una mayor comprensi\u00f3n de estos derechos en el contexto constitucional mexicano.<\/p>\n\n\n\n<h2 class=\"wp-block-heading\">3. Contenido did\u00e1ctico<\/h2>\n\n\n\n<h3 class=\"wp-block-heading\">Introducci\u00f3n<\/h3>\n\n\n\n<p class=\"wp-block-paragraph\">\u00a1Hola! Bienvenidas y bienvenidos a este recurso did\u00e1ctico. En \u00e9l, nos adentraremos en el estudio preliminar de lo que en Derecho se conoce como seguridad jur\u00eddica. Para ello, expondremos algunas consideraciones previas que permitir\u00e1n colocarnos a todos en el mismo panorama,&nbsp;<\/p>\n\n\n\n<p class=\"wp-block-paragraph\">Posteriormente, entraremos propiamente en el an\u00e1lisis de la seguridad jur\u00eddica, partiendo del concepto que la doctrina ha construido, vinculandolo con los derechos humanos contenidos en la Constituci\u00f3n Pol\u00edtica de los Estados Unidos Mexicanos, y haciendo una particular distinci\u00f3n con los derechos humanos de distinta naturaleza, como los que fueron objeto de estudio en el curso pasado.<\/p>\n\n\n\n<p class=\"wp-block-paragraph\">Una vez que hayan quedado claras estas primeras consideraciones, encontrar\u00e1s algunos apuntes sobre el alcance que se le ha otorgado a la seguridad jur\u00eddica en el marco de los derechos fundamentales, as\u00ed como el lugar que guarda dentro de nuestro ordenamiento y a nivel internacional<\/p>\n\n\n\n<p class=\"wp-block-paragraph\">Hablaremos aqu\u00ed de algunas ideas generales que ser\u00e1n desarrolladas a lo largo de esta Unidad de Aprendizaje, y que constituyen la fundamentaci\u00f3n de este segundo curso de Derechos Humanos.<\/p>\n\n\n\n<p class=\"wp-block-paragraph\">\u00a1Comencemos!<\/p>\n\n\n\n<h3 class=\"wp-block-heading\">Desarrollo del tema<\/h3>\n\n\n\n<p class=\"wp-block-paragraph\">Te damos la m\u00e1s cordial de las bienvenidas a este primer recurso introductorio a los Derechos humanos de seguridad jur\u00eddica, mismo que pretende consolidar una base que te permita comprender los recursos posteriores. Para ello, consideramos pertinente hacer una rememoraci\u00f3n de los conocimientos previamente adquiridos.<\/p>\n\n\n\n<p class=\"wp-block-paragraph\">Comencemos recordando que los derechos fundamentales, de acuerdo con Luigi Ferrajoli son:<\/p>\n\n\n\n<p class=\"wp-block-paragraph\">Aquellos derechos que, en un ordenamiento dado, se reconocen a todas las personas \u2014o, en su caso, s\u00f3lo a todos los ciudadanos\u2014 por el mero hecho de serlo. Se tratar\u00eda de derechos inherentes a la condici\u00f3n de persona o de ciudadano, tal como \u00e9sta es concebida en dicho ordenamiento; y, por eso mismo, ser\u00edan derechos universales, en el sentido de que corresponden necesariamente a todos los miembros del grupo (personas o ciudadanos).<\/p>\n\n\n\n<p class=\"has-text-align-right wp-block-paragraph\">(Ferrajoli citado en D\u00edez-Picazo, 2003: 32).<\/p>\n\n\n\n<p class=\"wp-block-paragraph\">En ese sentido:<\/p>\n\n\n\n<ul class=\"wp-block-list\"><li>Se trata de derechos reconocidos en ordenamientos jur\u00eddicos, pol\u00edticos o sociales.&nbsp;<\/li><li>No se pierda de vista que al referirse a la palabra \u2018reconocimiento\u2019 no se habla de una concesi\u00f3n que el Estado realiza a las personas, sino que parte de la existencia inherente de dichos derechos.<\/li><li>Son derechos que le pertenecen de forma inherente a las personas o ciudadanos que poseen esa cualidad.<\/li><li>Son universales y no exclusivos de unos cuantos.<\/li><\/ul>\n\n\n\n<p class=\"wp-block-paragraph\">Ahora bien, es indispensable hacer una acotaci\u00f3n para distinguir los t\u00e9rminos que hasta ahora hemos empleado, a saber: derechos humanos y derechos fundamentales, pero \u00bfcu\u00e1l es la diferencia entre ambas expresiones?<\/p>\n\n\n\n<p class=\"wp-block-paragraph\">Derechos fundamentales \u2192 Seg\u00fan D\u00edez-Picazo, este t\u00e9rmino fue originalmente adoptado por algunos pa\u00edses europeos para designar a aquellos derechos reconocidos y garantizados por la Constituci\u00f3n o ley fundamental.<\/p>\n\n\n\n<p class=\"has-text-align-right wp-block-paragraph\">(D\u00edez-Picazo, 2003: 32)<\/p>\n\n\n\n<p class=\"wp-block-paragraph\">Derechos humanos \u2192 En atenci\u00f3n al referido autor, son \u201caquellos derechos que, refiri\u00e9ndose a valores b\u00e1sicos, est\u00e1n declarados por tratados internacionales\u201d.<\/p>\n\n\n\n<p class=\"has-text-align-right wp-block-paragraph\">(D\u00edez-Picazo, 2003: 34).<\/p>\n\n\n\n<p class=\"wp-block-paragraph\">Por lo tanto, \u201cla diferencia entre derechos fundamentales y derechos humanos estribar\u00eda, as\u00ed, en el ordenamiento que los reconoce y protege: interno, en el caso de los derechos fundamentales; internacional, en el caso de los derechos humanos\u201d (D\u00edez-Picazo, 2003: 34). Sin embargo, su contenido es el mismo y ambos t\u00e9rminos designan a aquellas facultades y prerrogativas humanas.<\/p>\n\n\n\n<p class=\"wp-block-paragraph\">Cabe hacer la aclaraci\u00f3n de que en nuestro ordenamiento jur\u00eddico, ambos t\u00e9rminos son utilizados indistintamente, y es la propia Constituci\u00f3n Pol\u00edtica de los Estados Unidos Mexicanos la que se refiere a derechos humanos cuando habla de derechos inherentes a la condici\u00f3n humana. Es as\u00ed como en su art\u00edculo primero se\u00f1ala a la letra: \u201cEn los Estados Unidos Mexicanos todas las personas gozar\u00e1n de los derechos humanos reconocidos en esta Constituci\u00f3n y en los tratados internacionales de los que el Estado Mexicano sea parte\u201d.<\/p>\n\n\n\n<p class=\"has-text-align-right wp-block-paragraph\">(Constituci\u00f3n Pol\u00edtica de los Estados Unidos Mexicanos, 2021).<\/p>\n\n\n\n<p class=\"wp-block-paragraph\">Como bien sabes, nuestra Carta Magna contempla una serie de derechos humanos y sus garant\u00edas a lo largo de todo su texto, y es aqu\u00ed donde podemos encontrar el origen y fundamento de los derechos humanos de seguridad jur\u00eddica, cuyo estudio en particular lo desarrollaremos a lo largo de esta Unidad de Aprendizaje.<\/p>\n\n\n\n<p class=\"wp-block-paragraph\">Enfoc\u00e1ndonos en lo anterior, resulta conducente plantearnos la siguiente interrogante: \u00bfa qu\u00e9 nos referimos con seguridad jur\u00eddica? Descubramoslo a continuaci\u00f3n.&nbsp;<\/p>\n\n\n\n<h4 class=\"wp-block-heading\">Seguridad jur\u00eddica<\/h4>\n\n\n\n<h5 class=\"wp-block-heading\">1. Concepto<\/h5>\n\n\n\n<p class=\"wp-block-paragraph\">La idea de seguridad jur\u00eddica descansa en un ideal humano y en uno de los fines que persigue el Derecho, y su presencia en los ordenamientos se debe a las conquistas pol\u00edticas y sociales que han tenido lugar a lo largo de la historia, es decir, no se trata de una concesi\u00f3n o acto de benevolencia del Estado, sino que obedece a la lucha humana por alcanzar sus objetivos.<\/p>\n\n\n\n<p class=\"has-text-align-right wp-block-paragraph\">(P\u00e9rez, 2000: 25-26).<\/p>\n\n\n\n<p class=\"wp-block-paragraph\">El ilustre jurista P\u00e9rez Lu\u00f1o, infiere que la seguridad jur\u00eddica est\u00e1 en gran medida vinculada al llamado Estado de Derecho.<\/p>\n\n\n\n<p class=\"has-text-align-right wp-block-paragraph\">(P\u00e9rez, 2000: 25-26).<\/p>\n\n\n\n<p class=\"wp-block-paragraph\">Por su parte, Miguel Carbonell nos recuerda que el Estado de Derecho&nbsp;<\/p>\n\n\n\n<p class=\"wp-block-paragraph\">En sentido formal puede entenderse como el conjunto de \u2018reglas del juego\u2019 -de car\u00e1cter fundamentalmente procedimiental- que los \u00f3rganos p\u00fablicos deben respetar en su organizaci\u00f3n y funcionamiento internos y, lo que quiz\u00e1 sea todav\u00eda m\u00e1s importante para la materia de los derechos fundamentales, en su relaci\u00f3n con los ciudadanos.<\/p>\n\n\n\n<p class=\"has-text-align-right wp-block-paragraph\">(Carbonell, 2004: 585).<\/p>\n\n\n\n<p class=\"wp-block-paragraph\">De este modo, a la seguridad jur\u00eddica la encontramos contenida por un lado en dos distintas exigencias o dimensiones objetivas: (P\u00e9rez, 2000: 28)<\/p>\n\n\n\n<ul class=\"wp-block-list\"><li>Correcci\u00f3n estructural: que se refiere como su nombre lo indica a la elaboraci\u00f3n correcta de las normas que integran al ordenamiento jur\u00eddico, es decir, al cumplimiento de las formas y estructura que estas deben revestir.<\/li><li>Correcci\u00f3n funcional: implica el acatamiento de las normas del ordenamiento jur\u00eddico tanto por las personas a quienes obliga, como por las autoridades a quienes se les designa su aplicaci\u00f3n <\/li><\/ul>\n\n\n\n<p class=\"has-text-align-right wp-block-paragraph\">(P\u00e9rez, 2000: 28).<\/p>\n\n\n\n<p class=\"wp-block-paragraph\">Por otro lado, se concreta tambi\u00e9n por medio de una dimensi\u00f3n subjetiva traducida en la certeza del Derecho, misma que se ve reflejada en los sujetos a quienes se dirigen las normas.<\/p>\n\n\n\n<p class=\"has-text-align-right wp-block-paragraph\">(P\u00e9rez, 2000: 28-29).&nbsp;<\/p>\n\n\n\n<p class=\"wp-block-paragraph\">Tal como se muestra en el siguiente gr\u00e1fico:<\/p>\n\n\n\n<div class=\"wp-block-image\"><figure class=\"aligncenter size-full\"><img decoding=\"async\" src=\"data:image\/gif;base64,R0lGODlhAQABAIAAAAAAAP\/\/\/yH5BAEAAAAALAAAAAABAAEAAAIBRAA7\" data-src=\"https:\/\/blogs.ugto.mx\/derecho\/wp-content\/uploads\/sites\/67\/2021\/11\/seguridad.png\" alt=\"\" class=\"wp-image-2065\" \/><noscript><img loading=\"lazy\" decoding=\"async\" width=\"487\" height=\"226\" src=\"https:\/\/blogs.ugto.mx\/derecho\/wp-content\/uploads\/sites\/67\/2021\/11\/seguridad.png\" alt=\"\" class=\"wp-image-2065\" srcset=\"https:\/\/blogs.ugto.mx\/derecho\/wp-content\/uploads\/sites\/67\/2021\/11\/seguridad.png 487w, https:\/\/blogs.ugto.mx\/derecho\/wp-content\/uploads\/sites\/67\/2021\/11\/seguridad-300x139.png 300w\" sizes=\"auto, (max-width: 487px) 100vw, 487px\" \/><\/noscript><\/figure><\/div>\n\n\n\n<p class=\"wp-block-paragraph\">Miguel Carbonell abona a lo anterior diciendo que \u201cla seguridad jur\u00eddica busca que la \u2018estructura\u2019 del ordenamiento sea correcta (sea justa, para decirlo en otras palabras) y que tambi\u00e9n lo sea su \u2018funcionamiento\u2019\u201d.<\/p>\n\n\n\n<p class=\"has-text-align-right wp-block-paragraph\">(Carbonell, 2004: 587).<\/p>\n\n\n\n<p class=\"wp-block-paragraph\">Para cerrar la idea del concepto de seguridad jur\u00eddica, nuestra Suprema Corte de Justicia de la Naci\u00f3n ha sostenido que esta surge de la certeza que debe generarse en relaci\u00f3n con la forma en que han de actuar las autoridades en todos los \u00e1mbitos, sujet\u00e1ndose estrictamente a la Constituci\u00f3n Pol\u00edtica y a las leyes en general.<\/p>\n\n\n\n<p class=\"has-text-align-right wp-block-paragraph\">(Suprema Corte de Justicia de la Naci\u00f3n, 2005: 12).<\/p>\n\n\n\n<p class=\"wp-block-paragraph\">En ese orden de ideas, en el diccionario la encontramos definida de manera concisa como el \u201cprincipio general del derecho que impone que toda persona tenga conocimiento cierto y anticipado sobre las consecuencias jur\u00eddicas de sus actos y omisiones\u201d.<\/p>\n\n\n\n<p class=\"has-text-align-right wp-block-paragraph\">(Diccionario panhisp\u00e1nico del espa\u00f1ol jur\u00eddico, 2020).<\/p>\n\n\n\n<p class=\"wp-block-paragraph\">Como puedes observar, la seguridad jur\u00eddica implica el deber de los \u00f3rganos del Estado de limitar su actuaci\u00f3n y funciones a lo dispuesto por la Constituci\u00f3n y dem\u00e1s leyes, as\u00ed como el correlativo derecho que poseemos las personas de saber a qu\u00e9 atenernos \u201crespecto del contenido de las leyes y de la propia actuaci\u00f3n de la autoridad\u201d.<\/p>\n\n\n\n<p class=\"has-text-align-right wp-block-paragraph\">(Tesis [J.]: 2a.\/J. 103\/2018).<\/p>\n\n\n\n<h5 class=\"wp-block-heading\">2. Alcances<\/h5>\n\n\n\n<p class=\"wp-block-paragraph\">Una vez que ha quedado asentado lo anterior, veremos los alcances y dimensiones de la seguridad jur\u00eddica en relaci\u00f3n a la obra del multicitado autor P\u00e9rez Lu\u00f1o.<\/p>\n\n\n\n<p class=\"wp-block-paragraph\">Centr\u00e1ndonos de nueva cuenta en la ya referida dimensi\u00f3n objetiva, tenemos que de la correcci\u00f3n estructural se desprenden una serie de principios o condiciones, mismos que podemos ubicar dentro de los ordenamientos jur\u00eddicos que se ostenten como democr\u00e1ticos, tal como el nuestro (Carbonell, 2004: 587). Retomando la idea de la correcci\u00f3n estructural, estos principios est\u00e1n relacionados justamente con la formaci\u00f3n de las normas que integran los ordenamientos:<\/p>\n\n\n\n<p class=\"wp-block-paragraph\">Lege promulgata \u2192 Entendida como el medio por el cual las normas llegan al conocimiento de sus destinatarios, con el prop\u00f3sito de que esta sea cumplida.<\/p>\n\n\n\n<p class=\"has-text-align-right wp-block-paragraph\">(P\u00e9rez, 2000: 28).<\/p>\n\n\n\n<p class=\"wp-block-paragraph\">Como podr\u00e1s recordar, dentro del procedimiento de creaci\u00f3n normativa en nuestro sistema jur\u00eddico mexicano, podemos ubicar la promulgaci\u00f3n, entendida como el acto efectuado por el Poder Ejecutivo mediante el cual manifiesta su acuerdo con una determinada iniciativa de ley, sancion\u00e1ndola y ordenando su promulgaci\u00f3n.<\/p>\n\n\n\n<p class=\"has-text-align-right wp-block-paragraph\">(Direcci\u00f3n General del Centro de Documentaci\u00f3n, Informaci\u00f3n y An\u00e1lisis: 2005).<\/p>\n\n\n\n<p class=\"wp-block-paragraph\">La promulgaci\u00f3n en el derecho mexicano incluye la obligaci\u00f3n de publicar la ley, como medio de que se vale el poder p\u00fablico para dar a conocer la nueva ley a todos los ciudadanos. La publicaci\u00f3n de las leyes se realiza en el Diario Oficial de la Federaci\u00f3n, \u00f3rgano de difusi\u00f3n del Estado.<\/p>\n\n\n\n<p class=\"has-text-align-right wp-block-paragraph\">(Direcci\u00f3n General del Centro de Documentaci\u00f3n, Informaci\u00f3n y An\u00e1lisis: 2005).<\/p>\n\n\n\n<p class=\"wp-block-paragraph\">Tal como se\u00f1ala Carbonell, este principio sugiere el car\u00e1cter escrito de la ley, que de esta forma garantiza mayor seguridad a diferencia de los ordenamientos jur\u00eddicos de derecho consuetudinario, en donde las normas no se encuentran plasmadas en documentos.<\/p>\n\n\n\n<p class=\"has-text-align-right wp-block-paragraph\">(Carbonell, 2004: 587).<\/p>\n\n\n\n<p class=\"wp-block-paragraph\">\u00bfTe imaginas qu\u00e9 suceder\u00eda si el grupo de poder en turno elaborara leyes y las mantuviera en secreto sin que los ciudadanos pudieran conocer su contenido? Sup\u00f3n que un d\u00eda el legislador decide crear una norma en la que queda prohibido el uso de bicicletas en la v\u00eda p\u00fablica, pero se abstiene de compartir con la poblaci\u00f3n dicho enunciado prohibitivo. \u00bfqu\u00e9 va a pasar si al d\u00eda siguiente alguien decide dar un paseo en la calle con su bicicleta y la autoridad lo sanciona por no acatar la ley? \u00bfc\u00f3mo podr\u00edamos los ciudadanos defendernos ante tal situaci\u00f3n? \u00bfy si al d\u00eda siguiente se elabora de la misma manera una ley en la que se prescribe el uso de casco a los automovilistas? Con lo anterior se pretende ilustrar la situaci\u00f3n de incertidumbre en la que nos encontrar\u00edamos si las normas no fueran difundidas.<\/p>\n\n\n\n<p class=\"wp-block-paragraph\">Lege manifiesta \u2192 \u201cReferida a la necesidad de que las normas puedan ser comprensibles y eludan las expresiones ambiguas, equ\u00edvocas u oscuras que puedan confundir a los destinatarios\u201d (P\u00e9rez, 2000: 28), esto quiere decir, que en la medida de lo posible el creador de la norma debe procurar el empleo de lenguaje claro y sencillo que resulte comprensible para el destinatario de la norma.<\/p>\n\n\n\n<p class=\"wp-block-paragraph\">Este principio conlleva el establecimiento indubitable del supuesto de hecho que regula la norma y las respectivas consecuencias jur\u00eddicas de la actualizaci\u00f3n de referido supuesto, evitando as\u00ed el uso desmedido de la discrecionalidad de la autoridad encargada de la aplicaci\u00f3n de la ley, es decir, limitando la facultad del juzgador de interpretar el contenido del enunciado normativo o la actuaci\u00f3n del Poder ejecutivo. <\/p>\n\n\n\n<p class=\"has-text-align-right wp-block-paragraph\">(P\u00e9rez, 2000: 28).<\/p>\n\n\n\n<p class=\"wp-block-paragraph\">En este sentido, ser\u00eda inadmisible pensar en la existencia de un tipo penal que por ejemplo se\u00f1ale que: \u2018ser\u00e1 privado de la libertad aquella persona que infrinja el Reglamento de bando de polic\u00eda y buen gobierno\u2019, ello debido a las siguientes razones:<\/p>\n\n\n\n<ol class=\"wp-block-list\"><li>Estamos en presencia de un enunciado penal que tipifica una serie de conductas que no est\u00e1n limitadas, ya que el ordenamiento al que alude (Reglamento de bando de polic\u00eda y buen gobierno) contiene una gran cantidad de supuestos.<\/li><li>Implica adem\u00e1s que la autoridad administrativa a cargo del Poder Ejecutivo, al estar facultada a expedir y modificar los reglamentos de esta naturaleza, decida cu\u00e1les ser\u00e1n aquellas acciones u omisiones que ameritan el funcionamiento del aparato penal del Estado, siendo que esa atribuci\u00f3n es exclusiva del legislador.<\/li><li>Respecto a la consecuencia jur\u00eddica, que en este caso es la privaci\u00f3n de la libertad, no se establece la punibilidad concreta que corresponder\u00e1 en caso de que el sujeto se encuentre en el supuesto legal. En este caso se asume que se deja a decisi\u00f3n del juzgador el establecimiento de la temporalidad de la pena.<\/li><\/ol>\n\n\n\n<p class=\"has-text-align-right wp-block-paragraph\">(Tesis [J.]: 1a.\/J. 5\/2008)&nbsp;<\/p>\n\n\n\n<p class=\"wp-block-paragraph\">Podemos encontrar otro ejemplo en la Ley del Trabajo de los Servidores P\u00fablicos al Servicio del Estado y de los Municipios, en su art\u00edculo 50 que a la letra refiere:<\/p>\n\n\n\n<p class=\"wp-block-paragraph\">\u201cCuando el trabajador incurra en alguna de las causales a que se refiere el art\u00edculo anterior, el jefe de la oficina proceder\u00e1 a levantar acta administrativa [&#8230;]\u201d.<\/p>\n\n\n\n<p class=\"has-text-align-right wp-block-paragraph\">(Ley del Trabajo de los Servidores P\u00fablicos al Servicio del Estado y de los Municipios, 2020).<\/p>\n\n\n\n<p class=\"wp-block-paragraph\">El detalle con este enunciado normativo, es que el legislador es omiso en se\u00f1alar en el propio art\u00edculo, o en el resto de la ley qui\u00e9n es el jefe de la oficina en concreto, y no hay legislaci\u00f3n alguna que aclare este punto. Entonces, \u00bfqui\u00e9n est\u00e1 facultado para levantar un acta administrativa?&nbsp;<\/p>\n\n\n\n<p class=\"wp-block-paragraph\">Lege plena \u2192 \u201cLas consecuencias jur\u00eddicas de alguna conducta deben estar tipificadas en un texto normativo; todos los actos o conductas que no est\u00e9n jur\u00eddicamente previstos no pueden tener consecuencias jur\u00eddicas que nos afecten\u201d&nbsp;.<\/p>\n\n\n\n<p class=\"has-text-align-right wp-block-paragraph\">(Carbonell, 2004: 587-588).<\/p>\n\n\n\n<p class=\"wp-block-paragraph\">Ello quiere decir que la autoridad rige su actuar conforme a la ley toda vez que no puede aplicar sanciones sin que el sujeto haya incurrido en una falta a una determinada norma.<\/p>\n\n\n\n<p class=\"wp-block-paragraph\">En materia penal, como recordar\u00e1s, aplica el principio latino \u2018nullum crimen nulla poena sine lege\u2019 que se traduce en la expresi\u00f3n &#8216;no hay delito ni hay pena sin ley&#8217; (Diccionario panhisp\u00e1nico del espa\u00f1ol jur\u00eddico, 2020), mismo que \u201cgarantiza que no se producir\u00e1n consecuencias jur\u00eddicas penales para las conductas que no hayan sido previamente tipificadas\u201d.<\/p>\n\n\n\n<p class=\"has-text-align-right wp-block-paragraph\">(P\u00e9rez, 2000: 28).<\/p>\n\n\n\n<p class=\"wp-block-paragraph\">Se recomienda consultar el siguiente material de hipermedia:<\/p>\n\n\n\n<figure class=\"wp-block-embed is-type-video is-provider-youtube wp-block-embed-youtube wp-embed-aspect-16-9 wp-has-aspect-ratio\"><div class=\"wp-block-embed__wrapper\">\n<iframe loading=\"lazy\" title=\"De la ra\u00edz al derecho: Nullum crimen, nulla poena, sine lege\" width=\"1200\" height=\"675\" src=\"https:\/\/www.youtube.com\/embed\/06GrYBgJA2Q?feature=oembed\" frameborder=\"0\" allow=\"accelerometer; autoplay; clipboard-write; encrypted-media; gyroscope; picture-in-picture\" allowfullscreen><\/iframe>\n<\/div><\/figure>\n\n\n\n<p class=\"wp-block-paragraph\">En este caso, la autoridad no podr\u00eda por ejemplo sancionar el consumo de tabaco sin que hubiese una norma previa que prescribiera una prohibici\u00f3n a esta sustancia.<\/p>\n\n\n\n<p class=\"wp-block-paragraph\">Lege stricta \u2192 \u201cEntiende que algunas \u00e1reas de la conducta pueden ser reguladas solamente mediante cierto tipo de normas\u201d (Carbonell, 2004: 588). Este principio est\u00e1 relacionado con la divisi\u00f3n de poderes y con la idea de la llamada reserva de ley, que faculta de manera exclusiva a determinados \u00f3rganos a la creaci\u00f3n normativa de una materia en espec\u00edfico.<\/p>\n\n\n\n<p class=\"has-text-align-right wp-block-paragraph\">(Carbonell, 2004: 588).&nbsp;<\/p>\n\n\n\n<p class=\"wp-block-paragraph\">En nuestro pa\u00eds:<\/p>\n\n\n\n<p class=\"wp-block-paragraph\">El principio de reserva de ley es un principio jur\u00eddico mediante el cual la Constituci\u00f3n Pol\u00edtica de los Estados Unidos Mexicanos otorga competencias espec\u00edficas al Congreso de la Uni\u00f3n para emitir mediante el proceso legislativo establecido en la propia Norma Suprema, leyes que regulen una materia determinada. <\/p>\n\n\n\n<p class=\"has-text-align-right wp-block-paragraph\">(Instituto Electoral del Estado de M\u00e9xico, 2020)<\/p>\n\n\n\n<p class=\"wp-block-paragraph\">De este modo, y atendiendo al texto constitucional, los miembros de nuestro Congreso local no podr\u00edan emitir normas que regulen en materia de delincuencia organizada.<\/p>\n\n\n\n<p class=\"wp-block-paragraph\">Se recomienda consultar el siguiente criterio de nuestra Suprema <a href=\"https:\/\/sjf2.scjn.gob.mx\/detalle\/tesis\/2018611\">Corte de Justicia de la Naci\u00f3n<\/a><\/p>\n\n\n\n<p class=\"wp-block-paragraph\"><strong>Lege previa <\/strong>\u2192 Esta condici\u00f3n impone que las normas vigentes s\u00f3lo pueden ser aplicadas a los ciudadanos a partir del momento en que fueron publicadas y hacia el futuro, evitando as\u00ed la aplicaci\u00f3n retroactiva de la ley (Carbonell, 2004: 588). Implica pues que las conductas que en un momento dado no generan consecuencias jur\u00eddicas, no sean sancionadas conforme una ley que fue expedida posteriormente a la realizaci\u00f3n de dicha conducta.<\/p>\n\n\n\n<p class=\"wp-block-paragraph\">Supongamos que en el pasado una persona se dedic\u00f3 a la compra venta de determinadas especies ex\u00f3ticas. Derivado de la situaci\u00f3n apremiante de la fauna ex\u00f3tica, el legislador en el presente decide sancionar el tr\u00e1fico, compraventa y posesi\u00f3n de estas especies animales. Una vez que la norma prohibitiva entra en vigencia, la autoridad no podr\u00eda aplicarle la consecuencia jur\u00eddica al sujeto que previo a la expedici\u00f3n de esta ley vend\u00eda y compraba animales que en ese entonces estaban permitidos. Se trata entonces, de que los ciudadanos actuemos conforme a \u201clas actuales reglas del juego y no bajo las reglas que en un momento posterior pudieran dictarse\u201d.<\/p>\n\n\n\n<p class=\"has-text-align-right wp-block-paragraph\">(Carbonell, 2004: 588).<\/p>\n\n\n\n<p class=\"wp-block-paragraph\"><strong>Lege perpetua <\/strong>\u2192 \u201cAfirma que los ordenamientos jur\u00eddicos deben ser lo m\u00e1s estables que sea posible a fin de que las personas puedan conocerlos y ajustar su conducta a lo que establezcan\u201d (Carbonell, 2004: 588). Ello sin perjuicio de la caracter\u00edstica din\u00e1mica del Derecho, cuyo af\u00e1n es adecuarse a la realidad social, pol\u00edtica o econ\u00f3mica.&nbsp;<\/p>\n\n\n\n<p class=\"wp-block-paragraph\">\u00bfQu\u00e9 pasar\u00eda si el legislador, sin un motivo aparente y atendiendo a sus propios deseos e intereses modificara una misma ley en un periodo reducido de tiempo? \u00bfCu\u00e1nto tiempo basta para que una poblaci\u00f3n entera se allegue del conocimiento de una nueva norma?. Imagina que justo se est\u00e1 reformando una parte del sistema y sus instituciones derivado de una nueva norma y poco tiempo despu\u00e9s el legislador decide que la norma regule de otra forma? Podemos hablar del mismo modo de una situaci\u00f3n de incertidumbre y falta de confianza hacia el ordenamiento jur\u00eddico.<\/p>\n\n\n\n<p class=\"wp-block-paragraph\">Confiamos en que ya has tenido la oportunidad de acercarte brevemente a estos principios a lo largo de tu trayectoria acad\u00e9mica. A lo largo de esta Unidad de Aprendizaje profundizaremos en muchas de estas cuestiones desde la \u00f3ptica de los derechos humanos de seguridad jur\u00eddica.<\/p>\n\n\n\n<p class=\"wp-block-paragraph\">Finalmente, y a modo de conclusi\u00f3n, es imperativo que no pierdas de vista que estos principios o condiciones se encuentran interrelacionados unos con otros, y su existencia y eficacia se debe a la conjunci\u00f3n de todos ellos, cuyo prop\u00f3sito es garantizar la seguridad jur\u00eddica dentro de determinado ordenamiento.<\/p>\n\n\n\n<p class=\"has-text-align-right wp-block-paragraph\">(Carbonell, 2004: 588- 589).<\/p>\n\n\n\n<p class=\"wp-block-paragraph\">Eso ha sido todo por este primer acercamiento a la seguridad jur\u00eddica, nos veremos en los siguientes recursos, \u00a1Hasta luego!<\/p>\n\n\n\n<h3 class=\"wp-block-heading\">Resumen e ideas relevantes<\/h3>\n\n\n\n<p class=\"wp-block-paragraph\">Es importante que de lo anterior recuerdes que:&nbsp;<\/p>\n\n\n\n<ul class=\"wp-block-list\"><li>La Constituci\u00f3n Pol\u00edtica de los Estados Unidos Mexicanos prev\u00e9 en su texto una serie de derechos humanos y sus garant\u00edas encaminados a generar seguridad jur\u00eddica a todas las personas que se encuentran dentro del territorio nacional.<\/li><li>\u201cLa seguridad jur\u00eddica es un valor estrechamente ligado a los Estado de Derecho que se concreta en exigencias objetivas de: correcci\u00f3n estructural y correcci\u00f3n funcional\u201d (P\u00e9rez, 2000: 28). Junto con una dimensi\u00f3n subjetiva encarnada por la certeza del Derecho.<\/li><li>A esta llamada correcci\u00f3n estructural, le corresponde una serie de principios con el prop\u00f3sito de garantizar la seguridad jur\u00eddica dentro de los ordenamientos democr\u00e1ticos, estos principios son por su denominaci\u00f3n latina: lege promulgata, manifiesta, plena, stricta, previa y perpetua.&nbsp;<\/li><li>Estos principios carecen de sentido por s\u00ed solos, y para que cumplan su prop\u00f3sito es indispensable que se encuentren en conjunto presentes en los ordenamientos (Carbonell, 2004: 588-589).<\/li><\/ul>\n\n\n\n<h2 class=\"wp-block-heading\">Fuentes de consulta<\/h2>\n\n\n\n<ul class=\"wp-block-list\"><li>Carbonell S., M. (2004) Los derechos de seguridad jur\u00eddica. En Los derechos fundamentales en M\u00e9xico. M\u00e9xico: Instituto de Investigaciones Jur\u00eddicas UNAM y CNDH. 585-758 pp. URL: <a href=\"https:\/\/archivos.juridicas.unam.mx\/www\/bjv\/libros\/3\/1408\/7.pdf\" target=\"_blank\" rel=\"noreferrer noopener\">https:\/\/archivos.juridicas.unam.mx\/www\/bjv\/libros\/3\/1408\/7.pdf<\/a> Datos de identificaci\u00f3n: <a href=\"http:\/\/ru.juridicas.unam.mx\/xmlui\/handle\/123456789\/10341\" target=\"_blank\" rel=\"noreferrer noopener\">http:\/\/ru.juridicas.unam.mx\/xmlui\/handle\/123456789\/10341<\/a>&nbsp;<\/li><li>Constituci\u00f3n Pol\u00edtica de los Estados Unidos Mexicanos. Art\u00edculo 1o. (2021) Publicado en el Diario Oficial de la Federaci\u00f3n. 5 de febrero 1917. URL: <a href=\"http:\/\/www.diputados.gob.mx\/LeyesBiblio\/pdf\/1_280521.pdf\" target=\"_blank\" rel=\"noreferrer noopener\">http:\/\/www.diputados.gob.mx\/LeyesBiblio\/pdf\/1_280521.pdf<\/a>&nbsp;<\/li><li>Diccionario panhisp\u00e1nico del espa\u00f1ol jur\u00eddico (2020) Seguridad jur\u00eddica. Recuperado de <a href=\"https:\/\/dpej.rae.es\/lema\/seguridad-jur%C3%ADdica\" target=\"_blank\" rel=\"noreferrer noopener\">https:\/\/dpej.rae.es\/lema\/seguridad-jur%C3%ADdica<\/a>&nbsp;<\/li><li>Diccionario panhisp\u00e1nico del espa\u00f1ol jur\u00eddico (2020) Nullum crimen nulla poena sine lege. Recuperado de <a href=\"https:\/\/dpej.rae.es\/lema\/nullum-crimen-nulla-poena-sine-lege\" target=\"_blank\" rel=\"noreferrer noopener\">https:\/\/dpej.rae.es\/lema\/nullum-crimen-nulla-poena-sine-lege<\/a>&nbsp;<\/li><li>D\u00edez-Picazo, L. M. (2003) Derechos fundamentales: concepto y r\u00e9gimen jur\u00eddico. En Sistema de Derechos Fundamentales. Madrid: Thomson Civitas. 27-49 pp. URL: <a href=\"http:\/\/jeanclaude.mx\/wp-content\/uploads\/2010\/01\/Sist%20Der%20Fundam%20Diez%20Picaso%20P%2027-50.pdf\" target=\"_blank\" rel=\"noreferrer noopener\">http:\/\/jeanclaude.mx\/wp-content\/uploads\/2010\/01\/Sist%20Der%20Fundam%20Diez%20Picaso%20P%2027-50.pdf<\/a>&nbsp;<\/li><li>Direcci\u00f3n General del Centro de Documentaci\u00f3n, Informaci\u00f3n y An\u00e1lisis (2005) I. Procedimiento legislativo. Recuperado de <a href=\"http:\/\/www.diputados.gob.mx\/bibliot\/publica\/prosparl\/iproce.htm\" target=\"_blank\" rel=\"noreferrer noopener\">http:\/\/www.diputados.gob.mx\/bibliot\/publica\/prosparl\/iproce.htm<\/a>&nbsp;<\/li><li>Instituto Electoral del Estado de M\u00e9xico. (2020, julio 7) El principio de Reserva de Ley. Recuperado de <a href=\"http:\/\/agendamexiquense.com.mx\/principio-reserva-ley\/\" target=\"_blank\" rel=\"noreferrer noopener\">http:\/\/agendamexiquense.com.mx\/principio-reserva-ley\/<\/a>&nbsp;<\/li><li>Ley del Trabajo de los Servidores P\u00fablicos al Servicio del Estado y de los Municipios. Art\u00edculo 50. (2020) Publicado en Peri\u00f3dico Oficial del Gobierno del Estado de Guanajuato, 4 de diciembre de 1992. URL: <a href=\"https:\/\/congresogto.s3.amazonaws.com\/uploads\/reforma\/pdf\/3134\/LEY_DEL_TRABAJO_DE_LOS_SERVIDORES_PUBLICOS_AL_SERVICIO_DEL_ESTADO_Y_SUS_MUNICIPIOS_PO_03nov2020_Dto_225.pdf\" target=\"_blank\" rel=\"noreferrer noopener\">https:\/\/congresogto.s3.amazonaws.com\/uploads\/reforma\/pdf\/3134\/LEY_DEL_TRABAJO_DE_LOS_SERVIDORES_PUBLICOS_AL_SERVICIO_DEL_ESTADO_Y_SUS_MUNICIPIOS_PO_03nov2020_Dto_225.pdf<\/a>&nbsp;<\/li><li>P\u00e9rez L., A. E. (2000) La seguridad jur\u00eddica: una garant\u00eda del Derecho y la justicia. En Bolet\u00edn de la Facultad de Derecho UNED, n\u00fam 15. 25-38 pp. Recuperado de <a href=\"https:\/\/biblioteca.cejamericas.org\/bitstream\/handle\/2015\/2606\/eserv.pdf\" target=\"_blank\" rel=\"noreferrer noopener\">https:\/\/biblioteca.cejamericas.org\/bitstream\/handle\/2015\/2606\/eserv.pdf<\/a>&nbsp;<\/li><li>Suprema Corte de Justicia de la Naci\u00f3n (2005) Las garant\u00edas de seguridad jur\u00eddica. M\u00e9xico: Direcci\u00f3n General de la Coordinaci\u00f3n de Compilaci\u00f3n y Sistematizaci\u00f3n de Tesis de la Suprema Corte de Justicia de la Naci\u00f3n. 196 pp. URL: <a href=\"http:\/\/sistemabibliotecario.scjn.gob.mx\/sisbib\/po_2010\/55083\/55083_1.pdf\" target=\"_blank\" rel=\"noreferrer noopener\">http:\/\/sistemabibliotecario.scjn.gob.mx\/sisbib\/po_2010\/55083\/55083_1.pdf<\/a>&nbsp;<\/li><li>Tesis [J.]: 2a.\/J. 103\/2018 Semanario&nbsp; judicial&nbsp; de&nbsp; la&nbsp; Federaci\u00f3n&nbsp; y&nbsp; su&nbsp; Gaceta, D\u00e9cima \u00c9poca, tomo I, Octubre de 2018, p 847. Reg. digital 2018050. URL: <a href=\"https:\/\/sjf2.scjn.gob.mx\/detalle\/tesis\/2018050\" target=\"_blank\" rel=\"noreferrer noopener\">https:\/\/sjf2.scjn.gob.mx\/detalle\/tesis\/2018050<\/a>&nbsp;<\/li><li>Tesis [J.]: 1a.\/J. 5\/2008 Semanario&nbsp; judicial&nbsp; de&nbsp; la&nbsp; Federaci\u00f3n&nbsp; y&nbsp; su&nbsp; Gaceta, Novena \u00c9poca, tomo XXVII, Febrero de 2008, p 129. Reg. digital 170393. URL: <a href=\"https:\/\/sjf2.scjn.gob.mx\/detalle\/tesis\/170393\" target=\"_blank\" rel=\"noreferrer noopener\">https:\/\/sjf2.scjn.gob.mx\/detalle\/tesis\/170393<\/a><\/li><\/ul>\n","protected":false},"excerpt":{"rendered":"<p>1. Fundamentaci\u00f3n del tema El presente tema corresponde a la Unidad De Aprendizaje de Derechos Humanos parte II, perteneciente al cuarto semestre de la Licenciatura en Derecho de acuerdo al plan de estudios vigente. La importancia de conocerlo radica en que se trata de un primer acercamiento a este segundo curso en materia de Derechos &#8230; <a title=\"Clase digital 1. Derecho fundamental de seguridad jur\u00eddica\" class=\"read-more\" href=\"https:\/\/blogs.ugto.mx\/derecho\/clase-digital-1-derecho-fundamental-de-seguridad-juridica\/\" aria-label=\"Leer m\u00e1s sobre Clase digital 1. Derecho fundamental de seguridad jur\u00eddica\">Leer m\u00e1s<\/a><\/p>\n","protected":false},"author":142,"featured_media":0,"comment_status":"closed","ping_status":"closed","sticky":false,"template":"","format":"standard","meta":{"_acf_changed":false,"_crdt_document":"","episode_type":"","audio_file":"","podmotor_file_id":"","podmotor_episode_id":"","cover_image":"","cover_image_id":"","duration":"","filesize":"","filesize_raw":"","date_recorded":"","explicit":"","block":"","itunes_episode_number":"","itunes_title":"","itunes_season_number":"","itunes_episode_type":"","footnotes":""},"categories":[44],"tags":[27,28,84],"class_list":["post-2062","post","type-post","status-publish","format-standard","hentry","category-derechos-humanos-ii","tag-deysi-jazmin-bringas-guardian","tag-maria-alejandra-velazquez-gutierrez","tag-shli04116"],"acf":[],"jetpack_featured_media_url":"","_links":{"self":[{"href":"https:\/\/blogs.ugto.mx\/derecho\/wp-json\/wp\/v2\/posts\/2062","targetHints":{"allow":["GET"]}}],"collection":[{"href":"https:\/\/blogs.ugto.mx\/derecho\/wp-json\/wp\/v2\/posts"}],"about":[{"href":"https:\/\/blogs.ugto.mx\/derecho\/wp-json\/wp\/v2\/types\/post"}],"author":[{"embeddable":true,"href":"https:\/\/blogs.ugto.mx\/derecho\/wp-json\/wp\/v2\/users\/142"}],"replies":[{"embeddable":true,"href":"https:\/\/blogs.ugto.mx\/derecho\/wp-json\/wp\/v2\/comments?post=2062"}],"version-history":[{"count":6,"href":"https:\/\/blogs.ugto.mx\/derecho\/wp-json\/wp\/v2\/posts\/2062\/revisions"}],"predecessor-version":[{"id":2975,"href":"https:\/\/blogs.ugto.mx\/derecho\/wp-json\/wp\/v2\/posts\/2062\/revisions\/2975"}],"wp:attachment":[{"href":"https:\/\/blogs.ugto.mx\/derecho\/wp-json\/wp\/v2\/media?parent=2062"}],"wp:term":[{"taxonomy":"category","embeddable":true,"href":"https:\/\/blogs.ugto.mx\/derecho\/wp-json\/wp\/v2\/categories?post=2062"},{"taxonomy":"post_tag","embeddable":true,"href":"https:\/\/blogs.ugto.mx\/derecho\/wp-json\/wp\/v2\/tags?post=2062"}],"curies":[{"name":"wp","href":"https:\/\/api.w.org\/{rel}","templated":true}]}}