{"id":2169,"date":"2021-11-23T00:27:47","date_gmt":"2021-11-23T00:27:47","guid":{"rendered":"https:\/\/blogs.ugto.mx\/derecho\/?p=2169"},"modified":"2021-12-01T22:36:21","modified_gmt":"2021-12-01T22:36:21","slug":"clase-digital-4-articulo-17-constitucional","status":"publish","type":"post","link":"https:\/\/blogs.ugto.mx\/derecho\/clase-digital-4-articulo-17-constitucional\/","title":{"rendered":"Clase digital 4. Art\u00edculo 17 constitucional"},"content":{"rendered":"\n\n\n<div class=\"wp-block-cover has-background-dim-40 has-black-background-color has-background-dim\" style=\"min-height:284px;aspect-ratio:unset;\"><img decoding=\"async\" class=\"wp-block-cover__image-background wp-image-2172\" alt=\"\" src=\"data:image\/gif;base64,R0lGODlhAQABAIAAAAAAAP\/\/\/yH5BAEAAAAALAAAAAABAAEAAAIBRAA7\" data-src=\"https:\/\/blogs.ugto.mx\/derecho\/wp-content\/uploads\/sites\/67\/2021\/11\/vtp2fyrxiuo.jpg\" style=\"object-position:22% 45%\" data-object-fit=\"cover\" data-object-position=\"22% 45%\" \/><noscript><img loading=\"lazy\" decoding=\"async\" width=\"1600\" height=\"1067\" class=\"wp-block-cover__image-background wp-image-2172\" alt=\"\" src=\"https:\/\/blogs.ugto.mx\/derecho\/wp-content\/uploads\/sites\/67\/2021\/11\/vtp2fyrxiuo.jpg\" style=\"object-position:22% 45%\" data-object-fit=\"cover\" data-object-position=\"22% 45%\" srcset=\"https:\/\/blogs.ugto.mx\/derecho\/wp-content\/uploads\/sites\/67\/2021\/11\/vtp2fyrxiuo.jpg 1600w, https:\/\/blogs.ugto.mx\/derecho\/wp-content\/uploads\/sites\/67\/2021\/11\/vtp2fyrxiuo-300x200.jpg 300w, https:\/\/blogs.ugto.mx\/derecho\/wp-content\/uploads\/sites\/67\/2021\/11\/vtp2fyrxiuo-1024x683.jpg 1024w, https:\/\/blogs.ugto.mx\/derecho\/wp-content\/uploads\/sites\/67\/2021\/11\/vtp2fyrxiuo-768x512.jpg 768w, https:\/\/blogs.ugto.mx\/derecho\/wp-content\/uploads\/sites\/67\/2021\/11\/vtp2fyrxiuo-1536x1024.jpg 1536w, https:\/\/blogs.ugto.mx\/derecho\/wp-content\/uploads\/sites\/67\/2021\/11\/vtp2fyrxiuo-272x182.jpg 272w\" sizes=\"auto, (max-width: 1600px) 100vw, 1600px\" \/><\/noscript><div class=\"wp-block-cover__inner-container is-layout-flow wp-block-cover-is-layout-flow\">\n<p class=\"has-text-align-center has-large-font-size wp-block-paragraph\">Art\u00edculo 17 constitucional<\/p>\n<\/div><\/div>\n\n\n\n<h2 class=\"wp-block-heading\">1. Fundamentaci\u00f3n del tema<\/h2>\n\n\n\n<p class=\"wp-block-paragraph\">El presente tema corresponde a la Unidad De Aprendizaje de Derechos Humanos parte II, perteneciente al cuarto semestre de la Licenciatura en Derecho de acuerdo al plan de estudios vigente. La importancia de conocerlo radica en identificar y aterrizar tanto los derechos como las obligaciones que el art\u00edculo 17 constitucional establece, es de esta manera que reiteramos la importancia de hacer un an\u00e1lisis detallado de cada uno de los derechos contenidos en el antes mencionado.<\/p>\n\n\n\n<p class=\"wp-block-paragraph\">Temas que son necesarios para tu formaci\u00f3n, ya que estos derechos al estar contemplados en el texto constitucional, deben garantizarse.<\/p>\n\n\n\n<h2 class=\"wp-block-heading\">2. Objetivo did\u00e1ctico<\/h2>\n\n\n\n<p class=\"wp-block-paragraph\">Comprender los derechos y prohibiciones que contempla el art\u00edculo 17 constitucional, as\u00ed como el derecho del acceso a la justicia, as\u00ed como las obligaciones que tiene el Estado para que se haga efectivo este derecho. Tambi\u00e9n se comprender\u00e1 porque la justicia debe ser pronta, completa e imparcial y porque se debe impartir de forma expedita y de forma gratuita.<\/p>\n\n\n\n<p class=\"wp-block-paragraph\">Se entender\u00e1 lo que son las acciones colectivas y sus materias de aplicaci\u00f3n, as\u00ed como tambi\u00e9n se abordar\u00e1 el tema de los medios alternativos de soluci\u00f3n&nbsp; de controversias, defensor\u00eda p\u00fablica y lo relativo a la importancia de garantizar la independencia de los tribunales y la plena ejecuci\u00f3n de las resoluciones.<\/p>\n\n\n\n<h2 class=\"wp-block-heading\">3. Contenido did\u00e1ctico<\/h2>\n\n\n\n<h3 class=\"wp-block-heading\">Introducci\u00f3n<\/h3>\n\n\n\n<p class=\"wp-block-paragraph\">\u00a1Hola! Bienvenidas y bienvenidos a este recurso did\u00e1ctico. En \u00e9l, nos adentraremos en el estudio del art\u00edculo 17 constitucional, por lo que previo a comenzar te reiteramos la importancia de poner mucha atenci\u00f3n en cada uno de los derechos y obligaciones que se desprenden del art\u00edculo mencionado, ya que contiene diversos supuestos que son relevantes para que a los ciudadanos se les garantice de forma eficiente el acceso a la justicia.<\/p>\n\n\n\n<p class=\"wp-block-paragraph\">Te invitamos tambi\u00e9n a consultar el contenido textual e hipermediado que preparamos para ti, con el efecto de que tu aprendizaje sea lo m\u00e1s completo posible respecto al presente tema.<\/p>\n\n\n\n<p class=\"wp-block-paragraph\">\u00a1Comencemos!<\/p>\n\n\n\n<h3 class=\"wp-block-heading\">Desarrollo del tema<\/h3>\n\n\n\n<p class=\"wp-block-paragraph\">Para comenzar a abordar este tema sobre el contenido del art\u00edculo 17 constitucional de una forma general, atenderemos a lo que se\u00f1ala Yuria Saavedra \u00c1lvarez para dar un primer acercamiento:<\/p>\n\n\n\n<p class=\"wp-block-paragraph\">El art\u00edculo 17 constitucional vigente reconoce no solamente derechos fundamentales, como el acceso a la justicia y, de forma m\u00e1s amplia, a la tutela jurisdiccional, sino que, asimismo, prev\u00e9 obligaciones dirigidas al legislativo y al ejecutivo en los \u00e1mbitos federal y estatal. <\/p>\n\n\n\n<p class=\"has-text-align-right wp-block-paragraph\">(Saavedra, 2013: 3). <a href=\"https:\/\/archivos.juridicas.unam.mx\/www\/bjv\/libros\/8\/3568\/14.pdf\" target=\"_blank\" rel=\"noreferrer noopener\">https:\/\/archivos.juridicas.unam.mx\/www\/bjv\/libros\/8\/3568\/14.pdf<\/a>&nbsp;<\/p>\n\n\n\n<p class=\"wp-block-paragraph\">Es de esta manera que este art\u00edculo establece varios derechos y para garantizarlos, establece obligaciones para las autoridades legislativas y al ejecutivo.<\/p>\n\n\n\n<p class=\"wp-block-paragraph\">Es importante comenzar a analizar este art\u00edculo por partes, para darle sentido a cada supuesto que prev\u00e9 y as\u00ed poder entender de la mejor forma posible la esencia del art\u00edculo 17 constitucional.<\/p>\n\n\n\n<p class=\"wp-block-paragraph\">En primer lugar, el art\u00edculo 17 de la Constituci\u00f3n establece en su primer p\u00e1rrafo: \u201cNinguna persona podr\u00e1 hacerse justicia por s\u00ed misma, ni ejercer violencia para reclamar su derecho.\u201d <\/p>\n\n\n\n<p class=\"has-text-align-right wp-block-paragraph\">(Art. 17, CPEUM: 19).<\/p>\n\n\n\n<p class=\"wp-block-paragraph\">As\u00ed es como a la letra comienza el art\u00edculo antes citado, donde se establece la prohibici\u00f3n a los particulares de lo que doctrinalmente llamamos autotutela o autocomposici\u00f3n (referido anteriormente en la UDA de Teor\u00eda General del Proceso), es decir, se proh\u00edbe expresamente que los particulares hagan justicia por propia mano.<\/p>\n\n\n\n<h4 class=\"wp-block-heading\">4.1 Acceso a la justicia<\/h4>\n\n\n\n<p class=\"wp-block-paragraph\">Para comprender lo que es el acceso a la justicia atenderemos a lo que a la letra se\u00f1ala el segundo p\u00e1rrafo del mencionado art\u00edculo:<\/p>\n\n\n\n<ul class=\"wp-block-list\"><li>Toda persona tiene derecho a que se le administre justicia por tribunales que estar\u00e1n expeditos para impartirla en los plazos y t\u00e9rminos que fijen las leyes, emitiendo sus resoluciones de manera pronta, completa e imparcial. Su servicio ser\u00e1 gratuito, quedando, en consecuencia, prohibidas las costas judiciales. <\/li><\/ul>\n\n\n\n<p class=\"has-text-align-right wp-block-paragraph\">(Art. 17, CPEUM: 19).<\/p>\n\n\n\n<p class=\"wp-block-paragraph\">Por lo que el acceso a la justicia es un derecho en el que todo gobernado puede llevar antes los tribunales sus pretensiones y los \u00f3rganos jurisdiccionales deben darle tr\u00e1mite y posteriormente resolverlos.<\/p>\n\n\n\n<p class=\"wp-block-paragraph\">El Derecho Internacional respalda este derecho, como ejemplo tenemos el del art\u00edculo 8 de la Convenci\u00f3n Americana sobre Derechos Humanos:<\/p>\n\n\n\n<p class=\"wp-block-paragraph\">Toda persona tiene derecho a ser o\u00edda, con las debidas garant\u00edas y dentro de un plazo razonable, por un juez o tribunal competente, independiente e imparcial, establecido con anterioridad por la ley, en la sustanciaci\u00f3n de cualquier acusaci\u00f3n penal formulada contra ella, o para la determinaci\u00f3n de sus derechos y obligaciones de orden civil, laboral, fiscal o de cualquier otro car\u00e1cter. <\/p>\n\n\n\n<p class=\"has-text-align-right wp-block-paragraph\">(Art. 8, Convenci\u00f3n Americana sobre Derechos Humanos). <a href=\"https:\/\/www.oas.org\/dil\/esp\/tratados_b-32_convencion_americana_sobre_derechos_humanos.htm\" target=\"_blank\" rel=\"noreferrer noopener\">https:\/\/www.oas.org\/dil\/esp\/tratados_b-32_convencion_americana_sobre_derechos_humanos.htm<\/a><\/p>\n\n\n\n<p class=\"wp-block-paragraph\">Para complementar m\u00e1s el presente tema, te recomendamos ver el siguiente video:<\/p>\n\n\n\n<figure class=\"wp-block-embed is-type-video is-provider-youtube wp-block-embed-youtube wp-embed-aspect-16-9 wp-has-aspect-ratio\"><div class=\"wp-block-embed__wrapper\">\n<iframe loading=\"lazy\" title=\"Acceso a la Justicia\" width=\"1200\" height=\"675\" src=\"https:\/\/www.youtube.com\/embed\/PWNryEqFijs?feature=oembed\" frameborder=\"0\" allow=\"accelerometer; autoplay; clipboard-write; encrypted-media; gyroscope; picture-in-picture\" allowfullscreen><\/iframe>\n<\/div><\/figure>\n\n\n\n<p class=\"has-text-align-right wp-block-paragraph\">(HASTA MINUTO 5)<\/p>\n\n\n\n<h4 class=\"wp-block-heading\">4.2 Tutela judicial efectiva<\/h4>\n\n\n\n<p class=\"wp-block-paragraph\">El mencionado procesalista Ovalle Favela nos da una definici\u00f3n de lo que es la&nbsp; tutela jurisdiccional o la tutela judicial efectiva, nos se\u00f1ala:&nbsp;<\/p>\n\n\n\n<ul class=\"wp-block-list\"><li>El derecho que toda persona tiene a que se le haga justicia, a trav\u00e9s de un proceso jurisdiccional del que conozca un tribunal independiente e imparcial, que emita una decisi\u00f3n sobre el conflicto planteado y, en su caso, ejecute lo resuelto. <\/li><\/ul>\n\n\n\n<p class=\"has-text-align-right wp-block-paragraph\">(Ovalle, 2016: 36).<\/p>\n\n\n\n<p class=\"wp-block-paragraph\">Por lo que de esta forma entendemos la tutela judicial efectiva como el derecho que toda persona tiene a que se le administre justicia por los tribunales, en los plazos y t\u00e9rminos&nbsp; que establezcan las leyes. En el art\u00edculo 17 la tutela judicial efectiva se menciona en el segundo p\u00e1rrafo del antes se\u00f1alado precepto legal \u201cToda persona tiene derecho a que se le administre justicia por tribunales que estar\u00e1n expeditos para impartirla en los plazos y t\u00e9rminos que fijen las leyes.\u201d <\/p>\n\n\n\n<p class=\"has-text-align-right wp-block-paragraph\">(CPEUM, 2021).<\/p>\n\n\n\n<p class=\"wp-block-paragraph\">Por lo que de la parte antes se\u00f1alada podemos extraer conceptos que son importantes comprender como:<\/p>\n\n\n\n<ul class=\"wp-block-list\"><li>Acceso a la justicia<\/li><li>Tribunales expeditos<\/li><li>T\u00e9rminos&nbsp;<\/li><li>Plazos<\/li><\/ul>\n\n\n\n<p class=\"wp-block-paragraph\">Como lo vimos en el punto anterior, el acceso a la justicia es un derecho que tiene el gobernado para llevar sus pretensiones ante los tribunales con el objeto de que se le d\u00e9 tr\u00e1mite y posteriormente se resuelva el asunto.<\/p>\n\n\n\n<p class=\"wp-block-paragraph\">De esta forma, como vimos al inicio de este recurso, la Constituci\u00f3n proh\u00edbe de forma expresa la autotutela o heterocomposici\u00f3n, es decir, el intento de hacer valer un derecho que tenemos o creemos tener, y en contrapartida con esta prohibici\u00f3n, la Constituci\u00f3n nos se\u00f1ala que para poder hacer valer alguna pretensi\u00f3n, tenemos el derecho de acceso a la justicia, es decir, podemos acudir a los tribunales para que se inicie el respectivo proceso con el objeto de que al final se emita una sentencia, resolviendo el asunto.<\/p>\n\n\n\n<h5 class=\"wp-block-heading\">Tribunales expeditos<\/h5>\n\n\n\n<p class=\"wp-block-paragraph\">Despu\u00e9s de hablar del derecho del acceso a la justicia debemos preguntarnos, \u00bfqui\u00e9n se encarga de impartir justicia?, a lo que el precepto legal menciona que se administrar\u00e1 justicia por tribunales expeditos, por lo que debemos atender a lo que es expedito, y atendiendo a lo que establece la Real Academia Espa\u00f1ola, proviene del lat\u00edn \u201cexpeditus\u201d y que significa \u201clibre de todo estorbo.\u201d <\/p>\n\n\n\n<p class=\"has-text-align-right wp-block-paragraph\">(RAE, 2021). <a href=\"https:\/\/dle.rae.es\/expedito\" target=\"_blank\" rel=\"noreferrer noopener\">https:\/\/dle.rae.es\/expedito<\/a><\/p>\n\n\n\n<p class=\"wp-block-paragraph\">Por lo que en un ejercicio de l\u00f3gica, los tribunales expeditos son aquellos tribunales que est\u00e1n libres de todo estorbo, es decir, son tribunales accesibles al justiciable, no se le puede poner condici\u00f3n u obst\u00e1culo alguno a quien acude a un tribunal para que se le administre justicia.<\/p>\n\n\n\n<h5 class=\"wp-block-heading\">T\u00e9rmino y Plazo<\/h5>\n\n\n\n<p class=\"wp-block-paragraph\">El plazo es un periodo a todo lo largo del cual, desde el momento inicial y hasta el final, se puede realizar v\u00e1lidamente un acto procesal; el t\u00e9rmino, es el momento (d\u00eda y hora) se\u00f1alado para el comienzo de un acto procesal. <\/p>\n\n\n\n<p class=\"has-text-align-right wp-block-paragraph\">(Alcal\u00e1-Zamora cit. en Ovalle, 2016: 335).<\/p>\n\n\n\n<p class=\"wp-block-paragraph\">Por lo que el t\u00e9rmino es un d\u00eda y hora espec\u00edfico se\u00f1alado para llevarse&nbsp; a cabo un acto procesal, y el plazo es un periodo de tiempo en el que se puede realizar de forma v\u00e1lida un acto procesal.<\/p>\n\n\n\n<h5 class=\"wp-block-heading\">4.2.1 Justicia pronta, completa e imparcial<\/h5>\n\n\n\n<p class=\"wp-block-paragraph\">Te invitamos a que consultes el recurso ppt 4.2.1 que hemos elaborado para ti sobre este tema, para que al entenderlo puedas asociarlo de una forma m\u00e1s f\u00e1cil con los temas vistos hasta ahora.<\/p>\n\n\n\n<h5 class=\"wp-block-heading\">4.2.2 Expedites y gratuidad<\/h5>\n\n\n\n<p class=\"wp-block-paragraph\">Tambi\u00e9n en el segundo p\u00e1rrafo del art\u00edculo 17 se establece lo relativo a la gratuidad del servicio, que a la letra se\u00f1ala; \u201csu servicio ser\u00e1 gratuito, quedando, en consecuencia, prohibidas las costas judiciales.\u201d <\/p>\n\n\n\n<p class=\"has-text-align-right wp-block-paragraph\">(CPEUM, 2021:19).<\/p>\n\n\n\n<p class=\"wp-block-paragraph\">Establecido lo anterior, es importante diferenciar entre las costas judiciales y las costas procesales, por lo que atenderemos a lo establecido en el C\u00f3digo de Comercio.<\/p>\n\n\n\n<p class=\"wp-block-paragraph\">\u201cSobre las costas judiciales se\u00f1ala el art\u00edculo 1081: \u201cPor ning\u00fan acto judicial se cobrar\u00e1n costas, ni aun cuando se actuare con testigos de asistencia o se practicaren diligencias fuera del lugar del juicio.\u201d&nbsp; <\/p>\n\n\n\n<p class=\"has-text-align-right wp-block-paragraph\">(C\u00f3digo de Comercio, 2019).<\/p>\n\n\n\n<p class=\"wp-block-paragraph\">Es decir, los tribunales no pueden cobrar por ning\u00fan acto judicial, es inconstitucional, pero las costas procesales no est\u00e1n prohibidas, y al respecto establece el art\u00edculo 1082 se\u00f1ala:<\/p>\n\n\n\n<p class=\"wp-block-paragraph\">Cada parte ser\u00e1 inmediatamente responsable de las costas que originen las diligencias que promueva, en caso de condenaci\u00f3n en costas, la parte condenada indemnizar\u00e1 a la otra de todas las que se hubieren causado, cuando hubiese opuesto excepciones o recursos fr\u00edvolos o improcedentes con el prop\u00f3sito de retardar el procedimiento. <\/p>\n\n\n\n<p class=\"has-text-align-right wp-block-paragraph\">(C\u00f3digo de Comercio, 2019).<\/p>\n\n\n\n<p class=\"wp-block-paragraph\">Por lo que las costas procesales se derivan de los gastos de las partes derivados del proceso, y al finalizarse un proceso se puede condenar en costas, es decir, la parte perdidosa deber\u00e1 hacerse cargo de todos los gastos que se llevaron a cabo dentro del proceso como por ejemplo; los honorarios de los abogados, la expedici\u00f3n de copias, entre otros.<\/p>\n\n\n\n<h4 class=\"wp-block-heading\">4.3 Acciones colectivas<\/h4>\n\n\n\n<p class=\"wp-block-paragraph\">Como introducci\u00f3n, para entender lo que conllevan las acciones colectivas atenderemos a lo que se\u00f1ala la Procuradur\u00eda de la Defensa del Contribuyente:<\/p>\n\n\n\n<p class=\"wp-block-paragraph\">Se han reconocido una serie de derechos e intereses que trascienden las esferas jur\u00eddicas de los sujetos unipersonales, y se adscriben a grupos de personas que pueden o no estar determinados, pero que est\u00e1n vinculados entre s\u00ed por alguna circunstancia o situaci\u00f3n propiciada o no por los mismos agentes del grupo. <\/p>\n\n\n\n<p class=\"has-text-align-right wp-block-paragraph\">(Prodecon, 2015:4). <a href=\"https:\/\/archivos.juridicas.unam.mx\/www\/bjv\/libros\/13\/6063\/10.pdf\" target=\"_blank\" rel=\"noreferrer noopener\">https:\/\/archivos.juridicas.unam.mx\/www\/bjv\/libros\/13\/6063\/10.pdf<\/a><\/p>\n\n\n\n<p class=\"wp-block-paragraph\">Es de esta forma que las acciones colectivas se sustentan en esta idea de una protecci\u00f3n m\u00e1s garantista a los derechos de las personas, ya que tiene un mayor impacto al proteger en un solo acto a varias personas que tienen el mismo inter\u00e9s en com\u00fan.<\/p>\n\n\n\n<p class=\"wp-block-paragraph\">Se encuentra en el siguiente p\u00e1rrafo del art\u00edculo 17 Constitucional, que a la letra se\u00f1ala:<\/p>\n\n\n\n<p class=\"wp-block-paragraph\">\u201cEl Congreso de la Uni\u00f3n expedir\u00e1 las leyes que regulen las acciones colectivas. Tales leyes determinar\u00e1n las materias de aplicaci\u00f3n, los procedimientos judiciales y los mecanismos de reparaci\u00f3n del da\u00f1o. Los jueces federales conocer\u00e1n de forma exclusiva sobre estos procedimientos y mecanismos.\u201d<\/p>\n\n\n\n<p class=\"has-text-align-right wp-block-paragraph\"> (CPEUM, 2021:19).<\/p>\n\n\n\n<p class=\"wp-block-paragraph\">Primero se hace menci\u00f3n en este art\u00edculo que habr\u00e1 leyes que regulen las acciones colectivas, las cuales seg\u00fan la Procuradur\u00eda de la Defensa del Contribuyente son:<\/p>\n\n\n\n<ul class=\"wp-block-list\"><li>El C\u00f3digo Federal de Procedimientos Civiles<\/li><li>C\u00f3digo Civil Federal<\/li><li>Ley Federal de Competencia Econ\u00f3mica<\/li><li>Ley Federal de Protecci\u00f3n al Consumidor<\/li><li>Ley Org\u00e1nica del Poder Judicial de la Federaci\u00f3n<\/li><li>Ley General de Equilibrio Ecol\u00f3gico y la Protecci\u00f3n al Ambiente<\/li><li>Ley de Protecci\u00f3n y Defensa al Usuario de Servicios Financieros.&nbsp; (Prodecon, 2015:6).<\/li><\/ul>\n\n\n\n<p class=\"wp-block-paragraph\">Estos ordenamientos a partir de la reforma en materia de derechos humanos de 2011 se reformaron para regular&nbsp; lo relativo a las Acciones Colectivas.<\/p>\n\n\n\n<p class=\"wp-block-paragraph\">El C\u00f3digo Federal de Procedimientos Civiles se\u00f1ala en su art\u00edculo 579 que una acci\u00f3n colectiva es procedente \u201cpara la tutela de las pretensiones cuya titularidad corresponda a una colectividad de personas, as\u00ed como para el ejercicio de las pretensiones individuales cuya titularidad corresponda a los miembros de un grupo de personas.\u201c <\/p>\n\n\n\n<p class=\"has-text-align-right wp-block-paragraph\">(CFPC, 2012: 83).<\/p>\n\n\n\n<p class=\"wp-block-paragraph\">Que como ya lo anticipamos, la funci\u00f3n de las acciones colectivas&nbsp; como mecanismo legal en la representaci\u00f3n de un grupo determinado tiene su fundamento el fin de tutelar estos intereses colectivos mediante un solo proceso jurisdiccional, cuya resoluci\u00f3n tendr\u00e1 efectos sobre toda la colectividad.<\/p>\n\n\n\n<p class=\"wp-block-paragraph\">Y como lo establece el art\u00edculo 580 del ordenamiento antes mencionado, estas acciones colectivas titulan:<\/p>\n\n\n\n<ul class=\"wp-block-list\"><li>Derechos en intereses difusos y colectivos: Son los de naturaleza indivisible cuya titularidad corresponde a una colectividad de personas que tienen derechos comunes.<\/li><li>Derechos e intereses individuales: Son los de naturaleza divisible cuya titularidad corresponde a los individuos integrantes de una colectividad que tienen derechos comunes.&nbsp;<\/li><\/ul>\n\n\n\n<h4 class=\"wp-block-heading\">4.4 Medios alternativos de soluci\u00f3n de conflictos<\/h4>\n\n\n\n<p class=\"wp-block-paragraph\">Ahora nos concierne estudiar lo que se establece en el quinto p\u00e1rrafo del art\u00edculo 17, que a la letra se\u00f1ala: \u201cLas leyes prever\u00e1n mecanismos alternativos de soluci\u00f3n de controversias. En la materia penal regular\u00e1n su aplicaci\u00f3n, asegurar\u00e1n la reparaci\u00f3n del da\u00f1o y establecer\u00e1n los casos en los que se requerir\u00e1 supervisi\u00f3n judicial.\u201d <\/p>\n\n\n\n<p class=\"has-text-align-right wp-block-paragraph\">(CPEUM, 2021:20).<\/p>\n\n\n\n<p class=\"wp-block-paragraph\">Para comenzar es menester establecer, \u00bfqu\u00e9 son los Mecanismos Alternativos de Soluci\u00f3n de Controversias? y para responder a esta interrogante nos apoyaremos en la definici\u00f3n que nos se\u00f1ala Mar\u00eda Elena Pacheco Velio Mej\u00eda en el Foro Jur\u00eddico Derechos Humanos y Mecanismos Alternativos de Soluci\u00f3n de Controversias. Donde establece \u201cLos Medios Alternativos de Soluci\u00f3n de Controversias con medios que sirven para lograr un acuerdo reparatorio, solucionar el conflicto y reparar el da\u00f1o.\u201d <\/p>\n\n\n\n<p class=\"has-text-align-right wp-block-paragraph\">(Pachecho, 2018). <a href=\"https:\/\/forojuridico.mx\/derechos-humanos-y-mecanismos-alternativos-de-solucion-de-controversias\/\" target=\"_blank\" rel=\"noreferrer noopener\">https:\/\/forojuridico.mx\/derechos-humanos-y-mecanismos-alternativos-de-solucion-de-controversias\/<\/a><\/p>\n\n\n\n<p class=\"wp-block-paragraph\">Con esta peque\u00f1a introducci\u00f3n al tema `podemos percatarnos de que estos Medios o Mecanismos nos ofrecen una v\u00eda distinta a la que ordinariamente seguimos en un proceso jurisdiccional, ya que le ponen fin a la confrontaci\u00f3n entre las partes, esto con la posibilidad de una pronta reparaci\u00f3n del da\u00f1o.<\/p>\n\n\n\n<p class=\"wp-block-paragraph\">En el caso de la materia penal, existe la Ley Nacional de Mecanismos Alternativos de Soluci\u00f3n de Controversias en Materia Penal, la cual regula en qu\u00e9 supuestos proceden estos mecanismo alternativos y establece en su art\u00edculo 1 que estos tienen como finalidad \u201cpropiciar, a trav\u00e9s del di\u00e1logo, la soluci\u00f3n de las controversias que surjan entre miembros de la sociedad con motivo de la denuncia o querella referidos a un hecho delictivo, mediante procedimientos basados en la oralidad, la econom\u00eda procesal y la confidencialidad.\u201d <\/p>\n\n\n\n<p class=\"has-text-align-right wp-block-paragraph\">(LNMASCMP, 2014:1).<\/p>\n\n\n\n<p class=\"wp-block-paragraph\">Y como lo establece el sitio web de la Fiscal\u00eda General de la Rep\u00fablica establece respecto a qu\u00e9 delitos se podr\u00e1n aplicar estos medios alternativos: \u201cEs necesario precisar que los MASC ser\u00e1n aplicados en la resoluci\u00f3n de los delitos culposos, delitos patrimoniales cometidos SIN violencia sobre las personas y aprobados por parte del Ministerio P\u00fablico o el Juez de Control, seg\u00fan corresponda.\u201d<\/p>\n\n\n\n<p class=\"wp-block-paragraph\">Es de este modo que no se puede aplicar estos medios alternos a todo tipo de delitos, es decir, s\u00f3lo a delitos menores y bajo las condiciones que establecen las leyes para que se pueda llevar a cabo de forma pac\u00edfica. y sobre todo, una efectiva reparaci\u00f3n del da\u00f1o.<\/p>\n\n\n\n<p class=\"wp-block-paragraph\">Para consultar esta y m\u00e1s informaci\u00f3n acerca de los requerimientos para llevarse a cabo este tipo de mecanismos, puedes consultar los siguientes sitios:<\/p>\n\n\n\n<ul class=\"wp-block-list\"><li><a href=\"https:\/\/forojuridico.mx\/derechos-humanos-y-mecanismos-alternativos-de-solucion-de-controversias\/\">Foro jur\u00eddico<\/a><\/li><li><a href=\"https:\/\/www.gob.mx\/fgr\/articulos\/informate-sobre-los-mecanismos-alternativos-de-solucion-de-controversias-en-materia-penal?idiom=es\" target=\"_blank\" rel=\"noreferrer noopener nofollow\">Fiscal\u00eda general de la rep\u00fablica<\/a><\/li><\/ul>\n\n\n\n<h4 class=\"wp-block-heading\">4.5 Defensor\u00eda p\u00fablica<\/h4>\n\n\n\n<p class=\"wp-block-paragraph\">El pen\u00faltimo p\u00e1rrafo del art\u00edculo 17 constitucional se\u00f1ala:<\/p>\n\n\n\n<p class=\"wp-block-paragraph\">La Federaci\u00f3n y las entidades federativas garantizar\u00e1n la existencia de un servicio de defensor\u00eda p\u00fablica de calidad para la poblaci\u00f3n y asegurar\u00e1n las condiciones para un servicio profesional de carrera para los defensores. Las percepciones de los defensores no podr\u00e1n ser inferiores a las que correspondan a los agentes del Ministerio P\u00fablico. <\/p>\n\n\n\n<p class=\"has-text-align-right wp-block-paragraph\">(CPEUM, 2021:20).<\/p>\n\n\n\n<p class=\"wp-block-paragraph\">De este modo, debemos atender en primera instancia a lo que es el servicio de defensor\u00eda p\u00fablica y cu\u00e1l es su objeto, por lo que atenderemos a lo que nos se\u00f1ala el autor Enrique Meza M\u00e1rquez \u201cla asistencia letrada constituye una garant\u00eda irrenunciable de suma importancia como mecanismo de protecci\u00f3n del debido proceso y para una efectiva defensa de los intereses de toda persona en igualdad de circunstancias ante las autoridades jurisdiccionales.\u201d <\/p>\n\n\n\n<p class=\"has-text-align-right wp-block-paragraph\">(Meza, 2020: 1).&nbsp; <a href=\"https:\/\/archivos.juridicas.unam.mx\/www\/bjv\/libros\/13\/6169\/15.pdf\" target=\"_blank\" rel=\"noreferrer noopener\">https:\/\/archivos.juridicas.unam.mx\/www\/bjv\/libros\/13\/6169\/15.pdf<\/a><\/p>\n\n\n\n<p class=\"wp-block-paragraph\">Por lo que podemos entender a la defensor\u00eda p\u00fablica como un sistema que debe implementar el estado por mandato constitucional, con el objeto de la defensa del derecho del acceso a la justicia, creando el sistema de defensores de oficio para cubrir las necesidades de asesor\u00eda jur\u00eddica de las personas que no tienen los recursos para poder costear a un abogado, el servicio es gratuito. As\u00ed los abogados que pertenecen a la defensor\u00eda de oficio, brindar\u00e1n un servicio de calidad a estas personas para que realmente podamos hablar de un acceso a la justicia.<\/p>\n\n\n\n<h4 class=\"wp-block-heading\">4.6 Independencia judicial y ejecuci\u00f3n de sentencia<\/h4>\n\n\n\n<p class=\"wp-block-paragraph\">En el siguiente p\u00e1rrafo del art\u00edculo materia de este recurso, se establece a la letra \u201cLas leyes federales y locales establecer\u00e1n los medios necesarios para que se garantice la independencia de los tribunales y la plena ejecuci\u00f3n de sus resoluciones.\u201d <\/p>\n\n\n\n<p class=\"has-text-align-right wp-block-paragraph\">(CPEUM, 2021:20).<\/p>\n\n\n\n<p class=\"wp-block-paragraph\">Respecto a la independencia judicial Jorge Chaires Zaragoza establece:<\/p>\n\n\n\n<ul class=\"wp-block-list\"><li>Subrayamos la importancia de la independencia del Poder Judicial dentro del Estado de derecho en el que es el mejor mecanismo, jur\u00eddicamente hablando, para contar con una adecuada impartici\u00f3n de justicia, pues como afirma Loewenstein en su famosa expresi\u00f3n, \u00abla independencia de los jueces en el ejercicio de las funciones que le hayan sido asignadas y su libertad frente a todo tipo de poder, constituye la piedra final en el edificio de Estado democr\u00e1tico constitucional de derecho\u00bb. <\/li><\/ul>\n\n\n\n<p class=\"has-text-align-right wp-block-paragraph\">(Loewestein cit. en Chaires, 2004). <a href=\"http:\/\/www.scielo.org.mx\/scielo.php?script=sci_arttext&amp;pid=S0041-86332004000200004\" target=\"_blank\" rel=\"noreferrer noopener\">http:\/\/www.scielo.org.mx\/scielo.php?script=sci_arttext&amp;pid=S0041-86332004000200004<\/a>&nbsp;<\/p>\n\n\n\n<p class=\"wp-block-paragraph\">Es as\u00ed, que podemos concluir que los jueces, en ejercicio de sus funciones, debe solo estar sometido a la legalidad, es decir, al derecho vigente, para as\u00ed poder contar con una adecuada impartici\u00f3n de justicia.<\/p>\n\n\n\n<p class=\"wp-block-paragraph\">Sobre la ejecuci\u00f3n de la sentencia, en la tesis aislada con n\u00famero de registro 2009046, se establece lo siguiente: \u201cEl derecho a la ejecuci\u00f3n impide que el \u00f3rgano judicial se aparte, sin causa justificada, de lo previsto en el fallo que ha de ejecutar, o que se abstenga de adoptar las medidas necesarias para proveer a la ejecuci\u00f3n de la misma cuando ello sea legalmente exigible.\u201d <\/p>\n\n\n\n<p class=\"has-text-align-right wp-block-paragraph\">(Semanario Judicial de la Federaci\u00f3n, 2015). <a href=\"https:\/\/sjf2.scjn.gob.mx\/detalle\/tesis\/2009046\" target=\"_blank\" rel=\"noreferrer noopener\">https:\/\/sjf2.scjn.gob.mx\/detalle\/tesis\/2009046<\/a><\/p>\n\n\n\n<p class=\"wp-block-paragraph\">Por lo que es la obligaci\u00f3n de los \u00f3rganos judiciales no solo dictar una sentencia, sino ejecutarla, ya que de nada servir\u00eda lo establecido en papel si no hay manera de garantizar que se cumpla con su contenido, por lo que debe de adoptar las medidas que le ayuden a ejecutar de forma efectiva estas resoluciones judiciales.<\/p>\n\n\n\n<p class=\"wp-block-paragraph\">Esperamos que este recurso te haya servido para comprender de una mejor forma los derechos y obligaciones contenidos en este art\u00edculo 17 constitucional, !Hasta la pr\u00f3xima!<\/p>\n\n\n\n<h3 class=\"wp-block-heading\">Resumen e ideas relevantes<\/h3>\n\n\n\n<p class=\"wp-block-paragraph\">Es importante que de lo anterior recuerdes que:&nbsp;<\/p>\n\n\n\n<ul class=\"wp-block-list\"><li>El art\u00edculo 17 constitucional establece diversos derechos y obligaciones tanto para los particulares como para los tribunales.<\/li><li>Establece la prohibici\u00f3n a los particulares de la autotutela o autocomposici\u00f3n.<\/li><li>El acceso a la justicia es un derecho en el que todo gobernado puede llevar ante los tribunales sus pretensiones y los \u00f3rganos jurisdiccionales deben darle tr\u00e1mite y posteriormente resolverlos.<\/li><li>La tutela judicial efectiva es el derecho que toda persona tiene a que se le administre justicia por los tribunales, en los plazos y t\u00e9rminos&nbsp; que establezcan las leyes.<\/li><li>Reconoce el derecho a una justicia pronta, completa e imparcial.<\/li><li>Quedan prohibidas las costas judiciales.<\/li><li>Las costas procesales son las que se originan de la naturaleza de un proceso y al condenarse en costas, una de las partes las paga a la otra.<\/li><li>Las acciones colectivas tienen como objeto proteger en un solo acto a varias personas que tienen el mismo inter\u00e9s en com\u00fan.<\/li><\/ul>\n\n\n\n<h2 class=\"wp-block-heading\">Fuentes de consulta<\/h2>\n\n\n\n<ul class=\"wp-block-list\"><li>Chaires, J. (2004). La independencia del poder judicial. Bolet\u00edn Mexicano de derecho comparado. 37(110), 523-545. <a href=\"http:\/\/www.scielo.org.mx\/scielo.php?script=sci_arttext&amp;pid=S0041-86332004000200004\" target=\"_blank\" rel=\"noreferrer noopener\">http:\/\/www.scielo.org.mx\/scielo.php?script=sci_arttext&amp;pid=S0041-86332004000200004<\/a>&nbsp;<\/li><li>C\u00f3digo de Comercio (2019). Publicado en Diario Oficial de la Federaci\u00f3n, 13 de diciembre de 1889. M\u00e9xico.<\/li><li>C\u00f3digo Federal de Procedimientos Civiles (2012). Publicado en Diario Oficial de la Federaci\u00f3n, 24 de febrero de 1943. M\u00e9xico.<\/li><li>Constituci\u00f3n Pol\u00edtica de los Estados Unidos Mexicanos (2021). Publicado en Diario Oficial de la Federaci\u00f3n, 5 de febrero de 1917. M\u00e9xico.<\/li><li>Convenci\u00f3n Americana sobre Derechos Humanos (1969). Suscrita en La Convenci\u00f3n Especializada Interamericana sobre Derechos Humanos. San Jos\u00e9, Costa Rica. <a href=\"https:\/\/www.oas.org\/dil\/esp\/tratados_b-32_convencion_americana_sobre_derechos_humanos.htm\" target=\"_blank\" rel=\"noreferrer noopener\">https:\/\/www.oas.org\/dil\/esp\/tratados_b-32_convencion_americana_sobre_derechos_humanos.htm<\/a>&nbsp;<\/li><li>Foro Jur\u00eddico (2018). Derechos Humanos y Mecanismos Alternativos de Soluci\u00f3n de Controversias. Recuperado de <a href=\"https:\/\/forojuridico.mx\/derechos-humanos-y-mecanismos-alternativos-de-solucion-de-controversias\/\" target=\"_blank\" rel=\"noreferrer noopener\">https:\/\/forojuridico.mx\/derechos-humanos-y-mecanismos-alternativos-de-solucion-de-controversias\/<\/a>&nbsp;<\/li><li>Ley Nacional de Mecanismos Alternativos de Soluci\u00f3n de Controversias en Materia Penal. Publicado en Diario Oficial de la Federaci\u00f3n, 29 de diciembre de 2014. <a href=\"https:\/\/poderjudicialcampeche.gob.mx\/micro%20justicia%20alternativa\/descargas\/ley%20nacional%20de%20medidas%20alternas.pdf\" target=\"_blank\" rel=\"noreferrer noopener\">https:\/\/poderjudicialcampeche.gob.mx\/micro%20justicia%20alternativa\/descargas\/ley%20nacional%20de%20medidas%20alternas.pdf<\/a>&nbsp;<\/li><li>Meza, E. (2020). La defensor\u00eda p\u00fablica como \u00f3rgano constitucional aut\u00f3nomo. Apuntes para la construcci\u00f3n de un modelo necesario. Instituto de Investigaciones Jur\u00eddicas de la UNAM, M\u00e9xico. <a href=\"https:\/\/archivos.juridicas.unam.mx\/www\/bjv\/libros\/13\/6169\/15.pdf\" target=\"_blank\" rel=\"noreferrer noopener\">https:\/\/archivos.juridicas.unam.mx\/www\/bjv\/libros\/13\/6169\/15.pdf<\/a>&nbsp;<\/li><li>Prodecon (2015). Acciones Colectivas: Reflexiones en torno a su necesidad en materia tributaria. Recuperado de <a href=\"https:\/\/archivos.juridicas.unam.mx\/www\/bjv\/libros\/13\/6063\/10.pdf\" target=\"_blank\" rel=\"noreferrer noopener\">https:\/\/archivos.juridicas.unam.mx\/www\/bjv\/libros\/13\/6063\/10.pdf<\/a>&nbsp;<\/li><li>Real Academia Espa\u00f1ola (2021). Definici\u00f3n de expedito. Recuperado de <a href=\"https:\/\/dle.rae.es\/expedito\" target=\"_blank\" rel=\"noreferrer noopener\">https:\/\/dle.rae.es\/expedito<\/a>&nbsp;<\/li><li>Saavedra, Y. (2013). Art\u00edculo 17 de la Constituci\u00f3n Pol\u00edtica de los Estados Unidos Mexicanos. Acceso a la justicia. Instituto de Investigaciones Jur\u00eddicas. M\u00e9xico. <a href=\"https:\/\/archivos.juridicas.unam.mx\/www\/bjv\/libros\/8\/3568\/14.pdf\" target=\"_blank\" rel=\"noreferrer noopener\">https:\/\/archivos.juridicas.unam.mx\/www\/bjv\/libros\/8\/3568\/14.pdf<\/a>&nbsp;<\/li><li>Tesis Aislada (2015). Semanario Judicial de la Federaci\u00f3n. Recuperado de <a href=\"https:\/\/sjf2.scjn.gob.mx\/detalle\/tesis\/2009046\" target=\"_blank\" rel=\"noreferrer noopener\">https:\/\/sjf2.scjn.gob.mx\/detalle\/tesis\/2009046<\/a><\/li><\/ul>\n","protected":false},"excerpt":{"rendered":"<p>1. Fundamentaci\u00f3n del tema El presente tema corresponde a la Unidad De Aprendizaje de Derechos Humanos parte II, perteneciente al cuarto semestre de la Licenciatura en Derecho de acuerdo al plan de estudios vigente. La importancia de conocerlo radica en identificar y aterrizar tanto los derechos como las obligaciones que el art\u00edculo 17 constitucional establece, &#8230; <a title=\"Clase digital 4. Art\u00edculo 17 constitucional\" class=\"read-more\" href=\"https:\/\/blogs.ugto.mx\/derecho\/clase-digital-4-articulo-17-constitucional\/\" aria-label=\"Leer m\u00e1s sobre Clase digital 4. Art\u00edculo 17 constitucional\">Leer m\u00e1s<\/a><\/p>\n","protected":false},"author":142,"featured_media":0,"comment_status":"closed","ping_status":"closed","sticky":false,"template":"","format":"standard","meta":{"_acf_changed":false,"_crdt_document":"","episode_type":"","audio_file":"","podmotor_file_id":"","podmotor_episode_id":"","cover_image":"","cover_image_id":"","duration":"","filesize":"","filesize_raw":"","date_recorded":"","explicit":"","block":"","itunes_episode_number":"","itunes_title":"","itunes_season_number":"","itunes_episode_type":"","footnotes":""},"categories":[44],"tags":[27,28,84],"class_list":["post-2169","post","type-post","status-publish","format-standard","hentry","category-derechos-humanos-ii","tag-deysi-jazmin-bringas-guardian","tag-maria-alejandra-velazquez-gutierrez","tag-shli04116"],"acf":[],"jetpack_featured_media_url":"","_links":{"self":[{"href":"https:\/\/blogs.ugto.mx\/derecho\/wp-json\/wp\/v2\/posts\/2169","targetHints":{"allow":["GET"]}}],"collection":[{"href":"https:\/\/blogs.ugto.mx\/derecho\/wp-json\/wp\/v2\/posts"}],"about":[{"href":"https:\/\/blogs.ugto.mx\/derecho\/wp-json\/wp\/v2\/types\/post"}],"author":[{"embeddable":true,"href":"https:\/\/blogs.ugto.mx\/derecho\/wp-json\/wp\/v2\/users\/142"}],"replies":[{"embeddable":true,"href":"https:\/\/blogs.ugto.mx\/derecho\/wp-json\/wp\/v2\/comments?post=2169"}],"version-history":[{"count":6,"href":"https:\/\/blogs.ugto.mx\/derecho\/wp-json\/wp\/v2\/posts\/2169\/revisions"}],"predecessor-version":[{"id":2999,"href":"https:\/\/blogs.ugto.mx\/derecho\/wp-json\/wp\/v2\/posts\/2169\/revisions\/2999"}],"wp:attachment":[{"href":"https:\/\/blogs.ugto.mx\/derecho\/wp-json\/wp\/v2\/media?parent=2169"}],"wp:term":[{"taxonomy":"category","embeddable":true,"href":"https:\/\/blogs.ugto.mx\/derecho\/wp-json\/wp\/v2\/categories?post=2169"},{"taxonomy":"post_tag","embeddable":true,"href":"https:\/\/blogs.ugto.mx\/derecho\/wp-json\/wp\/v2\/tags?post=2169"}],"curies":[{"name":"wp","href":"https:\/\/api.w.org\/{rel}","templated":true}]}}