{"id":3372,"date":"2021-12-08T17:20:22","date_gmt":"2021-12-08T17:20:22","guid":{"rendered":"https:\/\/blogs.ugto.mx\/derecho\/?p=3372"},"modified":"2021-12-08T17:20:22","modified_gmt":"2021-12-08T17:20:22","slug":"clase-digital-16-comentarios-sobre-problemas-actuales-del-derecho-penal","status":"publish","type":"post","link":"https:\/\/blogs.ugto.mx\/derecho\/clase-digital-16-comentarios-sobre-problemas-actuales-del-derecho-penal\/","title":{"rendered":"Clase digital 16. Comentarios sobre problemas actuales del derecho penal"},"content":{"rendered":"\n\n\n<div class=\"wp-block-cover has-background-dim-40 has-black-background-color has-background-dim\" style=\"min-height:284px;aspect-ratio:unset;\"><img decoding=\"async\" class=\"wp-block-cover__image-background wp-image-3373\" alt=\"\" src=\"data:image\/gif;base64,R0lGODlhAQABAIAAAAAAAP\/\/\/yH5BAEAAAAALAAAAAABAAEAAAIBRAA7\" data-src=\"https:\/\/blogs.ugto.mx\/derecho\/wp-content\/uploads\/sites\/67\/2021\/12\/7s3bir6hatu.jpg\" style=\"object-position:34% 50%\" data-object-fit=\"cover\" data-object-position=\"34% 50%\" \/><noscript><img loading=\"lazy\" decoding=\"async\" width=\"1600\" height=\"1067\" class=\"wp-block-cover__image-background wp-image-3373\" alt=\"\" src=\"https:\/\/blogs.ugto.mx\/derecho\/wp-content\/uploads\/sites\/67\/2021\/12\/7s3bir6hatu.jpg\" style=\"object-position:34% 50%\" data-object-fit=\"cover\" data-object-position=\"34% 50%\" srcset=\"https:\/\/blogs.ugto.mx\/derecho\/wp-content\/uploads\/sites\/67\/2021\/12\/7s3bir6hatu.jpg 1600w, https:\/\/blogs.ugto.mx\/derecho\/wp-content\/uploads\/sites\/67\/2021\/12\/7s3bir6hatu-300x200.jpg 300w, https:\/\/blogs.ugto.mx\/derecho\/wp-content\/uploads\/sites\/67\/2021\/12\/7s3bir6hatu-1024x683.jpg 1024w, https:\/\/blogs.ugto.mx\/derecho\/wp-content\/uploads\/sites\/67\/2021\/12\/7s3bir6hatu-768x512.jpg 768w, https:\/\/blogs.ugto.mx\/derecho\/wp-content\/uploads\/sites\/67\/2021\/12\/7s3bir6hatu-1536x1024.jpg 1536w, https:\/\/blogs.ugto.mx\/derecho\/wp-content\/uploads\/sites\/67\/2021\/12\/7s3bir6hatu-272x182.jpg 272w\" sizes=\"auto, (max-width: 1600px) 100vw, 1600px\" \/><\/noscript><div class=\"wp-block-cover__inner-container is-layout-flow wp-block-cover-is-layout-flow\">\n<p class=\"has-text-align-center has-large-font-size wp-block-paragraph\">Comentarios sobre problemas actuales del derecho penal<\/p>\n<\/div><\/div>\n\n\n\n<h2 class=\"wp-block-heading\">1. Fundamentaci\u00f3n del tema<\/h2>\n\n\n\n<p class=\"wp-block-paragraph\">El presente tema corresponde a la UDA \u201cDerecho penal I\u201d. La importancia de conocerlo radica en brindar a los estudiantes los aspectos generales y recientes respecto del derecho penal y la sociedad nacional e internacional por los que se vive. As\u00ed mismo las problem\u00e1ticas que conlleva la misma materia en el siglo XXI.<\/p>\n\n\n\n<h2 class=\"wp-block-heading\">2. Objetivo did\u00e1ctico<\/h2>\n\n\n\n<p class=\"wp-block-paragraph\">Conocer el contexto actual del derecho penal para tener un panorama real que lleve a sensibilizar con respecto de las malas pr\u00e1cticas penales relacionadas con los descubrimientos cient\u00edficos y tecnol\u00f3gicos.<\/p>\n\n\n\n<h2 class=\"wp-block-heading\">3. Contenido did\u00e1ctico<\/h2>\n\n\n\n<h3 class=\"wp-block-heading\">Introducci\u00f3n<\/h3>\n\n\n\n<p class=\"wp-block-paragraph\">\u00a1Hola! Bienvenidas y bienvenidos a este recurso did\u00e1ctico. En \u00e9l, nos adentraremos en los temas actuales y recientes respecto del derecho penal, es decir, hablaremos de las situaciones nacionales e internacionales por las que esta rama del derecho est\u00e1 pasando y sus panoramas de crecimiento.<\/p>\n\n\n\n<p class=\"wp-block-paragraph\">Te invito a que prestes atenci\u00f3n ya que este tema ser\u00e1 abordado por dos recursos, as\u00ed que en cuanto concluyas el presente, te invito a que acudas al recurso Power Point para enriquecer el saber de este tema.<\/p>\n\n\n\n<p class=\"wp-block-paragraph\">\u00a1Comencemos!<\/p>\n\n\n\n<h3 class=\"wp-block-heading\">Desarrollo del tema<\/h3>\n\n\n\n<h4 class=\"wp-block-heading\">1. Derecho penal y Derechos Humanos.<\/h4>\n\n\n\n<ul class=\"wp-block-list\"><li>Los derechos humanos desde el punto de vista del derecho penal llevan una aparejada y estrecha relaci\u00f3n, ambas ramas del derecho tienen una similitud, en primer t\u00e9rmino en cuanto a su protecci\u00f3n, y el segundo de ellos, al ejercicio punitivo que corresponde al Estado como aparato de poder; sin embargo, la vulneraci\u00f3n de los derechos humanos por parte del Estado es a trav\u00e9s de los servidores p\u00fablicos y de las instituciones.&nbsp; <\/li><\/ul>\n\n\n\n<p class=\"has-text-align-right wp-block-paragraph\">(Jos\u00e9 Amaury, 2018:1).<\/p>\n\n\n\n<p class=\"wp-block-paragraph\">Los derechos humanos han sido importantes siempre, la cuesti\u00f3n es que antes no eran reconocidos como tal ni mucho menos conocidos. En los \u00faltimos a\u00f1os, esta materia ha cobrado singular importancia en la sociedad nacional e internacional, fomentando una mejora en la vida de las personas y en las instituciones de gobernaci\u00f3n en el \u00e1mbito p\u00fablico y de las empresas l\u00edderes en el \u00e1mbito privado.<\/p>\n\n\n\n<p class=\"wp-block-paragraph\">Hoy por hoy el derecho penal cobra un rol importante en la vinculaci\u00f3n jur\u00eddica con esta materia, misma que tiene lugar en el momento en que los derechos humanos no tienen muchas veces el reconocimiento positivo como en sociedades avanzados lo han logrado, es por esto que se crea un derecho penal internacional que regula a los Estados para que respeten los derechos humanos de la ciudadan\u00eda de cada naci\u00f3n.<\/p>\n\n\n\n<p class=\"wp-block-paragraph\">Los tratados internacionales en la materia han fungido como regulador general e implementaci\u00f3n positiva del derecho en cada naci\u00f3n, respetando los m\u00ednimos derechos humanos en las personas.<\/p>\n\n\n\n<h4 class=\"wp-block-heading\">2. Derecho penal y VIH\/SIDA.<\/h4>\n\n\n\n<ul class=\"wp-block-list\"><li>En los \u00faltimos 15 a\u00f1os, se han comunicado una serie de casos en los que personas VIH-positivas han sido inculpadas por diversos actos que desembocaron en la transmisi\u00f3n del VIH o supusieron el riesgo de transmisi\u00f3n. En algunos casos, se han presentado cargos por conductas que son meramente percibidas como de riesgo de transmisi\u00f3n, a veces con la imposici\u00f3n de penas muy severas. <\/li><\/ul>\n\n\n\n<p class=\"has-text-align-right wp-block-paragraph\">(Richard, 2019:1).<\/p>\n\n\n\n<p class=\"wp-block-paragraph\">El VIH cada vez aumenta m\u00e1s y el derecho penal no se queda fuera. \u00c9ste se ha encargado de analizar la sociedad y sus modificaciones para atender a las necesidades reales y como se plante\u00f3 en un inicio, el SIDA ha sido un foco en donde la legislaci\u00f3n penal incorpor\u00f3 sanciones para conductas tipificadas como delitos, mismo que eran vinculados principalmente por la transmisi\u00f3n e imposiciones del VIH. Es tan grave como que no hay cura y que estos delitos representan una muerte a mediano o largo plazo.<\/p>\n\n\n\n<h4 class=\"wp-block-heading\">3.- Derecho penal y Globalizaci\u00f3n.<\/h4>\n\n\n\n<ul class=\"wp-block-list\"><li>El fen\u00f3meno de la globalizaci\u00f3n ha extendido su manto sobre todos los \u00e1mbitos de la vida cotidiana de las personas; a mediados del siglo pasado, la globalizaci\u00f3n \u00fanicamente se ve\u00eda como un fen\u00f3meno econ\u00f3mico que solamente incumb\u00eda a las grandes empresas y a la macroeconom\u00eda de los Estados. Actualmente, la globalizaci\u00f3n no s\u00f3lo se refiere a los intercambios econ\u00f3micos trasnacionales, sino que el individuo com\u00fan es alcanzado por el fen\u00f3meno. <\/li><\/ul>\n\n\n\n<p class=\"has-text-align-right wp-block-paragraph\">(Nimrod Mihael, 2006:1).<\/p>\n\n\n\n<p class=\"wp-block-paragraph\">La globalizaci\u00f3n es un fen\u00f3meno internacional que ha tomado fuerza en este siglo. Los crecimientos tecnol\u00f3gicos han sido un boom internacional, revolucionando las vidas de las personas. Pero con todo gran descubrimiento hay una gran responsabilidad, misma que ha dejado que desear en muchas personas que han usado el poder de la globalizaci\u00f3n para usos personales no adecuados, que violan las normativas civiles y sociales, cayendo en delitos y conductas tipificadas como tales.<\/p>\n\n\n\n<p class=\"wp-block-paragraph\">El derecho penal ha tenido intervenci\u00f3n por medio de polic\u00edas cibern\u00e9ticos, por medio de legislaciones que regulan materias no contempladas hace a\u00f1os como lo es la trata sexual en plataformas digitales o bien, el robo de informaci\u00f3n por medio de programas esp\u00edas.<\/p>\n\n\n\n<p class=\"wp-block-paragraph\">Bien, ahora que has concluido te recuerdo pasar al recurso <a href=\"https:\/\/blogs.ugto.mx\/derecho\/presentacion-comentarios-sobre-problemas-actuales-del-derecho-penal\/\" target=\"_blank\" rel=\"noreferrer noopener\">Presentaci\u00f3n. Comentarios sobre problemas actuales del derecho penal<\/a> y complementar tu conocimiento acerca de estos temas actuales, que sin duda ser\u00e1n de tu inter\u00e9s.<\/p>\n\n\n\n<h3 class=\"wp-block-heading\">Resumen e ideas relevantes<\/h3>\n\n\n\n<p class=\"wp-block-paragraph\">Es importante que de lo anterior recuerdes que:&nbsp;<\/p>\n\n\n\n<ul class=\"wp-block-list\"><li>El derecho penal ha tenido intervenci\u00f3n internacional en materia de globalizaci\u00f3n.<\/li><li>El VIH ha sido una pr\u00e1ctica reiterada, misma que fue regulada en ordenamiento penales.<\/li><li>La tecnolog\u00eda puede ser encaminada a cometer conductas delictivas, es por eso que el derecho penal crea pol\u00edticas preventivas en dicha materia.<\/li><li>Los derechos humanos han sido fundamentales para una regulaci\u00f3n adecuada en nuestros tiempos.<\/li><\/ul>\n\n\n\n<h2 class=\"wp-block-heading\">Fuentes de consulta<\/h2>\n\n\n\n<ul class=\"wp-block-list\"><li>Ch\u00e1vez Medell\u00edn, Jos\u00e9 Amaury. (2018). El derecho penal y su relaci\u00f3n estrecha con los derechos humanos. Revista jur\u00eddica UNAM. Recuperado de: <a href=\"https:\/\/revistas.juridicas.unam.mx\/index.php\/hechos-y-derechos\/article\/view\/12590\/14140\" target=\"_blank\" rel=\"noreferrer noopener\">https:\/\/revistas.juridicas.unam.mx\/index.php\/hechos-y-derechos\/article\/view\/12590\/14140<\/a><\/li><li>Richard Elliott. (2019). Derecho penal, salud p\u00fablica y transmisi\u00f3n del VIH. ONUSIDA. Recuperado de: <a href=\"https:\/\/data.unaids.org\/publications\/irc-pub02\/jc733-criminallaw_es.pdf\" target=\"_blank\" rel=\"noreferrer noopener\">https:\/\/data.unaids.org\/publications\/irc-pub02\/jc733-criminallaw_es.pdf<\/a><\/li><li>Champo S\u00e1nchez, Nimrod Mihael. (2006). El derecho penal frente a la globalizaci\u00f3n. Bolet\u00edn mexicano de derecho comparado. Recuperado de: <a href=\"http:\/\/www.scielo.org.mx\/scielo.php?script=sci_arttext&amp;pid=S0041-86332006000200004\" target=\"_blank\" rel=\"noreferrer noopener\">http:\/\/www.scielo.org.mx\/scielo.php?script=sci_arttext&amp;pid=S0041-86332006000200004<\/a><\/li><\/ul>\n","protected":false},"excerpt":{"rendered":"<p>1. Fundamentaci\u00f3n del tema El presente tema corresponde a la UDA \u201cDerecho penal I\u201d. La importancia de conocerlo radica en brindar a los estudiantes los aspectos generales y recientes respecto del derecho penal y la sociedad nacional e internacional por los que se vive. As\u00ed mismo las problem\u00e1ticas que conlleva la misma materia en el &#8230; <a title=\"Clase digital 16. Comentarios sobre problemas actuales del derecho penal\" class=\"read-more\" href=\"https:\/\/blogs.ugto.mx\/derecho\/clase-digital-16-comentarios-sobre-problemas-actuales-del-derecho-penal\/\" aria-label=\"Leer m\u00e1s sobre Clase digital 16. Comentarios sobre problemas actuales del derecho penal\">Leer m\u00e1s<\/a><\/p>\n","protected":false},"author":142,"featured_media":0,"comment_status":"closed","ping_status":"closed","sticky":false,"template":"","format":"standard","meta":{"_acf_changed":false,"_crdt_document":"","episode_type":"","audio_file":"","podmotor_file_id":"","podmotor_episode_id":"","cover_image":"","cover_image_id":"","duration":"","filesize":"","filesize_raw":"","date_recorded":"","explicit":"","block":"","itunes_episode_number":"","itunes_title":"","itunes_season_number":"","itunes_episode_type":"","footnotes":""},"categories":[33],"tags":[74,75,100],"class_list":["post-3372","post","type-post","status-publish","format-standard","hentry","category-derecho-penal-i","tag-andrea-lisset-garcia-garcia","tag-israel-martinez-vazquez","tag-shli04103"],"acf":[],"jetpack_featured_media_url":"","_links":{"self":[{"href":"https:\/\/blogs.ugto.mx\/derecho\/wp-json\/wp\/v2\/posts\/3372","targetHints":{"allow":["GET"]}}],"collection":[{"href":"https:\/\/blogs.ugto.mx\/derecho\/wp-json\/wp\/v2\/posts"}],"about":[{"href":"https:\/\/blogs.ugto.mx\/derecho\/wp-json\/wp\/v2\/types\/post"}],"author":[{"embeddable":true,"href":"https:\/\/blogs.ugto.mx\/derecho\/wp-json\/wp\/v2\/users\/142"}],"replies":[{"embeddable":true,"href":"https:\/\/blogs.ugto.mx\/derecho\/wp-json\/wp\/v2\/comments?post=3372"}],"version-history":[{"count":3,"href":"https:\/\/blogs.ugto.mx\/derecho\/wp-json\/wp\/v2\/posts\/3372\/revisions"}],"predecessor-version":[{"id":3511,"href":"https:\/\/blogs.ugto.mx\/derecho\/wp-json\/wp\/v2\/posts\/3372\/revisions\/3511"}],"wp:attachment":[{"href":"https:\/\/blogs.ugto.mx\/derecho\/wp-json\/wp\/v2\/media?parent=3372"}],"wp:term":[{"taxonomy":"category","embeddable":true,"href":"https:\/\/blogs.ugto.mx\/derecho\/wp-json\/wp\/v2\/categories?post=3372"},{"taxonomy":"post_tag","embeddable":true,"href":"https:\/\/blogs.ugto.mx\/derecho\/wp-json\/wp\/v2\/tags?post=3372"}],"curies":[{"name":"wp","href":"https:\/\/api.w.org\/{rel}","templated":true}]}}