{"id":3577,"date":"2021-12-10T16:53:18","date_gmt":"2021-12-10T16:53:18","guid":{"rendered":"https:\/\/blogs.ugto.mx\/derecho\/?p=3577"},"modified":"2022-04-09T16:41:15","modified_gmt":"2022-04-09T16:41:15","slug":"guia-didactica-investigacion-sociologica-del-derecho","status":"publish","type":"post","link":"https:\/\/blogs.ugto.mx\/derecho\/guia-didactica-investigacion-sociologica-del-derecho\/","title":{"rendered":"Gu\u00eda did\u00e1ctica Investigaci\u00f3n sociol\u00f3gica del derecho"},"content":{"rendered":"\n\n\n<div class=\"wp-block-cover is-light\" style=\"min-height:284px;aspect-ratio:unset;\"><span aria-hidden=\"true\" class=\"has-black-background-color has-background-dim-40 wp-block-cover__gradient-background has-background-dim\"><\/span><img decoding=\"async\" class=\"wp-block-cover__image-background wp-image-3579\" alt=\"\" src=\"data:image\/gif;base64,R0lGODlhAQABAIAAAAAAAP\/\/\/yH5BAEAAAAALAAAAAABAAEAAAIBRAA7\" data-src=\"https:\/\/blogs.ugto.mx\/derecho\/wp-content\/uploads\/sites\/67\/2021\/12\/oaqk7qqnh_c.jpg\" style=\"object-position:48% 54%\" data-object-fit=\"cover\" data-object-position=\"48% 54%\" \/><noscript><img loading=\"lazy\" decoding=\"async\" width=\"1600\" height=\"1067\" class=\"wp-block-cover__image-background wp-image-3579\" alt=\"\" src=\"https:\/\/blogs.ugto.mx\/derecho\/wp-content\/uploads\/sites\/67\/2021\/12\/oaqk7qqnh_c.jpg\" style=\"object-position:48% 54%\" data-object-fit=\"cover\" data-object-position=\"48% 54%\" srcset=\"https:\/\/blogs.ugto.mx\/derecho\/wp-content\/uploads\/sites\/67\/2021\/12\/oaqk7qqnh_c.jpg 1600w, https:\/\/blogs.ugto.mx\/derecho\/wp-content\/uploads\/sites\/67\/2021\/12\/oaqk7qqnh_c-300x200.jpg 300w, https:\/\/blogs.ugto.mx\/derecho\/wp-content\/uploads\/sites\/67\/2021\/12\/oaqk7qqnh_c-1024x683.jpg 1024w, https:\/\/blogs.ugto.mx\/derecho\/wp-content\/uploads\/sites\/67\/2021\/12\/oaqk7qqnh_c-768x512.jpg 768w, https:\/\/blogs.ugto.mx\/derecho\/wp-content\/uploads\/sites\/67\/2021\/12\/oaqk7qqnh_c-1536x1024.jpg 1536w, https:\/\/blogs.ugto.mx\/derecho\/wp-content\/uploads\/sites\/67\/2021\/12\/oaqk7qqnh_c-272x182.jpg 272w\" sizes=\"auto, (max-width: 1600px) 100vw, 1600px\" \/><\/noscript><div class=\"wp-block-cover__inner-container is-layout-flow wp-block-cover-is-layout-flow\">\n<p class=\"has-text-align-center has-base-3-color has-text-color has-large-font-size wp-block-paragraph\"> Unidad de Aprendizaje Investigaci\u00f3n sociol\u00f3gica del derecho<\/p>\n<\/div><\/div>\n\n\n\n<figure class=\"wp-block-table\"><table class=\"has-fixed-layout\"><tbody><tr><td><strong> Nombre de la Unidad de Aprendizaje (UDA): <\/strong><\/td><td>Investigaci\u00f3n Sociol\u00f3gica del Derecho<\/td><\/tr><tr><td> <strong>Clave:<\/strong> <\/td><td>SHLI04137<\/td><\/tr><tr><td> <strong>Programa educativo:<\/strong> <\/td><td>Derecho<\/td><\/tr><tr><td> <strong>Semestre:<\/strong> <\/td><td>Sexto<\/td><\/tr><\/tbody><\/table><\/figure>\n\n\n\n<h3 class=\"wp-block-heading\">Contribuci\u00f3n de la UDA al perfil profesional<\/h3>\n\n\n\n<ul class=\"wp-block-list\"><li>El estudiante ser\u00e1 capaz de discutir, analizar y generar conocimiento respecto a temas relevantes del Derecho, tal es el caso de la dogm\u00e1tica, las teor\u00edas contempor\u00e1neas del Derecho y la filosof\u00eda del Derecho.<\/li><\/ul>\n\n\n\n<h3 class=\"wp-block-heading\">Contextualizaci\u00f3n de la UDA<\/h3>\n\n\n\n<ul class=\"wp-block-list\"><li>La Sociolog\u00eda del Derecho como disciplina cient\u00edfica que se ocupa de las interrelaciones entre sociedad y derecho, esto es, de la influencia de los factores sociales en el derecho y de la incidencia de \u00e9ste en la sociedad; es una materia b\u00e1sica y trascendental para la formaci\u00f3n del abogado, en virtud de que el derecho, en tanto creaci\u00f3n humana, se da y perfecciona dentro de la sociedad. No se puede tener una concepci\u00f3n del derecho fuera del entorno social, la realidad social constituye el marco referencial de desenvolvimiento de individuos y grupos sociales en el mundo de lo normativo.<\/li><\/ul>\n\n\n\n<h2 class=\"wp-block-heading\">Competencia general<\/h2>\n\n\n\n<ul class=\"wp-block-list\"><li>Analiza una amplia diversidad de trabajos complejos en relaci\u00f3n con el Derecho y sintetizar sus argumentos de forma precisa.<\/li><li>Demuestra conciencia cr\u00edtica en el an\u00e1lisis del ordenamiento jur\u00eddico.<\/li><li>Capacidad para analizar una amplia diversidad de trabajos complejos en relaci\u00f3n con el Derecho y sintetizar sus argumentos de forma precisa.<\/li><li>Capacidad para usar la tecnolog\u00eda necesaria en la b\u00fasqueda de informaci\u00f3n relevante para el desempe\u00f1o y actualizaci\u00f3n profesional.<\/li><\/ul>\n\n\n\n<h2 class=\"wp-block-heading\">Metodolog\u00eda de trabajo<\/h2>\n\n\n\n<p class=\"wp-block-paragraph\">La UDA puede ser implementada en las modalidades presencial con apoyo de TIC, semipresencial o a distancia en l\u00ednea. A continuaci\u00f3n, se proporcionan una serie de consideraciones metodol\u00f3gicas para el trabajo en cualquiera de dichas modalidades.&nbsp;<\/p>\n\n\n\n<p class=\"wp-block-paragraph\"><em>Presencial con apoyo de TIC<\/em><\/p>\n\n\n\n<p class=\"wp-block-paragraph\">Para comenzar<\/p>\n\n\n\n<ul class=\"wp-block-list\"><li>La o el docente comenzar\u00e1 la sesi\u00f3n en el lugar y la hora programados.<\/li><li>Se realizar\u00e1 un encuadre en cada sesi\u00f3n a cargo del profesor, donde comunicar\u00e1n los alcances de la misma.<\/li><li>Con base en el cronograma, se podr\u00e1n efectuar actividades iniciales que detonen la reflexi\u00f3n, la recuperaci\u00f3n de saberes y la integraci\u00f3n del grupo.<\/li><\/ul>\n\n\n\n<p class=\"wp-block-paragraph\">Durante<\/p>\n\n\n\n<ul class=\"wp-block-list\"><li>Se llevar\u00e1 a cabo una exposici\u00f3n sucinta del tema a cargo de la o el docente, donde se buscar\u00e1 promover los saberes te\u00f3ricos, procedimentales y actitudinales esenciales relacionados con el objeto de estudio.<\/li><li>Posteriormente y con base en el cronograma, se realizar\u00e1n actividades de exposici\u00f3n, reflexi\u00f3n, aplicaci\u00f3n, estudio de casos, resoluci\u00f3n de problemas, entre otros.<\/li><\/ul>\n\n\n\n<p class=\"wp-block-paragraph\">Para finalizar<\/p>\n\n\n\n<ul class=\"wp-block-list\"><li>Se brindar\u00e1 un breve espacio de preguntas y respuestas para exponer dudas o inquietudes del \u00e1mbito disciplinar por parte de las y los participantes.<\/li><li>La o el docente realizar\u00e1 una s\u00edntesis de los puntos m\u00e1s relevantes de la sesi\u00f3n con el objetivo de afianzar un aprendizaje significativo y, posteriormente, se proceder\u00e1 a realizar el cierre formal de la sesi\u00f3n.<\/li><\/ul>\n\n\n\n<p class=\"wp-block-paragraph\"><em>Semipresencial o a distancia en l\u00ednea<\/em><\/p>\n\n\n\n<ul class=\"wp-block-list\"><li>Interacci\u00f3n en plataforma: se podr\u00e1n utilizar herramientas de comunicaci\u00f3n como foros para el an\u00e1lisis de las tem\u00e1ticas planteadas.<\/li><li>Actividades: se establecer\u00e1n diversas lecturas y trabajos, en cada sesi\u00f3n se realizar\u00e1n actividades de reflexi\u00f3n, aplicaci\u00f3n, resoluci\u00f3n de problemas, entre otros.<\/li><li>Seguimiento del participante: el seguimiento ser\u00e1 constante, con el objetivo de acompa\u00f1ar y sostener el aprendizaje.<\/li><\/ul>\n\n\n\n<p class=\"wp-block-paragraph\"><em>Materiales did\u00e1cticos<\/em><\/p>\n\n\n\n<p class=\"wp-block-paragraph\">Los materiales did\u00e1cticos de la UDA pueden ser los siguientes:<\/p>\n\n\n\n<ul class=\"wp-block-list\"><li>Gu\u00eda did\u00e1ctica. Se trata del contrato did\u00e1ctico que regula el proceso de ense\u00f1anza-aprendizaje.<\/li><li>Clases digitales. Son los materiales did\u00e1cticos centrales; en ellos se detallan los elementos te\u00f3ricos esenciales para facilitar la comprensi\u00f3n de las tem\u00e1ticas de la UDA.<\/li><li>Materiales complementarios. Son los materiales did\u00e1cticos que detallan elementos te\u00f3ricos adicionales a las tem\u00e1ticas centrales de la UDA.<\/li><li>Pruebas te\u00f3ricas. Son instrumentos para evaluar la comprensi\u00f3n lectora de los elementos te\u00f3ricos de las tem\u00e1ticas presentadas.<\/li><li>Consignas. Describen las actividades sugeridas para poder demostrar el nivel de desarrollo de los aprendizajes, de acuerdo a las tem\u00e1ticas de la UDA.<\/li><\/ul>\n\n\n\n<h2 class=\"wp-block-heading\">Criterios de evaluaci\u00f3n<\/h2>\n\n\n\n<figure class=\"wp-block-table\"><table class=\"has-fixed-layout\"><thead><tr><th>Elemento a evaluar<\/th><th class=\"has-text-align-center\" data-align=\"center\">Valor en porcentaje<\/th><\/tr><\/thead><tbody><tr><td>Asistencia del alumno<\/td><td class=\"has-text-align-center\" data-align=\"center\">5<\/td><\/tr><tr><td>Participaci\u00f3n del alumno en debates<\/td><td class=\"has-text-align-center\" data-align=\"center\">5<\/td><\/tr><tr><td>Trabajo individual<\/td><td class=\"has-text-align-center\" data-align=\"center\">20<\/td><\/tr><tr><td>Exposici\u00f3n por equipos<\/td><td class=\"has-text-align-center\" data-align=\"center\">20<\/td><\/tr><tr><td>Examen Final<\/td><td class=\"has-text-align-center\" data-align=\"center\">50<\/td><\/tr><\/tbody><\/table><\/figure>\n\n\n\n<h2 class=\"wp-block-heading\">Contenidos tem\u00e1ticos<\/h2>\n\n\n\n<p class=\"wp-block-paragraph\">TEMA I. La Sociolog\u00eda del Derecho.<\/p>\n\n\n\n<ol class=\"wp-block-list\"><li>Concepto, m\u00e9todo y fin de la Sociolog\u00eda del Derecho.<\/li><li>Caracter\u00edsticas de la Sociolog\u00eda del Derecho.<\/li><li>Funci\u00f3n pr\u00e1ctica y utilidad de la Sociolog\u00eda del Derecho como disciplina cient\u00edfica.<\/li><\/ol>\n\n\n\n<p class=\"wp-block-paragraph\">TEMA II.- Perspectiva hist\u00f3rica de la Sociolog\u00eda del Derecho.<\/p>\n\n\n\n<ol class=\"wp-block-list\"><li>Precursores e iniciadores de la Sociolog\u00eda del derecho.<\/li><li>Corrientes contempor\u00e1neas de la Sociolog\u00eda del derecho.<\/li><\/ol>\n\n\n\n<p class=\"wp-block-paragraph\">TEMA III.- El hombre y su naturaleza social.<\/p>\n\n\n\n<ol class=\"wp-block-list\"><li>Hombre y sociedad.<\/li><li>Relaciones y procesos sociales.<\/li><li>Cultura y t\u00e9cnica.<\/li><li>Estado y Derecho.<\/li><\/ol>\n\n\n\n<p class=\"wp-block-paragraph\">TEMA IV.- Estructuras sociales, estructuras de poder y derecho.<\/p>\n\n\n\n<ol class=\"wp-block-list\"><li>Clases sociales.<\/li><li>Castas y estamentos.<\/li><li>Control social.<\/li><li>Formas de control social.<\/li><li>El poder como control social.<\/li><li>El derecho como control social.<\/li><li>El poder y el derecho.<\/li><\/ol>\n\n\n\n<p class=\"wp-block-paragraph\">TEMA V.- La funci\u00f3n social del Derecho.<\/p>\n\n\n\n<ol class=\"wp-block-list\"><li>La organizaci\u00f3n.<\/li><li>Orientaci\u00f3n y persuasi\u00f3n.<\/li><li>La resoluci\u00f3n de conflictos.<\/li><li>La legitimaci\u00f3n del poder.<\/li><li>La distribuci\u00f3n.<\/li><li>La promoci\u00f3n.<\/li><\/ol>\n\n\n\n<p class=\"wp-block-paragraph\">TEMA VI.- La eficacia social del derecho.<\/p>\n\n\n\n<p class=\"wp-block-paragraph\">I. Factores generales.<\/p>\n\n\n\n<ol class=\"wp-block-list\"><li>La sociabilidad.<\/li><li>El conocimiento del derecho.<\/li><li>La aceptaci\u00f3n del derecho.<\/li><li>La participaci\u00f3n subjetiva.<\/li><li>La protecci\u00f3n represora y promocionadora.<\/li><\/ol>\n\n\n\n<p class=\"wp-block-paragraph\">II. Factores instrumentales.<\/p>\n\n\n\n<ol class=\"wp-block-list\"><li>Agencias de informaci\u00f3n y control.<\/li><li>Los profesionistas del derecho.<\/li><\/ol>\n\n\n\n<p class=\"wp-block-paragraph\">III. Supuestos de la ineficacia de las normas.<\/p>\n\n\n\n<ol class=\"wp-block-list\"><li>Factores derivados de las propias normas.<\/li><li>Factores derivados de agentes externos.<\/li><\/ol>\n\n\n\n<p class=\"wp-block-paragraph\">TEMA VII.- Las profesiones jur\u00eddicas y su importancia para la sociedad.<\/p>\n\n\n\n<ol class=\"wp-block-list\"><li>El juez.<\/li><li>El abogado.<\/li><li>El Agente del Ministerio P\u00fablico.<\/li><li>El polic\u00eda.<\/li><\/ol>\n\n\n\n<h2 class=\"wp-block-heading\">Bibliograf\u00eda<\/h2>\n\n\n\n<ul class=\"wp-block-list\"><li>Covarrubias Due\u00f1as, Jos\u00e9 de Jes\u00fas. La sociolog\u00eda jur\u00eddica mexicana. Editorial Porr\u00faa. M\u00e9xico.<\/li><li>Gurvitch, George. Elementos de Sociolog\u00eda Jur\u00eddica. Editorial Cajica. M\u00e9xico.<\/li><li>Hallet Carr Eduard. La nueva sociedad. FCE. M\u00e9xico.<\/li><li>Le\u00f3n R\u00e1bago, Diego. El hombre, la sociedad, el derecho y el Estado. Universidad de Guanajuato. M\u00e9xico.<\/li><li>M\u00e1rquez Pi\u00f1ero, Rafael. Sociolog\u00eda Jur\u00eddica. Editorial Limusa. M\u00e9xico.<\/li><li>Nodarse J.J. Elementos de Sociolog\u00eda. Editorial Minerva. M\u00e9xico.<\/li><li>Soriano, Ram\u00f3n. Sociolog\u00eda del Derecho. Editorial Ariel. Barcelona.<\/li><li>Parsons, Talcott. Estructura de la acci\u00f3n social. Ediciones Guadarrama. Madrid.<\/li><li>Recasens Siches, Luis. Sociolog\u00eda- Editorial Porr\u00faa. M\u00e9xico.<\/li><li>Ritzer, George. Teor\u00eda sociol\u00f3gica cl\u00e1sica. Editorial Mc Graw Hill. M\u00e9xico.<\/li><li>Rodr\u00edguez Lapuente Manuel. Sociolog\u00eda del Derecho. Editorial Porr\u00faa M\u00e9xico.<\/li><li>Treves, Renato. Sociolog\u00eda del Derecho. Editorial Ariel. Barcelona.<\/li><\/ul>\n\n\n\n<h4 class=\"wp-block-heading\">Complementarias<\/h4>\n\n\n\n<ul class=\"wp-block-list\"><li>GOMEZ, Cipriano, Derecho Procesal Civil: Banco de Preguntas, OXFORD, 2009.<\/li><li>TOB\u00d3N, Ariel, Fundamentos de Derecho Procesal Civil, \u00c1ngel, 2008.<\/li><\/ul>\n","protected":false},"excerpt":{"rendered":"<p>Nombre de la Unidad de Aprendizaje (UDA): Investigaci\u00f3n Sociol\u00f3gica del Derecho Clave: SHLI04137 Programa educativo: Derecho Semestre: Sexto Contribuci\u00f3n de la UDA al perfil profesional El estudiante ser\u00e1 capaz de discutir, analizar y generar conocimiento respecto a temas relevantes del Derecho, tal es el caso de la dogm\u00e1tica, las teor\u00edas contempor\u00e1neas del Derecho y la &#8230; <a title=\"Gu\u00eda did\u00e1ctica Investigaci\u00f3n sociol\u00f3gica del derecho\" class=\"read-more\" href=\"https:\/\/blogs.ugto.mx\/derecho\/guia-didactica-investigacion-sociologica-del-derecho\/\" aria-label=\"Leer m\u00e1s sobre Gu\u00eda did\u00e1ctica Investigaci\u00f3n sociol\u00f3gica del derecho\">Leer m\u00e1s<\/a><\/p>\n","protected":false},"author":142,"featured_media":0,"comment_status":"closed","ping_status":"closed","sticky":false,"template":"","format":"standard","meta":{"_acf_changed":false,"_crdt_document":"","episode_type":"","audio_file":"","podmotor_file_id":"","podmotor_episode_id":"","cover_image":"","cover_image_id":"","duration":"","filesize":"","filesize_raw":"","date_recorded":"","explicit":"","block":"","itunes_episode_number":"","itunes_title":"","itunes_season_number":"","itunes_episode_type":"","footnotes":""},"categories":[59],"tags":[74,75,102],"class_list":["post-3577","post","type-post","status-publish","format-standard","hentry","category-investigacion-sociologica-del-derecho","tag-andrea-lisset-garcia-garcia","tag-israel-martinez-vazquez","tag-shli04137"],"acf":[],"jetpack_featured_media_url":"","_links":{"self":[{"href":"https:\/\/blogs.ugto.mx\/derecho\/wp-json\/wp\/v2\/posts\/3577","targetHints":{"allow":["GET"]}}],"collection":[{"href":"https:\/\/blogs.ugto.mx\/derecho\/wp-json\/wp\/v2\/posts"}],"about":[{"href":"https:\/\/blogs.ugto.mx\/derecho\/wp-json\/wp\/v2\/types\/post"}],"author":[{"embeddable":true,"href":"https:\/\/blogs.ugto.mx\/derecho\/wp-json\/wp\/v2\/users\/142"}],"replies":[{"embeddable":true,"href":"https:\/\/blogs.ugto.mx\/derecho\/wp-json\/wp\/v2\/comments?post=3577"}],"version-history":[{"count":5,"href":"https:\/\/blogs.ugto.mx\/derecho\/wp-json\/wp\/v2\/posts\/3577\/revisions"}],"predecessor-version":[{"id":5377,"href":"https:\/\/blogs.ugto.mx\/derecho\/wp-json\/wp\/v2\/posts\/3577\/revisions\/5377"}],"wp:attachment":[{"href":"https:\/\/blogs.ugto.mx\/derecho\/wp-json\/wp\/v2\/media?parent=3577"}],"wp:term":[{"taxonomy":"category","embeddable":true,"href":"https:\/\/blogs.ugto.mx\/derecho\/wp-json\/wp\/v2\/categories?post=3577"},{"taxonomy":"post_tag","embeddable":true,"href":"https:\/\/blogs.ugto.mx\/derecho\/wp-json\/wp\/v2\/tags?post=3577"}],"curies":[{"name":"wp","href":"https:\/\/api.w.org\/{rel}","templated":true}]}}