{"id":1032,"date":"2018-02-07T20:41:35","date_gmt":"2018-02-07T20:41:35","guid":{"rendered":"https:\/\/blogs.ugto.mx\/enfermeriaenlinea\/?p=1032"},"modified":"2018-02-07T23:06:51","modified_gmt":"2018-02-07T23:06:51","slug":"unidad-didactica-1b-generalidades-contexto-de-la-poblacion-economicamente-activa-en-determinantes-legal-economico-politica-social-y-salud-enfermedad","status":"publish","type":"post","link":"https:\/\/blogs.ugto.mx\/enfermeriaenlinea\/unidad-didactica-1b-generalidades-contexto-de-la-poblacion-economicamente-activa-en-determinantes-legal-economico-politica-social-y-salud-enfermedad\/","title":{"rendered":"Unidad did\u00e1ctica 1B: Generalidades, \u201cContexto de la poblaci\u00f3n econ\u00f3micamente activa en determinantes legal, econ\u00f3mico, pol\u00edtica, social y salud enfermedad\u201d."},"content":{"rendered":"<h2>INTRODUCCI\u00d3N<\/h2>\n<p>Seguimos con la unidad 1 apartado B abordaremos en forma sencilla el contexto de la poblaci\u00f3n econ\u00f3micamente activa en determinantes legal,economico, politica, social y salud enfermedad. De igual manera la estad\u00edstica sobre morbimortalidad laboral en M\u00e9xico.<\/p>\n<h2>COMPETENCIA<\/h2>\n<p>El alumno realizar\u00e1 intervenciones de enfermer\u00eda para la promoci\u00f3n de la salud y prevenci\u00f3n de enfermedades de las personas en su \u00e1mbito laboral, en el marco de los programas prioritarios de salud y de las normas oficiales mexicanas.<\/p>\n<h2>CONTENIDO<\/h2>\n<h3>1.2 Poblaci\u00f3n econ\u00f3micamente activa y estad\u00edsticas de Morbimortalidad laboral.<\/h3>\n<p>Continuando con las Generalidades de Enfermer\u00eda Laboral, el empleo y el trabajo digno deben ser objetivos fundamentales de las pol\u00edticas socioecon\u00f3micas nacionales e internacionales, debiendo formar parte de los programas pol\u00edticos y las estrategias de desarrollo de los gobiernos en cada pa\u00eds.<\/p>\n<p>Entendi\u00e9ndose esto como las causas de las causas de la salud o la enfermedad, que son los determinantes sociales, legales, econ\u00f3micas y pol\u00edticos, son las situaciones en que las personas nacen, crecen, viven, trabajan y envejecen. Es el resultado de la distribuci\u00f3n del dinero, el poder y los recursos a nivel mundial, nacional y local, que depende a su vez de las pol\u00edticas adoptadas.<\/p>\n<p><img loading=\"lazy\" decoding=\"async\" data-attachment-id=\"1044\" data-permalink=\"https:\/\/blogs.ugto.mx\/enfermeriaenlinea\/unidad-didactica-1b-generalidades-contexto-de-la-poblacion-economicamente-activa-en-determinantes-legal-economico-politica-social-y-salud-enfermedad\/enfermerialab-uni1-011\/#main\" data-orig-file=\"https:\/\/i0.wp.com\/blogs.ugto.mx\/enfermeriaenlinea\/wp-content\/uploads\/sites\/43\/2018\/02\/Enfermerialab-UNI1-011.jpg?fit=902%2C499&amp;ssl=1\" data-orig-size=\"902,499\" data-comments-opened=\"0\" data-image-meta=\"{&quot;aperture&quot;:&quot;0&quot;,&quot;credit&quot;:&quot;soporte16&quot;,&quot;camera&quot;:&quot;&quot;,&quot;caption&quot;:&quot;&quot;,&quot;created_timestamp&quot;:&quot;1518014859&quot;,&quot;copyright&quot;:&quot;&quot;,&quot;focal_length&quot;:&quot;0&quot;,&quot;iso&quot;:&quot;0&quot;,&quot;shutter_speed&quot;:&quot;0&quot;,&quot;title&quot;:&quot;&quot;,&quot;orientation&quot;:&quot;0&quot;}\" data-image-title=\"Enfermerialab-UNI1-011\" data-image-description=\"\" data-image-caption=\"\" data-large-file=\"https:\/\/i0.wp.com\/blogs.ugto.mx\/enfermeriaenlinea\/wp-content\/uploads\/sites\/43\/2018\/02\/Enfermerialab-UNI1-011.jpg?fit=902%2C499&amp;ssl=1\" class=\"aligncenter wp-image-1044\" src=\"data:image\/gif;base64,R0lGODlhAQABAIAAAAAAAP\/\/\/yH5BAEAAAAALAAAAAABAAEAAAIBRAA7\" data-src=\"https:\/\/blogs.ugto.mx\/enfermeriaenlinea\/wp-content\/uploads\/sites\/43\/2018\/02\/Enfermerialab-UNI1-011.jpg\" alt=\"\" width=\"800\" height=\"443\" \/><noscript><img data-recalc-dims=\"1\" loading=\"lazy\" decoding=\"async\" data-attachment-id=\"1044\" data-permalink=\"https:\/\/blogs.ugto.mx\/enfermeriaenlinea\/unidad-didactica-1b-generalidades-contexto-de-la-poblacion-economicamente-activa-en-determinantes-legal-economico-politica-social-y-salud-enfermedad\/enfermerialab-uni1-011\/#main\" data-orig-file=\"https:\/\/i0.wp.com\/blogs.ugto.mx\/enfermeriaenlinea\/wp-content\/uploads\/sites\/43\/2018\/02\/Enfermerialab-UNI1-011.jpg?fit=902%2C499&amp;ssl=1\" data-orig-size=\"902,499\" data-comments-opened=\"0\" data-image-meta=\"{&quot;aperture&quot;:&quot;0&quot;,&quot;credit&quot;:&quot;soporte16&quot;,&quot;camera&quot;:&quot;&quot;,&quot;caption&quot;:&quot;&quot;,&quot;created_timestamp&quot;:&quot;1518014859&quot;,&quot;copyright&quot;:&quot;&quot;,&quot;focal_length&quot;:&quot;0&quot;,&quot;iso&quot;:&quot;0&quot;,&quot;shutter_speed&quot;:&quot;0&quot;,&quot;title&quot;:&quot;&quot;,&quot;orientation&quot;:&quot;0&quot;}\" data-image-title=\"Enfermerialab-UNI1-011\" data-image-description=\"\" data-image-caption=\"\" data-large-file=\"https:\/\/i0.wp.com\/blogs.ugto.mx\/enfermeriaenlinea\/wp-content\/uploads\/sites\/43\/2018\/02\/Enfermerialab-UNI1-011.jpg?fit=902%2C499&amp;ssl=1\" class=\"aligncenter wp-image-1044\" src=\"https:\/\/i0.wp.com\/blogs.ugto.mx\/enfermeriaenlinea\/wp-content\/uploads\/sites\/43\/2018\/02\/Enfermerialab-UNI1-011.jpg?resize=800%2C443&#038;ssl=1\" alt=\"\" width=\"800\" height=\"443\" srcset=\"https:\/\/i0.wp.com\/blogs.ugto.mx\/enfermeriaenlinea\/wp-content\/uploads\/sites\/43\/2018\/02\/Enfermerialab-UNI1-011.jpg?w=902&amp;ssl=1 902w, https:\/\/i0.wp.com\/blogs.ugto.mx\/enfermeriaenlinea\/wp-content\/uploads\/sites\/43\/2018\/02\/Enfermerialab-UNI1-011.jpg?resize=300%2C166&amp;ssl=1 300w, https:\/\/i0.wp.com\/blogs.ugto.mx\/enfermeriaenlinea\/wp-content\/uploads\/sites\/43\/2018\/02\/Enfermerialab-UNI1-011.jpg?resize=768%2C425&amp;ssl=1 768w\" sizes=\"auto, (max-width: 800px) 100vw, 800px\" \/><\/noscript><\/p>\n<p>Imagen 1. La justicia social determina la vida o la muerte, la injusticia social est\u00e1 acabando con la vida de much\u00edsimas personas.<\/p>\n<p>Las personas socialmente desfavorecidas, tienen menos acceso a los recursos sanitarios b\u00e1sicos y al sistema de salud, enferman y mueren con, mayor frecuencia, que aqu\u00e9llas con mejor posici\u00f3n social.<\/p>\n<p>Las pr\u00e1cticas justas en el empleo aunado a la unidad de los\u00a0 poderes p\u00fablicos, patrones y trabajadores se puede contribuir a erradicar la pobreza, disminuir las desigualdades sociales, reducir la exposici\u00f3n a riesgos f\u00edsicos y psicosociales, y aumentar las oportunidades de gozar de salud y bienestar, una fuerza de trabajo sana es m\u00e1s productiva. La equidad en materia de empleo y el trabajo digno han de ser objetivos comunes de las instituciones internacionales, y debe formar parte de los programas pol\u00edticos y las estrategias de desarrollo de los gobiernos en cada pa\u00eds, para alcanzar la equidad sanitaria se requiere que el empleo sea seguro, bien remunerado y permanente.<\/p>\n<p>El <strong>Instituto Nacional Estad\u00edstica y Geograf\u00eda<\/strong> (INEGI) en la <strong>Encuesta Nacional de Ocupaci\u00f3n y Empleo <\/strong>(ENOE) para diciembre de 2017 menciona que son 54,369, 915 la <strong>Poblaci\u00f3n Econ\u00f3micamente Activa<\/strong> (PEA). En diciembre de 2017, el 59.1% de la poblaci\u00f3n de 15 a\u00f1os y m\u00e1s en el pa\u00eds se ubic\u00f3 como econ\u00f3micamente activa (Tasa de Participaci\u00f3n). La <strong>Tasa de Desocupaci\u00f3n<\/strong> (TD), que se refiere al porcentaje de la PEA. En su comparaci\u00f3n anual, la TD disminuy\u00f3 frente a la de igual mes de 2016 , (2016 \/ 3.4% vs 2017 \/3.7%).<\/p>\n<p>La<strong> Tasa de Informalidad Laboral <\/strong>(proporci\u00f3n de la poblaci\u00f3n ocupada que es laboralmente vulnerable por la naturaleza de la unidad econ\u00f3mica para la que trabaja, con aquellos cuyo v\u00ednculo o dependencia laboral no es reconocido por su fuente de trabajo) fue de 56.8%, mismo porcentaje que el de noviembre pasado, y mayor en 0.2 puntos respecto al de diciembre de 2016. Asimismo, la <strong>Tasa de Ocupaci\u00f3n en el Sector Informal<\/strong> (que se refiere a la proporci\u00f3n de la poblaci\u00f3n ocupada en unidades econ\u00f3micas no agropecuarias operadas sin registros contables y que funcionan a partir de los recursos del hogar o de la persona que encabeza la actividad sin que se constituya como empresa), represent\u00f3 el 26.5% en el \u00faltimo mes del a\u00f1o que reci\u00e9n concluy\u00f3, cifra menor a la observada en el mes precedente cuando cerr\u00f3 en 26.8% y permaneci\u00f3 sin variaci\u00f3n frente a la de igual mes del a\u00f1o pasado. <em>2<\/em><\/p>\n<p><img loading=\"lazy\" decoding=\"async\" data-attachment-id=\"1038\" data-permalink=\"https:\/\/blogs.ugto.mx\/enfermeriaenlinea\/unidad-didactica-1b-generalidades-contexto-de-la-poblacion-economicamente-activa-en-determinantes-legal-economico-politica-social-y-salud-enfermedad\/enfermerialab-uni1-008\/#main\" data-orig-file=\"https:\/\/i0.wp.com\/blogs.ugto.mx\/enfermeriaenlinea\/wp-content\/uploads\/sites\/43\/2018\/02\/Enfermerialab-UNI1-008..jpg?fit=1089%2C586&amp;ssl=1\" data-orig-size=\"1089,586\" data-comments-opened=\"0\" data-image-meta=\"{&quot;aperture&quot;:&quot;0&quot;,&quot;credit&quot;:&quot;soporte16&quot;,&quot;camera&quot;:&quot;&quot;,&quot;caption&quot;:&quot;&quot;,&quot;created_timestamp&quot;:&quot;1518013584&quot;,&quot;copyright&quot;:&quot;&quot;,&quot;focal_length&quot;:&quot;0&quot;,&quot;iso&quot;:&quot;0&quot;,&quot;shutter_speed&quot;:&quot;0&quot;,&quot;title&quot;:&quot;&quot;,&quot;orientation&quot;:&quot;0&quot;}\" data-image-title=\"Enfermerialab-UNI1-008.\" data-image-description=\"\" data-image-caption=\"\" data-large-file=\"https:\/\/i0.wp.com\/blogs.ugto.mx\/enfermeriaenlinea\/wp-content\/uploads\/sites\/43\/2018\/02\/Enfermerialab-UNI1-008..jpg?fit=1024%2C551&amp;ssl=1\" class=\"aligncenter size-full wp-image-1038\" src=\"data:image\/gif;base64,R0lGODlhAQABAIAAAAAAAP\/\/\/yH5BAEAAAAALAAAAAABAAEAAAIBRAA7\" data-src=\"https:\/\/blogs.ugto.mx\/enfermeriaenlinea\/wp-content\/uploads\/sites\/43\/2018\/02\/Enfermerialab-UNI1-008..jpg\" alt=\"\" width=\"1089\" height=\"586\" \/><noscript><img data-recalc-dims=\"1\" loading=\"lazy\" decoding=\"async\" data-attachment-id=\"1038\" data-permalink=\"https:\/\/blogs.ugto.mx\/enfermeriaenlinea\/unidad-didactica-1b-generalidades-contexto-de-la-poblacion-economicamente-activa-en-determinantes-legal-economico-politica-social-y-salud-enfermedad\/enfermerialab-uni1-008\/#main\" data-orig-file=\"https:\/\/i0.wp.com\/blogs.ugto.mx\/enfermeriaenlinea\/wp-content\/uploads\/sites\/43\/2018\/02\/Enfermerialab-UNI1-008..jpg?fit=1089%2C586&amp;ssl=1\" data-orig-size=\"1089,586\" data-comments-opened=\"0\" data-image-meta=\"{&quot;aperture&quot;:&quot;0&quot;,&quot;credit&quot;:&quot;soporte16&quot;,&quot;camera&quot;:&quot;&quot;,&quot;caption&quot;:&quot;&quot;,&quot;created_timestamp&quot;:&quot;1518013584&quot;,&quot;copyright&quot;:&quot;&quot;,&quot;focal_length&quot;:&quot;0&quot;,&quot;iso&quot;:&quot;0&quot;,&quot;shutter_speed&quot;:&quot;0&quot;,&quot;title&quot;:&quot;&quot;,&quot;orientation&quot;:&quot;0&quot;}\" data-image-title=\"Enfermerialab-UNI1-008.\" data-image-description=\"\" data-image-caption=\"\" data-large-file=\"https:\/\/i0.wp.com\/blogs.ugto.mx\/enfermeriaenlinea\/wp-content\/uploads\/sites\/43\/2018\/02\/Enfermerialab-UNI1-008..jpg?fit=1024%2C551&amp;ssl=1\" class=\"aligncenter size-full wp-image-1038\" src=\"https:\/\/i0.wp.com\/blogs.ugto.mx\/enfermeriaenlinea\/wp-content\/uploads\/sites\/43\/2018\/02\/Enfermerialab-UNI1-008..jpg?resize=1089%2C586&#038;ssl=1\" alt=\"\" width=\"1089\" height=\"586\" srcset=\"https:\/\/i0.wp.com\/blogs.ugto.mx\/enfermeriaenlinea\/wp-content\/uploads\/sites\/43\/2018\/02\/Enfermerialab-UNI1-008..jpg?w=1089&amp;ssl=1 1089w, https:\/\/i0.wp.com\/blogs.ugto.mx\/enfermeriaenlinea\/wp-content\/uploads\/sites\/43\/2018\/02\/Enfermerialab-UNI1-008..jpg?resize=300%2C161&amp;ssl=1 300w, https:\/\/i0.wp.com\/blogs.ugto.mx\/enfermeriaenlinea\/wp-content\/uploads\/sites\/43\/2018\/02\/Enfermerialab-UNI1-008..jpg?resize=768%2C413&amp;ssl=1 768w, https:\/\/i0.wp.com\/blogs.ugto.mx\/enfermeriaenlinea\/wp-content\/uploads\/sites\/43\/2018\/02\/Enfermerialab-UNI1-008..jpg?resize=1024%2C551&amp;ssl=1 1024w\" sizes=\"auto, (max-width: 1089px) 100vw, 1089px\" \/><\/noscript><\/p>\n<p>Tabla 1. Perspectivas en la Poblaci\u00f3n Econ\u00f3micamente Activa en M\u00e9xico. Fuente. INEGI<\/p>\n<p>En M\u00e9xico, las brechas de g\u00e9nero se mantienen. En el 2017, la tasa de actividad de las mujeres alcanzar\u00e1 el 45.5 %, es decir, 34 puntos porcentuales menos que la de sus hom\u00f3logos masculinos (79.5 %). La brecha es notablemente superior al promedio mundial, que se sit\u00faa en 26.7 puntos porcentuales. <em>3<\/em><\/p>\n<p>La <strong>Organizaci\u00f3n Internacional del trabajo<\/strong> (OIT) estima que reducir la brecha de g\u00e9nero existente en la tasa de actividad en un 25 % para a\u00f1o 2025, generar\u00eda a la econom\u00eda mexicana una ganancia de 148 mil millones de USD. Esto supondr\u00eda un incremento de 8.5 puntos porcentuales en la tasa de actividad femenina, lo que a su vez significa que 4.6 millones de mujeres entrar\u00edan en la mano de obra, con el consiguiente impulso del producto interno bruto( PIB). <em>4<\/em><\/p>\n<h3>1.3 Contexto legal, econ\u00f3mico, pol\u00edtico y social son determinantes a la salud<\/h3>\n<p>Para conocer el contexto social es importante tener en cuenta el n\u00famero de habitantes en nuestro pa\u00eds M\u00e9xico que de acuerdo al INEG del censo del 2015 son de 119,938,473 habitantes. En relaci\u00f3n al genero el 48.6% son hombres y 51.4% son mujeres.El porcentaje de poblaci\u00f3n de 15 a 59 a\u00f1os representa un 57.1 % de la poblaci\u00f3n total. Y una tasa de desocupaci\u00f3n en el tercer trimestre del 2017 fue 3.55.<\/p>\n<p><img loading=\"lazy\" decoding=\"async\" data-attachment-id=\"1039\" data-permalink=\"https:\/\/blogs.ugto.mx\/enfermeriaenlinea\/unidad-didactica-1b-generalidades-contexto-de-la-poblacion-economicamente-activa-en-determinantes-legal-economico-politica-social-y-salud-enfermedad\/enfermerialab-uni1-009\/#main\" data-orig-file=\"https:\/\/i0.wp.com\/blogs.ugto.mx\/enfermeriaenlinea\/wp-content\/uploads\/sites\/43\/2018\/02\/Enfermerialab-UNI1-009.jpg?fit=1115%2C532&amp;ssl=1\" data-orig-size=\"1115,532\" data-comments-opened=\"0\" data-image-meta=\"{&quot;aperture&quot;:&quot;0&quot;,&quot;credit&quot;:&quot;soporte16&quot;,&quot;camera&quot;:&quot;&quot;,&quot;caption&quot;:&quot;&quot;,&quot;created_timestamp&quot;:&quot;1518013857&quot;,&quot;copyright&quot;:&quot;&quot;,&quot;focal_length&quot;:&quot;0&quot;,&quot;iso&quot;:&quot;0&quot;,&quot;shutter_speed&quot;:&quot;0&quot;,&quot;title&quot;:&quot;&quot;,&quot;orientation&quot;:&quot;0&quot;}\" data-image-title=\"Enfermerialab-UNI1-009\" data-image-description=\"\" data-image-caption=\"\" data-large-file=\"https:\/\/i0.wp.com\/blogs.ugto.mx\/enfermeriaenlinea\/wp-content\/uploads\/sites\/43\/2018\/02\/Enfermerialab-UNI1-009.jpg?fit=1024%2C489&amp;ssl=1\" class=\"aligncenter size-full wp-image-1039\" src=\"data:image\/gif;base64,R0lGODlhAQABAIAAAAAAAP\/\/\/yH5BAEAAAAALAAAAAABAAEAAAIBRAA7\" data-src=\"https:\/\/blogs.ugto.mx\/enfermeriaenlinea\/wp-content\/uploads\/sites\/43\/2018\/02\/Enfermerialab-UNI1-009.jpg\" alt=\"\" width=\"1115\" height=\"532\" \/><noscript><img data-recalc-dims=\"1\" loading=\"lazy\" decoding=\"async\" data-attachment-id=\"1039\" data-permalink=\"https:\/\/blogs.ugto.mx\/enfermeriaenlinea\/unidad-didactica-1b-generalidades-contexto-de-la-poblacion-economicamente-activa-en-determinantes-legal-economico-politica-social-y-salud-enfermedad\/enfermerialab-uni1-009\/#main\" data-orig-file=\"https:\/\/i0.wp.com\/blogs.ugto.mx\/enfermeriaenlinea\/wp-content\/uploads\/sites\/43\/2018\/02\/Enfermerialab-UNI1-009.jpg?fit=1115%2C532&amp;ssl=1\" data-orig-size=\"1115,532\" data-comments-opened=\"0\" data-image-meta=\"{&quot;aperture&quot;:&quot;0&quot;,&quot;credit&quot;:&quot;soporte16&quot;,&quot;camera&quot;:&quot;&quot;,&quot;caption&quot;:&quot;&quot;,&quot;created_timestamp&quot;:&quot;1518013857&quot;,&quot;copyright&quot;:&quot;&quot;,&quot;focal_length&quot;:&quot;0&quot;,&quot;iso&quot;:&quot;0&quot;,&quot;shutter_speed&quot;:&quot;0&quot;,&quot;title&quot;:&quot;&quot;,&quot;orientation&quot;:&quot;0&quot;}\" data-image-title=\"Enfermerialab-UNI1-009\" data-image-description=\"\" data-image-caption=\"\" data-large-file=\"https:\/\/i0.wp.com\/blogs.ugto.mx\/enfermeriaenlinea\/wp-content\/uploads\/sites\/43\/2018\/02\/Enfermerialab-UNI1-009.jpg?fit=1024%2C489&amp;ssl=1\" class=\"aligncenter size-full wp-image-1039\" src=\"https:\/\/i0.wp.com\/blogs.ugto.mx\/enfermeriaenlinea\/wp-content\/uploads\/sites\/43\/2018\/02\/Enfermerialab-UNI1-009.jpg?resize=1115%2C532&#038;ssl=1\" alt=\"\" width=\"1115\" height=\"532\" srcset=\"https:\/\/i0.wp.com\/blogs.ugto.mx\/enfermeriaenlinea\/wp-content\/uploads\/sites\/43\/2018\/02\/Enfermerialab-UNI1-009.jpg?w=1115&amp;ssl=1 1115w, https:\/\/i0.wp.com\/blogs.ugto.mx\/enfermeriaenlinea\/wp-content\/uploads\/sites\/43\/2018\/02\/Enfermerialab-UNI1-009.jpg?resize=300%2C143&amp;ssl=1 300w, https:\/\/i0.wp.com\/blogs.ugto.mx\/enfermeriaenlinea\/wp-content\/uploads\/sites\/43\/2018\/02\/Enfermerialab-UNI1-009.jpg?resize=768%2C366&amp;ssl=1 768w, https:\/\/i0.wp.com\/blogs.ugto.mx\/enfermeriaenlinea\/wp-content\/uploads\/sites\/43\/2018\/02\/Enfermerialab-UNI1-009.jpg?resize=1024%2C489&amp;ssl=1 1024w\" sizes=\"auto, (max-width: 1115px) 100vw, 1115px\" \/><\/noscript><\/p>\n<p>Tabla 2. Poblaci\u00f3n por edad y sexo. Fuente: INEGI<\/p>\n<p>En nuestro pa\u00eds, con un tenor pol\u00edtico hacia un horizonte de cambios en cada una de sus elecciones, donde se renueva desde la <strong>Presidencia de la Republica, C\u00e1mara de Diputados Federales y Senadores<\/strong>, hasta los estados donde se elegen Gobernadores, Alcaldes y Diputados Locales. M\u00e9xico busca ser un pa\u00eds democr\u00e1tico en donde se respete la voluntad del pueblo en relaci\u00f3n a la elecci\u00f3n de sus gobernantes, busca sentar los mecanismo para que as\u00ed sea, tal es el caso de la creaci\u00f3n del Instituto Federal Electoral en el a\u00f1o 1990 , de la Fiscal\u00eda Especializada para la Atenci\u00f3n de Delitos Electorales (FEPADE), creada en el a\u00f1o 1994, en donde la poblaci\u00f3n mexicana puede denunciar abusos por parte de servidores p\u00fablicos , partidos pol\u00edticos etc. <em>5<\/em><\/p>\n<p><img loading=\"lazy\" decoding=\"async\" data-attachment-id=\"1060\" data-permalink=\"https:\/\/blogs.ugto.mx\/enfermeriaenlinea\/unidad-didactica-1b-generalidades-contexto-de-la-poblacion-economicamente-activa-en-determinantes-legal-economico-politica-social-y-salud-enfermedad\/enfermerialab-uni1-010\/#main\" data-orig-file=\"https:\/\/i0.wp.com\/blogs.ugto.mx\/enfermeriaenlinea\/wp-content\/uploads\/sites\/43\/2018\/02\/Enfermerialab-UNI1-010...png?fit=2581%2C1531&amp;ssl=1\" data-orig-size=\"2581,1531\" data-comments-opened=\"0\" data-image-meta=\"{&quot;aperture&quot;:&quot;0&quot;,&quot;credit&quot;:&quot;&quot;,&quot;camera&quot;:&quot;&quot;,&quot;caption&quot;:&quot;&quot;,&quot;created_timestamp&quot;:&quot;0&quot;,&quot;copyright&quot;:&quot;&quot;,&quot;focal_length&quot;:&quot;0&quot;,&quot;iso&quot;:&quot;0&quot;,&quot;shutter_speed&quot;:&quot;0&quot;,&quot;title&quot;:&quot;&quot;,&quot;orientation&quot;:&quot;0&quot;}\" data-image-title=\"Enfermerialab-UNI1-010..\" data-image-description=\"\" data-image-caption=\"\" data-large-file=\"https:\/\/i0.wp.com\/blogs.ugto.mx\/enfermeriaenlinea\/wp-content\/uploads\/sites\/43\/2018\/02\/Enfermerialab-UNI1-010...png?fit=1024%2C607&amp;ssl=1\" class=\"aligncenter wp-image-1060\" src=\"data:image\/gif;base64,R0lGODlhAQABAIAAAAAAAP\/\/\/yH5BAEAAAAALAAAAAABAAEAAAIBRAA7\" data-src=\"https:\/\/blogs.ugto.mx\/enfermeriaenlinea\/wp-content\/uploads\/sites\/43\/2018\/02\/Enfermerialab-UNI1-010...png\" alt=\"\" width=\"800\" height=\"475\" \/><noscript><img data-recalc-dims=\"1\" loading=\"lazy\" decoding=\"async\" data-attachment-id=\"1060\" data-permalink=\"https:\/\/blogs.ugto.mx\/enfermeriaenlinea\/unidad-didactica-1b-generalidades-contexto-de-la-poblacion-economicamente-activa-en-determinantes-legal-economico-politica-social-y-salud-enfermedad\/enfermerialab-uni1-010\/#main\" data-orig-file=\"https:\/\/i0.wp.com\/blogs.ugto.mx\/enfermeriaenlinea\/wp-content\/uploads\/sites\/43\/2018\/02\/Enfermerialab-UNI1-010...png?fit=2581%2C1531&amp;ssl=1\" data-orig-size=\"2581,1531\" data-comments-opened=\"0\" data-image-meta=\"{&quot;aperture&quot;:&quot;0&quot;,&quot;credit&quot;:&quot;&quot;,&quot;camera&quot;:&quot;&quot;,&quot;caption&quot;:&quot;&quot;,&quot;created_timestamp&quot;:&quot;0&quot;,&quot;copyright&quot;:&quot;&quot;,&quot;focal_length&quot;:&quot;0&quot;,&quot;iso&quot;:&quot;0&quot;,&quot;shutter_speed&quot;:&quot;0&quot;,&quot;title&quot;:&quot;&quot;,&quot;orientation&quot;:&quot;0&quot;}\" data-image-title=\"Enfermerialab-UNI1-010..\" data-image-description=\"\" data-image-caption=\"\" data-large-file=\"https:\/\/i0.wp.com\/blogs.ugto.mx\/enfermeriaenlinea\/wp-content\/uploads\/sites\/43\/2018\/02\/Enfermerialab-UNI1-010...png?fit=1024%2C607&amp;ssl=1\" class=\"aligncenter wp-image-1060\" src=\"https:\/\/i0.wp.com\/blogs.ugto.mx\/enfermeriaenlinea\/wp-content\/uploads\/sites\/43\/2018\/02\/Enfermerialab-UNI1-010...png?resize=800%2C475&#038;ssl=1\" alt=\"\" width=\"800\" height=\"475\" srcset=\"https:\/\/i0.wp.com\/blogs.ugto.mx\/enfermeriaenlinea\/wp-content\/uploads\/sites\/43\/2018\/02\/Enfermerialab-UNI1-010...png?w=2581&amp;ssl=1 2581w, https:\/\/i0.wp.com\/blogs.ugto.mx\/enfermeriaenlinea\/wp-content\/uploads\/sites\/43\/2018\/02\/Enfermerialab-UNI1-010...png?resize=300%2C178&amp;ssl=1 300w, https:\/\/i0.wp.com\/blogs.ugto.mx\/enfermeriaenlinea\/wp-content\/uploads\/sites\/43\/2018\/02\/Enfermerialab-UNI1-010...png?resize=768%2C456&amp;ssl=1 768w, https:\/\/i0.wp.com\/blogs.ugto.mx\/enfermeriaenlinea\/wp-content\/uploads\/sites\/43\/2018\/02\/Enfermerialab-UNI1-010...png?resize=1024%2C607&amp;ssl=1 1024w, https:\/\/i0.wp.com\/blogs.ugto.mx\/enfermeriaenlinea\/wp-content\/uploads\/sites\/43\/2018\/02\/Enfermerialab-UNI1-010...png?w=2400&amp;ssl=1 2400w\" sizes=\"auto, (max-width: 800px) 100vw, 800px\" \/><\/noscript><\/p>\n<p>Imagen 1. Mapa pol\u00edtico de M\u00e9xico.<\/p>\n<p>La econom\u00eda mexicana enfrenta en esta d\u00e9cada un entorno internacional adverso. Los observadores de mercado se vieron en la necesidad de ajustar sus estimados a la baja de manera considerable, sin embargo, la actividad econ\u00f3mica volvi\u00f3 a ser afectada de manera negativa por el impacto de la disminuci\u00f3n en el valor de la producci\u00f3n de petr\u00f3leo en la actividad industrial y el recorte en el gasto de gobierno llevado a cabo durante el a\u00f1o 2017. Ambos factores son consecuencia de la dram\u00e1tica ca\u00edda en el precio del petr\u00f3leo y de la continua disminuci\u00f3n en la plataforma de producci\u00f3n de crudo.<\/p>\n<p>Asimismo, la inversi\u00f3n y las exportaciones han tenido una marcada desaceleraci\u00f3n, a pesar de la depreciaci\u00f3n del peso frente a casi todas las monedas de los principales socios comerciales de M\u00e9xico. En este escenario, la desaceleraci\u00f3n en M\u00e9xico se explicar\u00eda por un menor dinamismo en el consumo derivado de una mayor inflaci\u00f3n y una disminuci\u00f3n en la confianza del consumidor, una reducci\u00f3n en la inversi\u00f3n (tanto dom\u00e9stica como extranjera) resultante de la incertidumbre de las posibles pol\u00edticas que se\u00a0 decida implementar por el gobierno y la ausencia de un repunte en la producci\u00f3n industrial. Sin embargo, la probabilidad de un choque externo de mayor magnitud viene creciendo conforme nos damos cuenta de que la nueva administraci\u00f3n en Estados Unidos no ha moderado sus posturas en relaci\u00f3n a nuestro pa\u00eds. <em>6<\/em><\/p>\n<p>En M\u00e9xico, el 95% PEA est\u00e1 ocupada con una tasa de desempleo en crecimiento, esta cifra de ocupaci\u00f3n contrasta con el 49% de hogares en pobreza multidimensional lo cual se\u00f1ala que son ocupaciones insuficientemente remuneradas. En cada hogar en M\u00e9xico hay 1.8 personas econ\u00f3micamente activas y 1 inactiva, estando ocupadas 1.7, lo que significa que 1 de cada 3 no aportan ingreso, el 13.15% de la poblaci\u00f3n en edad de trabajar no trabaja o es subocupada volviendo su estado de salud m\u00e1s vulnerable. Sin empleo digno, se pone en riesgo, la educaci\u00f3n, el sustento, vestido, vivienda digna y el saneamiento b\u00e1sico, con influencia directa sobre la salud y seguridad individual, familiar y de la sociedad. La OMS asevera: sin oportunidad de empleo se perpet\u00faa la pobreza. <em>7<\/em><\/p>\n<p><strong>Estad\u00edstica morbimortalidad laboral en M\u00e9xico<\/strong><\/p>\n<p>La PEA pasan aproximadamente una tercera parte de su tiempo en el lugar de trabajo. Las condiciones de empleo y de trabajo tienen efectos considerables sobre la equidad en materia de salud. El contar con buenas condiciones puede proporcionar protecci\u00f3n y posici\u00f3n social, oportunidades de desarrollo personal, y protecci\u00f3n contra riesgos f\u00edsicos y psicosociales. Tambi\u00e9n pueden mejorar las relaciones sociales y la autoestima de los empleados y producir efectos positivos para la salud. <em>8<\/em><\/p>\n<p>Los riesgos para la salud en el lugar de trabajo, incluidos el calor, el ruido, el polvo, los productos qu\u00edmicos peligrosos, las m\u00e1quinas inseguras y el estr\u00e9s psicosocial provocan enfermedades ocupacionales y pueden agravar otros problemas de salud. Las condiciones de empleo, la ocupaci\u00f3n y la posici\u00f3n en la jerarqu\u00eda del lugar de trabajo tambi\u00e9n afectan a la salud. Las personas que trabajan bajo presi\u00f3n o en condiciones de empleo precarias son propensas a fumar m\u00e1s, realizar menos actividad f\u00edsica y tener una dieta poco saludable. Desde hace varias d\u00e9cadas qued\u00f3 demostrado la influencia que tiene la ocupaci\u00f3n en la salud, con mortalidad excesivamente mayores en obreros no calificados con respecto a los profesionales con tasas de mortalidad hasta 7 veces mayores para bronquitis, 5 veces mayor para tuberculosis y 4 veces mayor para accidentes no automovil\u00edsticos entre otras. <em>9<\/em><\/p>\n<p><img loading=\"lazy\" decoding=\"async\" data-attachment-id=\"1045\" data-permalink=\"https:\/\/blogs.ugto.mx\/enfermeriaenlinea\/unidad-didactica-1b-generalidades-contexto-de-la-poblacion-economicamente-activa-en-determinantes-legal-economico-politica-social-y-salud-enfermedad\/enfermerialab-uni1-012\/#main\" data-orig-file=\"https:\/\/i0.wp.com\/blogs.ugto.mx\/enfermeriaenlinea\/wp-content\/uploads\/sites\/43\/2018\/02\/Enfermerialab-UNI1-012.jpg?fit=767%2C458&amp;ssl=1\" data-orig-size=\"767,458\" data-comments-opened=\"0\" data-image-meta=\"{&quot;aperture&quot;:&quot;0&quot;,&quot;credit&quot;:&quot;soporte16&quot;,&quot;camera&quot;:&quot;&quot;,&quot;caption&quot;:&quot;&quot;,&quot;created_timestamp&quot;:&quot;1518014964&quot;,&quot;copyright&quot;:&quot;&quot;,&quot;focal_length&quot;:&quot;0&quot;,&quot;iso&quot;:&quot;0&quot;,&quot;shutter_speed&quot;:&quot;0&quot;,&quot;title&quot;:&quot;&quot;,&quot;orientation&quot;:&quot;0&quot;}\" data-image-title=\"Enfermerialab-UNI1-012\" data-image-description=\"\" data-image-caption=\"\" data-large-file=\"https:\/\/i0.wp.com\/blogs.ugto.mx\/enfermeriaenlinea\/wp-content\/uploads\/sites\/43\/2018\/02\/Enfermerialab-UNI1-012.jpg?fit=767%2C458&amp;ssl=1\" class=\"aligncenter wp-image-1045\" src=\"data:image\/gif;base64,R0lGODlhAQABAIAAAAAAAP\/\/\/yH5BAEAAAAALAAAAAABAAEAAAIBRAA7\" data-src=\"https:\/\/blogs.ugto.mx\/enfermeriaenlinea\/wp-content\/uploads\/sites\/43\/2018\/02\/Enfermerialab-UNI1-012.jpg\" alt=\"\" width=\"800\" height=\"478\" \/><noscript><img data-recalc-dims=\"1\" loading=\"lazy\" decoding=\"async\" data-attachment-id=\"1045\" data-permalink=\"https:\/\/blogs.ugto.mx\/enfermeriaenlinea\/unidad-didactica-1b-generalidades-contexto-de-la-poblacion-economicamente-activa-en-determinantes-legal-economico-politica-social-y-salud-enfermedad\/enfermerialab-uni1-012\/#main\" data-orig-file=\"https:\/\/i0.wp.com\/blogs.ugto.mx\/enfermeriaenlinea\/wp-content\/uploads\/sites\/43\/2018\/02\/Enfermerialab-UNI1-012.jpg?fit=767%2C458&amp;ssl=1\" data-orig-size=\"767,458\" data-comments-opened=\"0\" data-image-meta=\"{&quot;aperture&quot;:&quot;0&quot;,&quot;credit&quot;:&quot;soporte16&quot;,&quot;camera&quot;:&quot;&quot;,&quot;caption&quot;:&quot;&quot;,&quot;created_timestamp&quot;:&quot;1518014964&quot;,&quot;copyright&quot;:&quot;&quot;,&quot;focal_length&quot;:&quot;0&quot;,&quot;iso&quot;:&quot;0&quot;,&quot;shutter_speed&quot;:&quot;0&quot;,&quot;title&quot;:&quot;&quot;,&quot;orientation&quot;:&quot;0&quot;}\" data-image-title=\"Enfermerialab-UNI1-012\" data-image-description=\"\" data-image-caption=\"\" data-large-file=\"https:\/\/i0.wp.com\/blogs.ugto.mx\/enfermeriaenlinea\/wp-content\/uploads\/sites\/43\/2018\/02\/Enfermerialab-UNI1-012.jpg?fit=767%2C458&amp;ssl=1\" class=\"aligncenter wp-image-1045\" src=\"https:\/\/i0.wp.com\/blogs.ugto.mx\/enfermeriaenlinea\/wp-content\/uploads\/sites\/43\/2018\/02\/Enfermerialab-UNI1-012.jpg?resize=800%2C478&#038;ssl=1\" alt=\"\" width=\"800\" height=\"478\" srcset=\"https:\/\/i0.wp.com\/blogs.ugto.mx\/enfermeriaenlinea\/wp-content\/uploads\/sites\/43\/2018\/02\/Enfermerialab-UNI1-012.jpg?w=767&amp;ssl=1 767w, https:\/\/i0.wp.com\/blogs.ugto.mx\/enfermeriaenlinea\/wp-content\/uploads\/sites\/43\/2018\/02\/Enfermerialab-UNI1-012.jpg?resize=300%2C179&amp;ssl=1 300w\" sizes=\"auto, (max-width: 800px) 100vw, 800px\" \/><\/noscript><\/p>\n<p>Imagen 2. La mortalidad es considerablemente mayor entre los trabajadores con empleos temporales que en los fijos, hay estrecha relaci\u00f3n entre los problemas de salud mental y la precariedad en el empleo.<\/p>\n<p>Entendi\u00e9ndose esta como trabajos de permanencia inestable, las situaciones laborales afectan la salud y la equidad sanitaria, el estr\u00e9s laboral se relaciona con el 50% de las cardiopat\u00edas coronarias, esfuerzo realizado en el trabajo que no se vea suficientemente recompensado son factores de riesgo para problemas de salud f\u00edsica y mental. <em>10<\/em><\/p>\n<p>Las enfermedades respiratorias cr\u00f3nicas, los trastornos del aparato locomotor, las p\u00e9rdidas de audici\u00f3n provocadas por el ruido y los problemas de la piel son las enfermedades ocupacionales m\u00e1s comunes. Las enfermedades no transmisibles relacionadas con el trabajo, as\u00ed como las cardiopat\u00edas y la depresi\u00f3n provocadas por el estr\u00e9s ocupacional dan lugar a crecientes tasas de enfermedades y bajas laborales prolongadas. Las enfermedades no transmisibles de origen ocupacional incluyen el c\u00e1ncer ocupacional, la bronquitis cr\u00f3nica y el asma causados por la contaminaci\u00f3n del aire en el lugar de trabajo y la radiaci\u00f3n.<\/p>\n<p>La <strong>Secretar\u00eda del Trabajo y Previsi\u00f3n Social<\/strong>, indica en siguiente referente en\u00a0 los trabajadores en el estado de Guanajuato:<\/p>\n<table border=\"1\" align=\"center\">\n<tbody>\n<tr>\n<td>\n<p align=\"center\">Morbilidad por invalidez<\/p>\n<\/td>\n<td>\n<p align=\"center\">Mortalidad<\/p>\n<\/td>\n<\/tr>\n<tr>\n<td>\n<ol start=\"1\" type=\"1\">\n<li>Diabetes mellitus<\/li>\n<li>Dorsopat\u00edas<\/li>\n<li>Artropat\u00edas<\/li>\n<li>Tumores (neoplasias) malignos<\/li>\n<li>Insuficiencia renal<\/li>\n<li>Enfermedades cerebrovasculares<\/li>\n<li>Trastornos de la coroides y de la retina<\/li>\n<li>Par\u00e1lisis cerebral y otros s\u00edndromes paral\u00edticos<\/li>\n<li>Enfermedades isqu\u00e9micas del coraz\u00f3n<\/li>\n<li>Enfermedades del h\u00edgado<\/li>\n<li>Alteraciones de la visi\u00f3n y ceguera<\/li>\n<\/ol>\n<\/td>\n<td>\n<ol start=\"1\" type=\"1\">\n<li>Traumatismo intracraneal<\/li>\n<li>Traumatismo de otros \u00f3rganos intrator\u00e1cicos y de los no especificados<\/li>\n<li>Traumatismo por aplastamiento de la cabeza<\/li>\n<li>Fractura de huesos del cr\u00e1neo y de la cara<\/li>\n<li>Efectos de otras causas externas<\/li>\n<li>Otras muertes s\u00fabitas de causa desconocida<\/li>\n<li>Otros traumatismos que afectan m\u00faltiples regiones del cuerpo, no clasificados en otra parte.<\/li>\n<li>Traumatismos m\u00faltiples, no especificados<\/li>\n<\/ol>\n<\/td>\n<\/tr>\n<\/tbody>\n<\/table>\n<h2>CONCLUSI\u00d3N<\/h2>\n<p>Es muy interesante la historia laboral, en donde este\u00a0 \u00e1mbito ocupacional, se encuentra influenciado por un contexto donde se ven implicadas determinantes sociales-econ\u00f3mico-pol\u00edticas que tambi\u00e9n de acuerdo a cada \u00e9poca son cambiantes, que adem\u00e1s se ven influenciadas por el acontecer mundial.<\/p>\n<p>La parte estad\u00edstica nos informa del progreso o retroceso en que vivimos, el estatus de salud de los involucrados, el impacto sobre el trabajador que tiene su \u00e1mbito personal-familiar y laboral.<\/p>\n<h2>REFERENCIAS<\/h2>\n<p>(1) https:\/\/tabasco.gob.mx\/sites\/default\/files\/users\/ssaludtabasco\/31.pdf<br \/>\n(2) http:\/\/www.beta.inegi.org.mx\/temas\/empleo\/<br \/>\n(3) http:\/\/www.ilo.org\/wcmsp5\/groups\/public\/&#8212;dgreports\/&#8212;inst\/documents\/publication\/wcms_557080.pdf<br \/>\n(4) http:\/\/www.ilo.org\/global\/lang&#8211;es\/index.htm<br \/>\n(5) http:\/\/situacionactualdemexico-2012.blogspot.mx\/ \u00a0http:\/\/www.who.int\/mediacentre\/factsheets\/fs389\/es\/<br \/>\n(6) https:\/\/www.eleconomista.com.mx\/opinion\/Mexico-panorama-economico-en-el-2017-20170116-0001.html<br \/>\n(7) http:\/\/www.who.int\/mediacentre\/factsheets\/fs389\/es\/<br \/>\n(8) http:\/\/www.who.int\/mediacentre\/factsheets\/fs389\/es\/<br \/>\n(9) http:\/\/www.who.int\/mediacentre\/factsheets\/fs389\/es\/<br \/>\n(10) http:\/\/www.who.int\/mediacentre\/factsheets\/fs389\/es\/<\/p>\n<h2>BIBLIOGRAF\u00cdA CONSULTADA<\/h2>\n<ul>\n<li>https:\/\/tabasco.gob.mx\/sites\/default\/files\/users\/ssaludtabasco\/31.pdf.<\/li>\n<li>http:\/\/www.beta.inegi.org.mx\/temas\/empleo\/<\/li>\n<li>http:\/\/www.ilo.org\/wcmsp5\/groups\/public\/&#8212;dgreports\/ inst\/documents\/publication\/wcms_557080.pdf.<\/li>\n<li>http:\/\/www.ilo.org\/global\/lang&#8211;es\/index.htm<\/li>\n<li>http:\/\/www.who.int\/mediacentre\/factsheets\/fs389\/es\/<\/li>\n<li>http:\/\/www.stps.gob.mx\/bp\/secciones\/dgsst\/estadisticas.html<\/li>\n<\/ul>\n","protected":false},"excerpt":{"rendered":"<p>INTRODUCCI\u00d3N Seguimos con la unidad 1 apartado B abordaremos en forma sencilla el contexto de la poblaci\u00f3n econ\u00f3micamente activa en determinantes legal,economico, politica, social y salud enfermedad. De igual manera la estad\u00edstica sobre morbimortalidad laboral en M\u00e9xico. COMPETENCIA El alumno realizar\u00e1 intervenciones de enfermer\u00eda para la promoci\u00f3n de la salud y prevenci\u00f3n de enfermedades de &#8230; <a title=\"Unidad did\u00e1ctica 1B: Generalidades, \u201cContexto de la poblaci\u00f3n econ\u00f3micamente activa en determinantes legal, econ\u00f3mico, pol\u00edtica, social y salud enfermedad\u201d.\" class=\"read-more\" href=\"https:\/\/blogs.ugto.mx\/enfermeriaenlinea\/unidad-didactica-1b-generalidades-contexto-de-la-poblacion-economicamente-activa-en-determinantes-legal-economico-politica-social-y-salud-enfermedad\/\" aria-label=\"Leer m\u00e1s sobre Unidad did\u00e1ctica 1B: Generalidades, \u201cContexto de la poblaci\u00f3n econ\u00f3micamente activa en determinantes legal, econ\u00f3mico, pol\u00edtica, social y salud enfermedad\u201d.\">Leer m\u00e1s<\/a><\/p>\n","protected":false},"author":111,"featured_media":0,"comment_status":"closed","ping_status":"closed","sticky":false,"template":"","format":"standard","meta":{"_acf_changed":false,"_crdt_document":"","episode_type":"","audio_file":"","podmotor_file_id":"","podmotor_episode_id":"","cover_image":"","cover_image_id":"","duration":"","filesize":"","filesize_raw":"","date_recorded":"","explicit":"","block":"","itunes_episode_number":"","itunes_title":"","itunes_season_number":"","itunes_episode_type":"","jetpack_post_was_ever_published":false,"footnotes":""},"categories":[1],"tags":[],"class_list":["post-1032","post","type-post","status-publish","format-standard","hentry","category-nutricion"],"acf":[],"jetpack_featured_media_url":"","jetpack_sharing_enabled":true,"jetpack_shortlink":"https:\/\/wp.me\/p9Pe0m-gE","jetpack-related-posts":[],"_links":{"self":[{"href":"https:\/\/blogs.ugto.mx\/enfermeriaenlinea\/wp-json\/wp\/v2\/posts\/1032","targetHints":{"allow":["GET"]}}],"collection":[{"href":"https:\/\/blogs.ugto.mx\/enfermeriaenlinea\/wp-json\/wp\/v2\/posts"}],"about":[{"href":"https:\/\/blogs.ugto.mx\/enfermeriaenlinea\/wp-json\/wp\/v2\/types\/post"}],"author":[{"embeddable":true,"href":"https:\/\/blogs.ugto.mx\/enfermeriaenlinea\/wp-json\/wp\/v2\/users\/111"}],"replies":[{"embeddable":true,"href":"https:\/\/blogs.ugto.mx\/enfermeriaenlinea\/wp-json\/wp\/v2\/comments?post=1032"}],"version-history":[{"count":5,"href":"https:\/\/blogs.ugto.mx\/enfermeriaenlinea\/wp-json\/wp\/v2\/posts\/1032\/revisions"}],"predecessor-version":[{"id":1062,"href":"https:\/\/blogs.ugto.mx\/enfermeriaenlinea\/wp-json\/wp\/v2\/posts\/1032\/revisions\/1062"}],"wp:attachment":[{"href":"https:\/\/blogs.ugto.mx\/enfermeriaenlinea\/wp-json\/wp\/v2\/media?parent=1032"}],"wp:term":[{"taxonomy":"category","embeddable":true,"href":"https:\/\/blogs.ugto.mx\/enfermeriaenlinea\/wp-json\/wp\/v2\/categories?post=1032"},{"taxonomy":"post_tag","embeddable":true,"href":"https:\/\/blogs.ugto.mx\/enfermeriaenlinea\/wp-json\/wp\/v2\/tags?post=1032"}],"curies":[{"name":"wp","href":"https:\/\/api.w.org\/{rel}","templated":true}]}}