{"id":1924,"date":"2018-03-01T18:05:45","date_gmt":"2018-03-01T18:05:45","guid":{"rendered":"https:\/\/blogs.ugto.mx\/enfermeriaenlinea\/?p=1924"},"modified":"2024-01-18T13:09:43","modified_gmt":"2024-01-18T18:09:43","slug":"unidad-didactica-4-pensamiento-critico","status":"publish","type":"post","link":"https:\/\/blogs.ugto.mx\/enfermeriaenlinea\/unidad-didactica-4-pensamiento-critico\/","title":{"rendered":"Unidad did\u00e1ctica 4: Pensamiento cr\u00edtico"},"content":{"rendered":"\n<h2 class=\"wp-block-heading\">INTRODUCCI\u00d3N<\/h2>\n\n\n\n<p class=\"wp-block-paragraph\">Por su naturaleza, el ser humano se adapta a su contexto para poder convivir y ser feliz en sociedad, pero no siempre est\u00e1 de acuerdo con la forma de pensar de los dem\u00e1s, por s\u00ed solo es capaz de reflexionar de acuerdo su experiencia y conocimiento y adoptar la creencia, la religi\u00f3n o la disciplina que m\u00e1s se aproxime a sus convicciones; dicho de otra manera, aplica su pensamiento cr\u00edtico. No acepta las ideas y opiniones de los dem\u00e1s simplemente porque lo dicen ni por llevarles la contraria, sino porque cuenta con una serie de argumentos que lo lleva a tomar su propia decisi\u00f3n.<\/p>\n\n\n\n<p class=\"wp-block-paragraph\">Sin embargo ning\u00fan ser humano logra desarrollar un pensamiento cr\u00edtico por el simple hecho de nacer; este requiere ejercitarse d\u00eda a d\u00eda, desde que nace hasta que muere, a trav\u00e9s de la lectura y aplicaci\u00f3n de informaci\u00f3n literaria, cient\u00edfica y de ideas abstractas en general, que le representen un reto para su interpretaci\u00f3n y comprobaci\u00f3n. Con el desarrollo de esta unidad did\u00e1ctica, se pretende ayudar a comprender y a propiciar el pensamiento cr\u00edtico.<\/p>\n\n\n\n<h2 class=\"wp-block-heading\">COMPETENCIA<\/h2>\n\n\n\n<p class=\"wp-block-paragraph\">Aplica el razonamiento cr\u00edtico para resolver problemas a trav\u00e9s de la toma de decisiones, en cualquier \u00e1mbito de su vida.<\/p>\n\n\n\n<h2 class=\"wp-block-heading\">CONTENIDO<\/h2>\n\n\n\n<h3 class=\"wp-block-heading\">4.1 Definiciones del pensamiento cr\u00edtico<\/h3>\n\n\n\n<p class=\"wp-block-paragraph\">Norris y Ennis (1989), definen el pensamiento cr\u00edtico como el proceso de discriminar informaci\u00f3n hasta llegar a la \u201cverdad\u201d de cada individuo. Esto representa una etapa importante en la decisi\u00f3n de la soluci\u00f3n de problemas.<\/p>\n\n\n\n<p class=\"wp-block-paragraph\">Streib (1992); considera que inicialmente el concepto fue introducido en forma indirecta por John Dewey a principios del siglo xx con la denominaci\u00f3n de pensamiento reflexivo. Dicho concepto abarca otros, como la indagaci\u00f3n, deducci\u00f3n, inducci\u00f3n y juicio.<\/p>\n\n\n<div class=\"wp-block-image\">\n<figure class=\"aligncenter\"><img decoding=\"async\" data-attachment-id=\"1935\" data-permalink=\"https:\/\/blogs.ugto.mx\/enfermeriaenlinea\/unidad-didactica-4-pensamiento-critico\/com-uni4-pc-02\/#main\" data-orig-file=\"https:\/\/i0.wp.com\/blogs.ugto.mx\/enfermeriaenlinea\/wp-content\/uploads\/sites\/43\/2018\/03\/Com-UNI4-PC-02.png?fit=574%2C383&amp;ssl=1\" data-orig-size=\"574,383\" data-comments-opened=\"0\" data-image-meta=\"{&quot;aperture&quot;:&quot;0&quot;,&quot;credit&quot;:&quot;&quot;,&quot;camera&quot;:&quot;&quot;,&quot;caption&quot;:&quot;&quot;,&quot;created_timestamp&quot;:&quot;0&quot;,&quot;copyright&quot;:&quot;&quot;,&quot;focal_length&quot;:&quot;0&quot;,&quot;iso&quot;:&quot;0&quot;,&quot;shutter_speed&quot;:&quot;0&quot;,&quot;title&quot;:&quot;&quot;,&quot;orientation&quot;:&quot;0&quot;}\" data-image-title=\"Com-UNI4-PC-001\" data-image-description=\"\" data-image-caption=\"\" data-large-file=\"https:\/\/i0.wp.com\/blogs.ugto.mx\/enfermeriaenlinea\/wp-content\/uploads\/sites\/43\/2018\/03\/Com-UNI4-PC-02.png?fit=574%2C383&amp;ssl=1\" src=\"data:image\/gif;base64,R0lGODlhAQABAIAAAAAAAP\/\/\/yH5BAEAAAAALAAAAAABAAEAAAIBRAA7\" data-src=\"https:\/\/blogs.ugto.mx\/enfermeriaenlinea\/wp-content\/uploads\/sites\/43\/2018\/03\/Com-UNI4-PC-02.png\" alt=\"\" class=\"wp-image-1935\" \/><noscript><img data-recalc-dims=\"1\" loading=\"lazy\" decoding=\"async\" width=\"574\" height=\"383\" data-attachment-id=\"1935\" data-permalink=\"https:\/\/blogs.ugto.mx\/enfermeriaenlinea\/unidad-didactica-4-pensamiento-critico\/com-uni4-pc-02\/#main\" data-orig-file=\"https:\/\/i0.wp.com\/blogs.ugto.mx\/enfermeriaenlinea\/wp-content\/uploads\/sites\/43\/2018\/03\/Com-UNI4-PC-02.png?fit=574%2C383&amp;ssl=1\" data-orig-size=\"574,383\" data-comments-opened=\"0\" data-image-meta=\"{&quot;aperture&quot;:&quot;0&quot;,&quot;credit&quot;:&quot;&quot;,&quot;camera&quot;:&quot;&quot;,&quot;caption&quot;:&quot;&quot;,&quot;created_timestamp&quot;:&quot;0&quot;,&quot;copyright&quot;:&quot;&quot;,&quot;focal_length&quot;:&quot;0&quot;,&quot;iso&quot;:&quot;0&quot;,&quot;shutter_speed&quot;:&quot;0&quot;,&quot;title&quot;:&quot;&quot;,&quot;orientation&quot;:&quot;0&quot;}\" data-image-title=\"Com-UNI4-PC-001\" data-image-description=\"\" data-image-caption=\"\" data-large-file=\"https:\/\/i0.wp.com\/blogs.ugto.mx\/enfermeriaenlinea\/wp-content\/uploads\/sites\/43\/2018\/03\/Com-UNI4-PC-02.png?fit=574%2C383&amp;ssl=1\" src=\"https:\/\/i0.wp.com\/blogs.ugto.mx\/enfermeriaenlinea\/wp-content\/uploads\/sites\/43\/2018\/03\/Com-UNI4-PC-02.png?resize=574%2C383&#038;ssl=1\" alt=\"\" class=\"wp-image-1935\" srcset=\"https:\/\/i0.wp.com\/blogs.ugto.mx\/enfermeriaenlinea\/wp-content\/uploads\/sites\/43\/2018\/03\/Com-UNI4-PC-02.png?w=574&amp;ssl=1 574w, https:\/\/i0.wp.com\/blogs.ugto.mx\/enfermeriaenlinea\/wp-content\/uploads\/sites\/43\/2018\/03\/Com-UNI4-PC-02.png?resize=300%2C200&amp;ssl=1 300w\" sizes=\"auto, (max-width: 574px) 100vw, 574px\" \/><\/noscript><\/figure>\n<\/div>\n\n\n<p class=\"wp-block-paragraph\">Imagen 1. &nbsp;El pensamiento critico se basa en no discriminar la informaci\u00f3n para obtener la verdad.<\/p>\n\n\n\n<p class=\"wp-block-paragraph\">A principios de la d\u00e9cada de los 40, se establecieron las primeras definiciones por. Glaser (1942:5), consider\u00e1ndolo como \u201cel esfuerzo para evaluar una creencia o forma de conocimiento a la luz de la evidencia que la soporta\u201d. Adem\u00e1s realiz\u00f3 una importante contribuci\u00f3n, con el primer examen estandarizado para medir el pensamiento cr\u00edtico.<\/p>\n\n\n\n<p class=\"wp-block-paragraph\">Posteriormente, Ennis (1962) lo defini\u00f3 como la correcta evaluaci\u00f3n de argumentos. Durante la d\u00e9cada de los noventa los expertos deciden consensuar una sola propuesta y lo definen como \u201cla formaci\u00f3n de un juicio auto-regulado\u201d (Facione, 1990) que incluye diversas habilidades cognitivas: interpretaci\u00f3n, an\u00e1lisis, evaluaci\u00f3n, inferencia, explicaci\u00f3n y autorregulaci\u00f3n (Revista Mexicana de Investigaci\u00f3n Educativa Fecha: July 1, 2012).<\/p>\n\n\n\n<p class=\"wp-block-paragraph\">Actualmente existe consenso en los te\u00f3ricos del pensamiento cr\u00edtico de que esta manera de pensar est\u00e1 constituida por dos componentes. El primero, componente \u201ccognitivo\u201d, consiste en el dominio de ciertos conocimientos procedimentales para alcanzar un \u201crazonamiento correcto\u201d (Saiz, 2002). El segundo componente es, querer utilizar dichas habilidades: (Revista Electr\u00f3nica de Investigaci\u00f3n Educativa Fecha: October 1, 2014) p\u00e1g. 17.<\/p>\n\n\n\n<h3 class=\"wp-block-heading\">4.2 Est\u00e1ndares intelectuales universales<\/h3>\n\n\n\n<p class=\"wp-block-paragraph\">Los est\u00e1ndares intelectuales universales son aquellos a nivel mundial que deben usarse para verificar la calidad del razonamiento sobre un problema, asunto o situaci\u00f3n. A continuaci\u00f3n se muestran con sus respectivas preguntas generadoras del pensamiento cr\u00edtico, seg\u00fan Linda Elder y Richard Paul, a trav\u00e9s de \u201cLa mini-gu\u00eda para el Pensamiento cr\u00edtico Conceptos y herramientas\u201d, se describen a continuaci\u00f3n:<\/p>\n\n\n<div class=\"wp-block-image\">\n<figure class=\"aligncenter\"><img decoding=\"async\" data-attachment-id=\"5271\" data-permalink=\"https:\/\/blogs.ugto.mx\/enfermeriaenlinea\/unidad-didactica-4-pensamiento-critico\/com-uni4-pc-003\/#main\" data-orig-file=\"https:\/\/i0.wp.com\/blogs.ugto.mx\/enfermeriaenlinea\/wp-content\/uploads\/sites\/43\/2018\/03\/Com-UNI4-PC-003.jpg?fit=4256%2C2832&amp;ssl=1\" data-orig-size=\"4256,2832\" data-comments-opened=\"0\" data-image-meta=\"{&quot;aperture&quot;:&quot;0&quot;,&quot;credit&quot;:&quot;&quot;,&quot;camera&quot;:&quot;&quot;,&quot;caption&quot;:&quot;&quot;,&quot;created_timestamp&quot;:&quot;0&quot;,&quot;copyright&quot;:&quot;&quot;,&quot;focal_length&quot;:&quot;0&quot;,&quot;iso&quot;:&quot;0&quot;,&quot;shutter_speed&quot;:&quot;0&quot;,&quot;title&quot;:&quot;&quot;,&quot;orientation&quot;:&quot;0&quot;}\" data-image-title=\"Com-UNI4-PC-003\" data-image-description=\"\" data-image-caption=\"\" data-large-file=\"https:\/\/i0.wp.com\/blogs.ugto.mx\/enfermeriaenlinea\/wp-content\/uploads\/sites\/43\/2018\/03\/Com-UNI4-PC-003.jpg?fit=1024%2C681&amp;ssl=1\" src=\"data:image\/gif;base64,R0lGODlhAQABAIAAAAAAAP\/\/\/yH5BAEAAAAALAAAAAABAAEAAAIBRAA7\" data-src=\"https:\/\/blogs.ugto.mx\/enfermeriaenlinea\/wp-content\/uploads\/sites\/43\/2018\/03\/Com-UNI4-PC-003.jpg\" alt=\"\" class=\"wp-image-5271\" \/><noscript><img data-recalc-dims=\"1\" loading=\"lazy\" decoding=\"async\" width=\"1200\" height=\"798\" data-attachment-id=\"5271\" data-permalink=\"https:\/\/blogs.ugto.mx\/enfermeriaenlinea\/unidad-didactica-4-pensamiento-critico\/com-uni4-pc-003\/#main\" data-orig-file=\"https:\/\/i0.wp.com\/blogs.ugto.mx\/enfermeriaenlinea\/wp-content\/uploads\/sites\/43\/2018\/03\/Com-UNI4-PC-003.jpg?fit=4256%2C2832&amp;ssl=1\" data-orig-size=\"4256,2832\" data-comments-opened=\"0\" data-image-meta=\"{&quot;aperture&quot;:&quot;0&quot;,&quot;credit&quot;:&quot;&quot;,&quot;camera&quot;:&quot;&quot;,&quot;caption&quot;:&quot;&quot;,&quot;created_timestamp&quot;:&quot;0&quot;,&quot;copyright&quot;:&quot;&quot;,&quot;focal_length&quot;:&quot;0&quot;,&quot;iso&quot;:&quot;0&quot;,&quot;shutter_speed&quot;:&quot;0&quot;,&quot;title&quot;:&quot;&quot;,&quot;orientation&quot;:&quot;0&quot;}\" data-image-title=\"Com-UNI4-PC-003\" data-image-description=\"\" data-image-caption=\"\" data-large-file=\"https:\/\/i0.wp.com\/blogs.ugto.mx\/enfermeriaenlinea\/wp-content\/uploads\/sites\/43\/2018\/03\/Com-UNI4-PC-003.jpg?fit=1024%2C681&amp;ssl=1\" src=\"https:\/\/i0.wp.com\/blogs.ugto.mx\/enfermeriaenlinea\/wp-content\/uploads\/sites\/43\/2018\/03\/Com-UNI4-PC-003.jpg?resize=1200%2C798&#038;ssl=1\" alt=\"\" class=\"wp-image-5271\" srcset=\"https:\/\/i0.wp.com\/blogs.ugto.mx\/enfermeriaenlinea\/wp-content\/uploads\/sites\/43\/2018\/03\/Com-UNI4-PC-003.jpg?w=4256&amp;ssl=1 4256w, https:\/\/i0.wp.com\/blogs.ugto.mx\/enfermeriaenlinea\/wp-content\/uploads\/sites\/43\/2018\/03\/Com-UNI4-PC-003.jpg?resize=300%2C200&amp;ssl=1 300w, https:\/\/i0.wp.com\/blogs.ugto.mx\/enfermeriaenlinea\/wp-content\/uploads\/sites\/43\/2018\/03\/Com-UNI4-PC-003.jpg?resize=768%2C511&amp;ssl=1 768w, https:\/\/i0.wp.com\/blogs.ugto.mx\/enfermeriaenlinea\/wp-content\/uploads\/sites\/43\/2018\/03\/Com-UNI4-PC-003.jpg?resize=1024%2C681&amp;ssl=1 1024w, https:\/\/i0.wp.com\/blogs.ugto.mx\/enfermeriaenlinea\/wp-content\/uploads\/sites\/43\/2018\/03\/Com-UNI4-PC-003.jpg?resize=272%2C182&amp;ssl=1 272w, https:\/\/i0.wp.com\/blogs.ugto.mx\/enfermeriaenlinea\/wp-content\/uploads\/sites\/43\/2018\/03\/Com-UNI4-PC-003.jpg?w=2400&amp;ssl=1 2400w, https:\/\/i0.wp.com\/blogs.ugto.mx\/enfermeriaenlinea\/wp-content\/uploads\/sites\/43\/2018\/03\/Com-UNI4-PC-003.jpg?w=3600&amp;ssl=1 3600w\" sizes=\"auto, (max-width: 1200px) 100vw, 1200px\" \/><\/noscript><\/figure>\n<\/div>\n\n\n<p class=\"wp-block-paragraph\">Imagen 2. Para tener un pensamiento cr\u00edtico se deben analizar las preguntas para tener un seguimiento l\u00f3gico.<\/p>\n\n\n\n<ul class=\"wp-block-list\">\n<li><strong>Claridad:&nbsp;<\/strong>La claridad radica en evitar la confusi\u00f3n, planteando preguntas exactas y relevantes.<\/li>\n\n\n\n<li><strong>Exactitud:&nbsp;<\/strong>Describir detalladamente las variables de lo que se est\u00e1 describiendo.<\/li>\n\n\n\n<li><strong>Precisi\u00f3n:&nbsp;<\/strong>Especificar las caracter\u00edsticas que hacen \u00fanico e irrepetible a lo que est\u00e1 describiendo.<\/li>\n\n\n\n<li><strong>Relevancia:&nbsp;<\/strong>Indicar la relaci\u00f3n que tiene la pregunta con el asunto en cuesti\u00f3n.<\/li>\n\n\n\n<li><strong>Profundidad:&nbsp;<\/strong>Contestar la pregunta con toda su complejidad, considerando toda la problem\u00e1tica, atendiendo los aspectos m\u00e1s importantes y significativos.<\/li>\n\n\n\n<li><strong>Amplitud&nbsp;<\/strong>Abarcar todas las perspectivas; examinar la situaci\u00f3n en su totalidad.<\/li>\n\n\n\n<li><strong>L\u00f3gica&nbsp;<\/strong>Cuidar la secuencia y seguimiento l\u00f3gico del tema en cuesti\u00f3n.<\/li>\n<\/ul>\n\n\n\n<h3 class=\"wp-block-heading\">4.3 Preguntas generadoras del pensamiento cr\u00edtico<\/h3>\n\n\n\n<p class=\"wp-block-paragraph\">La importancia de estas preguntas radica en que permiten obtener el conocimiento y la conciencia de los procedimientos de supervisi\u00f3n y de regulaci\u00f3n que implementamos sobre nuestra actividad cognitiva al enfrentar una tarea de aprendizaje.<\/p>\n\n\n<div class=\"wp-block-image\">\n<figure class=\"aligncenter\"><img decoding=\"async\" data-attachment-id=\"5272\" data-permalink=\"https:\/\/blogs.ugto.mx\/enfermeriaenlinea\/unidad-didactica-4-pensamiento-critico\/com-uni4-pc-004\/#main\" data-orig-file=\"https:\/\/i0.wp.com\/blogs.ugto.mx\/enfermeriaenlinea\/wp-content\/uploads\/sites\/43\/2018\/03\/Com-UNI4-PC-004.jpg?fit=2200%2C1529&amp;ssl=1\" data-orig-size=\"2200,1529\" data-comments-opened=\"0\" data-image-meta=\"{&quot;aperture&quot;:&quot;0&quot;,&quot;credit&quot;:&quot;&quot;,&quot;camera&quot;:&quot;&quot;,&quot;caption&quot;:&quot;&quot;,&quot;created_timestamp&quot;:&quot;0&quot;,&quot;copyright&quot;:&quot;&quot;,&quot;focal_length&quot;:&quot;0&quot;,&quot;iso&quot;:&quot;0&quot;,&quot;shutter_speed&quot;:&quot;0&quot;,&quot;title&quot;:&quot;&quot;,&quot;orientation&quot;:&quot;0&quot;}\" data-image-title=\"Com-UNI4-PC-004\" data-image-description=\"\" data-image-caption=\"\" data-large-file=\"https:\/\/i0.wp.com\/blogs.ugto.mx\/enfermeriaenlinea\/wp-content\/uploads\/sites\/43\/2018\/03\/Com-UNI4-PC-004.jpg?fit=1024%2C712&amp;ssl=1\" src=\"data:image\/gif;base64,R0lGODlhAQABAIAAAAAAAP\/\/\/yH5BAEAAAAALAAAAAABAAEAAAIBRAA7\" data-src=\"https:\/\/blogs.ugto.mx\/enfermeriaenlinea\/wp-content\/uploads\/sites\/43\/2018\/03\/Com-UNI4-PC-004.jpg\" alt=\"\" class=\"wp-image-5272\" \/><noscript><img data-recalc-dims=\"1\" loading=\"lazy\" decoding=\"async\" width=\"1200\" height=\"834\" data-attachment-id=\"5272\" data-permalink=\"https:\/\/blogs.ugto.mx\/enfermeriaenlinea\/unidad-didactica-4-pensamiento-critico\/com-uni4-pc-004\/#main\" data-orig-file=\"https:\/\/i0.wp.com\/blogs.ugto.mx\/enfermeriaenlinea\/wp-content\/uploads\/sites\/43\/2018\/03\/Com-UNI4-PC-004.jpg?fit=2200%2C1529&amp;ssl=1\" data-orig-size=\"2200,1529\" data-comments-opened=\"0\" data-image-meta=\"{&quot;aperture&quot;:&quot;0&quot;,&quot;credit&quot;:&quot;&quot;,&quot;camera&quot;:&quot;&quot;,&quot;caption&quot;:&quot;&quot;,&quot;created_timestamp&quot;:&quot;0&quot;,&quot;copyright&quot;:&quot;&quot;,&quot;focal_length&quot;:&quot;0&quot;,&quot;iso&quot;:&quot;0&quot;,&quot;shutter_speed&quot;:&quot;0&quot;,&quot;title&quot;:&quot;&quot;,&quot;orientation&quot;:&quot;0&quot;}\" data-image-title=\"Com-UNI4-PC-004\" data-image-description=\"\" data-image-caption=\"\" data-large-file=\"https:\/\/i0.wp.com\/blogs.ugto.mx\/enfermeriaenlinea\/wp-content\/uploads\/sites\/43\/2018\/03\/Com-UNI4-PC-004.jpg?fit=1024%2C712&amp;ssl=1\" src=\"https:\/\/i0.wp.com\/blogs.ugto.mx\/enfermeriaenlinea\/wp-content\/uploads\/sites\/43\/2018\/03\/Com-UNI4-PC-004.jpg?resize=1200%2C834&#038;ssl=1\" alt=\"\" class=\"wp-image-5272\" srcset=\"https:\/\/i0.wp.com\/blogs.ugto.mx\/enfermeriaenlinea\/wp-content\/uploads\/sites\/43\/2018\/03\/Com-UNI4-PC-004.jpg?w=2200&amp;ssl=1 2200w, https:\/\/i0.wp.com\/blogs.ugto.mx\/enfermeriaenlinea\/wp-content\/uploads\/sites\/43\/2018\/03\/Com-UNI4-PC-004.jpg?resize=300%2C209&amp;ssl=1 300w, https:\/\/i0.wp.com\/blogs.ugto.mx\/enfermeriaenlinea\/wp-content\/uploads\/sites\/43\/2018\/03\/Com-UNI4-PC-004.jpg?resize=768%2C534&amp;ssl=1 768w, https:\/\/i0.wp.com\/blogs.ugto.mx\/enfermeriaenlinea\/wp-content\/uploads\/sites\/43\/2018\/03\/Com-UNI4-PC-004.jpg?resize=1024%2C712&amp;ssl=1 1024w\" sizes=\"auto, (max-width: 1200px) 100vw, 1200px\" \/><\/noscript><\/figure>\n<\/div>\n\n\n<p class=\"wp-block-paragraph\">Imagen 3. &nbsp;El conocimiento abarca el examinar todo en su totalidad.<\/p>\n\n\n\n<p class=\"wp-block-paragraph\">\u00c9ste es un conocimiento procedimental: \u201csaber c\u00f3mo\u201d, es decir la metacognici\u00f3n:<\/p>\n\n\n\n<ul class=\"wp-block-list\">\n<li><strong>Claridad:&nbsp;<\/strong>\u00bfPuede explicar o ampliar sobre ese asunto? \u00bfPuede expresar su punto de otra forma?; \u00bfMe puede dar un ejemplo?<\/li>\n\n\n\n<li><strong>Exactitud:&nbsp;<\/strong>\u00bfEs eso cierto? \u00bfC\u00f3mo se puede verificar? \u00bfC\u00f3mo se puede corroborar que es cierto?<\/li>\n\n\n\n<li><strong>Precisi\u00f3n:&nbsp;<\/strong>\u00bfPuede ofrecer m\u00e1s detalles? \u00bfPuede ser m\u00e1s espec\u00edfico?<\/li>\n\n\n\n<li><strong>Relevancia:&nbsp;<\/strong>\u00bfQu\u00e9 relaci\u00f3n tiene con la pregunta? \u00bfC\u00f3mo afecta el asunto?<\/li>\n\n\n\n<li><strong>Profundidad:&nbsp;<\/strong>\u00bfEn qu\u00e9 medida la respuesta contesta la pregunta en toda su complejidad? \u00bfEn qu\u00e9 medida considera todos los problemas del asunto? \u00bfAtiende la respuesta los aspectos m\u00e1s importantes y significativos?<\/li>\n\n\n\n<li><strong>Amplitud:&nbsp;<\/strong>\u00bfHabr\u00e1 que considerar otra perspectiva? \u00bfHabr\u00e1 otra forma de examinar la situaci\u00f3n? \u00bfQu\u00e9 habr\u00eda que considerar desde un punto de vista?<\/li>\n\n\n\n<li><strong>L\u00f3gica:\u00a0<\/strong>\u00bfTendr\u00e1 esto l\u00f3gica? \u00bfSe desprende de lo que se dijo? \u00bfPor qu\u00e9? Antes dijo aquello y ahora esto, ambas no pueden ser ciertas\u2026<\/li>\n<\/ul>\n\n\n\n<h3 class=\"wp-block-heading\">4.4 Componentes del Pensamiento Cr\u00edtico<\/h3>\n\n\n<div class=\"wp-block-image\">\n<figure class=\"aligncenter\"><img decoding=\"async\" data-attachment-id=\"5273\" data-permalink=\"https:\/\/blogs.ugto.mx\/enfermeriaenlinea\/unidad-didactica-4-pensamiento-critico\/com-uni4-pc-005\/#main\" data-orig-file=\"https:\/\/i0.wp.com\/blogs.ugto.mx\/enfermeriaenlinea\/wp-content\/uploads\/sites\/43\/2018\/03\/Com-UNI4-PC-005.png?fit=2680%2C684&amp;ssl=1\" data-orig-size=\"2680,684\" data-comments-opened=\"0\" data-image-meta=\"{&quot;aperture&quot;:&quot;0&quot;,&quot;credit&quot;:&quot;&quot;,&quot;camera&quot;:&quot;&quot;,&quot;caption&quot;:&quot;&quot;,&quot;created_timestamp&quot;:&quot;0&quot;,&quot;copyright&quot;:&quot;&quot;,&quot;focal_length&quot;:&quot;0&quot;,&quot;iso&quot;:&quot;0&quot;,&quot;shutter_speed&quot;:&quot;0&quot;,&quot;title&quot;:&quot;&quot;,&quot;orientation&quot;:&quot;0&quot;}\" data-image-title=\"Com-UNI4-PC-005\" data-image-description=\"\" data-image-caption=\"\" data-large-file=\"https:\/\/i0.wp.com\/blogs.ugto.mx\/enfermeriaenlinea\/wp-content\/uploads\/sites\/43\/2018\/03\/Com-UNI4-PC-005.png?fit=1024%2C261&amp;ssl=1\" src=\"data:image\/gif;base64,R0lGODlhAQABAIAAAAAAAP\/\/\/yH5BAEAAAAALAAAAAABAAEAAAIBRAA7\" data-src=\"https:\/\/blogs.ugto.mx\/enfermeriaenlinea\/wp-content\/uploads\/sites\/43\/2018\/03\/Com-UNI4-PC-005.png\" alt=\"\" class=\"wp-image-5273\" \/><noscript><img data-recalc-dims=\"1\" loading=\"lazy\" decoding=\"async\" width=\"1200\" height=\"306\" data-attachment-id=\"5273\" data-permalink=\"https:\/\/blogs.ugto.mx\/enfermeriaenlinea\/unidad-didactica-4-pensamiento-critico\/com-uni4-pc-005\/#main\" data-orig-file=\"https:\/\/i0.wp.com\/blogs.ugto.mx\/enfermeriaenlinea\/wp-content\/uploads\/sites\/43\/2018\/03\/Com-UNI4-PC-005.png?fit=2680%2C684&amp;ssl=1\" data-orig-size=\"2680,684\" data-comments-opened=\"0\" data-image-meta=\"{&quot;aperture&quot;:&quot;0&quot;,&quot;credit&quot;:&quot;&quot;,&quot;camera&quot;:&quot;&quot;,&quot;caption&quot;:&quot;&quot;,&quot;created_timestamp&quot;:&quot;0&quot;,&quot;copyright&quot;:&quot;&quot;,&quot;focal_length&quot;:&quot;0&quot;,&quot;iso&quot;:&quot;0&quot;,&quot;shutter_speed&quot;:&quot;0&quot;,&quot;title&quot;:&quot;&quot;,&quot;orientation&quot;:&quot;0&quot;}\" data-image-title=\"Com-UNI4-PC-005\" data-image-description=\"\" data-image-caption=\"\" data-large-file=\"https:\/\/i0.wp.com\/blogs.ugto.mx\/enfermeriaenlinea\/wp-content\/uploads\/sites\/43\/2018\/03\/Com-UNI4-PC-005.png?fit=1024%2C261&amp;ssl=1\" src=\"https:\/\/i0.wp.com\/blogs.ugto.mx\/enfermeriaenlinea\/wp-content\/uploads\/sites\/43\/2018\/03\/Com-UNI4-PC-005.png?resize=1200%2C306&#038;ssl=1\" alt=\"\" class=\"wp-image-5273\" srcset=\"https:\/\/i0.wp.com\/blogs.ugto.mx\/enfermeriaenlinea\/wp-content\/uploads\/sites\/43\/2018\/03\/Com-UNI4-PC-005.png?w=2680&amp;ssl=1 2680w, https:\/\/i0.wp.com\/blogs.ugto.mx\/enfermeriaenlinea\/wp-content\/uploads\/sites\/43\/2018\/03\/Com-UNI4-PC-005.png?resize=300%2C77&amp;ssl=1 300w, https:\/\/i0.wp.com\/blogs.ugto.mx\/enfermeriaenlinea\/wp-content\/uploads\/sites\/43\/2018\/03\/Com-UNI4-PC-005.png?resize=768%2C196&amp;ssl=1 768w, https:\/\/i0.wp.com\/blogs.ugto.mx\/enfermeriaenlinea\/wp-content\/uploads\/sites\/43\/2018\/03\/Com-UNI4-PC-005.png?resize=1024%2C261&amp;ssl=1 1024w, https:\/\/i0.wp.com\/blogs.ugto.mx\/enfermeriaenlinea\/wp-content\/uploads\/sites\/43\/2018\/03\/Com-UNI4-PC-005.png?w=2400&amp;ssl=1 2400w\" sizes=\"auto, (max-width: 1200px) 100vw, 1200px\" \/><\/noscript><\/figure>\n<\/div>\n\n\n<p class=\"wp-block-paragraph\">Diagrama 1. El pensamiento cr\u00edtico.<\/p>\n\n\n\n<h3 class=\"wp-block-heading\">4.5 Caracter\u00edsticas intelectuales esenciales<\/h3>\n\n\n\n<p class=\"wp-block-paragraph\">Las caracter\u00edsticas intelectuales implican ense\u00f1ar a los dem\u00e1s la diferencia entre tomar decisiones acertadas para una mejor forma de vida propia; lo cual no garantiza la felicidad pero ofrece mayor posibilidad de que esto se logre; y en dejarse influenciar por los otros, de manera poco responsable, convirti\u00e9ndose en una carga por descargar en los dem\u00e1s sus decisiones o por enjuiciar sin argumentos o presumir de un conocimiento que no se obtuvo a trav\u00e9s de las fuentes bibliogr\u00e1ficas acertadas, sino a trav\u00e9s de la convivencia social de su entorno.<\/p>\n\n\n\n<p class=\"wp-block-paragraph\"><strong>Humildad intelectual vs. Arrogancia intelectual<\/strong><\/p>\n\n\n\n<p class=\"wp-block-paragraph\">Esta caracter\u00edstica radica en no pretender que se sabe m\u00e1s de lo que realmente sabe. No implica sumisi\u00f3n ni debilidad, solo en tener conciencia de caer engreimiento o fanfarroner\u00eda, sino solo en fundamentos l\u00f3gicos.<\/p>\n\n\n\n<p class=\"wp-block-paragraph\"><strong>Entereza intelectual vs. Cobard\u00eda intelectual<\/strong><\/p>\n\n\n\n<p class=\"wp-block-paragraph\">Estar consciente de la necesidad de atender y enfrentar ideas, creencias o visiones por las que no nos sentimos atra\u00eddos, que no nos gustan o que nos parecen absurdas pero que est\u00e1n debidamente argumentadas y justificadas; ya que de lo contrario puede haber serias consecuencias por no atenderlas.<\/p>\n\n\n\n<p class=\"wp-block-paragraph\"><strong>Empat\u00eda intelectual vs. Estrechez intelectual<\/strong><\/p>\n\n\n\n<p class=\"wp-block-paragraph\">Ser consciente que se necesita imaginar estar en la situaci\u00f3n o en el lugar del otro para entenderlo. Es recordar las veces en las que estuvimos equivocados sin darnos cuenta, creyendo estar en lo correcto y sobre todo tener la capacidad de que se puede volver a estar equivocado.<\/p>\n\n\n<div class=\"wp-block-image\">\n<figure class=\"aligncenter\"><img decoding=\"async\" data-attachment-id=\"5274\" data-permalink=\"https:\/\/blogs.ugto.mx\/enfermeriaenlinea\/unidad-didactica-4-pensamiento-critico\/com-uni4-pc-006\/#main\" data-orig-file=\"https:\/\/i0.wp.com\/blogs.ugto.mx\/enfermeriaenlinea\/wp-content\/uploads\/sites\/43\/2018\/03\/Com-UNI4-PC-006.jpg?fit=5184%2C3456&amp;ssl=1\" data-orig-size=\"5184,3456\" data-comments-opened=\"0\" data-image-meta=\"{&quot;aperture&quot;:&quot;0&quot;,&quot;credit&quot;:&quot;&quot;,&quot;camera&quot;:&quot;&quot;,&quot;caption&quot;:&quot;&quot;,&quot;created_timestamp&quot;:&quot;0&quot;,&quot;copyright&quot;:&quot;&quot;,&quot;focal_length&quot;:&quot;0&quot;,&quot;iso&quot;:&quot;0&quot;,&quot;shutter_speed&quot;:&quot;0&quot;,&quot;title&quot;:&quot;&quot;,&quot;orientation&quot;:&quot;0&quot;}\" data-image-title=\"Com-UNI4-PC-006\" data-image-description=\"\" data-image-caption=\"\" data-large-file=\"https:\/\/i0.wp.com\/blogs.ugto.mx\/enfermeriaenlinea\/wp-content\/uploads\/sites\/43\/2018\/03\/Com-UNI4-PC-006.jpg?fit=1024%2C683&amp;ssl=1\" src=\"data:image\/gif;base64,R0lGODlhAQABAIAAAAAAAP\/\/\/yH5BAEAAAAALAAAAAABAAEAAAIBRAA7\" data-src=\"https:\/\/blogs.ugto.mx\/enfermeriaenlinea\/wp-content\/uploads\/sites\/43\/2018\/03\/Com-UNI4-PC-006.jpg\" alt=\"\" class=\"wp-image-5274\" \/><noscript><img data-recalc-dims=\"1\" loading=\"lazy\" decoding=\"async\" width=\"1200\" height=\"800\" data-attachment-id=\"5274\" data-permalink=\"https:\/\/blogs.ugto.mx\/enfermeriaenlinea\/unidad-didactica-4-pensamiento-critico\/com-uni4-pc-006\/#main\" data-orig-file=\"https:\/\/i0.wp.com\/blogs.ugto.mx\/enfermeriaenlinea\/wp-content\/uploads\/sites\/43\/2018\/03\/Com-UNI4-PC-006.jpg?fit=5184%2C3456&amp;ssl=1\" data-orig-size=\"5184,3456\" data-comments-opened=\"0\" data-image-meta=\"{&quot;aperture&quot;:&quot;0&quot;,&quot;credit&quot;:&quot;&quot;,&quot;camera&quot;:&quot;&quot;,&quot;caption&quot;:&quot;&quot;,&quot;created_timestamp&quot;:&quot;0&quot;,&quot;copyright&quot;:&quot;&quot;,&quot;focal_length&quot;:&quot;0&quot;,&quot;iso&quot;:&quot;0&quot;,&quot;shutter_speed&quot;:&quot;0&quot;,&quot;title&quot;:&quot;&quot;,&quot;orientation&quot;:&quot;0&quot;}\" data-image-title=\"Com-UNI4-PC-006\" data-image-description=\"\" data-image-caption=\"\" data-large-file=\"https:\/\/i0.wp.com\/blogs.ugto.mx\/enfermeriaenlinea\/wp-content\/uploads\/sites\/43\/2018\/03\/Com-UNI4-PC-006.jpg?fit=1024%2C683&amp;ssl=1\" src=\"https:\/\/i0.wp.com\/blogs.ugto.mx\/enfermeriaenlinea\/wp-content\/uploads\/sites\/43\/2018\/03\/Com-UNI4-PC-006.jpg?resize=1200%2C800&#038;ssl=1\" alt=\"\" class=\"wp-image-5274\" srcset=\"https:\/\/i0.wp.com\/blogs.ugto.mx\/enfermeriaenlinea\/wp-content\/uploads\/sites\/43\/2018\/03\/Com-UNI4-PC-006.jpg?w=5184&amp;ssl=1 5184w, https:\/\/i0.wp.com\/blogs.ugto.mx\/enfermeriaenlinea\/wp-content\/uploads\/sites\/43\/2018\/03\/Com-UNI4-PC-006.jpg?resize=300%2C200&amp;ssl=1 300w, https:\/\/i0.wp.com\/blogs.ugto.mx\/enfermeriaenlinea\/wp-content\/uploads\/sites\/43\/2018\/03\/Com-UNI4-PC-006.jpg?resize=768%2C512&amp;ssl=1 768w, https:\/\/i0.wp.com\/blogs.ugto.mx\/enfermeriaenlinea\/wp-content\/uploads\/sites\/43\/2018\/03\/Com-UNI4-PC-006.jpg?resize=1024%2C683&amp;ssl=1 1024w, https:\/\/i0.wp.com\/blogs.ugto.mx\/enfermeriaenlinea\/wp-content\/uploads\/sites\/43\/2018\/03\/Com-UNI4-PC-006.jpg?resize=272%2C182&amp;ssl=1 272w, https:\/\/i0.wp.com\/blogs.ugto.mx\/enfermeriaenlinea\/wp-content\/uploads\/sites\/43\/2018\/03\/Com-UNI4-PC-006.jpg?w=2400&amp;ssl=1 2400w, https:\/\/i0.wp.com\/blogs.ugto.mx\/enfermeriaenlinea\/wp-content\/uploads\/sites\/43\/2018\/03\/Com-UNI4-PC-006.jpg?w=3600&amp;ssl=1 3600w\" sizes=\"auto, (max-width: 1200px) 100vw, 1200px\" \/><\/noscript><\/figure>\n<\/div>\n\n\n<p class=\"wp-block-paragraph\">Imagen 4. Empatia a las situaciones y la capacidad para resolver un conflicto.<\/p>\n\n\n\n<p class=\"wp-block-paragraph\"><strong>Autonom\u00eda intelectual vs. Conformidad intelectual<\/strong><\/p>\n\n\n\n<p class=\"wp-block-paragraph\">Aprender a dominar racionalmente los valores y las creencias que uno tiene y las inferencias que uno hace.<\/p>\n\n\n\n<p class=\"wp-block-paragraph\">Es pensar por s\u00ed mismo, lo cual implica el compromiso de analizar y evaluar las creencias tomando como punto de partida la raz\u00f3n y la evidencia. Creer cuando la raz\u00f3n dice que hay que creer y conformarse cuando as\u00ed lo dicte la raz\u00f3n.<\/p>\n\n\n\n<p class=\"wp-block-paragraph\"><strong>Integridad intelectual vs. Hipocres\u00eda intelectual<\/strong><\/p>\n\n\n\n<p class=\"wp-block-paragraph\">Ser honesto en su pensar; consistente en los est\u00e1ndares intelectuales que aplica; someterse al mismo rigor de evidencia y prueba que exige de los dem\u00e1s. Predicar con el ejemplo y admitir con humildad las inconsistencias de pensamiento y acci\u00f3n en las que se incurre.<\/p>\n\n\n\n<p class=\"wp-block-paragraph\"><strong>Perseverancia intelectual vs. Pereza intelectual<\/strong><\/p>\n\n\n\n<p class=\"wp-block-paragraph\">Ser constante en la audacia intelectual y la verdad aun cuando se enfrente a dificultades, obst\u00e1culos y frustraciones.<\/p>\n\n\n\n<p class=\"wp-block-paragraph\"><strong>Confianza en la raz\u00f3n vs. Desconfianza en la raz\u00f3n y en la evidencia<\/strong><\/p>\n\n\n\n<p class=\"wp-block-paragraph\">Tener la seguridad de que los intereses individuales y sociales est\u00e1n mejor atendidos si damos rienda suelta a la raz\u00f3n. Confiar en que la humanidad puede aprender a pensar por s\u00ed misma de manera cr\u00edtica y razonable con argumentos l\u00f3gicos si se les motiva y propicia pese a los obst\u00e1culos inherentes al car\u00e1cter y a la condici\u00f3n humana.<\/p>\n\n\n<div class=\"wp-block-image\">\n<figure class=\"aligncenter\"><img decoding=\"async\" data-attachment-id=\"5275\" data-permalink=\"https:\/\/blogs.ugto.mx\/enfermeriaenlinea\/unidad-didactica-4-pensamiento-critico\/com-uni4-pc-007\/#main\" data-orig-file=\"https:\/\/i0.wp.com\/blogs.ugto.mx\/enfermeriaenlinea\/wp-content\/uploads\/sites\/43\/2018\/03\/Com-UNI4-PC-007.jpg?fit=5231%2C3487&amp;ssl=1\" data-orig-size=\"5231,3487\" data-comments-opened=\"0\" data-image-meta=\"{&quot;aperture&quot;:&quot;0&quot;,&quot;credit&quot;:&quot;&quot;,&quot;camera&quot;:&quot;&quot;,&quot;caption&quot;:&quot;&quot;,&quot;created_timestamp&quot;:&quot;0&quot;,&quot;copyright&quot;:&quot;&quot;,&quot;focal_length&quot;:&quot;0&quot;,&quot;iso&quot;:&quot;0&quot;,&quot;shutter_speed&quot;:&quot;0&quot;,&quot;title&quot;:&quot;&quot;,&quot;orientation&quot;:&quot;0&quot;}\" data-image-title=\"Com-UNI4-PC-007\" data-image-description=\"\" data-image-caption=\"\" data-large-file=\"https:\/\/i0.wp.com\/blogs.ugto.mx\/enfermeriaenlinea\/wp-content\/uploads\/sites\/43\/2018\/03\/Com-UNI4-PC-007.jpg?fit=1024%2C683&amp;ssl=1\" src=\"data:image\/gif;base64,R0lGODlhAQABAIAAAAAAAP\/\/\/yH5BAEAAAAALAAAAAABAAEAAAIBRAA7\" data-src=\"https:\/\/blogs.ugto.mx\/enfermeriaenlinea\/wp-content\/uploads\/sites\/43\/2018\/03\/Com-UNI4-PC-007.jpg\" alt=\"\" class=\"wp-image-5275\" \/><noscript><img data-recalc-dims=\"1\" loading=\"lazy\" decoding=\"async\" width=\"1200\" height=\"800\" data-attachment-id=\"5275\" data-permalink=\"https:\/\/blogs.ugto.mx\/enfermeriaenlinea\/unidad-didactica-4-pensamiento-critico\/com-uni4-pc-007\/#main\" data-orig-file=\"https:\/\/i0.wp.com\/blogs.ugto.mx\/enfermeriaenlinea\/wp-content\/uploads\/sites\/43\/2018\/03\/Com-UNI4-PC-007.jpg?fit=5231%2C3487&amp;ssl=1\" data-orig-size=\"5231,3487\" data-comments-opened=\"0\" data-image-meta=\"{&quot;aperture&quot;:&quot;0&quot;,&quot;credit&quot;:&quot;&quot;,&quot;camera&quot;:&quot;&quot;,&quot;caption&quot;:&quot;&quot;,&quot;created_timestamp&quot;:&quot;0&quot;,&quot;copyright&quot;:&quot;&quot;,&quot;focal_length&quot;:&quot;0&quot;,&quot;iso&quot;:&quot;0&quot;,&quot;shutter_speed&quot;:&quot;0&quot;,&quot;title&quot;:&quot;&quot;,&quot;orientation&quot;:&quot;0&quot;}\" data-image-title=\"Com-UNI4-PC-007\" data-image-description=\"\" data-image-caption=\"\" data-large-file=\"https:\/\/i0.wp.com\/blogs.ugto.mx\/enfermeriaenlinea\/wp-content\/uploads\/sites\/43\/2018\/03\/Com-UNI4-PC-007.jpg?fit=1024%2C683&amp;ssl=1\" src=\"https:\/\/i0.wp.com\/blogs.ugto.mx\/enfermeriaenlinea\/wp-content\/uploads\/sites\/43\/2018\/03\/Com-UNI4-PC-007.jpg?resize=1200%2C800&#038;ssl=1\" alt=\"\" class=\"wp-image-5275\" srcset=\"https:\/\/i0.wp.com\/blogs.ugto.mx\/enfermeriaenlinea\/wp-content\/uploads\/sites\/43\/2018\/03\/Com-UNI4-PC-007.jpg?w=5231&amp;ssl=1 5231w, https:\/\/i0.wp.com\/blogs.ugto.mx\/enfermeriaenlinea\/wp-content\/uploads\/sites\/43\/2018\/03\/Com-UNI4-PC-007.jpg?resize=300%2C200&amp;ssl=1 300w, https:\/\/i0.wp.com\/blogs.ugto.mx\/enfermeriaenlinea\/wp-content\/uploads\/sites\/43\/2018\/03\/Com-UNI4-PC-007.jpg?resize=768%2C512&amp;ssl=1 768w, https:\/\/i0.wp.com\/blogs.ugto.mx\/enfermeriaenlinea\/wp-content\/uploads\/sites\/43\/2018\/03\/Com-UNI4-PC-007.jpg?resize=1024%2C683&amp;ssl=1 1024w, https:\/\/i0.wp.com\/blogs.ugto.mx\/enfermeriaenlinea\/wp-content\/uploads\/sites\/43\/2018\/03\/Com-UNI4-PC-007.jpg?resize=272%2C182&amp;ssl=1 272w, https:\/\/i0.wp.com\/blogs.ugto.mx\/enfermeriaenlinea\/wp-content\/uploads\/sites\/43\/2018\/03\/Com-UNI4-PC-007.jpg?w=2400&amp;ssl=1 2400w, https:\/\/i0.wp.com\/blogs.ugto.mx\/enfermeriaenlinea\/wp-content\/uploads\/sites\/43\/2018\/03\/Com-UNI4-PC-007.jpg?w=3600&amp;ssl=1 3600w\" sizes=\"auto, (max-width: 1200px) 100vw, 1200px\" \/><\/noscript><\/figure>\n<\/div>\n\n\n<p class=\"wp-block-paragraph\">Imagen 5. El pensamiento cr\u00edtico&nbsp;mejor forma de vida en el presente y en el futuro.<\/p>\n\n\n\n<p class=\"wp-block-paragraph\"><strong>Imparcialidad vs. Injusticia intelectual<\/strong><\/p>\n\n\n\n<p class=\"wp-block-paragraph\">Tratar todos los puntos de vista de la misma forma, con apego a los est\u00e1ndares intelectuales sobre las ventajas personales, de los m\u00e1s allegados y de los connacionales.<\/p>\n\n\n\n<h2 class=\"wp-block-heading\">CONCLUSI\u00d3N<\/h2>\n\n\n\n<p class=\"wp-block-paragraph\">El pensamiento cr\u00edtico es un proceso que integra el an\u00e1lisis, inferencia, explicaci\u00f3n, interpretaci\u00f3n, autorregulaci\u00f3n y evaluaci\u00f3n de la gama de alternativas para tomar una decisi\u00f3n libre y consciente de sus consecuencias.<\/p>\n\n\n\n<p class=\"wp-block-paragraph\">Es necesario tener alg\u00fan tipo de conocimiento y conciencia del propio funcionamiento cognitivo.<\/p>\n\n\n\n<p class=\"wp-block-paragraph\">El conocimiento de la cognici\u00f3n es un conocimiento declarativo, expl\u00edcito, verbalizable. Es relativamente estable y falible.<\/p>\n\n\n\n<p class=\"wp-block-paragraph\">La regulaci\u00f3n de la cognici\u00f3n, es considerada m\u00e1s inestable y dependiente del contexto y de las exigencias de la tarea y m\u00e1s dif\u00edcil de verbalizar.<\/p>\n\n\n\n<p class=\"wp-block-paragraph\">El pensamiento cr\u00edtico radica en la capacidad cognitiva de cada individuo y de la forma en que lo aplica para la toma de decisiones que le permitir\u00e1n solucionar problemas y de esa manera obtener una mejor forma de vida en el presente y en el futuro.<\/p>\n\n\n\n<p class=\"wp-block-paragraph\">El pensamiento cr\u00edtico permite conocer sin enjuiciar y decidir qu\u00e9 acepto por convicci\u00f3n o los actos humanos que respeto sin involucrar mis emociones y vida personal.<\/p>\n\n\n\n<h2 class=\"wp-block-heading\">BIBLIOGRAF\u00cdA CONSULTADA<\/h2>\n\n\n\n<ul class=\"wp-block-list\">\n<li>Elder, Linda\/Paul, Richard; \u201cLa mini-gu\u00eda para el Pensamiento cr\u00edtico Conceptos y herramientas\u201d. Fundaci\u00f3n para el Pensamiento Cr\u00edtico; 2003.<\/li>\n\n\n\n<li>Fern\u00e1ndez, A. (2006). Metodolog\u00edas activas para la formaci\u00f3n de competencias. <em>Educatio siglo XXI<\/em> (<em>24),<\/em> 35-56. Recuperado de http:\/\/revistas.um.es\/educatio\/article\/viewFile\/152\/135.<\/li>\n\n\n\n<li>Lipman, M., Sharp, A. &amp; Oscanyan, F. (1992). <em>Filosofia en el aula<\/em>. Madrid, Espa\u00f1a: Ediciones la Torre.<\/li>\n\n\n\n<li>Machuca Ort\u00edz, HJ. (2018). Desarrollo del Pensamiento Cr\u00edtico a partir de una estrategia pedag\u00f3gica fundamentada en los Est\u00e1ndares Intelectuales aplicada en filosof\u00eda para los estudiantes de 11 A del Instituto T\u00e9cnico Padre Manuel Brice\u00f1o J\u00e1uregui Fe y Alegr\u00eda. Revista interamericana de investigaci\u00f3n, educaci\u00f3n y pedagog\u00eda.https:\/\/www.redalyc.org\/articulo.oa?id=561059324002<\/li>\n\n\n\n<li>Olivares Olivares, Silvia Lizett\/Heredia Escorza, Yolanda. Desarrollo del Pensamiento Cr\u00edtico en Ambientes de Aprendizaje Basado en Problemas en Estudiantes de Educaci\u00f3n Superior. RMIE, 2012, VOL. 17, N\u00daM. 54, PP. 759-778 (ISSN: 14056666).<\/li>\n\n\n\n<li>Valenzuela Jorge y Nieto Ana Mar\u00eda. \u201cMotivaci\u00f3n y disposiciones: enfoques alternativos para explicar el desempe\u00f1o de habilidades de pensamiento cr\u00edtico\u201d. Revista Electr\u00f3nica de Investigaci\u00f3n Educativa Fecha: October 1, 2014. p\u00e1g. 17<\/li>\n\n\n\n<li>V\u00e1squez Alape, Luis Ernesto. Actitud y pensamiento cr\u00edtico. La problematizaci\u00f3n de los contextos en la construcci\u00f3n del conocimiento. Universidad de La Salle, Bogot\u00e1, Colombia. Julio de 2010.<\/li>\n<\/ul>\n\n\n\n<p class=\"wp-block-paragraph\">\u00daltima modificaci\u00f3n: diciembre de 2014<\/p>\n","protected":false},"excerpt":{"rendered":"<p>INTRODUCCI\u00d3N Por su naturaleza, el ser humano se adapta a su contexto para poder convivir y ser feliz en sociedad, pero no siempre est\u00e1 de acuerdo con la forma de pensar de los dem\u00e1s, por s\u00ed solo es capaz de reflexionar de acuerdo su experiencia y conocimiento y adoptar la creencia, la religi\u00f3n o la &#8230; <a title=\"Unidad did\u00e1ctica 4: Pensamiento cr\u00edtico\" class=\"read-more\" href=\"https:\/\/blogs.ugto.mx\/enfermeriaenlinea\/unidad-didactica-4-pensamiento-critico\/\" aria-label=\"Leer m\u00e1s sobre Unidad did\u00e1ctica 4: Pensamiento cr\u00edtico\">Leer m\u00e1s<\/a><\/p>\n","protected":false},"author":111,"featured_media":0,"comment_status":"closed","ping_status":"closed","sticky":false,"template":"","format":"standard","meta":{"_acf_changed":false,"_crdt_document":"","episode_type":"","audio_file":"","podmotor_file_id":"","podmotor_episode_id":"","cover_image":"","cover_image_id":"","duration":"","filesize":"","filesize_raw":"","date_recorded":"","explicit":"","block":"","itunes_episode_number":"","itunes_title":"","itunes_season_number":"","itunes_episode_type":"","jetpack_post_was_ever_published":false,"footnotes":""},"categories":[20],"tags":[],"class_list":["post-1924","post","type-post","status-publish","format-standard","hentry","category-comunicacion"],"acf":[],"jetpack_featured_media_url":"","jetpack_sharing_enabled":true,"jetpack_shortlink":"https:\/\/wp.me\/p9Pe0m-v2","jetpack-related-posts":[],"_links":{"self":[{"href":"https:\/\/blogs.ugto.mx\/enfermeriaenlinea\/wp-json\/wp\/v2\/posts\/1924","targetHints":{"allow":["GET"]}}],"collection":[{"href":"https:\/\/blogs.ugto.mx\/enfermeriaenlinea\/wp-json\/wp\/v2\/posts"}],"about":[{"href":"https:\/\/blogs.ugto.mx\/enfermeriaenlinea\/wp-json\/wp\/v2\/types\/post"}],"author":[{"embeddable":true,"href":"https:\/\/blogs.ugto.mx\/enfermeriaenlinea\/wp-json\/wp\/v2\/users\/111"}],"replies":[{"embeddable":true,"href":"https:\/\/blogs.ugto.mx\/enfermeriaenlinea\/wp-json\/wp\/v2\/comments?post=1924"}],"version-history":[{"count":9,"href":"https:\/\/blogs.ugto.mx\/enfermeriaenlinea\/wp-json\/wp\/v2\/posts\/1924\/revisions"}],"predecessor-version":[{"id":10745,"href":"https:\/\/blogs.ugto.mx\/enfermeriaenlinea\/wp-json\/wp\/v2\/posts\/1924\/revisions\/10745"}],"wp:attachment":[{"href":"https:\/\/blogs.ugto.mx\/enfermeriaenlinea\/wp-json\/wp\/v2\/media?parent=1924"}],"wp:term":[{"taxonomy":"category","embeddable":true,"href":"https:\/\/blogs.ugto.mx\/enfermeriaenlinea\/wp-json\/wp\/v2\/categories?post=1924"},{"taxonomy":"post_tag","embeddable":true,"href":"https:\/\/blogs.ugto.mx\/enfermeriaenlinea\/wp-json\/wp\/v2\/tags?post=1924"}],"curies":[{"name":"wp","href":"https:\/\/api.w.org\/{rel}","templated":true}]}}