{"id":9047,"date":"2018-09-24T09:16:05","date_gmt":"2018-09-24T14:16:05","guid":{"rendered":"https:\/\/blogs.ugto.mx\/enfermeriaenlinea\/?p=9047"},"modified":"2022-03-18T11:08:47","modified_gmt":"2022-03-18T16:08:47","slug":"unidad-didactica-2-contaminacion-atmosferica","status":"publish","type":"post","link":"https:\/\/blogs.ugto.mx\/enfermeriaenlinea\/unidad-didactica-2-contaminacion-atmosferica\/","title":{"rendered":"Unidad did\u00e1ctica 2: Contaminaci\u00f3n atmosf\u00e9rica"},"content":{"rendered":"<h2>Introducci\u00f3n<\/h2>\n<p>El aire es indispensable para poder vivir, la adici\u00f3n de material indeseable por el aire cambia la composici\u00f3n de la atm\u00f3sfera perjudicando la vida, a \u00e9ste fen\u00f3meno se le conoce como contaminaci\u00f3n atmosf\u00e9rica.<\/p>\n<p>La contaminaci\u00f3n ha sido definida como un cambio indeseable en las caracter\u00edsticas (f\u00edsicas, qu\u00edmicas o biol\u00f3gicas) de nuestro aire, tierra o agua que afectan de manera perjudicial a los seres vivos. Los contaminantes son residuos de la actividad humana; en otras palabras, la contaminaci\u00f3n es la causa final de las personas y el aumento de la poblaci\u00f3n.<\/p>\n<p>La enorme variedad de contaminantes y la forma en que afectan a los ecosistemas y la salud, son problemas extremadamente complejos y en ocasiones de consecuencias impredecibles.<\/p>\n<p>Las condiciones del medio ambiente contribuyen a determinar si las personas gozan o no de una buena salud y cu\u00e1n larga ser\u00e1 su vida. Las condiciones del medio ambiente contribuyen, en gran medida, a la propagaci\u00f3n de enfermedades contagiosas y cada a\u00f1o causan entre 20 y 25% de las defunciones a nivel mundial.<\/p>\n<p>Los padecimientos m\u00e1s estrechamente relacionados con las condiciones del medio ambiente ponen en peligro las perspectivas de desarrollo. La contaminaci\u00f3n creciente del planeta plantea cada vez m\u00e1s problemas en materia de salud p\u00fablica.<\/p>\n<p>En los pa\u00edses en desarrollo podemos ver a\u00fan enfermedades capaces de causar la muerte, a estas enfermedades y la mala salud de la poblaci\u00f3n se suman otras m\u00e1s como el c\u00e1ncer y enfermedades cr\u00f3nicas causadas por las sustancias contaminantes de la atm\u00f3sfera.<\/p>\n<h2>Competencias<\/h2>\n<p>Reflexionar sobre la contaminaci\u00f3n Atmosf\u00e9rica, la aplicaci\u00f3n de normas y reglamentos que pueden ayudar a mejorar la calidad en el aire con impacto en la &nbsp;salud, mediante el cambio gradual de comportamientos por decisi\u00f3n propia.<\/p>\n<p>Conocer y comprender los fundamentos te\u00f3ricos de la atm\u00f3sfera, su contaminaci\u00f3n y las repercusiones presentes ante las malas acciones que el hombre ejerce sobre el medio ambiente, lo anterior en un contexto de probidad y responsabilidad.<\/p>\n<h2>Contenido<\/h2>\n<h3>2. Contaminaci\u00f3n atmosf\u00e9rica<\/h3>\n<h4>2.1 La atm\u00f3sfera<\/h4>\n<p>La palabra \u201cAtm\u00f3sfera\u201d proviene del griego atmos (vapor) y sphaira (esfera), y se utiliza para nombrar a la envoltura gaseosa que rodea a la Tierra, siendo la capa m\u00e1s externa y menos densa del planeta. Est\u00e1 compuesta por diversos gases que var\u00edan en cantidad seg\u00fan la presi\u00f3n a diversas alturas.<\/p>\n<p><img data-recalc-dims=\"1\" loading=\"lazy\" decoding=\"async\" data-attachment-id=\"9235\" data-permalink=\"https:\/\/blogs.ugto.mx\/enfermeriaenlinea\/unidad-didactica-2-contaminacion-atmosferica\/eco-uni2-cat-001\/#main\" data-orig-file=\"https:\/\/i0.wp.com\/blogs.ugto.mx\/enfermeriaenlinea\/wp-content\/uploads\/sites\/43\/2018\/09\/ECO-UNI2-CAT-001.jpg?fit=4752%2C3168&amp;ssl=1\" data-orig-size=\"4752,3168\" data-comments-opened=\"0\" data-image-meta=\"{&quot;aperture&quot;:&quot;5.6&quot;,&quot;credit&quot;:&quot;&quot;,&quot;camera&quot;:&quot;Canon EOS REBEL T1i&quot;,&quot;caption&quot;:&quot;&quot;,&quot;created_timestamp&quot;:&quot;1417370981&quot;,&quot;copyright&quot;:&quot;&quot;,&quot;focal_length&quot;:&quot;25&quot;,&quot;iso&quot;:&quot;800&quot;,&quot;shutter_speed&quot;:&quot;0.033333333333333&quot;,&quot;title&quot;:&quot;&quot;,&quot;orientation&quot;:&quot;1&quot;}\" data-image-title=\"ECO-UNI2- CAT-001\" data-image-description=\"\" data-image-caption=\"\" data-large-file=\"https:\/\/i0.wp.com\/blogs.ugto.mx\/enfermeriaenlinea\/wp-content\/uploads\/sites\/43\/2018\/09\/ECO-UNI2-CAT-001.jpg?fit=1024%2C683&amp;ssl=1\" class=\"aligncenter wp-image-9235\" src=\"https:\/\/i0.wp.com\/blogs.ugto.mx\/enfermeriaenlinea\/wp-content\/uploads\/sites\/43\/2018\/09\/ECO-UNI2-CAT-001.jpg?resize=700%2C467&#038;ssl=1\" alt=\"\" width=\"700\" height=\"467\" srcset=\"https:\/\/i0.wp.com\/blogs.ugto.mx\/enfermeriaenlinea\/wp-content\/uploads\/sites\/43\/2018\/09\/ECO-UNI2-CAT-001.jpg?w=4752&amp;ssl=1 4752w, https:\/\/i0.wp.com\/blogs.ugto.mx\/enfermeriaenlinea\/wp-content\/uploads\/sites\/43\/2018\/09\/ECO-UNI2-CAT-001.jpg?resize=300%2C200&amp;ssl=1 300w, https:\/\/i0.wp.com\/blogs.ugto.mx\/enfermeriaenlinea\/wp-content\/uploads\/sites\/43\/2018\/09\/ECO-UNI2-CAT-001.jpg?resize=768%2C512&amp;ssl=1 768w, https:\/\/i0.wp.com\/blogs.ugto.mx\/enfermeriaenlinea\/wp-content\/uploads\/sites\/43\/2018\/09\/ECO-UNI2-CAT-001.jpg?resize=1024%2C683&amp;ssl=1 1024w, https:\/\/i0.wp.com\/blogs.ugto.mx\/enfermeriaenlinea\/wp-content\/uploads\/sites\/43\/2018\/09\/ECO-UNI2-CAT-001.jpg?resize=272%2C182&amp;ssl=1 272w, https:\/\/i0.wp.com\/blogs.ugto.mx\/enfermeriaenlinea\/wp-content\/uploads\/sites\/43\/2018\/09\/ECO-UNI2-CAT-001.jpg?w=2400&amp;ssl=1 2400w, https:\/\/i0.wp.com\/blogs.ugto.mx\/enfermeriaenlinea\/wp-content\/uploads\/sites\/43\/2018\/09\/ECO-UNI2-CAT-001.jpg?w=3600&amp;ssl=1 3600w\" sizes=\"auto, (max-width: 700px) 100vw, 700px\" \/><\/p>\n<p>Imagen 1. La contaminaci\u00f3n atmosf\u00e9rica tiene repercusiones en las capas.<\/p>\n<p>El 75% de masa atmosf\u00e9rica se encuentra en los primeros 11 Km de altura, desde la superficie del mar y los principales gases que la componen son:<\/p>\n<ul>\n<li>Ox\u00edgeno \u2013 21%<\/li>\n<li>Nitr\u00f3geno \u2013 78%<\/li>\n<li>Arg\u00f3n, di\u00f3xido de carbono y el vapor del agua en menos cantidad<\/li>\n<\/ul>\n<p>La composici\u00f3n qu\u00edmica var\u00eda en funci\u00f3n de la altura, as\u00ed como la temperatura. Se han adoptado cuatro capas atmosf\u00e9ricas (Uni\u00f3n Internacional de Geodesia y Geof\u00edsica):<\/p>\n<p>Divisi\u00f3n atmosf\u00e9rica<\/p>\n<p>La atm\u00f3sfera puede ser dividida en una serie de capas en funci\u00f3n de la variaci\u00f3n de la temperatura con la altura. Estas capas son:<\/p>\n<ul>\n<li><strong>Troposfera: <\/strong>Su espesor var\u00eda entre los 9 Km. sobre los polos y los 18 Km. sobre el ecuador, siendo su altura media 12 Km. Contiene la mayor\u00eda de los gases de la atm\u00f3sfera. A los 500 metros iniciales se les denomina capa sucia, porque en ellos se concentra el polvo en suspensi\u00f3n procedente de los desiertos, los volcanes y la contaminaci\u00f3n.<\/li>\n<li><strong>Estratosfera:<\/strong> se extiende desde la tropopausa hasta los 50 Km de altura, l\u00edmite de la estratosfera llamado estratopausa. En esta capa se genera la mayor parte del ozono atmosf\u00e9rico que se concentra entre los 15 y 30 Km de altura llam\u00e1ndose a esta zona capa de ozono u ozonosfera. La temperatura asciende con la altura hasta llegar pr\u00f3ximo a los 0 \u00baC en la estratopausa. Este incremento de temperatura est\u00e1 relacionado con la absorci\u00f3n por el ozono de la radiaci\u00f3n solar ultravioleta, por lo que esta capa act\u00faa como pantalla protectora frente a los perjudiciales rayos ultravioleta.<\/li>\n<li><strong>Mesosfera: <\/strong>Se extiende hasta los 80 Km. de altura. La temperatura disminuye hasta alcanzar los -140 \u00baC en su l\u00edmite superior llamado mesopausa. Algunos autores dicen que en esta capa se desintegran los meteoritos por el rozamiento con las part\u00edculas de la mesosfera produci\u00e9ndose las llamadas estrellas fugaces, pero otros autores responsabilizan de este fen\u00f3meno a la termosfera donde se alcanzan temperaturas muy altas.<\/li>\n<li><strong>Termosfera o ionosfera: <\/strong>Se denomina as\u00ed porque gran parte de las mol\u00e9culas presentes est\u00e1n ionizadas por la absorci\u00f3n de las radiaciones solares de alta energ\u00eda (rayos gamma, rayos X y parte de la radiaci\u00f3n ultravioleta), provocando que el nitr\u00f3geno y el ox\u00edgeno pierdan electrones quedando ionizados con carga +, los electrones desprendidos originan campos el\u00e9ctricos por toda la capa.<\/li>\n<li><strong>Exosfera<\/strong>: Desde los 600 \u2013 800 Km de altura hasta unos 10.000 Km seg\u00fan autores. Tiene una baj\u00edsima densidad de gases hasta llegar a ser similar a la del espacio exterior (casi vac\u00edo) con 4 lo que el cielo se oscurece (no hay pr\u00e1cticamente materia que absorba la luz).<\/li>\n<\/ul>\n<h1><img data-recalc-dims=\"1\" loading=\"lazy\" decoding=\"async\" data-attachment-id=\"9237\" data-permalink=\"https:\/\/blogs.ugto.mx\/enfermeriaenlinea\/unidad-didactica-2-contaminacion-atmosferica\/eco-uni2-cat-002\/#main\" data-orig-file=\"https:\/\/i0.wp.com\/blogs.ugto.mx\/enfermeriaenlinea\/wp-content\/uploads\/sites\/43\/2018\/09\/ECO-UNI2-CAT-002.png?fit=490%2C442&amp;ssl=1\" data-orig-size=\"490,442\" data-comments-opened=\"0\" data-image-meta=\"{&quot;aperture&quot;:&quot;0&quot;,&quot;credit&quot;:&quot;&quot;,&quot;camera&quot;:&quot;&quot;,&quot;caption&quot;:&quot;&quot;,&quot;created_timestamp&quot;:&quot;0&quot;,&quot;copyright&quot;:&quot;&quot;,&quot;focal_length&quot;:&quot;0&quot;,&quot;iso&quot;:&quot;0&quot;,&quot;shutter_speed&quot;:&quot;0&quot;,&quot;title&quot;:&quot;&quot;,&quot;orientation&quot;:&quot;0&quot;}\" data-image-title=\"ECO-UNI2- CAT-002\" data-image-description=\"\" data-image-caption=\"\" data-large-file=\"https:\/\/i0.wp.com\/blogs.ugto.mx\/enfermeriaenlinea\/wp-content\/uploads\/sites\/43\/2018\/09\/ECO-UNI2-CAT-002.png?fit=490%2C442&amp;ssl=1\" class=\"aligncenter size-full wp-image-9237\" src=\"https:\/\/i0.wp.com\/blogs.ugto.mx\/enfermeriaenlinea\/wp-content\/uploads\/sites\/43\/2018\/09\/ECO-UNI2-CAT-002.png?resize=490%2C442&#038;ssl=1\" alt=\"\" width=\"490\" height=\"442\" srcset=\"https:\/\/i0.wp.com\/blogs.ugto.mx\/enfermeriaenlinea\/wp-content\/uploads\/sites\/43\/2018\/09\/ECO-UNI2-CAT-002.png?w=490&amp;ssl=1 490w, https:\/\/i0.wp.com\/blogs.ugto.mx\/enfermeriaenlinea\/wp-content\/uploads\/sites\/43\/2018\/09\/ECO-UNI2-CAT-002.png?resize=300%2C271&amp;ssl=1 300w\" sizes=\"auto, (max-width: 490px) 100vw, 490px\" \/><\/h1>\n<p>Diagrama 1.&nbsp; Capas.<\/p>\n<p>La Atm\u00f3sfera protege la vida sobre la tierra absorbiendo gran parte de la radiaci\u00f3n solar ultravioleta en la capa de ozono, act\u00faa tambi\u00e9n como escudo protector contra los meteoritos, los cuales desintegra en polvo a causa de la fricci\u00f3n al hacer contacto con el aire. La composici\u00f3n de la atm\u00f3sfera se ha ido transformando con el paso de los a\u00f1os, inclusive una transformaci\u00f3n mayor que los oc\u00e9anos.<\/p>\n<p><img data-recalc-dims=\"1\" loading=\"lazy\" decoding=\"async\" data-attachment-id=\"9248\" data-permalink=\"https:\/\/blogs.ugto.mx\/enfermeriaenlinea\/unidad-didactica-2-contaminacion-atmosferica\/eco-uni2-cat-003\/#main\" data-orig-file=\"https:\/\/i0.wp.com\/blogs.ugto.mx\/enfermeriaenlinea\/wp-content\/uploads\/sites\/43\/2018\/09\/ECO-UNI2-CAT-003...jpg?fit=1920%2C1285&amp;ssl=1\" data-orig-size=\"1920,1285\" data-comments-opened=\"0\" data-image-meta=\"{&quot;aperture&quot;:&quot;0&quot;,&quot;credit&quot;:&quot;&quot;,&quot;camera&quot;:&quot;&quot;,&quot;caption&quot;:&quot;&quot;,&quot;created_timestamp&quot;:&quot;0&quot;,&quot;copyright&quot;:&quot;&quot;,&quot;focal_length&quot;:&quot;0&quot;,&quot;iso&quot;:&quot;0&quot;,&quot;shutter_speed&quot;:&quot;0&quot;,&quot;title&quot;:&quot;&quot;,&quot;orientation&quot;:&quot;0&quot;}\" data-image-title=\"ECO-UNI2- CAT-003..\" data-image-description=\"\" data-image-caption=\"\" data-large-file=\"https:\/\/i0.wp.com\/blogs.ugto.mx\/enfermeriaenlinea\/wp-content\/uploads\/sites\/43\/2018\/09\/ECO-UNI2-CAT-003...jpg?fit=1024%2C685&amp;ssl=1\" class=\"aligncenter wp-image-9248\" src=\"https:\/\/i0.wp.com\/blogs.ugto.mx\/enfermeriaenlinea\/wp-content\/uploads\/sites\/43\/2018\/09\/ECO-UNI2-CAT-003...jpg?resize=700%2C468&#038;ssl=1\" alt=\"\" width=\"700\" height=\"468\" srcset=\"https:\/\/i0.wp.com\/blogs.ugto.mx\/enfermeriaenlinea\/wp-content\/uploads\/sites\/43\/2018\/09\/ECO-UNI2-CAT-003...jpg?w=1920&amp;ssl=1 1920w, https:\/\/i0.wp.com\/blogs.ugto.mx\/enfermeriaenlinea\/wp-content\/uploads\/sites\/43\/2018\/09\/ECO-UNI2-CAT-003...jpg?resize=300%2C201&amp;ssl=1 300w, https:\/\/i0.wp.com\/blogs.ugto.mx\/enfermeriaenlinea\/wp-content\/uploads\/sites\/43\/2018\/09\/ECO-UNI2-CAT-003...jpg?resize=768%2C514&amp;ssl=1 768w, https:\/\/i0.wp.com\/blogs.ugto.mx\/enfermeriaenlinea\/wp-content\/uploads\/sites\/43\/2018\/09\/ECO-UNI2-CAT-003...jpg?resize=1024%2C685&amp;ssl=1 1024w, https:\/\/i0.wp.com\/blogs.ugto.mx\/enfermeriaenlinea\/wp-content\/uploads\/sites\/43\/2018\/09\/ECO-UNI2-CAT-003...jpg?resize=272%2C182&amp;ssl=1 272w\" sizes=\"auto, (max-width: 700px) 100vw, 700px\" \/><\/p>\n<p>Diagrama 2. Estados del agua.<\/p>\n<p>La atm\u00f3sfera de la tierra contiene agua en sus tres estados (s\u00f3lido, l\u00edquido y gaseoso) es el \u00fanico planeta que tiene esta caracter\u00edstica, esto es gracias a que la tierra tiene una masa id\u00f3nea y la distancia con el sol es m\u00e1s que apropiada para esta composici\u00f3n.<\/p>\n<p>Una funci\u00f3n importante es mantener la temperatura de la tierra evitando cambios abruptos que impedir\u00edan un desarrollo en cualquier tipo de vida, sin la atm\u00f3sfera la tierra podr\u00eda llegar a alcanzar unas temperaturas de aproximadamente 75\u00b0C en el d\u00eda y por la noche cerca de -130\u00b0C.<\/p>\n<h4>2.2 Contaminaci\u00f3n atmosf\u00e9rica<\/h4>\n<p>La contaminaci\u00f3n atmosf\u00e9rica se refiere a la presencia de sustancias en la atm\u00f3sfera en una cantidad que implica molestia o riesgo para la salud de los seres vivos, estas sustancias pueden reducir la visibilidad o producir malos olores.<\/p>\n<p>Llamamos contaminaci\u00f3n atmosf\u00e9rica a las alteraciones que tienen efectos nocivos en los seres vivos, los principales mecanismos de contaminaci\u00f3n atmosf\u00e9rica son aquellos que implican combusti\u00f3n como las industrias, los autom\u00f3viles y las calefacciones residenciales. La contaminaci\u00f3n atmosf\u00e9rica puede tener car\u00e1cter local cuando los efectos ligados se sufren en las inmediaciones.<\/p>\n<p>La calidad del aire que nos rodea es resultado de una combinaci\u00f3n de factores que producen cambios en la composici\u00f3n y var\u00edan de un momento a otro; esto provoca un impacto local, regional y global.<\/p>\n<p>Un indicador importante del deterioro de la calidad del aire es la poca visibilidad de los lugares lejanos en un paisaje. En la ciudad la contaminaci\u00f3n la asociamos a la actividad industrial, comercial y al uso de autom\u00f3viles. Sin embargo la propia naturaleza tiene sus propios generadores contaminantes, por ejemplo, las erupciones volc\u00e1nicas que producen emisiones de gases, vapores y polvo. Esto dio la pauta para clasificar los contaminantes seg\u00fan su origen como naturales y antropog\u00e9nicos (derivados de la actividad del hombre).<\/p>\n<p>En la atm\u00f3sfera se encuentran una serie de compuestos que contribuyen a la contaminaci\u00f3n del aire, de los cuales se pueden diferenciar dos grupos principales:<\/p>\n<ul>\n<li><strong>Contaminantes primarios. <\/strong>Son vertidos directamente a la atm\u00f3sfera por alguna fuente de emisi\u00f3n como chimeneas, autom\u00f3viles, entre otros.<\/li>\n<li><strong>Contaminantes secundarios. <\/strong>Son originados en el aire como consecuencia de la transformaci\u00f3n y reacciones qu\u00edmicas que sufren los contaminantes primarios en la atm\u00f3sfera.<\/li>\n<\/ul>\n<p><img data-recalc-dims=\"1\" loading=\"lazy\" decoding=\"async\" data-attachment-id=\"9241\" data-permalink=\"https:\/\/blogs.ugto.mx\/enfermeriaenlinea\/unidad-didactica-2-contaminacion-atmosferica\/eco-uni2-cat-003-2\/#main\" data-orig-file=\"https:\/\/i0.wp.com\/blogs.ugto.mx\/enfermeriaenlinea\/wp-content\/uploads\/sites\/43\/2018\/09\/ECO-UNI2-CAT-003.jpg?fit=4288%2C2848&amp;ssl=1\" data-orig-size=\"4288,2848\" data-comments-opened=\"0\" data-image-meta=\"{&quot;aperture&quot;:&quot;0&quot;,&quot;credit&quot;:&quot;&quot;,&quot;camera&quot;:&quot;&quot;,&quot;caption&quot;:&quot;&quot;,&quot;created_timestamp&quot;:&quot;0&quot;,&quot;copyright&quot;:&quot;&quot;,&quot;focal_length&quot;:&quot;0&quot;,&quot;iso&quot;:&quot;0&quot;,&quot;shutter_speed&quot;:&quot;0&quot;,&quot;title&quot;:&quot;&quot;,&quot;orientation&quot;:&quot;0&quot;}\" data-image-title=\"ECO-UNI2- CAT-003\" data-image-description=\"\" data-image-caption=\"\" data-large-file=\"https:\/\/i0.wp.com\/blogs.ugto.mx\/enfermeriaenlinea\/wp-content\/uploads\/sites\/43\/2018\/09\/ECO-UNI2-CAT-003.jpg?fit=1024%2C680&amp;ssl=1\" class=\"aligncenter wp-image-9241\" src=\"https:\/\/i0.wp.com\/blogs.ugto.mx\/enfermeriaenlinea\/wp-content\/uploads\/sites\/43\/2018\/09\/ECO-UNI2-CAT-003.jpg?resize=700%2C465&#038;ssl=1\" alt=\"\" width=\"700\" height=\"465\" srcset=\"https:\/\/i0.wp.com\/blogs.ugto.mx\/enfermeriaenlinea\/wp-content\/uploads\/sites\/43\/2018\/09\/ECO-UNI2-CAT-003.jpg?w=4288&amp;ssl=1 4288w, https:\/\/i0.wp.com\/blogs.ugto.mx\/enfermeriaenlinea\/wp-content\/uploads\/sites\/43\/2018\/09\/ECO-UNI2-CAT-003.jpg?resize=300%2C199&amp;ssl=1 300w, https:\/\/i0.wp.com\/blogs.ugto.mx\/enfermeriaenlinea\/wp-content\/uploads\/sites\/43\/2018\/09\/ECO-UNI2-CAT-003.jpg?resize=768%2C510&amp;ssl=1 768w, https:\/\/i0.wp.com\/blogs.ugto.mx\/enfermeriaenlinea\/wp-content\/uploads\/sites\/43\/2018\/09\/ECO-UNI2-CAT-003.jpg?resize=1024%2C680&amp;ssl=1 1024w, https:\/\/i0.wp.com\/blogs.ugto.mx\/enfermeriaenlinea\/wp-content\/uploads\/sites\/43\/2018\/09\/ECO-UNI2-CAT-003.jpg?resize=272%2C182&amp;ssl=1 272w, https:\/\/i0.wp.com\/blogs.ugto.mx\/enfermeriaenlinea\/wp-content\/uploads\/sites\/43\/2018\/09\/ECO-UNI2-CAT-003.jpg?w=2400&amp;ssl=1 2400w, https:\/\/i0.wp.com\/blogs.ugto.mx\/enfermeriaenlinea\/wp-content\/uploads\/sites\/43\/2018\/09\/ECO-UNI2-CAT-003.jpg?w=3600&amp;ssl=1 3600w\" sizes=\"auto, (max-width: 700px) 100vw, 700px\" \/><\/p>\n<p>Imagen 2. Los contaminantes primarios provienen de chimeneas o autom\u00f3viles.<\/p>\n<p>Entonces los principales tipos de contaminantes del ambiente son los gaseosos, aparecen en diferentes concentraciones. Los m\u00e1s comunes son el di\u00f3xido de carbono, el mon\u00f3xido de carbono, hidrocarburo, \u00f3xido de nitr\u00f3geno, \u00f3xido de azufre y ozono. El smog (niebla t\u00f3xica) es el tipo m\u00e1s com\u00fan de contaminaci\u00f3n del aire, se manifiesta como una condici\u00f3n producida por la acci\u00f3n de la luz solar sobre los gases de escapes de autos y f\u00e1bricas.<\/p>\n<p>El calentamiento global es el resultado de la contaminaci\u00f3n atmosf\u00e9rica y causante de los cambios clim\u00e1ticos y de los desastres naturales. El brote de patolog\u00edas que se consideraban en control tambi\u00e9n es una consecuencia de los factores ambientales. El deterioro de los ecosistemas ha creado una situaci\u00f3n propicia para enfermedades que requieren de vectores que son favorecidos con los cambios clim\u00e1ticos y que son m\u00e1s resistentes a los insecticidas. La vulnerabilidad del hombre aumenta tambi\u00e9n con sus condiciones de vida.<\/p>\n<h4>2.3 Repercusiones de la contaminaci\u00f3n Atmosf\u00e9rica<\/h4>\n<p>En todo el mundo la contaminaci\u00f3n del aire se ha convertido en una problem\u00e1tica, sobre todo en las grandes ciudades industriales, por ejemplo, en 1952 la ciudad de Londres enfrent\u00f3 un problema con la Niebla T\u00f3xica que ocasion\u00f3 la muerte de 4 millones de personas aproximadamente, en los a\u00f1os cincuenta gran parte de Europa report\u00f3 lluvias \u00e1cidas.<\/p>\n<p>Ya hablamos de que la contaminaci\u00f3n atmosf\u00e9rica se produce por todas las sustancias no deseadas que llegan a la atm\u00f3sfera, lo que es un problema de la sociedad moderna, aunque esto es una caracter\u00edstica de las ciudades, debemos hacer hincapi\u00e9 en que los contaminantes del aire afectan en todos los lugares.<\/p>\n<p>La contaminaci\u00f3n afecta a los ecosistemas, la ca\u00edda de las part\u00edculas \u00e1cidas obstruye los poros de las hojas dificultando el proceso de fotos\u00edntesis, detiene la degradaci\u00f3n del suelo afectando las ra\u00edces y la nutrici\u00f3n de las plantas. Al acidificar el agua de los r\u00edos, mares, lagos, lagunas y arroyos hay una disminuci\u00f3n de peces.<\/p>\n<p>Por ejemplo, el efecto invernadero, este evita que una parte del calor que recibimos del sol deje la atm\u00f3sfera y vuelva al espacio, esto provoca que la superficie de la tierra se caliente.<\/p>\n<p>El da\u00f1o a la capa de ozono se genera principalmente por el uso de clorofluorocarbonos. El agotamiento del ozono produce niveles m\u00e1s altos de radiaciones UV en la tierra, con esto ponemos en peligro a plantas y animales.<\/p>\n<h1><img data-recalc-dims=\"1\" loading=\"lazy\" decoding=\"async\" data-attachment-id=\"9244\" data-permalink=\"https:\/\/blogs.ugto.mx\/enfermeriaenlinea\/unidad-didactica-2-contaminacion-atmosferica\/eco-uni2-cat-004\/#main\" data-orig-file=\"https:\/\/i0.wp.com\/blogs.ugto.mx\/enfermeriaenlinea\/wp-content\/uploads\/sites\/43\/2018\/09\/ECO-UNI2-CAT-004.png?fit=4167%2C3200&amp;ssl=1\" data-orig-size=\"4167,3200\" data-comments-opened=\"0\" data-image-meta=\"{&quot;aperture&quot;:&quot;0&quot;,&quot;credit&quot;:&quot;&quot;,&quot;camera&quot;:&quot;&quot;,&quot;caption&quot;:&quot;&quot;,&quot;created_timestamp&quot;:&quot;0&quot;,&quot;copyright&quot;:&quot;&quot;,&quot;focal_length&quot;:&quot;0&quot;,&quot;iso&quot;:&quot;0&quot;,&quot;shutter_speed&quot;:&quot;0&quot;,&quot;title&quot;:&quot;&quot;,&quot;orientation&quot;:&quot;0&quot;}\" data-image-title=\"ECO-UNI2- CAT-004\" data-image-description=\"\" data-image-caption=\"\" data-large-file=\"https:\/\/i0.wp.com\/blogs.ugto.mx\/enfermeriaenlinea\/wp-content\/uploads\/sites\/43\/2018\/09\/ECO-UNI2-CAT-004.png?fit=1024%2C786&amp;ssl=1\" class=\"aligncenter wp-image-9244\" src=\"https:\/\/i0.wp.com\/blogs.ugto.mx\/enfermeriaenlinea\/wp-content\/uploads\/sites\/43\/2018\/09\/ECO-UNI2-CAT-004.png?resize=700%2C538&#038;ssl=1\" alt=\"\" width=\"700\" height=\"538\" srcset=\"https:\/\/i0.wp.com\/blogs.ugto.mx\/enfermeriaenlinea\/wp-content\/uploads\/sites\/43\/2018\/09\/ECO-UNI2-CAT-004.png?w=4167&amp;ssl=1 4167w, https:\/\/i0.wp.com\/blogs.ugto.mx\/enfermeriaenlinea\/wp-content\/uploads\/sites\/43\/2018\/09\/ECO-UNI2-CAT-004.png?resize=300%2C230&amp;ssl=1 300w, https:\/\/i0.wp.com\/blogs.ugto.mx\/enfermeriaenlinea\/wp-content\/uploads\/sites\/43\/2018\/09\/ECO-UNI2-CAT-004.png?resize=768%2C590&amp;ssl=1 768w, https:\/\/i0.wp.com\/blogs.ugto.mx\/enfermeriaenlinea\/wp-content\/uploads\/sites\/43\/2018\/09\/ECO-UNI2-CAT-004.png?resize=1024%2C786&amp;ssl=1 1024w, https:\/\/i0.wp.com\/blogs.ugto.mx\/enfermeriaenlinea\/wp-content\/uploads\/sites\/43\/2018\/09\/ECO-UNI2-CAT-004.png?w=2400&amp;ssl=1 2400w, https:\/\/i0.wp.com\/blogs.ugto.mx\/enfermeriaenlinea\/wp-content\/uploads\/sites\/43\/2018\/09\/ECO-UNI2-CAT-004.png?w=3600&amp;ssl=1 3600w\" sizes=\"auto, (max-width: 700px) 100vw, 700px\" \/><\/h1>\n<p>Diagrama 2. Radiaci\u00f3n solar.<\/p>\n<p>Como podemos ver la contaminaci\u00f3n atmosf\u00e9rica afecta de distintas maneras a los seres vivos. En los seres humano favorece las enfermedades respiratorias, los grupos m\u00e1s vulnerables son los ni\u00f1os, los ancianos y las familias que viven en extrema pobreza. Se calcula que aproximadamente 1.3 millones de personas fallecen al a\u00f1o por causa de la contaminaci\u00f3n atmosf\u00e9rica. En las ciudades donde hay niveles m\u00e1s altos de contaminaci\u00f3n las personas padecen m\u00e1s enfermedades cardiacas, respiratorias y c\u00e1ncer de pulm\u00f3n. Estamos seguros que la exposici\u00f3n a largo plazo favorece las complicaciones de la enfermedad.<\/p>\n<h4>2.4 Intervenciones para la mejora de la calidad del aire<\/h4>\n<p>El control de los contaminantes del medio ambiente requiere de medidas de las autoridades p\u00fablicas en todos los niveles. La OMS ha dictado las Gu\u00edas de la calidad del Aire que recomiendan los par\u00e1metros de calidad del aire para reducir de modo significativo los riesgos de salud.<\/p>\n<p><img data-recalc-dims=\"1\" loading=\"lazy\" decoding=\"async\" data-attachment-id=\"9245\" data-permalink=\"https:\/\/blogs.ugto.mx\/enfermeriaenlinea\/unidad-didactica-2-contaminacion-atmosferica\/eco-uni2-cat-005\/#main\" data-orig-file=\"https:\/\/i0.wp.com\/blogs.ugto.mx\/enfermeriaenlinea\/wp-content\/uploads\/sites\/43\/2018\/09\/ECO-UNI2-CAT-005.jpg?fit=1600%2C1067&amp;ssl=1\" data-orig-size=\"1600,1067\" data-comments-opened=\"0\" data-image-meta=\"{&quot;aperture&quot;:&quot;0&quot;,&quot;credit&quot;:&quot;&quot;,&quot;camera&quot;:&quot;&quot;,&quot;caption&quot;:&quot;&quot;,&quot;created_timestamp&quot;:&quot;0&quot;,&quot;copyright&quot;:&quot;&quot;,&quot;focal_length&quot;:&quot;0&quot;,&quot;iso&quot;:&quot;0&quot;,&quot;shutter_speed&quot;:&quot;0&quot;,&quot;title&quot;:&quot;&quot;,&quot;orientation&quot;:&quot;0&quot;}\" data-image-title=\"ECO-UNI2- CAT-005\" data-image-description=\"\" data-image-caption=\"\" data-large-file=\"https:\/\/i0.wp.com\/blogs.ugto.mx\/enfermeriaenlinea\/wp-content\/uploads\/sites\/43\/2018\/09\/ECO-UNI2-CAT-005.jpg?fit=1024%2C683&amp;ssl=1\" class=\"aligncenter wp-image-9245\" src=\"https:\/\/i0.wp.com\/blogs.ugto.mx\/enfermeriaenlinea\/wp-content\/uploads\/sites\/43\/2018\/09\/ECO-UNI2-CAT-005.jpg?resize=700%2C467&#038;ssl=1\" alt=\"\" width=\"700\" height=\"467\" srcset=\"https:\/\/i0.wp.com\/blogs.ugto.mx\/enfermeriaenlinea\/wp-content\/uploads\/sites\/43\/2018\/09\/ECO-UNI2-CAT-005.jpg?w=1600&amp;ssl=1 1600w, https:\/\/i0.wp.com\/blogs.ugto.mx\/enfermeriaenlinea\/wp-content\/uploads\/sites\/43\/2018\/09\/ECO-UNI2-CAT-005.jpg?resize=300%2C200&amp;ssl=1 300w, https:\/\/i0.wp.com\/blogs.ugto.mx\/enfermeriaenlinea\/wp-content\/uploads\/sites\/43\/2018\/09\/ECO-UNI2-CAT-005.jpg?resize=768%2C512&amp;ssl=1 768w, https:\/\/i0.wp.com\/blogs.ugto.mx\/enfermeriaenlinea\/wp-content\/uploads\/sites\/43\/2018\/09\/ECO-UNI2-CAT-005.jpg?resize=1024%2C683&amp;ssl=1 1024w, https:\/\/i0.wp.com\/blogs.ugto.mx\/enfermeriaenlinea\/wp-content\/uploads\/sites\/43\/2018\/09\/ECO-UNI2-CAT-005.jpg?resize=272%2C182&amp;ssl=1 272w\" sizes=\"auto, (max-width: 700px) 100vw, 700px\" \/><\/p>\n<p>Imagen 3. La OMS busca mejorar la calidad del aire por medio de programas.<\/p>\n<p>El cometido de la OMS es vigilar y reconoce los contaminantes del aire que tienen mayor efecto negativo sobre la salud humana. El mejoramiento de la calidad del aire puede disminuir considerablemente la cantidad de personas que enferman de padecimientos respiratorio.<\/p>\n<p>La aplicaci\u00f3n de normas y reglamentos que nos ayuden a controlar las emisiones contaminantes pueden mejorar la calidad del aire, mejorar la salud y aminorar la morbilidad.<\/p>\n<p>En nuestro pa\u00eds existen<strong> \u201cProgramas de Gesti\u00f3n para Mejorar la Calidad del aire\u201d<\/strong>. Estos programas de gesti\u00f3n para mejorar la calidad del aire (ProAire) constituyen uno de los principales instrumentos desarrollados para revertir las tendencias de deterioro de la calidad del aire en las principales ciudades de M\u00e9xico. Los ProAire incorporan medidas concretas para el abatimiento y control de las emisiones de contaminantes, se fundamentan en la relaci\u00f3n existente entre la emisi\u00f3n de los contaminantes por las fuentes que los producen, el impacto que ocasionan en la calidad del aire y sobre la salud de las personas.<\/p>\n<p>La <strong>LGEEPA <\/strong>establece que las autoridades deben ejecutar programas de reducci\u00f3n de emisiones contaminantes a la atm\u00f3sfera provenientes de las fuentes de jurisdicci\u00f3n federal; esto es, la <strong>SEMARNAT<\/strong> en coordinaci\u00f3n con otras dependencias del gobierno federal son responsables de implantar programas para disminuir las emisiones de las industrias de jurisdicci\u00f3n federal y de los veh\u00edculos automotores nuevos en planta. As\u00ed mismo, la Ley indica que corresponde a las autoridades locales elaborar programas de gesti\u00f3n para mejorar la calidad del aire en las entidades y someterlos a la SEMARNAT para su aprobaci\u00f3n, as\u00ed como instrumentar programas de verificaci\u00f3n de las emisiones vehiculares<strong>.<\/strong><\/p>\n<p>La LGEEPA establece el enfoque de coordinaci\u00f3n de los tres niveles de gobierno para elaborar los ProAire, ya que, si bien cada nivel de gobierno tiene sus responsabilidades claramente definidas, es necesario concurrir para establecer programas integrales con objetivos comunes y congruentes.<\/p>\n<p>En M\u00e9xico contamos con la<strong> NOM 023-SSA1-1993. Salud Ambiental.<\/strong> Criterios para evaluar la calidad del aire ambiente, donde se fijan los valores m\u00e1ximos permisibles para aquellos contaminantes que representan un riesgo comprobado en la salud humana. Los l\u00edmites se establecen en base a la poblaci\u00f3n de mayor riesgo.<\/p>\n<p>El 08 de marzo del 2017 se present\u00f3 la Estrategia Nacional de Calidad del Aire (ENCA) por parte de la Secretar\u00eda del Medio y Recursos Naturales, es un instrumento de pol\u00edtica p\u00fablica y herramienta de planeaci\u00f3n que orientar\u00e1 y coordinar\u00e1 acciones para controlar y prevenir la emisi\u00f3n y concentraci\u00f3n de contaminantes en la atm\u00f3sfera, tanto en zonas urbanas como rurales con una proyecci\u00f3n al 2030; aqu\u00ed se establecen cinco ejes, 21 estrategias y 69 l\u00edneas de acci\u00f3n para mejorar la calidad del aire.<\/p>\n<p>Tiene como objetivo proteger la salud de la poblaci\u00f3n y los ecosistemas, contribuyendo al desarrollo econ\u00f3mico y sustentable.<\/p>\n<h2>Conclusiones<\/h2>\n<p>El hombre tiene que contribuir a mejorar la calidad del aire si no quiere una crisis ecol\u00f3gica a nivel mundial. El ser humano no tiene otra alternativa m\u00e1s que hacer frente a la situaci\u00f3n que \u00e9l mismo ha provocado y encaminar todas sus acciones a la mejora del medio ambiente.<\/p>\n<p>El ser humano debe desarrollar tecnolog\u00eda que sea m\u00e1s amigable con el medio y cuyos beneficios satisfagan las necesidades de la poblaci\u00f3n, esta situaci\u00f3n debe impulsar y garantizar el bienestar de los ecosistemas, as\u00ed como la salud y el futuro de las especies.<\/p>\n<h2>Bibliograf\u00eda consultada<\/h2>\n<ul>\n<li>Camilloni, I &amp; Vera, C. (2006). La Atm\u00f3sfera. Agosto 2018, de Explora. Las Ciencias en el Mundo Contempor\u00e1neo Sitio web: http:\/\/www.bnm.me.gov.ar\/giga1\/documentos\/EL002316.pdf<\/li>\n<li>Direcci\u00f3n General de Calidad del Aire y RETC . (2012). Programas de Gesti\u00f3n para mejorar la calidad del aire. Agosto 2018, de SEMARNAT Sitio web: http:\/\/www.semarnat.gob.mx\/temas\/gestion-ambiental\/calidad-del-aire\/programas-de-gestion-para-mejorar-la-calidad-del-aire<\/li>\n<li>Ecolog\u00eda. Contaminaci\u00f3n- Medio Ambiente. Cap\u00edtulo:Contaminaci\u00f3n del aire. Editorial: Interamericana<br \/>\nURL de consulta: http:\/\/www.who.int\/phe\/health_topics\/outdoorair\/databases\/background_information\/es\/<\/li>\n<li>http:\/\/www.semarnat.gob.mx\/archivosanteriores\/informacionambiental\/Documents\/05_serie\/yelmedioambiente\/5_contaminacion_v08.pdf<\/li>\n<li>Oyarz\u00fan, M.. (2010). Contaminaci\u00f3n a\u00e9rea y sus efectos en la salud. Agosto 2018, de Rev. Chil Sitio web: https:\/\/scielo.conicyt.cl\/pdf\/rcher\/v26n1\/art04.pdf<\/li>\n<\/ul>\n","protected":false},"excerpt":{"rendered":"<p>Introducci\u00f3n El aire es indispensable para poder vivir, la adici\u00f3n de material indeseable por el aire cambia la composici\u00f3n de la atm\u00f3sfera perjudicando la vida, a \u00e9ste fen\u00f3meno se le conoce como contaminaci\u00f3n atmosf\u00e9rica. La contaminaci\u00f3n ha sido definida como un cambio indeseable en las caracter\u00edsticas (f\u00edsicas, qu\u00edmicas o biol\u00f3gicas) de nuestro aire, tierra o &#8230; <a title=\"Unidad did\u00e1ctica 2: Contaminaci\u00f3n atmosf\u00e9rica\" class=\"read-more\" href=\"https:\/\/blogs.ugto.mx\/enfermeriaenlinea\/unidad-didactica-2-contaminacion-atmosferica\/\" aria-label=\"Leer m\u00e1s sobre Unidad did\u00e1ctica 2: Contaminaci\u00f3n atmosf\u00e9rica\">Leer m\u00e1s<\/a><\/p>\n","protected":false},"author":111,"featured_media":0,"comment_status":"closed","ping_status":"closed","sticky":false,"template":"","format":"standard","meta":{"_acf_changed":false,"_crdt_document":"","episode_type":"","audio_file":"","podmotor_file_id":"","podmotor_episode_id":"","cover_image":"","cover_image_id":"","duration":"","filesize":"","filesize_raw":"","date_recorded":"","explicit":"","block":"","itunes_episode_number":"","itunes_title":"","itunes_season_number":"","itunes_episode_type":"","jetpack_post_was_ever_published":false,"footnotes":""},"categories":[45],"tags":[],"class_list":["post-9047","post","type-post","status-publish","format-standard","hentry","category-ecologia-y-salud"],"acf":[],"jetpack_featured_media_url":"","jetpack_sharing_enabled":true,"jetpack_shortlink":"https:\/\/wp.me\/p9Pe0m-2lV","jetpack-related-posts":[],"_links":{"self":[{"href":"https:\/\/blogs.ugto.mx\/enfermeriaenlinea\/wp-json\/wp\/v2\/posts\/9047","targetHints":{"allow":["GET"]}}],"collection":[{"href":"https:\/\/blogs.ugto.mx\/enfermeriaenlinea\/wp-json\/wp\/v2\/posts"}],"about":[{"href":"https:\/\/blogs.ugto.mx\/enfermeriaenlinea\/wp-json\/wp\/v2\/types\/post"}],"author":[{"embeddable":true,"href":"https:\/\/blogs.ugto.mx\/enfermeriaenlinea\/wp-json\/wp\/v2\/users\/111"}],"replies":[{"embeddable":true,"href":"https:\/\/blogs.ugto.mx\/enfermeriaenlinea\/wp-json\/wp\/v2\/comments?post=9047"}],"version-history":[{"count":7,"href":"https:\/\/blogs.ugto.mx\/enfermeriaenlinea\/wp-json\/wp\/v2\/posts\/9047\/revisions"}],"predecessor-version":[{"id":10649,"href":"https:\/\/blogs.ugto.mx\/enfermeriaenlinea\/wp-json\/wp\/v2\/posts\/9047\/revisions\/10649"}],"wp:attachment":[{"href":"https:\/\/blogs.ugto.mx\/enfermeriaenlinea\/wp-json\/wp\/v2\/media?parent=9047"}],"wp:term":[{"taxonomy":"category","embeddable":true,"href":"https:\/\/blogs.ugto.mx\/enfermeriaenlinea\/wp-json\/wp\/v2\/categories?post=9047"},{"taxonomy":"post_tag","embeddable":true,"href":"https:\/\/blogs.ugto.mx\/enfermeriaenlinea\/wp-json\/wp\/v2\/tags?post=9047"}],"curies":[{"name":"wp","href":"https:\/\/api.w.org\/{rel}","templated":true}]}}