{"id":9053,"date":"2018-09-24T09:16:48","date_gmt":"2018-09-24T14:16:48","guid":{"rendered":"https:\/\/blogs.ugto.mx\/enfermeriaenlinea\/?p=9053"},"modified":"2022-03-18T11:10:12","modified_gmt":"2022-03-18T16:10:12","slug":"unidad-didactica-4-calentamiento-global-y-efecto-invernadero","status":"publish","type":"post","link":"https:\/\/blogs.ugto.mx\/enfermeriaenlinea\/unidad-didactica-4-calentamiento-global-y-efecto-invernadero\/","title":{"rendered":"Unidad did\u00e1ctica 4: Calentamiento global y efecto invernadero"},"content":{"rendered":"<h2>Introducci\u00f3n<\/h2>\n<p>Cuando hablamos de la historia de la tierra tenemos que hablar del clima, como ya hemos tratado antes, en los \u00faltimos a\u00f1os la actividad del hombre ha creado no s\u00f3lo progreso, sino tambi\u00e9n deterioro en los ecosistemas de la tierra. Un gran problema que el hombre tiene que enfrentar, como consecuencia del derroche de recursos naturales, es el calentamiento global, el efecto invernadero y el cambio clim\u00e1tico.<\/p>\n<p>Debemos tener en cuenta que estos conceptos se usan muy frecuentemente, la preocupaci\u00f3n mundial por los da\u00f1os que el planeta est\u00e1 resintiendo y sus efectos negativos sobre los seres vivos nos ha dejado ver que, lo que es bueno para el planeta es bueno para quienes la habitamos.<\/p>\n<p>El deterioro de nuestra atm\u00f3sfera nos ha dado como resultado el calentamiento global, este ocasiona un aumento en la temperatura de los oc\u00e9anos y la atm\u00f3sfera, contribuyendo al efecto invernadero.<\/p>\n<p><img data-recalc-dims=\"1\" loading=\"lazy\" decoding=\"async\" data-attachment-id=\"9265\" data-permalink=\"https:\/\/blogs.ugto.mx\/enfermeriaenlinea\/unidad-didactica-4-calentamiento-global-y-efecto-invernadero\/eco-uni4-cagei-001\/#main\" data-orig-file=\"https:\/\/i0.wp.com\/blogs.ugto.mx\/enfermeriaenlinea\/wp-content\/uploads\/sites\/43\/2018\/09\/ECO-UNI4-CAGEI-001.jpg?fit=512%2C341&amp;ssl=1\" data-orig-size=\"512,341\" data-comments-opened=\"0\" data-image-meta=\"{&quot;aperture&quot;:&quot;0&quot;,&quot;credit&quot;:&quot;&quot;,&quot;camera&quot;:&quot;&quot;,&quot;caption&quot;:&quot;&quot;,&quot;created_timestamp&quot;:&quot;0&quot;,&quot;copyright&quot;:&quot;&quot;,&quot;focal_length&quot;:&quot;0&quot;,&quot;iso&quot;:&quot;0&quot;,&quot;shutter_speed&quot;:&quot;0&quot;,&quot;title&quot;:&quot;&quot;,&quot;orientation&quot;:&quot;0&quot;}\" data-image-title=\"ECO-UNI4-CAGEI-001\" data-image-description=\"\" data-image-caption=\"\" data-large-file=\"https:\/\/i0.wp.com\/blogs.ugto.mx\/enfermeriaenlinea\/wp-content\/uploads\/sites\/43\/2018\/09\/ECO-UNI4-CAGEI-001.jpg?fit=512%2C341&amp;ssl=1\" class=\"aligncenter wp-image-9265\" src=\"https:\/\/i0.wp.com\/blogs.ugto.mx\/enfermeriaenlinea\/wp-content\/uploads\/sites\/43\/2018\/09\/ECO-UNI4-CAGEI-001.jpg?resize=700%2C466&#038;ssl=1\" alt=\"\" width=\"700\" height=\"466\" srcset=\"https:\/\/i0.wp.com\/blogs.ugto.mx\/enfermeriaenlinea\/wp-content\/uploads\/sites\/43\/2018\/09\/ECO-UNI4-CAGEI-001.jpg?w=512&amp;ssl=1 512w, https:\/\/i0.wp.com\/blogs.ugto.mx\/enfermeriaenlinea\/wp-content\/uploads\/sites\/43\/2018\/09\/ECO-UNI4-CAGEI-001.jpg?resize=300%2C200&amp;ssl=1 300w, https:\/\/i0.wp.com\/blogs.ugto.mx\/enfermeriaenlinea\/wp-content\/uploads\/sites\/43\/2018\/09\/ECO-UNI4-CAGEI-001.jpg?resize=272%2C182&amp;ssl=1 272w\" sizes=\"auto, (max-width: 700px) 100vw, 700px\" \/><\/p>\n<p>Imagen 1.&nbsp;<span style=\"font-weight: 400\">Los cambios clim\u00e1ticos afectan las estaciones del a\u00f1o.<\/span><\/p>\n<p>Los cambios clim\u00e1ticos afectan la duraci\u00f3n de las estaciones, la prolongaci\u00f3n de ciertas estaciones favorece la transmisi\u00f3n de enfermedades por vectores, tambi\u00e9n altera su distribuci\u00f3n geogr\u00e1fica.<\/p>\n<p>La OMS ha previsto que estos problemas llegar\u00e1n a causar defunciones adicionales por exposici\u00f3n de personas mayores al calor, aumento de muertes por diarrea, descontrol en enfermedades por vectores como paludismo y desnutrici\u00f3n infantil.<\/p>\n<h2>Competencias<\/h2>\n<p>Conocer y comprender los problemas ambientales de la actualidad para tomar acciones preventivas y correctivas que permitan preservar el medio ambiente y c\u00f3mo \u00e9stas influyen en el proceso de salud enfermedad, lo anterior en un contexto de probidad y responsabilidad.<\/p>\n<h2>Contenido<\/h2>\n<h3>4. Calentamiento global y efecto invernadero<\/h3>\n<h4>4.1. Calentamiento global.<\/h4>\n<p>El calentamiento global nos hace referencia al incremento de la temperatura de los oc\u00e9anos y de la atm\u00f3sfera, arrojando una serie de da\u00f1os que nos atacar\u00e1n de forma violenta en un futuro. Los cient\u00edficos aseguran que existe la posibilidad de que los da\u00f1os se eleven de tal manera que los gases lleguen a su concentraci\u00f3n m\u00e1xima, la deforestaci\u00f3n y la quema de combustibles f\u00f3siles ayudan a agravar el problema.<\/p>\n<p><img data-recalc-dims=\"1\" loading=\"lazy\" decoding=\"async\" data-attachment-id=\"9266\" data-permalink=\"https:\/\/blogs.ugto.mx\/enfermeriaenlinea\/unidad-didactica-4-calentamiento-global-y-efecto-invernadero\/captura-de-pantalla-2018-09-25-a-las-14-37-35\/#main\" data-orig-file=\"https:\/\/i0.wp.com\/blogs.ugto.mx\/enfermeriaenlinea\/wp-content\/uploads\/sites\/43\/2018\/09\/Captura-de-pantalla-2018-09-25-a-las-14.37.35.png?fit=618%2C411&amp;ssl=1\" data-orig-size=\"618,411\" data-comments-opened=\"0\" data-image-meta=\"{&quot;aperture&quot;:&quot;0&quot;,&quot;credit&quot;:&quot;&quot;,&quot;camera&quot;:&quot;&quot;,&quot;caption&quot;:&quot;&quot;,&quot;created_timestamp&quot;:&quot;0&quot;,&quot;copyright&quot;:&quot;&quot;,&quot;focal_length&quot;:&quot;0&quot;,&quot;iso&quot;:&quot;0&quot;,&quot;shutter_speed&quot;:&quot;0&quot;,&quot;title&quot;:&quot;&quot;,&quot;orientation&quot;:&quot;0&quot;}\" data-image-title=\"ECO-UNI4-CAGEI-002\" data-image-description=\"\" data-image-caption=\"\" data-large-file=\"https:\/\/i0.wp.com\/blogs.ugto.mx\/enfermeriaenlinea\/wp-content\/uploads\/sites\/43\/2018\/09\/Captura-de-pantalla-2018-09-25-a-las-14.37.35.png?fit=618%2C411&amp;ssl=1\" class=\"aligncenter wp-image-9266\" src=\"https:\/\/i0.wp.com\/blogs.ugto.mx\/enfermeriaenlinea\/wp-content\/uploads\/sites\/43\/2018\/09\/Captura-de-pantalla-2018-09-25-a-las-14.37.35.png?resize=700%2C466&#038;ssl=1\" alt=\"\" width=\"700\" height=\"466\" srcset=\"https:\/\/i0.wp.com\/blogs.ugto.mx\/enfermeriaenlinea\/wp-content\/uploads\/sites\/43\/2018\/09\/Captura-de-pantalla-2018-09-25-a-las-14.37.35.png?w=618&amp;ssl=1 618w, https:\/\/i0.wp.com\/blogs.ugto.mx\/enfermeriaenlinea\/wp-content\/uploads\/sites\/43\/2018\/09\/Captura-de-pantalla-2018-09-25-a-las-14.37.35.png?resize=300%2C200&amp;ssl=1 300w, https:\/\/i0.wp.com\/blogs.ugto.mx\/enfermeriaenlinea\/wp-content\/uploads\/sites\/43\/2018\/09\/Captura-de-pantalla-2018-09-25-a-las-14.37.35.png?resize=272%2C182&amp;ssl=1 272w\" sizes=\"auto, (max-width: 700px) 100vw, 700px\" \/><\/p>\n<p><span style=\"font-weight: 400\">Imagen 2. &nbsp;La posibilidad de que los da\u00f1os por la contaminaci\u00f3n se ven reflejados en la tierra.<\/span><\/p>\n<p>Los estudios han demostrado que la actividad humana, durante los \u00faltimos 50 a\u00f1os, ha liberado cantidades de CO2 y de otros gases en cantidad suficiente para retener el calor en las capas inferiores de la atm\u00f3sfera, alterando as\u00ed el clima.<\/p>\n<p>En los \u00faltimos 130 a\u00f1os el mundo se ha calentado 0.85\u00b0C aproximadamente. Cada d\u00e9cada ha sido m\u00e1s c\u00e1lida que cualquier d\u00e9cada precedente desde 1850.<\/p>\n<p>Los glaciares est\u00e1n desapareciendo, los reg\u00edmenes de la lluvia est\u00e1n cambian, el nivel del mar est\u00e1 aumentando. Los fen\u00f3menos meteorol\u00f3gicos extremos son cada vez m\u00e1s notorios y frecuentes.<\/p>\n<p>Desde finales del siglo XIX se ha monitoreado la temperatura de la atm\u00f3sfera en diferentes regiones del mundo, esto nos ha permitido darnos cuenta de las tendencias de aumento de la temperatura, esta tendencia va de la mano con el aumento en el CO2 atmosf\u00e9rico.<\/p>\n<p>El aumento del CO2 ayuda a intensificar el efecto invernadero, de all\u00ed la raz\u00f3n a que se usen indistintamente los t\u00e9rminos, sin embargo, uno describe el aumento de la temperatura y el otro el mecanismo que causa el incremento de CO2. &nbsp;Existen dos factores que contribuyen al aumento de CO2 las causas naturales y la actividad humana.<\/p>\n<p>Algunas de las causas naturales son:<\/p>\n<p><strong>La disoluci\u00f3n en el Oc\u00e9ano.<\/strong> Este ciclo est\u00e1 en un delicado balance que es controlado por la temperatura del agua y la actividad geol\u00f3gica, este balance se ve afectado con el incremento de la temperatura del oc\u00e9ano, ya que el oc\u00e9ano pasa, de ser un filtro de CO2, a ser una fuente.<\/p>\n<p><strong>Actividad Biol\u00f3gica<\/strong>. La fotos\u00edntesis es un proceso en el que \u00e9l CO2 se fija en el tejido y se regresa a la atm\u00f3sfera por medio de la respiraci\u00f3n, los bosques y las selvas son quienes la mayor concentraci\u00f3n. La tala indiscriminada de bosques provoca que se libere ese CO2, pasando de ser un dep\u00f3sito a una fuente.<\/p>\n<p>Uno de los m\u00e1s claros ejemplos que tenemos sobre los efectos del calentamiento global es ver c\u00f3mo los glaciares se est\u00e9n derritiendo, esto provoca un aumento en el nivel del mar, lo que pone en riesgo de inundaci\u00f3n &nbsp;a las ciudades costeras.<\/p>\n<h1><img data-recalc-dims=\"1\" loading=\"lazy\" decoding=\"async\" data-attachment-id=\"9267\" data-permalink=\"https:\/\/blogs.ugto.mx\/enfermeriaenlinea\/unidad-didactica-4-calentamiento-global-y-efecto-invernadero\/eco-uni4-cagei-003\/#main\" data-orig-file=\"https:\/\/i0.wp.com\/blogs.ugto.mx\/enfermeriaenlinea\/wp-content\/uploads\/sites\/43\/2018\/09\/ECO-UNI4-CAGEI-003.jpg?fit=512%2C336&amp;ssl=1\" data-orig-size=\"512,336\" data-comments-opened=\"0\" data-image-meta=\"{&quot;aperture&quot;:&quot;0&quot;,&quot;credit&quot;:&quot;&quot;,&quot;camera&quot;:&quot;&quot;,&quot;caption&quot;:&quot;&quot;,&quot;created_timestamp&quot;:&quot;0&quot;,&quot;copyright&quot;:&quot;&quot;,&quot;focal_length&quot;:&quot;0&quot;,&quot;iso&quot;:&quot;0&quot;,&quot;shutter_speed&quot;:&quot;0&quot;,&quot;title&quot;:&quot;&quot;,&quot;orientation&quot;:&quot;0&quot;}\" data-image-title=\"ECO-UNI4-CAGEI-003\" data-image-description=\"\" data-image-caption=\"\" data-large-file=\"https:\/\/i0.wp.com\/blogs.ugto.mx\/enfermeriaenlinea\/wp-content\/uploads\/sites\/43\/2018\/09\/ECO-UNI4-CAGEI-003.jpg?fit=512%2C336&amp;ssl=1\" class=\"aligncenter wp-image-9267\" src=\"https:\/\/i0.wp.com\/blogs.ugto.mx\/enfermeriaenlinea\/wp-content\/uploads\/sites\/43\/2018\/09\/ECO-UNI4-CAGEI-003.jpg?resize=700%2C459&#038;ssl=1\" alt=\"\" width=\"700\" height=\"459\" srcset=\"https:\/\/i0.wp.com\/blogs.ugto.mx\/enfermeriaenlinea\/wp-content\/uploads\/sites\/43\/2018\/09\/ECO-UNI4-CAGEI-003.jpg?w=512&amp;ssl=1 512w, https:\/\/i0.wp.com\/blogs.ugto.mx\/enfermeriaenlinea\/wp-content\/uploads\/sites\/43\/2018\/09\/ECO-UNI4-CAGEI-003.jpg?resize=300%2C197&amp;ssl=1 300w\" sizes=\"auto, (max-width: 700px) 100vw, 700px\" \/><\/h1>\n<p><span style=\"font-weight: 400\">Imagen 3. El&nbsp; calentamiento global repercute al aumento del nivel del mar y los glaciares en deterioro.<\/span><\/p>\n<p>El aumento del nivel del mar, as\u00ed como los eventos meteorol\u00f3gicos cada vez m\u00e1s intensos, est\u00e1n poniendo en riesgo los ecosistemas y, por ende al ser humano. Estas situaciones obligan a la migraci\u00f3n.<\/p>\n<p>El suministro de agua dulce tambi\u00e9n se ve afectado por la variabilidad en las precipitaciones, la escasez de agua nos aumenta el riesgo de enfermedades diarreicas. En casos extremos habr\u00e1 sequ\u00edas y hambruna, aumentar\u00e1 la desnutrici\u00f3n y la malnutrici\u00f3n que, actualmente causa 3.1 millones de defunciones (OMS)<\/p>\n<p>Debido al calentamiento global las lluvias son m\u00e1s escasa, pero m\u00e1s intensas, provocando inundaciones. Las inundaciones contaminan el agua dulce, adem\u00e1s de que el agua estancada se convierte en criadero de insectos portadores de enfermedades (mosquitos). Reafirmamos que las condiciones clim\u00e1ticas tienen una gran influencia en las enfermedades.<\/p>\n<p><img data-recalc-dims=\"1\" loading=\"lazy\" decoding=\"async\" data-attachment-id=\"9268\" data-permalink=\"https:\/\/blogs.ugto.mx\/enfermeriaenlinea\/unidad-didactica-4-calentamiento-global-y-efecto-invernadero\/eco-uni4-cagei-004\/#main\" data-orig-file=\"https:\/\/i0.wp.com\/blogs.ugto.mx\/enfermeriaenlinea\/wp-content\/uploads\/sites\/43\/2018\/09\/ECO-UNI4-CAGEI-004.jpg?fit=512%2C341&amp;ssl=1\" data-orig-size=\"512,341\" data-comments-opened=\"0\" data-image-meta=\"{&quot;aperture&quot;:&quot;0&quot;,&quot;credit&quot;:&quot;&quot;,&quot;camera&quot;:&quot;&quot;,&quot;caption&quot;:&quot;&quot;,&quot;created_timestamp&quot;:&quot;0&quot;,&quot;copyright&quot;:&quot;&quot;,&quot;focal_length&quot;:&quot;0&quot;,&quot;iso&quot;:&quot;0&quot;,&quot;shutter_speed&quot;:&quot;0&quot;,&quot;title&quot;:&quot;&quot;,&quot;orientation&quot;:&quot;0&quot;}\" data-image-title=\"ECO-UNI4-CAGEI-004\" data-image-description=\"\" data-image-caption=\"\" data-large-file=\"https:\/\/i0.wp.com\/blogs.ugto.mx\/enfermeriaenlinea\/wp-content\/uploads\/sites\/43\/2018\/09\/ECO-UNI4-CAGEI-004.jpg?fit=512%2C341&amp;ssl=1\" class=\"aligncenter wp-image-9268\" src=\"https:\/\/i0.wp.com\/blogs.ugto.mx\/enfermeriaenlinea\/wp-content\/uploads\/sites\/43\/2018\/09\/ECO-UNI4-CAGEI-004.jpg?resize=700%2C466&#038;ssl=1\" alt=\"\" width=\"700\" height=\"466\" srcset=\"https:\/\/i0.wp.com\/blogs.ugto.mx\/enfermeriaenlinea\/wp-content\/uploads\/sites\/43\/2018\/09\/ECO-UNI4-CAGEI-004.jpg?w=512&amp;ssl=1 512w, https:\/\/i0.wp.com\/blogs.ugto.mx\/enfermeriaenlinea\/wp-content\/uploads\/sites\/43\/2018\/09\/ECO-UNI4-CAGEI-004.jpg?resize=300%2C200&amp;ssl=1 300w, https:\/\/i0.wp.com\/blogs.ugto.mx\/enfermeriaenlinea\/wp-content\/uploads\/sites\/43\/2018\/09\/ECO-UNI4-CAGEI-004.jpg?resize=272%2C182&amp;ssl=1 272w\" sizes=\"auto, (max-width: 700px) 100vw, 700px\" \/><\/p>\n<p><span style=\"font-weight: 400\">Imagen 4. Las inundaciones contaminan el agua dulce.<\/span><\/p>\n<p>Las defunciones por enfermedades respiratorias y cardiovasculares tambi\u00e9n aumentan con las temperaturas extremas del aire, Por ejemplo, en el verano del 2003 en Europa, la ola de calor que se vivi\u00f3 dej\u00f3 un registro de mortalidad cifrado en 70,000 defunciones (OMS).<\/p>\n<p>En casos de calor extremo el ambiente aumenta su carga de polen y otros al\u00e9rgenos, afectando de manera importante las v\u00edas respiratorias.<\/p>\n<p>Estas situaciones se viven en todo el mundo, claro que cada zona o regi\u00f3n adolece de ciertas circunstancias, sin embargo, ninguno estamos exentos. Algunas personas son m\u00e1s vulnerables que otras, por ejemplo, los ni\u00f1os de los pa\u00edses pobres. Las situaciones de salud y la edad contribuir\u00e1n a aumentar los riesgos sanitarios.<\/p>\n<p>Quienes tendr\u00e1n m\u00e1s dificultad para responder a las necesidades de salud ser\u00e1 los pa\u00edses con infraestructura sanitaria deficiente.<\/p>\n<p>Cada pa\u00eds tiene sus normas y pol\u00edticas para controlar y reducir las emisiones de gases y as\u00ed contribuir a los beneficios colaterales. La OMS present\u00f3 un iniciativa en materia de cambio clim\u00e1tico y los efectos en la salud y se aprob\u00f3 en 2015, donde se propone trabajar en:<\/p>\n<ul>\n<li><strong>Alianzas: <\/strong>Coordinarse con otras organizaciones del sistema de las Naciones Unidas y velar por que la salud est\u00e9 representada adecuadamente en la agenda sobre el cambio clim\u00e1tico.<\/li>\n<li><strong>Concienciaci\u00f3n:<\/strong> Proporcionar y difundir informaci\u00f3n sobre las amenazas que plantea el cambio clim\u00e1tico para la salud humana y las oportunidades de fomentar la salud reduciendo las emisiones de carbono.<\/li>\n<li><strong>Ciencia y datos probatorios: <\/strong>Coordinar las revisiones de la evidencia cient\u00edfica existente sobre la relaci\u00f3n entre el cambio clim\u00e1tico y la salud, y elaborar una agenda de investigaci\u00f3n mundial.<\/li>\n<li><strong>Apoyo a la puesta en pr\u00e1ctica de la respuesta de salud p\u00fablica al cambio clim\u00e1tico: <\/strong>Ayudar a los pa\u00edses a crear capacidad para reducir la vulnerabilidad de la salud al cambio clim\u00e1tico y fomentar la salud reduciendo las emisiones de carbono.<\/li>\n<\/ul>\n<h3>4.2. Efecto Invernadero.<\/h3>\n<p>El fen\u00f3meno natural por el cual la tierra experimenta un calentamiento se nombre Efecto Invernadero, este calentamiento es debido a la atm\u00f3sfera de la tierra.<\/p>\n<p>Sabemos que la atm\u00f3sfera contiene gases que permiten que la radiaci\u00f3n solar pase a trav\u00e9s de la atm\u00f3sfera y caliente la superficie de la tierra evitando que esta radiaci\u00f3n se escape; sin embargo, debido a la contaminaci\u00f3n, la concentraci\u00f3n de gases ha aumentado lo que da como resultado que se incremente la temperatura de la tierra.<\/p>\n<p><img data-recalc-dims=\"1\" loading=\"lazy\" decoding=\"async\" data-attachment-id=\"9269\" data-permalink=\"https:\/\/blogs.ugto.mx\/enfermeriaenlinea\/unidad-didactica-4-calentamiento-global-y-efecto-invernadero\/eco-uni4-cagei-005\/#main\" data-orig-file=\"https:\/\/i0.wp.com\/blogs.ugto.mx\/enfermeriaenlinea\/wp-content\/uploads\/sites\/43\/2018\/09\/ECO-UNI4-CAGEI-005.jpg?fit=512%2C341&amp;ssl=1\" data-orig-size=\"512,341\" data-comments-opened=\"0\" data-image-meta=\"{&quot;aperture&quot;:&quot;0&quot;,&quot;credit&quot;:&quot;&quot;,&quot;camera&quot;:&quot;&quot;,&quot;caption&quot;:&quot;&quot;,&quot;created_timestamp&quot;:&quot;0&quot;,&quot;copyright&quot;:&quot;&quot;,&quot;focal_length&quot;:&quot;0&quot;,&quot;iso&quot;:&quot;0&quot;,&quot;shutter_speed&quot;:&quot;0&quot;,&quot;title&quot;:&quot;&quot;,&quot;orientation&quot;:&quot;0&quot;}\" data-image-title=\"ECO-UNI4-CAGEI-005\" data-image-description=\"\" data-image-caption=\"\" data-large-file=\"https:\/\/i0.wp.com\/blogs.ugto.mx\/enfermeriaenlinea\/wp-content\/uploads\/sites\/43\/2018\/09\/ECO-UNI4-CAGEI-005.jpg?fit=512%2C341&amp;ssl=1\" class=\"aligncenter wp-image-9269\" src=\"https:\/\/i0.wp.com\/blogs.ugto.mx\/enfermeriaenlinea\/wp-content\/uploads\/sites\/43\/2018\/09\/ECO-UNI4-CAGEI-005.jpg?resize=700%2C466&#038;ssl=1\" alt=\"\" width=\"700\" height=\"466\" srcset=\"https:\/\/i0.wp.com\/blogs.ugto.mx\/enfermeriaenlinea\/wp-content\/uploads\/sites\/43\/2018\/09\/ECO-UNI4-CAGEI-005.jpg?w=512&amp;ssl=1 512w, https:\/\/i0.wp.com\/blogs.ugto.mx\/enfermeriaenlinea\/wp-content\/uploads\/sites\/43\/2018\/09\/ECO-UNI4-CAGEI-005.jpg?resize=300%2C200&amp;ssl=1 300w, https:\/\/i0.wp.com\/blogs.ugto.mx\/enfermeriaenlinea\/wp-content\/uploads\/sites\/43\/2018\/09\/ECO-UNI4-CAGEI-005.jpg?resize=272%2C182&amp;ssl=1 272w\" sizes=\"auto, (max-width: 700px) 100vw, 700px\" \/><\/p>\n<p><span style=\"font-weight: 400\">Imagen 5. El calentamiento global se debe al efecto invernadero.<\/span><\/p>\n<p>En otras palabras, el efecto invernadero es el motivo del calentamiento global y el cambio clim\u00e1tico. El aumento de los gases es el resultado de la actividad humano en el abuso de los recursos naturales y la destrucci\u00f3n de los ecosistemas.<\/p>\n<h1><img data-recalc-dims=\"1\" loading=\"lazy\" decoding=\"async\" data-attachment-id=\"9280\" data-permalink=\"https:\/\/blogs.ugto.mx\/enfermeriaenlinea\/unidad-didactica-4-calentamiento-global-y-efecto-invernadero\/eco-uni4-cagei-006\/#main\" data-orig-file=\"https:\/\/i0.wp.com\/blogs.ugto.mx\/enfermeriaenlinea\/wp-content\/uploads\/sites\/43\/2018\/09\/ECO-UNI4-CAGEI-006...png?fit=4167%2C3200&amp;ssl=1\" data-orig-size=\"4167,3200\" data-comments-opened=\"0\" data-image-meta=\"{&quot;aperture&quot;:&quot;0&quot;,&quot;credit&quot;:&quot;&quot;,&quot;camera&quot;:&quot;&quot;,&quot;caption&quot;:&quot;&quot;,&quot;created_timestamp&quot;:&quot;0&quot;,&quot;copyright&quot;:&quot;&quot;,&quot;focal_length&quot;:&quot;0&quot;,&quot;iso&quot;:&quot;0&quot;,&quot;shutter_speed&quot;:&quot;0&quot;,&quot;title&quot;:&quot;&quot;,&quot;orientation&quot;:&quot;0&quot;}\" data-image-title=\"ECO-UNI4-CAGEI-006..\" data-image-description=\"\" data-image-caption=\"\" data-large-file=\"https:\/\/i0.wp.com\/blogs.ugto.mx\/enfermeriaenlinea\/wp-content\/uploads\/sites\/43\/2018\/09\/ECO-UNI4-CAGEI-006...png?fit=1024%2C786&amp;ssl=1\" class=\"aligncenter wp-image-9280\" src=\"https:\/\/i0.wp.com\/blogs.ugto.mx\/enfermeriaenlinea\/wp-content\/uploads\/sites\/43\/2018\/09\/ECO-UNI4-CAGEI-006...png?resize=900%2C691&#038;ssl=1\" alt=\"\" width=\"900\" height=\"691\" srcset=\"https:\/\/i0.wp.com\/blogs.ugto.mx\/enfermeriaenlinea\/wp-content\/uploads\/sites\/43\/2018\/09\/ECO-UNI4-CAGEI-006...png?w=4167&amp;ssl=1 4167w, https:\/\/i0.wp.com\/blogs.ugto.mx\/enfermeriaenlinea\/wp-content\/uploads\/sites\/43\/2018\/09\/ECO-UNI4-CAGEI-006...png?resize=300%2C230&amp;ssl=1 300w, https:\/\/i0.wp.com\/blogs.ugto.mx\/enfermeriaenlinea\/wp-content\/uploads\/sites\/43\/2018\/09\/ECO-UNI4-CAGEI-006...png?resize=768%2C590&amp;ssl=1 768w, https:\/\/i0.wp.com\/blogs.ugto.mx\/enfermeriaenlinea\/wp-content\/uploads\/sites\/43\/2018\/09\/ECO-UNI4-CAGEI-006...png?resize=1024%2C786&amp;ssl=1 1024w, https:\/\/i0.wp.com\/blogs.ugto.mx\/enfermeriaenlinea\/wp-content\/uploads\/sites\/43\/2018\/09\/ECO-UNI4-CAGEI-006...png?w=2400&amp;ssl=1 2400w, https:\/\/i0.wp.com\/blogs.ugto.mx\/enfermeriaenlinea\/wp-content\/uploads\/sites\/43\/2018\/09\/ECO-UNI4-CAGEI-006...png?w=3600&amp;ssl=1 3600w\" sizes=\"auto, (max-width: 900px) 100vw, 900px\" \/><\/h1>\n<p>Diagrama 1. Efecto invernadero.<\/p>\n<p>El aumento desproporcionado de los gases en la atm\u00f3sfera de debe a:<\/p>\n<ol>\n<li><span style=\"font-weight: 400\"> &nbsp;&nbsp;&nbsp;Quema de combustibles f\u00f3siles. (Producto de deshecho de la industria)<\/span><\/li>\n<li><span style=\"font-weight: 400\"> &nbsp;&nbsp;&nbsp;Procesos de Refrigeraci\u00f3n y utilizaci\u00f3n de aerosoles<\/span><\/li>\n<li><span style=\"font-weight: 400\"> &nbsp;&nbsp;&nbsp;Procedimientos agr\u00edcolas y m\u00e9todos de cr\u00eda de ganado<\/span><\/li>\n<li><span style=\"font-weight: 400\"> &nbsp;&nbsp;&nbsp;Vertedero de basura.<\/span><\/li>\n<\/ol>\n<p>A principios de los 90\u00b4s las personas estaban poco sensibilizadas con el cambio clim\u00e1tico y sus efectos en la salud, esto era el resultado del desconocimiento de que la alteraci\u00f3n de los ecosistemas puede afectar a largo plazo el bienestar y la salud del ser humano.<\/p>\n<p>El Grupo Intergubernamental de Expertos sobre el Cambio Clim\u00e1tico (IPCC) realiz\u00f3 una publicaci\u00f3n en 1996 donde se habla de los posibles riesgos para la salud, para la publicaci\u00f3n del 2001 incluye tambi\u00e9n evaluaciones de los posibles efectos futuros, destaca tambi\u00e9n las repercusiones previstas en la salud.<\/p>\n<p>El IPCC fue creado en 1988, es el fruto del trabajo de centenares de cient\u00edficos en todo el mundo, en su tercer informe se lleg\u00f3 a la siguiente conclusi\u00f3n:<\/p>\n<p align=\"center\">\u201cSeg\u00fan las proyecciones, en general el cambio clim\u00e1tico aumentar\u00e1 los peligros para la salud humana, sobre todo en las poblaciones de menores ingresos de los pa\u00edses tropicales y subtropicales\u201d.<\/p>\n<p align=\"center\">\u00abEl cambio clim\u00e1tico puede afectar a la salud de manera directa (consecuencias de temperaturas demasiado altas o bajas, p\u00e9rdida de vidas y lesiones en inundaciones y tormentas) e indirecta, alterando el alcance de los vectores de enfermedades, como los mosquitos, y de los pat\u00f3genos transmitidos por el agua, as\u00ed como la calidad del agua, la calidad del aire, y la calidad y disponibilidad de los alimentos. El impacto real en la salud depender\u00e1 mucho de las condiciones ambientales locales y las circunstancias socioecon\u00f3micas, as\u00ed como de las diversas adaptaciones sociales, institucionales, tecnol\u00f3gicas y comportamentales orientadas a reducir todo el conjunto de amenazas para la salud.\u00bb<\/p>\n<p>Algunas soluciones posibles previstas son:<\/p>\n<ul>\n<li>Reducir las emisiones de gases invernadero a la atm\u00f3sfera.<\/li>\n<li>Disminuir el uso de los combustibles f\u00f3siles y utilizar otros combustibles alternativos, Energ\u00edas renovables.<\/li>\n<li>Plantar nuevos bosques que contribuyan a eliminar parte de la cantidad de di\u00f3xido de carbono de la atm\u00f3sfera al asimilarlo por medio de la fotos\u00edntesis.<\/li>\n<li>Reducir la emisi\u00f3n de gases que, adem\u00e1s de contribuir al calentamiento de la atm\u00f3sfera, causan grave da\u00f1o en la erosi\u00f3n de la capa de ozono.<\/li>\n<\/ul>\n<h1><img data-recalc-dims=\"1\" loading=\"lazy\" decoding=\"async\" data-attachment-id=\"9273\" data-permalink=\"https:\/\/blogs.ugto.mx\/enfermeriaenlinea\/unidad-didactica-4-calentamiento-global-y-efecto-invernadero\/eco-uni4-cagei-007\/#main\" data-orig-file=\"https:\/\/i0.wp.com\/blogs.ugto.mx\/enfermeriaenlinea\/wp-content\/uploads\/sites\/43\/2018\/09\/ECO-UNI4-CAGEI-007.jpg?fit=512%2C342&amp;ssl=1\" data-orig-size=\"512,342\" data-comments-opened=\"0\" data-image-meta=\"{&quot;aperture&quot;:&quot;0&quot;,&quot;credit&quot;:&quot;&quot;,&quot;camera&quot;:&quot;&quot;,&quot;caption&quot;:&quot;&quot;,&quot;created_timestamp&quot;:&quot;0&quot;,&quot;copyright&quot;:&quot;&quot;,&quot;focal_length&quot;:&quot;0&quot;,&quot;iso&quot;:&quot;0&quot;,&quot;shutter_speed&quot;:&quot;0&quot;,&quot;title&quot;:&quot;&quot;,&quot;orientation&quot;:&quot;0&quot;}\" data-image-title=\"ECO-UNI4-CAGEI-007\" data-image-description=\"\" data-image-caption=\"\" data-large-file=\"https:\/\/i0.wp.com\/blogs.ugto.mx\/enfermeriaenlinea\/wp-content\/uploads\/sites\/43\/2018\/09\/ECO-UNI4-CAGEI-007.jpg?fit=512%2C342&amp;ssl=1\" class=\"aligncenter wp-image-9273\" src=\"https:\/\/i0.wp.com\/blogs.ugto.mx\/enfermeriaenlinea\/wp-content\/uploads\/sites\/43\/2018\/09\/ECO-UNI4-CAGEI-007.jpg?resize=700%2C468&#038;ssl=1\" alt=\"\" width=\"700\" height=\"468\" srcset=\"https:\/\/i0.wp.com\/blogs.ugto.mx\/enfermeriaenlinea\/wp-content\/uploads\/sites\/43\/2018\/09\/ECO-UNI4-CAGEI-007.jpg?w=512&amp;ssl=1 512w, https:\/\/i0.wp.com\/blogs.ugto.mx\/enfermeriaenlinea\/wp-content\/uploads\/sites\/43\/2018\/09\/ECO-UNI4-CAGEI-007.jpg?resize=300%2C200&amp;ssl=1 300w, https:\/\/i0.wp.com\/blogs.ugto.mx\/enfermeriaenlinea\/wp-content\/uploads\/sites\/43\/2018\/09\/ECO-UNI4-CAGEI-007.jpg?resize=272%2C182&amp;ssl=1 272w\" sizes=\"auto, (max-width: 700px) 100vw, 700px\" \/><\/h1>\n<p>Imagen 6.&nbsp;La problem\u00e1tica radica que el clima est\u00e1 en constante cambio.<\/p>\n<h2>Conclusiones<\/h2>\n<p>El ser humano ha hecho un desgaste de los recursos naturales de una manera irracional, sin una visi\u00f3n al futuro, el crecimiento desmesurado de la poblaci\u00f3n contribuye de forma negativa a la salud del planeta.<\/p>\n<p>La problem\u00e1tica ya est\u00e1 m\u00e1s que identificada, as\u00ed como el futuro del impacto del cambio clim\u00e1tico, ya se plantearon los retos que tendremos que trabajar si queremos detener o mejorar la calidad de los ecosistemas.<\/p>\n<p>Para esto es importante crear una conciencia ecol\u00f3gica en las personas, conocer la gravedad de los problemas que ya estamos viviendo y la soluci\u00f3n a estos.<\/p>\n<p>Necesitamos un trabajo en equipo que incluya las autoridades a nivel mundial y la participaci\u00f3n a conciencia de los que habitamos este planeta.<\/p>\n<h2>Bibliograf\u00eda consultada<\/h2>\n<ul>\n<li>OMS. Cambio clim\u00e1tico y salud. Recuperado en: <a href=\"http:\/\/www.who.int\/es\/news-room\/fact-sheets\/detail\/cambio-clim%C3%A1tico-y-salud\">http:\/\/www.who.int\/es\/news-room\/fact-sheets\/detail\/cambio-clim%C3%A1tico-y-salud<\/a><\/li>\n<li>UNAM. Revista digital Universitaria.Efecto invernadero, calentamiento global y cambio clim\u00e1tico: una perspectiva desde las ciencias de la tierra. Recuperado en: http:\/\/www.revista.unam.mx\/vol.8\/num10\/art78\/oct_art78.pdf<\/li>\n<li>URL de consulta:<a href=\"http:\/\/apps.who.int\/iris\/bitstream\/handle\/10665\/42808\/9243590812.pdf;jsessionid=2FFEF391475307B6F60EDF3E362BFB64?sequence=1\">http:\/\/apps.who.int\/iris\/bitstream\/handle\/10665\/42808\/9243590812.pdf;jsessionid=2FFEF391475307B6F60EDF3E362BFB64?sequence=<\/a><\/li>\n<\/ul>\n","protected":false},"excerpt":{"rendered":"<p>Introducci\u00f3n Cuando hablamos de la historia de la tierra tenemos que hablar del clima, como ya hemos tratado antes, en los \u00faltimos a\u00f1os la actividad del hombre ha creado no s\u00f3lo progreso, sino tambi\u00e9n deterioro en los ecosistemas de la tierra. Un gran problema que el hombre tiene que enfrentar, como consecuencia del derroche de &#8230; <a title=\"Unidad did\u00e1ctica 4: Calentamiento global y efecto invernadero\" class=\"read-more\" href=\"https:\/\/blogs.ugto.mx\/enfermeriaenlinea\/unidad-didactica-4-calentamiento-global-y-efecto-invernadero\/\" aria-label=\"Leer m\u00e1s sobre Unidad did\u00e1ctica 4: Calentamiento global y efecto invernadero\">Leer m\u00e1s<\/a><\/p>\n","protected":false},"author":111,"featured_media":0,"comment_status":"closed","ping_status":"closed","sticky":false,"template":"","format":"standard","meta":{"_acf_changed":false,"_crdt_document":"","episode_type":"","audio_file":"","podmotor_file_id":"","podmotor_episode_id":"","cover_image":"","cover_image_id":"","duration":"","filesize":"","filesize_raw":"","date_recorded":"","explicit":"","block":"","itunes_episode_number":"","itunes_title":"","itunes_season_number":"","itunes_episode_type":"","jetpack_post_was_ever_published":false,"footnotes":""},"categories":[45],"tags":[],"class_list":["post-9053","post","type-post","status-publish","format-standard","hentry","category-ecologia-y-salud"],"acf":[],"jetpack_featured_media_url":"","jetpack_sharing_enabled":true,"jetpack_shortlink":"https:\/\/wp.me\/p9Pe0m-2m1","jetpack-related-posts":[],"_links":{"self":[{"href":"https:\/\/blogs.ugto.mx\/enfermeriaenlinea\/wp-json\/wp\/v2\/posts\/9053","targetHints":{"allow":["GET"]}}],"collection":[{"href":"https:\/\/blogs.ugto.mx\/enfermeriaenlinea\/wp-json\/wp\/v2\/posts"}],"about":[{"href":"https:\/\/blogs.ugto.mx\/enfermeriaenlinea\/wp-json\/wp\/v2\/types\/post"}],"author":[{"embeddable":true,"href":"https:\/\/blogs.ugto.mx\/enfermeriaenlinea\/wp-json\/wp\/v2\/users\/111"}],"replies":[{"embeddable":true,"href":"https:\/\/blogs.ugto.mx\/enfermeriaenlinea\/wp-json\/wp\/v2\/comments?post=9053"}],"version-history":[{"count":4,"href":"https:\/\/blogs.ugto.mx\/enfermeriaenlinea\/wp-json\/wp\/v2\/posts\/9053\/revisions"}],"predecessor-version":[{"id":10651,"href":"https:\/\/blogs.ugto.mx\/enfermeriaenlinea\/wp-json\/wp\/v2\/posts\/9053\/revisions\/10651"}],"wp:attachment":[{"href":"https:\/\/blogs.ugto.mx\/enfermeriaenlinea\/wp-json\/wp\/v2\/media?parent=9053"}],"wp:term":[{"taxonomy":"category","embeddable":true,"href":"https:\/\/blogs.ugto.mx\/enfermeriaenlinea\/wp-json\/wp\/v2\/categories?post=9053"},{"taxonomy":"post_tag","embeddable":true,"href":"https:\/\/blogs.ugto.mx\/enfermeriaenlinea\/wp-json\/wp\/v2\/tags?post=9053"}],"curies":[{"name":"wp","href":"https:\/\/api.w.org\/{rel}","templated":true}]}}