{"id":91,"date":"2018-01-22T17:54:05","date_gmt":"2018-01-22T17:54:05","guid":{"rendered":"https:\/\/blogs.ugto.mx\/enfermeriaenlinea\/?p=91"},"modified":"2020-01-16T14:33:26","modified_gmt":"2020-01-16T19:33:26","slug":"unidad-didactica-3-programas-politicas-y-normas-para-el-cuidado-de-la-salud-mental","status":"publish","type":"post","link":"https:\/\/blogs.ugto.mx\/enfermeriaenlinea\/unidad-didactica-3-programas-politicas-y-normas-para-el-cuidado-de-la-salud-mental\/","title":{"rendered":"Unidad did\u00e1ctica 3: Programas, pol\u00edticas y normas para el cuidado de la salud mental"},"content":{"rendered":"<h2>INTRODUCCI\u00d3N<\/h2>\n<p>Continuamos avanzando y en esta ocasi\u00f3n realizaremos una revisi\u00f3n de los diferentes Programas, pol\u00edticas y Normas para la salud Mental en nuestro Pa\u00eds, e iniciaremos comentando que la salud mental como componente b\u00e1sico e indispensable para la salud del individuo debe ser regulada bajo programas, pol\u00edticas y normas que puedan contribuir a que la salud mental sea alcanzable para todo el individuo que as\u00ed lo requiera, en la siguiente clase conocer\u00e1s los programas establecidos por organizaciones nacionales \u00a0e internacionales que contribuyen a este objetivo.<\/p>\n<h2>COMPETENCIA<\/h2>\n<ul>\n<li>Reconoce la salud como un derecho humano de cualquier paciente inclusive si tiene un trastorno mental.<\/li>\n<li>Identifica la norma oficial mexicana NOM \u2013 025- SSA2- 1994 como regulador de las acciones en los hospitales psiqui\u00e1tricos.<\/li>\n<li>Reconoce el modelo hidalgo como un sistema para reintegrar al paciente psiqui\u00e1trico a la sociedad, como un ser productivo.<\/li>\n<\/ul>\n<h2>CONTENIDO<\/h2>\n<h3>3.1 Antecedentes<\/h3>\n<p>La organizaci\u00f3n <strong>Mundial de la Salud (OMS)<\/strong> y la Organizaci\u00f3n Panamericana de la Salud (OPS) decretaron varios documentos como antecedentes para los programas que en la actualidad se llevan a cabo, pero no fue hasta 1990 en la conferencia regional para la reestructuraci\u00f3n de la atenci\u00f3n psiqui\u00e1trica celebrada en caracas Venezuela que marc\u00f3 un hito hist\u00f3rico, ah\u00ed se destac\u00f3 la atenci\u00f3n centrada en los hospitales psiqui\u00e1tricos tendr\u00eda que ser remplazada por una atenci\u00f3n descentralizada, participativa, integral, continua, preventiva y basada en la comunidad.<\/p>\n<p>En 1997 y 2001 el consejo directivo de la OPS abord\u00f3 el tema de la salud mental y emiti\u00f3 resoluciones en las que se instaba a los pa\u00edses a incluir a la salud mental dentro de sus temas prioritarios. Las Conferencias Regionales de Salud Mental en Brasilia y Panam\u00e1, evaluaron el camino recorrido y establecieron nuevas direcciones para el trabajo.<\/p>\n<p><img loading=\"lazy\" decoding=\"async\" data-attachment-id=\"7015\" data-permalink=\"https:\/\/blogs.ugto.mx\/enfermeriaenlinea\/unidad-didactica-3-programas-politicas-y-normas-para-el-cuidado-de-la-salud-mental\/enfermeria-uni3-enfpsiquiatrica-001\/#main\" data-orig-file=\"https:\/\/i0.wp.com\/blogs.ugto.mx\/enfermeriaenlinea\/wp-content\/uploads\/sites\/43\/2018\/01\/Enfermeria-UNI3-Enfpsiquiatrica-001.jpg?fit=2100%2C1397&amp;ssl=1\" data-orig-size=\"2100,1397\" data-comments-opened=\"0\" data-image-meta=\"{&quot;aperture&quot;:&quot;0&quot;,&quot;credit&quot;:&quot;&quot;,&quot;camera&quot;:&quot;&quot;,&quot;caption&quot;:&quot;&quot;,&quot;created_timestamp&quot;:&quot;0&quot;,&quot;copyright&quot;:&quot;&quot;,&quot;focal_length&quot;:&quot;0&quot;,&quot;iso&quot;:&quot;0&quot;,&quot;shutter_speed&quot;:&quot;0&quot;,&quot;title&quot;:&quot;&quot;,&quot;orientation&quot;:&quot;0&quot;}\" data-image-title=\"Enfermeria-UNI3-Enfpsiquiatrica-001\" data-image-description=\"\" data-image-caption=\"\" data-large-file=\"https:\/\/i0.wp.com\/blogs.ugto.mx\/enfermeriaenlinea\/wp-content\/uploads\/sites\/43\/2018\/01\/Enfermeria-UNI3-Enfpsiquiatrica-001.jpg?fit=1024%2C681&amp;ssl=1\" class=\"aligncenter wp-image-7015\" src=\"data:image\/gif;base64,R0lGODlhAQABAIAAAAAAAP\/\/\/yH5BAEAAAAALAAAAAABAAEAAAIBRAA7\" data-src=\"https:\/\/blogs.ugto.mx\/enfermeriaenlinea\/wp-content\/uploads\/sites\/43\/2018\/01\/Enfermeria-UNI3-Enfpsiquiatrica-001.jpg\" alt=\"\" width=\"600\" height=\"399\" \/><noscript><img data-recalc-dims=\"1\" loading=\"lazy\" decoding=\"async\" data-attachment-id=\"7015\" data-permalink=\"https:\/\/blogs.ugto.mx\/enfermeriaenlinea\/unidad-didactica-3-programas-politicas-y-normas-para-el-cuidado-de-la-salud-mental\/enfermeria-uni3-enfpsiquiatrica-001\/#main\" data-orig-file=\"https:\/\/i0.wp.com\/blogs.ugto.mx\/enfermeriaenlinea\/wp-content\/uploads\/sites\/43\/2018\/01\/Enfermeria-UNI3-Enfpsiquiatrica-001.jpg?fit=2100%2C1397&amp;ssl=1\" data-orig-size=\"2100,1397\" data-comments-opened=\"0\" data-image-meta=\"{&quot;aperture&quot;:&quot;0&quot;,&quot;credit&quot;:&quot;&quot;,&quot;camera&quot;:&quot;&quot;,&quot;caption&quot;:&quot;&quot;,&quot;created_timestamp&quot;:&quot;0&quot;,&quot;copyright&quot;:&quot;&quot;,&quot;focal_length&quot;:&quot;0&quot;,&quot;iso&quot;:&quot;0&quot;,&quot;shutter_speed&quot;:&quot;0&quot;,&quot;title&quot;:&quot;&quot;,&quot;orientation&quot;:&quot;0&quot;}\" data-image-title=\"Enfermeria-UNI3-Enfpsiquiatrica-001\" data-image-description=\"\" data-image-caption=\"\" data-large-file=\"https:\/\/i0.wp.com\/blogs.ugto.mx\/enfermeriaenlinea\/wp-content\/uploads\/sites\/43\/2018\/01\/Enfermeria-UNI3-Enfpsiquiatrica-001.jpg?fit=1024%2C681&amp;ssl=1\" class=\"aligncenter wp-image-7015\" src=\"https:\/\/i0.wp.com\/blogs.ugto.mx\/enfermeriaenlinea\/wp-content\/uploads\/sites\/43\/2018\/01\/Enfermeria-UNI3-Enfpsiquiatrica-001.jpg?resize=600%2C399&#038;ssl=1\" alt=\"\" width=\"600\" height=\"399\" srcset=\"https:\/\/i0.wp.com\/blogs.ugto.mx\/enfermeriaenlinea\/wp-content\/uploads\/sites\/43\/2018\/01\/Enfermeria-UNI3-Enfpsiquiatrica-001.jpg?w=2100&amp;ssl=1 2100w, https:\/\/i0.wp.com\/blogs.ugto.mx\/enfermeriaenlinea\/wp-content\/uploads\/sites\/43\/2018\/01\/Enfermeria-UNI3-Enfpsiquiatrica-001.jpg?resize=300%2C200&amp;ssl=1 300w, https:\/\/i0.wp.com\/blogs.ugto.mx\/enfermeriaenlinea\/wp-content\/uploads\/sites\/43\/2018\/01\/Enfermeria-UNI3-Enfpsiquiatrica-001.jpg?resize=768%2C511&amp;ssl=1 768w, https:\/\/i0.wp.com\/blogs.ugto.mx\/enfermeriaenlinea\/wp-content\/uploads\/sites\/43\/2018\/01\/Enfermeria-UNI3-Enfpsiquiatrica-001.jpg?resize=1024%2C681&amp;ssl=1 1024w, https:\/\/i0.wp.com\/blogs.ugto.mx\/enfermeriaenlinea\/wp-content\/uploads\/sites\/43\/2018\/01\/Enfermeria-UNI3-Enfpsiquiatrica-001.jpg?resize=272%2C182&amp;ssl=1 272w\" sizes=\"auto, (max-width: 600px) 100vw, 600px\" \/><\/noscript><\/p>\n<p>Imagen 1. La OMS ampl\u00eda su programa de salud para combatir la salud metal y que las personas tengan una mejor calidad de vida.<\/p>\n<p>En 2008, la OMS present\u00f3 el programa de acci\u00f3n para superar las brechas en salud mental y mejorar y ampliar la atenci\u00f3n de los trastornos mentales y neurol\u00f3gicos, en el 2010 se public\u00f3 la gu\u00eda de intervenci\u00f3n de la atenci\u00f3n de los trastornos mentales. El consejo directivo de la OPS (2013) aprob\u00f3 el plan estrat\u00e9gico 2014-2019. El apartado 2 del plan se centra en la disminuci\u00f3n de la carga de enfermedades no transmisibles, incluyendo, los trastornos mentales mediante la promoci\u00f3n y la reducci\u00f3n de riesgos, prevenci\u00f3n, tratamiento y monitoreo de e de estas patolog\u00edas y sus factores de riesgo. En mayo de 2013, la 66\u00aa Asamblea Mundial de la Salud adopt\u00f3 la resoluci\u00f3n WHA 65.4 que aprob\u00f3 el Plan de Acci\u00f3n Integral sobre Salud Mental. Una perspectiva de derechos humanos ha sido y es fundamental para responder a la carga de enfermedades mentales en un marco de respeto a la dignidad humana.<\/p>\n<p>En octubre del 2013, tuvo lugar la I Reuni\u00f3n Regional de Usuarios de Servicios de Salud Mental y Familiares, auspiciado por la OPS y el Gobierno de Brasil, que produjo el Consenso de Brasilia. En M\u00e9xico en el 2002, se firm\u00f3 el documento \u201c<strong>nuevo modelo de atenci\u00f3n en salud mental<\/strong>\u201d que elabor\u00f3 la secretar\u00eda de salud y la fundaci\u00f3n mexicana para la rehabilitaci\u00f3n del enfermo mental. (FMREM) teniendo como objetivo de reconocer que varias de las pr\u00e1cticas de atenci\u00f3n psiqui\u00e1trica del viejo enfoque son violatorias de los derechos humanos, y con la intenci\u00f3n de modificar la visi\u00f3n y los servicios a trav\u00e9s de un modelo que implica la creaci\u00f3n de nuevas estructuras de atenci\u00f3n dirigidas a la salud mental.<\/p>\n<p>La OMS ha proporcionado durante esta \u00faltima d\u00e9cada una verdadera artiller\u00eda documental, de car\u00e1cter universal y eminentemente pr\u00e1ctico, que supone la mayor aportaci\u00f3n en el campo de la planificaci\u00f3n y organizaci\u00f3n de atenci\u00f3n a la salud mental.<\/p>\n<p>Esta \u00ab<strong>enciclopedia<\/strong>\u00bb consta de 12 m\u00f3dulos, que giran en torno a un documento principal (\u00abEl Contexto de la Salud Mental\u00bb) y otro introductorio (\u00abPol\u00edticas, Planes y Programas en Salud Mental\u00bb).<\/p>\n<p><img loading=\"lazy\" decoding=\"async\" data-attachment-id=\"7016\" data-permalink=\"https:\/\/blogs.ugto.mx\/enfermeriaenlinea\/unidad-didactica-3-programas-politicas-y-normas-para-el-cuidado-de-la-salud-mental\/enfermeria-uni3-enfpsiquiatrica-002\/#main\" data-orig-file=\"https:\/\/i0.wp.com\/blogs.ugto.mx\/enfermeriaenlinea\/wp-content\/uploads\/sites\/43\/2018\/01\/Enfermeria-UNI3-Enfpsiquiatrica-002.jpg?fit=4163%2C3156&amp;ssl=1\" data-orig-size=\"4163,3156\" data-comments-opened=\"0\" data-image-meta=\"{&quot;aperture&quot;:&quot;0&quot;,&quot;credit&quot;:&quot;&quot;,&quot;camera&quot;:&quot;&quot;,&quot;caption&quot;:&quot;&quot;,&quot;created_timestamp&quot;:&quot;0&quot;,&quot;copyright&quot;:&quot;&quot;,&quot;focal_length&quot;:&quot;0&quot;,&quot;iso&quot;:&quot;0&quot;,&quot;shutter_speed&quot;:&quot;0&quot;,&quot;title&quot;:&quot;&quot;,&quot;orientation&quot;:&quot;0&quot;}\" data-image-title=\"Enfermeria-UNI3-Enfpsiquiatrica-002\" data-image-description=\"\" data-image-caption=\"\" data-large-file=\"https:\/\/i0.wp.com\/blogs.ugto.mx\/enfermeriaenlinea\/wp-content\/uploads\/sites\/43\/2018\/01\/Enfermeria-UNI3-Enfpsiquiatrica-002.jpg?fit=1024%2C776&amp;ssl=1\" class=\"aligncenter wp-image-7016\" src=\"data:image\/gif;base64,R0lGODlhAQABAIAAAAAAAP\/\/\/yH5BAEAAAAALAAAAAABAAEAAAIBRAA7\" data-src=\"https:\/\/blogs.ugto.mx\/enfermeriaenlinea\/wp-content\/uploads\/sites\/43\/2018\/01\/Enfermeria-UNI3-Enfpsiquiatrica-002.jpg\" alt=\"\" width=\"600\" height=\"455\" \/><noscript><img data-recalc-dims=\"1\" loading=\"lazy\" decoding=\"async\" data-attachment-id=\"7016\" data-permalink=\"https:\/\/blogs.ugto.mx\/enfermeriaenlinea\/unidad-didactica-3-programas-politicas-y-normas-para-el-cuidado-de-la-salud-mental\/enfermeria-uni3-enfpsiquiatrica-002\/#main\" data-orig-file=\"https:\/\/i0.wp.com\/blogs.ugto.mx\/enfermeriaenlinea\/wp-content\/uploads\/sites\/43\/2018\/01\/Enfermeria-UNI3-Enfpsiquiatrica-002.jpg?fit=4163%2C3156&amp;ssl=1\" data-orig-size=\"4163,3156\" data-comments-opened=\"0\" data-image-meta=\"{&quot;aperture&quot;:&quot;0&quot;,&quot;credit&quot;:&quot;&quot;,&quot;camera&quot;:&quot;&quot;,&quot;caption&quot;:&quot;&quot;,&quot;created_timestamp&quot;:&quot;0&quot;,&quot;copyright&quot;:&quot;&quot;,&quot;focal_length&quot;:&quot;0&quot;,&quot;iso&quot;:&quot;0&quot;,&quot;shutter_speed&quot;:&quot;0&quot;,&quot;title&quot;:&quot;&quot;,&quot;orientation&quot;:&quot;0&quot;}\" data-image-title=\"Enfermeria-UNI3-Enfpsiquiatrica-002\" data-image-description=\"\" data-image-caption=\"\" data-large-file=\"https:\/\/i0.wp.com\/blogs.ugto.mx\/enfermeriaenlinea\/wp-content\/uploads\/sites\/43\/2018\/01\/Enfermeria-UNI3-Enfpsiquiatrica-002.jpg?fit=1024%2C776&amp;ssl=1\" class=\"aligncenter wp-image-7016\" src=\"https:\/\/i0.wp.com\/blogs.ugto.mx\/enfermeriaenlinea\/wp-content\/uploads\/sites\/43\/2018\/01\/Enfermeria-UNI3-Enfpsiquiatrica-002.jpg?resize=600%2C455&#038;ssl=1\" alt=\"\" width=\"600\" height=\"455\" srcset=\"https:\/\/i0.wp.com\/blogs.ugto.mx\/enfermeriaenlinea\/wp-content\/uploads\/sites\/43\/2018\/01\/Enfermeria-UNI3-Enfpsiquiatrica-002.jpg?w=4163&amp;ssl=1 4163w, https:\/\/i0.wp.com\/blogs.ugto.mx\/enfermeriaenlinea\/wp-content\/uploads\/sites\/43\/2018\/01\/Enfermeria-UNI3-Enfpsiquiatrica-002.jpg?resize=300%2C227&amp;ssl=1 300w, https:\/\/i0.wp.com\/blogs.ugto.mx\/enfermeriaenlinea\/wp-content\/uploads\/sites\/43\/2018\/01\/Enfermeria-UNI3-Enfpsiquiatrica-002.jpg?resize=768%2C582&amp;ssl=1 768w, https:\/\/i0.wp.com\/blogs.ugto.mx\/enfermeriaenlinea\/wp-content\/uploads\/sites\/43\/2018\/01\/Enfermeria-UNI3-Enfpsiquiatrica-002.jpg?resize=1024%2C776&amp;ssl=1 1024w, https:\/\/i0.wp.com\/blogs.ugto.mx\/enfermeriaenlinea\/wp-content\/uploads\/sites\/43\/2018\/01\/Enfermeria-UNI3-Enfpsiquiatrica-002.jpg?w=2400&amp;ssl=1 2400w, https:\/\/i0.wp.com\/blogs.ugto.mx\/enfermeriaenlinea\/wp-content\/uploads\/sites\/43\/2018\/01\/Enfermeria-UNI3-Enfpsiquiatrica-002.jpg?w=3600&amp;ssl=1 3600w\" sizes=\"auto, (max-width: 600px) 100vw, 600px\" \/><\/noscript><\/p>\n<p>Imagen 2. Paquete esencial para la pol\u00edtica de salud mental, planes y servicios.<\/p>\n<h3>3.2 M\u00e9xico<\/h3>\n<p>El art\u00edculo 4to de la Constituci\u00f3n Pol\u00edtica de los estados unidos mexicanos establece que:<\/p>\n<blockquote><p>\u201cToda persona tiene derecho a la protecci\u00f3n de la salud. La ley definir\u00e1 las bases y modalidades para el acceso a los servicios de salud y establecer\u00e1 la concurrencia de la federaci\u00f3n y las entidades federativas en materia de salubridad general, conforme a lo que dispone la fracci\u00f3n XVI del art\u00edculo 73 de esta Constituci\u00f3n\u201d<\/p><\/blockquote>\n<p>As\u00ed mismo la Ley General de Salud en su art\u00edculo 2\u00b0 y 3\u00b0 establecen los prop\u00f3sitos que se plantean con el derecho fundamental a la salud, as\u00ed como en materia de la salubridad general.<\/p>\n<p>Tambi\u00e9n el art\u00edculo 7\u00b0 de la Ley General de Salud y el Art\u00edculo 39 de la Ley Org\u00e1nica de la Administraci\u00f3n P\u00fablica Federal, establecen que Corresponde a la secretar\u00eda de salud establecer y conducir la pol\u00edtica nacional en materia de salud, servicios m\u00e9dicos y salubridad general.<\/p>\n<p><img loading=\"lazy\" decoding=\"async\" data-attachment-id=\"7017\" data-permalink=\"https:\/\/blogs.ugto.mx\/enfermeriaenlinea\/unidad-didactica-3-programas-politicas-y-normas-para-el-cuidado-de-la-salud-mental\/enfermeria-uni3-enfpsiquiatrica-003\/#main\" data-orig-file=\"https:\/\/i0.wp.com\/blogs.ugto.mx\/enfermeriaenlinea\/wp-content\/uploads\/sites\/43\/2018\/01\/Enfermeria-UNI3-Enfpsiquiatrica-003.jpg?fit=2500%2C1478&amp;ssl=1\" data-orig-size=\"2500,1478\" data-comments-opened=\"0\" data-image-meta=\"{&quot;aperture&quot;:&quot;0&quot;,&quot;credit&quot;:&quot;&quot;,&quot;camera&quot;:&quot;&quot;,&quot;caption&quot;:&quot;&quot;,&quot;created_timestamp&quot;:&quot;0&quot;,&quot;copyright&quot;:&quot;&quot;,&quot;focal_length&quot;:&quot;0&quot;,&quot;iso&quot;:&quot;0&quot;,&quot;shutter_speed&quot;:&quot;0&quot;,&quot;title&quot;:&quot;&quot;,&quot;orientation&quot;:&quot;0&quot;}\" data-image-title=\"Enfermeria-UNI3-Enfpsiquiatrica-003\" data-image-description=\"\" data-image-caption=\"\" data-large-file=\"https:\/\/i0.wp.com\/blogs.ugto.mx\/enfermeriaenlinea\/wp-content\/uploads\/sites\/43\/2018\/01\/Enfermeria-UNI3-Enfpsiquiatrica-003.jpg?fit=1024%2C605&amp;ssl=1\" class=\"aligncenter wp-image-7017\" src=\"data:image\/gif;base64,R0lGODlhAQABAIAAAAAAAP\/\/\/yH5BAEAAAAALAAAAAABAAEAAAIBRAA7\" data-src=\"https:\/\/blogs.ugto.mx\/enfermeriaenlinea\/wp-content\/uploads\/sites\/43\/2018\/01\/Enfermeria-UNI3-Enfpsiquiatrica-003.jpg\" alt=\"\" width=\"600\" height=\"355\" \/><noscript><img data-recalc-dims=\"1\" loading=\"lazy\" decoding=\"async\" data-attachment-id=\"7017\" data-permalink=\"https:\/\/blogs.ugto.mx\/enfermeriaenlinea\/unidad-didactica-3-programas-politicas-y-normas-para-el-cuidado-de-la-salud-mental\/enfermeria-uni3-enfpsiquiatrica-003\/#main\" data-orig-file=\"https:\/\/i0.wp.com\/blogs.ugto.mx\/enfermeriaenlinea\/wp-content\/uploads\/sites\/43\/2018\/01\/Enfermeria-UNI3-Enfpsiquiatrica-003.jpg?fit=2500%2C1478&amp;ssl=1\" data-orig-size=\"2500,1478\" data-comments-opened=\"0\" data-image-meta=\"{&quot;aperture&quot;:&quot;0&quot;,&quot;credit&quot;:&quot;&quot;,&quot;camera&quot;:&quot;&quot;,&quot;caption&quot;:&quot;&quot;,&quot;created_timestamp&quot;:&quot;0&quot;,&quot;copyright&quot;:&quot;&quot;,&quot;focal_length&quot;:&quot;0&quot;,&quot;iso&quot;:&quot;0&quot;,&quot;shutter_speed&quot;:&quot;0&quot;,&quot;title&quot;:&quot;&quot;,&quot;orientation&quot;:&quot;0&quot;}\" data-image-title=\"Enfermeria-UNI3-Enfpsiquiatrica-003\" data-image-description=\"\" data-image-caption=\"\" data-large-file=\"https:\/\/i0.wp.com\/blogs.ugto.mx\/enfermeriaenlinea\/wp-content\/uploads\/sites\/43\/2018\/01\/Enfermeria-UNI3-Enfpsiquiatrica-003.jpg?fit=1024%2C605&amp;ssl=1\" class=\"aligncenter wp-image-7017\" src=\"https:\/\/i0.wp.com\/blogs.ugto.mx\/enfermeriaenlinea\/wp-content\/uploads\/sites\/43\/2018\/01\/Enfermeria-UNI3-Enfpsiquiatrica-003.jpg?resize=600%2C355&#038;ssl=1\" alt=\"\" width=\"600\" height=\"355\" srcset=\"https:\/\/i0.wp.com\/blogs.ugto.mx\/enfermeriaenlinea\/wp-content\/uploads\/sites\/43\/2018\/01\/Enfermeria-UNI3-Enfpsiquiatrica-003.jpg?w=2500&amp;ssl=1 2500w, https:\/\/i0.wp.com\/blogs.ugto.mx\/enfermeriaenlinea\/wp-content\/uploads\/sites\/43\/2018\/01\/Enfermeria-UNI3-Enfpsiquiatrica-003.jpg?resize=300%2C177&amp;ssl=1 300w, https:\/\/i0.wp.com\/blogs.ugto.mx\/enfermeriaenlinea\/wp-content\/uploads\/sites\/43\/2018\/01\/Enfermeria-UNI3-Enfpsiquiatrica-003.jpg?resize=768%2C454&amp;ssl=1 768w, https:\/\/i0.wp.com\/blogs.ugto.mx\/enfermeriaenlinea\/wp-content\/uploads\/sites\/43\/2018\/01\/Enfermeria-UNI3-Enfpsiquiatrica-003.jpg?resize=1024%2C605&amp;ssl=1 1024w, https:\/\/i0.wp.com\/blogs.ugto.mx\/enfermeriaenlinea\/wp-content\/uploads\/sites\/43\/2018\/01\/Enfermeria-UNI3-Enfpsiquiatrica-003.jpg?w=2400&amp;ssl=1 2400w\" sizes=\"auto, (max-width: 600px) 100vw, 600px\" \/><\/noscript><\/p>\n<p>Imagen 3. Toda persona tiene derecho a la protecci\u00f3n de la salud.<\/p>\n<p>En cuanto a Normas y C\u00f3digos que regulan el Tratamiento y Rehabilitaci\u00f3n, M\u00e9xico desde 1995 cuenta con el documento normativo que se encarga de regular la Prestaci\u00f3n de los Servicios en Unidades de Atenci\u00f3n Hospitalaria M\u00e9dico-Psiqui\u00e1trica; la NOM-025-SSA2- 1994 para la Prestaci\u00f3n de Servicios de Salud en Unidades de Atenci\u00f3n Integral Hospitalaria M\u00e9dico-Psiqui\u00e1trica<\/p>\n<p>El Programa de Acci\u00f3n Espec\u00edfica de Salud Mental, es el instrumento t\u00e9cnico referencial a trav\u00e9s del cual el <strong>Secretariado T\u00e9cnico del Consejo Nacional de Salud Mental<\/strong> (STCONSAME) dicta las estrategias y l\u00edneas de acci\u00f3n para operar en los tres niveles de atenci\u00f3n, incluye los indicadores para la planeaci\u00f3n de recursos que contribuyan a implementar cada una de las intervenciones. El Programa se elabor\u00f3 siguiendo los lineamientos del Modelo Miguel Hidalgo de Atenci\u00f3n en Salud Mental, el cual, tiene como antecedente la Reforma Psiqui\u00e1trica en Italia, Espa\u00f1a y M\u00e9xico.<\/p>\n<p>La <strong>Reforma Psiqui\u00e1trica<\/strong> se construy\u00f3 siguiendo tres principios:<\/p>\n<ul>\n<li>El fortalecimiento de las acciones que aumentan la promoci\u00f3n de la salud mental as\u00ed como de la atenci\u00f3n comunitaria, potenciando los servicios a nivel ambulatorio y reduciendo al m\u00e1ximo posible la necesidad de hospitalizaci\u00f3n;<\/li>\n<li>La hospitalizaci\u00f3n, cuando es requerida debe ser de estancia corta, en unidades psiqui\u00e1tricas incorporadas a hospitales generales idealmente;<\/li>\n<li>La existencia de servicios de rehabilitaci\u00f3n psicosocial y reinserci\u00f3n social que integren a la persona con enfermedad mental a su comunidad.<\/li>\n<\/ul>\n<p><img loading=\"lazy\" decoding=\"async\" data-attachment-id=\"10420\" data-permalink=\"https:\/\/blogs.ugto.mx\/enfermeriaenlinea\/unidad-didactica-3-programas-politicas-y-normas-para-el-cuidado-de-la-salud-mental\/imagen-4\/#main\" data-orig-file=\"https:\/\/i0.wp.com\/blogs.ugto.mx\/enfermeriaenlinea\/wp-content\/uploads\/sites\/43\/2018\/01\/imagen-4.jpg?fit=743%2C361&amp;ssl=1\" data-orig-size=\"743,361\" data-comments-opened=\"0\" data-image-meta=\"{&quot;aperture&quot;:&quot;0&quot;,&quot;credit&quot;:&quot;&quot;,&quot;camera&quot;:&quot;&quot;,&quot;caption&quot;:&quot;&quot;,&quot;created_timestamp&quot;:&quot;0&quot;,&quot;copyright&quot;:&quot;&quot;,&quot;focal_length&quot;:&quot;0&quot;,&quot;iso&quot;:&quot;0&quot;,&quot;shutter_speed&quot;:&quot;0&quot;,&quot;title&quot;:&quot;&quot;,&quot;orientation&quot;:&quot;0&quot;}\" data-image-title=\"imagen 4\" data-image-description=\"\" data-image-caption=\"\" data-large-file=\"https:\/\/i0.wp.com\/blogs.ugto.mx\/enfermeriaenlinea\/wp-content\/uploads\/sites\/43\/2018\/01\/imagen-4.jpg?fit=743%2C361&amp;ssl=1\" class=\"alignnone size-full wp-image-10420 aligncenter\" src=\"data:image\/gif;base64,R0lGODlhAQABAIAAAAAAAP\/\/\/yH5BAEAAAAALAAAAAABAAEAAAIBRAA7\" data-src=\"https:\/\/blogs.ugto.mx\/enfermeriaenlinea\/wp-content\/uploads\/sites\/43\/2018\/01\/imagen-4.jpg\" alt=\"\" width=\"743\" height=\"361\" \/><noscript><img data-recalc-dims=\"1\" loading=\"lazy\" decoding=\"async\" data-attachment-id=\"10420\" data-permalink=\"https:\/\/blogs.ugto.mx\/enfermeriaenlinea\/unidad-didactica-3-programas-politicas-y-normas-para-el-cuidado-de-la-salud-mental\/imagen-4\/#main\" data-orig-file=\"https:\/\/i0.wp.com\/blogs.ugto.mx\/enfermeriaenlinea\/wp-content\/uploads\/sites\/43\/2018\/01\/imagen-4.jpg?fit=743%2C361&amp;ssl=1\" data-orig-size=\"743,361\" data-comments-opened=\"0\" data-image-meta=\"{&quot;aperture&quot;:&quot;0&quot;,&quot;credit&quot;:&quot;&quot;,&quot;camera&quot;:&quot;&quot;,&quot;caption&quot;:&quot;&quot;,&quot;created_timestamp&quot;:&quot;0&quot;,&quot;copyright&quot;:&quot;&quot;,&quot;focal_length&quot;:&quot;0&quot;,&quot;iso&quot;:&quot;0&quot;,&quot;shutter_speed&quot;:&quot;0&quot;,&quot;title&quot;:&quot;&quot;,&quot;orientation&quot;:&quot;0&quot;}\" data-image-title=\"imagen 4\" data-image-description=\"\" data-image-caption=\"\" data-large-file=\"https:\/\/i0.wp.com\/blogs.ugto.mx\/enfermeriaenlinea\/wp-content\/uploads\/sites\/43\/2018\/01\/imagen-4.jpg?fit=743%2C361&amp;ssl=1\" class=\"alignnone size-full wp-image-10420 aligncenter\" src=\"https:\/\/i0.wp.com\/blogs.ugto.mx\/enfermeriaenlinea\/wp-content\/uploads\/sites\/43\/2018\/01\/imagen-4.jpg?resize=743%2C361&#038;ssl=1\" alt=\"\" width=\"743\" height=\"361\" \/><\/noscript><\/p>\n<p>Imagen 4. <span data-contrast=\"none\">Las estancias de recuperaci\u00f3n mental promueven acciones espec\u00edficas. <\/span><span data-contrast=\"none\">MMTR<\/span><span data-ccp-props=\"{&quot;201341983&quot;:0,&quot;335559740&quot;:276}\">\u00a0<\/span><\/p>\n<p>Estos principios tienen el objetivo de disminuir en lo posible hospitalizaciones, reingresos y erradicar de manera definitiva estancias prolongadas, otorgando a los usuarios y usuarias una mejor atenci\u00f3n y al mismo tiempo una mayor calidad de vida.<\/p>\n<ul>\n<li><strong>Modelo Hidalgo<\/strong><\/li>\n<\/ul>\n<p>El Modelo Miguel Hidalgo de Atenci\u00f3n en Salud Mental, contempla la creaci\u00f3n de nuevas estructuras de atenci\u00f3n, a partir de las cuales se integrar\u00e1n los elementos suficientes para modificar la visi\u00f3n y el trabajo de las instituciones, de tal forma que los servicios operen conforme al respeto a los derechos de los usuarios, y reciban una atenci\u00f3n integral m\u00e9dico-psiqui\u00e1trica con calidad, calidez y gratuidad. Ofrece una red de servicios con distintas alternativas de promoci\u00f3n de la salud mental, prevenci\u00f3n, atenci\u00f3n ambulatoria, hospitalizaci\u00f3n y reinserci\u00f3n social, para personas de cualquier edad, que padecen alg\u00fan trastorno mental.<\/p>\n<p><img loading=\"lazy\" decoding=\"async\" data-attachment-id=\"10421\" data-permalink=\"https:\/\/blogs.ugto.mx\/enfermeriaenlinea\/unidad-didactica-3-programas-politicas-y-normas-para-el-cuidado-de-la-salud-mental\/modelo_nuevo-peque\/#main\" data-orig-file=\"https:\/\/i0.wp.com\/blogs.ugto.mx\/enfermeriaenlinea\/wp-content\/uploads\/sites\/43\/2018\/01\/modelo_nuevo-peque.jpg?fit=110%2C168&amp;ssl=1\" data-orig-size=\"110,168\" data-comments-opened=\"0\" data-image-meta=\"{&quot;aperture&quot;:&quot;0&quot;,&quot;credit&quot;:&quot;&quot;,&quot;camera&quot;:&quot;&quot;,&quot;caption&quot;:&quot;&quot;,&quot;created_timestamp&quot;:&quot;0&quot;,&quot;copyright&quot;:&quot;&quot;,&quot;focal_length&quot;:&quot;0&quot;,&quot;iso&quot;:&quot;0&quot;,&quot;shutter_speed&quot;:&quot;0&quot;,&quot;title&quot;:&quot;&quot;,&quot;orientation&quot;:&quot;0&quot;}\" data-image-title=\"modelo_nuevo-peque\" data-image-description=\"\" data-image-caption=\"\" data-large-file=\"https:\/\/i0.wp.com\/blogs.ugto.mx\/enfermeriaenlinea\/wp-content\/uploads\/sites\/43\/2018\/01\/modelo_nuevo-peque.jpg?fit=110%2C168&amp;ssl=1\" class=\"size-full wp-image-10421 aligncenter\" src=\"data:image\/gif;base64,R0lGODlhAQABAIAAAAAAAP\/\/\/yH5BAEAAAAALAAAAAABAAEAAAIBRAA7\" data-src=\"https:\/\/blogs.ugto.mx\/enfermeriaenlinea\/wp-content\/uploads\/sites\/43\/2018\/01\/modelo_nuevo-peque.jpg\" alt=\"\" width=\"110\" height=\"168\" \/><noscript><img data-recalc-dims=\"1\" loading=\"lazy\" decoding=\"async\" data-attachment-id=\"10421\" data-permalink=\"https:\/\/blogs.ugto.mx\/enfermeriaenlinea\/unidad-didactica-3-programas-politicas-y-normas-para-el-cuidado-de-la-salud-mental\/modelo_nuevo-peque\/#main\" data-orig-file=\"https:\/\/i0.wp.com\/blogs.ugto.mx\/enfermeriaenlinea\/wp-content\/uploads\/sites\/43\/2018\/01\/modelo_nuevo-peque.jpg?fit=110%2C168&amp;ssl=1\" data-orig-size=\"110,168\" data-comments-opened=\"0\" data-image-meta=\"{&quot;aperture&quot;:&quot;0&quot;,&quot;credit&quot;:&quot;&quot;,&quot;camera&quot;:&quot;&quot;,&quot;caption&quot;:&quot;&quot;,&quot;created_timestamp&quot;:&quot;0&quot;,&quot;copyright&quot;:&quot;&quot;,&quot;focal_length&quot;:&quot;0&quot;,&quot;iso&quot;:&quot;0&quot;,&quot;shutter_speed&quot;:&quot;0&quot;,&quot;title&quot;:&quot;&quot;,&quot;orientation&quot;:&quot;0&quot;}\" data-image-title=\"modelo_nuevo-peque\" data-image-description=\"\" data-image-caption=\"\" data-large-file=\"https:\/\/i0.wp.com\/blogs.ugto.mx\/enfermeriaenlinea\/wp-content\/uploads\/sites\/43\/2018\/01\/modelo_nuevo-peque.jpg?fit=110%2C168&amp;ssl=1\" class=\"size-full wp-image-10421 aligncenter\" src=\"https:\/\/i0.wp.com\/blogs.ugto.mx\/enfermeriaenlinea\/wp-content\/uploads\/sites\/43\/2018\/01\/modelo_nuevo-peque.jpg?resize=110%2C168&#038;ssl=1\" alt=\"\" width=\"110\" height=\"168\" \/><\/noscript><\/p>\n<p><span data-contrast=\"auto\">Imagen 5.<\/span><span data-contrast=\"auto\"> El modelo es un cambio en el concepto de la atenci\u00f3n a personas con enfermedad mental<\/span><span data-ccp-props=\"{&quot;201341983&quot;:0,&quot;335559740&quot;:276}\">\u00a0<\/span><\/p>\n<ul>\n<li><strong>Norma Oficial Mexicana <\/strong><\/li>\n<\/ul>\n<p>En caso de existir hospitales psiqui\u00e1tricos, \u00e9stos deber\u00e1n dar cabal cumplimiento a la NOM-025-SSA2-1994 para la prestaci\u00f3n de servicios de salud en unidades de atenci\u00f3n integral hospitalaria m\u00e9dico psiqui\u00e1trica, la cual vela por el cumplimiento de los Derechos Humanos de los usuarios y usuarias.<\/p>\n<h2>CONCLUSI\u00d3N<\/h2>\n<p>La OMS y la OPS han establecido esfuerzos y programas para que la salud mental sea una atenci\u00f3n incluyente y participativa del propio paciente, su familia y la comunidad. El Programa Nacional de Salud Mental: Modelo Miguel Hidalgo, dictamina, favoreciendo el inicio de la transformaci\u00f3n de los servicios de salud mental en todo el pa\u00eds; dicho modelo plantea un cambio en el concepto de atenci\u00f3n a las personas con enfermedad mental, contemplando la creaci\u00f3n de nuevas estructuras basadas en el derecho a recibir una atenci\u00f3n especializada con calidad y calidez, as\u00ed como en el respeto a los derechos de los usuarios y usuarias.<\/p>\n<h2>BIBLIOGRAF\u00cdA CONSULTADA<\/h2>\n<ul>\n<li>Secretar\u00eda de salud. Norma Oficial Mexicana NOM-025-SSA2-1994, Para la prestaci\u00f3n de servicios de \u00a0salud \u00a0en unidades de atenci\u00f3n integral hospitalaria M\u00e9dico-psiqui\u00e1trica. Recuperado en: http:\/\/www.salud.gob.mx\/unidades\/cdi\/nom\/025ssa24.html<\/li>\n<li>Programa de acci\u00f3n espec\u00edfica . Salud Mental 2013-2018. Programa Sectorial de Salud. Recuperado en: https:\/\/www.gob.mx\/cms\/uploads\/attachment\/file\/11918\/Salud_Mental.pdf<\/li>\n<\/ul>\n","protected":false},"excerpt":{"rendered":"<p>INTRODUCCI\u00d3N Continuamos avanzando y en esta ocasi\u00f3n realizaremos una revisi\u00f3n de los diferentes Programas, pol\u00edticas y Normas para la salud Mental en nuestro Pa\u00eds, e iniciaremos comentando que la salud mental como componente b\u00e1sico e indispensable para la salud del individuo debe ser regulada bajo programas, pol\u00edticas y normas que puedan contribuir a que la &#8230; <a title=\"Unidad did\u00e1ctica 3: Programas, pol\u00edticas y normas para el cuidado de la salud mental\" class=\"read-more\" href=\"https:\/\/blogs.ugto.mx\/enfermeriaenlinea\/unidad-didactica-3-programas-politicas-y-normas-para-el-cuidado-de-la-salud-mental\/\" aria-label=\"Leer m\u00e1s sobre Unidad did\u00e1ctica 3: Programas, pol\u00edticas y normas para el cuidado de la salud mental\">Leer m\u00e1s<\/a><\/p>\n","protected":false},"author":111,"featured_media":0,"comment_status":"closed","ping_status":"closed","sticky":false,"template":"","format":"standard","meta":{"_acf_changed":false,"_crdt_document":"","episode_type":"","audio_file":"","podmotor_file_id":"","podmotor_episode_id":"","cover_image":"","cover_image_id":"","duration":"","filesize":"","filesize_raw":"","date_recorded":"","explicit":"","block":"","itunes_episode_number":"","itunes_title":"","itunes_season_number":"","itunes_episode_type":"","jetpack_post_was_ever_published":false,"footnotes":""},"categories":[1],"tags":[],"class_list":["post-91","post","type-post","status-publish","format-standard","hentry","category-nutricion"],"acf":[],"jetpack_featured_media_url":"","jetpack_sharing_enabled":true,"jetpack_shortlink":"https:\/\/wp.me\/p9Pe0m-1t","jetpack-related-posts":[],"_links":{"self":[{"href":"https:\/\/blogs.ugto.mx\/enfermeriaenlinea\/wp-json\/wp\/v2\/posts\/91","targetHints":{"allow":["GET"]}}],"collection":[{"href":"https:\/\/blogs.ugto.mx\/enfermeriaenlinea\/wp-json\/wp\/v2\/posts"}],"about":[{"href":"https:\/\/blogs.ugto.mx\/enfermeriaenlinea\/wp-json\/wp\/v2\/types\/post"}],"author":[{"embeddable":true,"href":"https:\/\/blogs.ugto.mx\/enfermeriaenlinea\/wp-json\/wp\/v2\/users\/111"}],"replies":[{"embeddable":true,"href":"https:\/\/blogs.ugto.mx\/enfermeriaenlinea\/wp-json\/wp\/v2\/comments?post=91"}],"version-history":[{"count":11,"href":"https:\/\/blogs.ugto.mx\/enfermeriaenlinea\/wp-json\/wp\/v2\/posts\/91\/revisions"}],"predecessor-version":[{"id":10422,"href":"https:\/\/blogs.ugto.mx\/enfermeriaenlinea\/wp-json\/wp\/v2\/posts\/91\/revisions\/10422"}],"wp:attachment":[{"href":"https:\/\/blogs.ugto.mx\/enfermeriaenlinea\/wp-json\/wp\/v2\/media?parent=91"}],"wp:term":[{"taxonomy":"category","embeddable":true,"href":"https:\/\/blogs.ugto.mx\/enfermeriaenlinea\/wp-json\/wp\/v2\/categories?post=91"},{"taxonomy":"post_tag","embeddable":true,"href":"https:\/\/blogs.ugto.mx\/enfermeriaenlinea\/wp-json\/wp\/v2\/tags?post=91"}],"curies":[{"name":"wp","href":"https:\/\/api.w.org\/{rel}","templated":true}]}}