{"id":609,"date":"2023-05-24T19:26:49","date_gmt":"2023-05-24T19:26:49","guid":{"rendered":"https:\/\/blogs.ugto.mx\/jornada\/?p=609"},"modified":"2023-05-24T21:17:18","modified_gmt":"2023-05-24T21:17:18","slug":"la-educacion-en-una-sociedad-digital-y-su-relacion-con-las-teorias-del-aprendizaje","status":"publish","type":"post","link":"https:\/\/blogs.ugto.mx\/jornada\/2023\/05\/24\/la-educacion-en-una-sociedad-digital-y-su-relacion-con-las-teorias-del-aprendizaje\/","title":{"rendered":"La educaci\u00f3n en una sociedad digital y su relaci\u00f3n con las teor\u00edas del aprendizaje"},"content":{"rendered":"\n<p class=\"wp-block-paragraph\">Espacio destinado a presentar los trabajos realizados por las y los estudiantes de la primera y segunda generaci\u00f3n de la Maestr\u00eda en Docencia Universitaria para la Educaci\u00f3n Digital (MDUED).<\/p>\n\n\n\n<p class=\"wp-block-paragraph\">Los textos presentados giran en torno a dos t\u00f3picos:<\/p>\n\n\n\n<p class=\"wp-block-paragraph\">1. El primero contempla los modos en que la educaci\u00f3n se ha transformado en el marco de una sociedad digital; se revisan temas a prop\u00f3sito de las nuevas competencias que se han generado para participar de manera activa en este contexto, se ahonda respecto a la alfabetizaci\u00f3n en informaci\u00f3n, identidad y bienestar digital, as\u00ed como en las posturas cr\u00edticas frente a las formas en que se ha implementado la educaci\u00f3n digital en las instituciones.&nbsp;<\/p>\n\n\n\n<p class=\"wp-block-paragraph\">2. El segundo t\u00f3pico se detona a partir de una revisi\u00f3n de las teor\u00edas del aprendizaje y la ense\u00f1anza a lo largo del tiempo, en especial, sobre la forma en que se adec\u00faan o se asimilan a las tendencias actuales.<\/p>\n\n\n\n<p class=\"wp-block-paragraph\"><strong>Modera<\/strong>: &nbsp;Mtra.Liliana Magdaleno Horta<\/p>\n\n\n\n<p class=\"has-small-font-size wp-block-paragraph\">Para ver el conversatorio, haz clic en el video.<\/p>\n\n\n\n<figure class=\"wp-block-embed is-type-video is-provider-vimeo wp-block-embed-vimeo wp-embed-aspect-16-9 wp-has-aspect-ratio\"><div class=\"wp-block-embed__wrapper\">\n<iframe loading=\"lazy\" title=\"La educaci&amp;oacute;n en una sociedad digital y su relaci&amp;oacute;n con las teor&amp;iacute;as del aprendizaje\" src=\"https:\/\/player.vimeo.com\/video\/829952144?h=f082225ac0&amp;dnt=1&amp;app_id=122963\" width=\"1200\" height=\"675\" frameborder=\"0\" allow=\"autoplay; fullscreen; picture-in-picture\" allowfullscreen><\/iframe>\n<\/div><\/figure>\n","protected":false},"excerpt":{"rendered":"<p>Espacio destinado a presentar los trabajos realizados por las y los estudiantes de la primera y segunda generaci\u00f3n de la Maestr\u00eda en Docencia Universitaria para la Educaci\u00f3n Digital (MDUED). Los textos presentados giran en torno a dos t\u00f3picos: 1. El primero contempla los modos en que la educaci\u00f3n se ha transformado en el marco de &#8230; <a title=\"La educaci\u00f3n en una sociedad digital y su relaci\u00f3n con las teor\u00edas del aprendizaje\" class=\"read-more\" href=\"https:\/\/blogs.ugto.mx\/jornada\/2023\/05\/24\/la-educacion-en-una-sociedad-digital-y-su-relacion-con-las-teorias-del-aprendizaje\/\" aria-label=\"Leer m\u00e1s sobre La educaci\u00f3n en una sociedad digital y su relaci\u00f3n con las teor\u00edas del aprendizaje\">Leer m\u00e1s<\/a><\/p>\n","protected":false},"author":1,"featured_media":0,"comment_status":"closed","ping_status":"closed","sticky":false,"template":"","format":"standard","meta":{"_acf_changed":false,"_crdt_document":"","episode_type":"","audio_file":"","podmotor_file_id":"","podmotor_episode_id":"","cover_image":"","cover_image_id":"","duration":"","filesize":"","filesize_raw":"","date_recorded":"","explicit":"","block":"","itunes_episode_number":"","itunes_title":"","itunes_season_number":"","itunes_episode_type":"","footnotes":""},"categories":[5],"tags":[22,10],"class_list":["post-609","post","type-post","status-publish","format-standard","hentry","category-conversatorios","tag-liliana-magdaleno-horta","tag-primera"],"acf":[],"jetpack_featured_media_url":"","_links":{"self":[{"href":"https:\/\/blogs.ugto.mx\/jornada\/wp-json\/wp\/v2\/posts\/609","targetHints":{"allow":["GET"]}}],"collection":[{"href":"https:\/\/blogs.ugto.mx\/jornada\/wp-json\/wp\/v2\/posts"}],"about":[{"href":"https:\/\/blogs.ugto.mx\/jornada\/wp-json\/wp\/v2\/types\/post"}],"author":[{"embeddable":true,"href":"https:\/\/blogs.ugto.mx\/jornada\/wp-json\/wp\/v2\/users\/1"}],"replies":[{"embeddable":true,"href":"https:\/\/blogs.ugto.mx\/jornada\/wp-json\/wp\/v2\/comments?post=609"}],"version-history":[{"count":4,"href":"https:\/\/blogs.ugto.mx\/jornada\/wp-json\/wp\/v2\/posts\/609\/revisions"}],"predecessor-version":[{"id":634,"href":"https:\/\/blogs.ugto.mx\/jornada\/wp-json\/wp\/v2\/posts\/609\/revisions\/634"}],"wp:attachment":[{"href":"https:\/\/blogs.ugto.mx\/jornada\/wp-json\/wp\/v2\/media?parent=609"}],"wp:term":[{"taxonomy":"category","embeddable":true,"href":"https:\/\/blogs.ugto.mx\/jornada\/wp-json\/wp\/v2\/categories?post=609"},{"taxonomy":"post_tag","embeddable":true,"href":"https:\/\/blogs.ugto.mx\/jornada\/wp-json\/wp\/v2\/tags?post=609"}],"curies":[{"name":"wp","href":"https:\/\/api.w.org\/{rel}","templated":true}]}}