{"id":612,"date":"2023-05-24T19:57:15","date_gmt":"2023-05-24T19:57:15","guid":{"rendered":"https:\/\/blogs.ugto.mx\/jornada\/?p=612"},"modified":"2023-05-25T22:08:59","modified_gmt":"2023-05-25T22:08:59","slug":"perspectivas-y-horizontes-de-la-educacion-digital-en-la-universidad-de-guanajuato","status":"publish","type":"post","link":"https:\/\/blogs.ugto.mx\/jornada\/2023\/05\/24\/perspectivas-y-horizontes-de-la-educacion-digital-en-la-universidad-de-guanajuato\/","title":{"rendered":"Perspectivas y horizontes de la educaci\u00f3n digital en la Universidad de Guanajuato"},"content":{"rendered":"\n<p class=\"wp-block-paragraph\">Presentaci\u00f3n editorial de la publicaci\u00f3n <em>Perspectivas y horizontes de la educaci\u00f3n digital en la Universidad de Guanajuato<\/em>, el cual es un compendio de las visiones particulares sobre la educaci\u00f3n digital, a partir de su despliegue y an\u00e1lisis en distintas disciplinas. Las investigaciones contenidas se concretan en revisiones amplias de literatura y en estudios de caso, seg\u00fan convenga a los prop\u00f3sitos de tema seleccionado: inteligencia artificial en el \u00e1mbito educativo, retroalimentaci\u00f3n autom\u00e1tica mediante herramientas digitales o innovaci\u00f3n en dise\u00f1o instruccional, por mencionar algunos.&nbsp;<\/p>\n\n\n\n<p class=\"wp-block-paragraph\">Los art\u00edculos publicados son resultado de la UDA Proyecto integrador para el egreso de la primera generaci\u00f3n de la MDUED<\/p>\n\n\n\n<p class=\"wp-block-paragraph\"><strong>Presenta<\/strong>: Dr. Juan Carlos Soto Pati\u00f1o<\/p>\n\n\n\n<p class=\"has-small-font-size wp-block-paragraph\">Para ver la presentaci\u00f3n, haz clic en el video.<\/p>\n\n\n\n<figure class=\"wp-block-embed is-type-video is-provider-vimeo wp-block-embed-vimeo wp-embed-aspect-16-9 wp-has-aspect-ratio\"><div class=\"wp-block-embed__wrapper\">\n<iframe loading=\"lazy\" title=\"Perspectivas y horizontes de la educaci&amp;oacute;n digital en la Universidad de Guanajuato\" src=\"https:\/\/player.vimeo.com\/video\/829954096?h=19f84c915f&amp;dnt=1&amp;app_id=122963\" width=\"1200\" height=\"675\" frameborder=\"0\" allow=\"autoplay; fullscreen; picture-in-picture\" allowfullscreen><\/iframe>\n<\/div><\/figure>\n\n\n\n<h2 class=\"wp-block-heading has-text-align-center\" id=\"ebook\"><strong>Libro digital<\/strong><\/h2>\n\n\n\n<p class=\"wp-block-paragraph\"><code><div class=\"_df_book df-lite\" id=\"df_697\"  _slug=\"perspectivas-y-horizontes-de-la-educacion-digital-en-la-universidad-de-guanajuato\" data-title=\"perspectivas-y-horizontes-de-la-educacion-digital-en-la-universidad-de-guanajuato\" wpoptions=\"true\" thumbtype=\"\" ><\/div><script class=\"df-shortcode-script\" nowprocket type=\"application\/javascript\">window.option_df_697 = {\"outline\":[],\"autoEnableOutline\":\"false\",\"autoEnableThumbnail\":\"false\",\"overwritePDFOutline\":\"false\",\"direction\":\"1\",\"pageSize\":\"0\",\"source\":\"https:\\\/\\\/blogs.ugto.mx\\\/jornada\\\/wp-content\\\/uploads\\\/sites\\\/73\\\/2023\\\/05\\\/Perspectivas-y-horizontes-de-la-educacion-digital-en-la-Universidad-de-Guanajuato.pdf\",\"wpOptions\":\"true\"}; if(window.DFLIP && window.DFLIP.parseBooks){window.DFLIP.parseBooks();}<\/script><\/code><\/p>\n","protected":false},"excerpt":{"rendered":"<p>Presentaci\u00f3n editorial de la publicaci\u00f3n Perspectivas y horizontes de la educaci\u00f3n digital en la Universidad de Guanajuato, el cual es un compendio de las visiones particulares sobre la educaci\u00f3n digital, a partir de su despliegue y an\u00e1lisis en distintas disciplinas. Las investigaciones contenidas se concretan en revisiones amplias de literatura y en estudios de caso, &#8230; <a title=\"Perspectivas y horizontes de la educaci\u00f3n digital en la Universidad de Guanajuato\" class=\"read-more\" href=\"https:\/\/blogs.ugto.mx\/jornada\/2023\/05\/24\/perspectivas-y-horizontes-de-la-educacion-digital-en-la-universidad-de-guanajuato\/\" aria-label=\"Leer m\u00e1s sobre Perspectivas y horizontes de la educaci\u00f3n digital en la Universidad de Guanajuato\">Leer m\u00e1s<\/a><\/p>\n","protected":false},"author":1,"featured_media":0,"comment_status":"closed","ping_status":"closed","sticky":false,"template":"","format":"standard","meta":{"_acf_changed":false,"_crdt_document":"","episode_type":"","audio_file":"","podmotor_file_id":"","podmotor_episode_id":"","cover_image":"","cover_image_id":"","duration":"","filesize":"","filesize_raw":"","date_recorded":"","explicit":"","block":"","itunes_episode_number":"","itunes_title":"","itunes_season_number":"","itunes_episode_type":"","footnotes":""},"categories":[7],"tags":[23,10],"class_list":["post-612","post","type-post","status-publish","format-standard","hentry","category-libros","tag-juan-carlos-soto-patino","tag-primera"],"acf":[],"jetpack_featured_media_url":"","_links":{"self":[{"href":"https:\/\/blogs.ugto.mx\/jornada\/wp-json\/wp\/v2\/posts\/612","targetHints":{"allow":["GET"]}}],"collection":[{"href":"https:\/\/blogs.ugto.mx\/jornada\/wp-json\/wp\/v2\/posts"}],"about":[{"href":"https:\/\/blogs.ugto.mx\/jornada\/wp-json\/wp\/v2\/types\/post"}],"author":[{"embeddable":true,"href":"https:\/\/blogs.ugto.mx\/jornada\/wp-json\/wp\/v2\/users\/1"}],"replies":[{"embeddable":true,"href":"https:\/\/blogs.ugto.mx\/jornada\/wp-json\/wp\/v2\/comments?post=612"}],"version-history":[{"count":8,"href":"https:\/\/blogs.ugto.mx\/jornada\/wp-json\/wp\/v2\/posts\/612\/revisions"}],"predecessor-version":[{"id":716,"href":"https:\/\/blogs.ugto.mx\/jornada\/wp-json\/wp\/v2\/posts\/612\/revisions\/716"}],"wp:attachment":[{"href":"https:\/\/blogs.ugto.mx\/jornada\/wp-json\/wp\/v2\/media?parent=612"}],"wp:term":[{"taxonomy":"category","embeddable":true,"href":"https:\/\/blogs.ugto.mx\/jornada\/wp-json\/wp\/v2\/categories?post=612"},{"taxonomy":"post_tag","embeddable":true,"href":"https:\/\/blogs.ugto.mx\/jornada\/wp-json\/wp\/v2\/tags?post=612"}],"curies":[{"name":"wp","href":"https:\/\/api.w.org\/{rel}","templated":true}]}}