{"id":616,"date":"2023-05-24T20:05:42","date_gmt":"2023-05-24T20:05:42","guid":{"rendered":"https:\/\/blogs.ugto.mx\/jornada\/?p=616"},"modified":"2023-05-24T21:18:04","modified_gmt":"2023-05-24T21:18:04","slug":"aprendizaje-autogestivo-y-automatizado","status":"publish","type":"post","link":"https:\/\/blogs.ugto.mx\/jornada\/2023\/05\/24\/aprendizaje-autogestivo-y-automatizado\/","title":{"rendered":"Aprendizaje autogestivo y automatizado"},"content":{"rendered":"\n<p class=\"wp-block-paragraph\">En esta espacio, adem\u00e1s de platicar sobre las ventajas y alcances que el aprendizaje autogestivo y automatizado puede tener a trav\u00e9s de sistemas de gesti\u00f3n, presentaremos una serie de cursos elaborados por las y los estudiantes de la primera generaci\u00f3n de la MDUED durante la UDA Taller de sistemas de gesti\u00f3n del aprendizaje.<\/p>\n\n\n\n<p class=\"wp-block-paragraph\">Es de resaltar que estos cursos se suman a la oferta educativa de libre acceso para la sociedad en general.<\/p>\n\n\n\n<p class=\"wp-block-paragraph\"><strong>Modera<\/strong>: &nbsp;Dra. Eva Lozano Montero<\/p>\n\n\n\n<p class=\"has-small-font-size wp-block-paragraph\">Para ver el conversatorio, haz clic en el video.<\/p>\n\n\n\n<figure class=\"wp-block-embed is-type-video is-provider-vimeo wp-block-embed-vimeo wp-embed-aspect-16-9 wp-has-aspect-ratio\"><div class=\"wp-block-embed__wrapper\">\n<iframe loading=\"lazy\" title=\"Aprendizaje autogestivo y automatizado\" src=\"https:\/\/player.vimeo.com\/video\/829955563?h=0f847f15f9&amp;dnt=1&amp;app_id=122963\" width=\"1200\" height=\"675\" frameborder=\"0\" allow=\"autoplay; fullscreen; picture-in-picture\" allowfullscreen><\/iframe>\n<\/div><\/figure>\n","protected":false},"excerpt":{"rendered":"<p>En esta espacio, adem\u00e1s de platicar sobre las ventajas y alcances que el aprendizaje autogestivo y automatizado puede tener a trav\u00e9s de sistemas de gesti\u00f3n, presentaremos una serie de cursos elaborados por las y los estudiantes de la primera generaci\u00f3n de la MDUED durante la UDA Taller de sistemas de gesti\u00f3n del aprendizaje. Es de &#8230; <a title=\"Aprendizaje autogestivo y automatizado\" class=\"read-more\" href=\"https:\/\/blogs.ugto.mx\/jornada\/2023\/05\/24\/aprendizaje-autogestivo-y-automatizado\/\" aria-label=\"Leer m\u00e1s sobre Aprendizaje autogestivo y automatizado\">Leer m\u00e1s<\/a><\/p>\n","protected":false},"author":1,"featured_media":0,"comment_status":"closed","ping_status":"closed","sticky":false,"template":"","format":"standard","meta":{"_acf_changed":false,"_crdt_document":"","episode_type":"","audio_file":"","podmotor_file_id":"","podmotor_episode_id":"","cover_image":"","cover_image_id":"","duration":"","filesize":"","filesize_raw":"","date_recorded":"","explicit":"","block":"","itunes_episode_number":"","itunes_title":"","itunes_season_number":"","itunes_episode_type":"","footnotes":""},"categories":[5],"tags":[24,10],"class_list":["post-616","post","type-post","status-publish","format-standard","hentry","category-conversatorios","tag-eva-lozano-montero","tag-primera"],"acf":[],"jetpack_featured_media_url":"","_links":{"self":[{"href":"https:\/\/blogs.ugto.mx\/jornada\/wp-json\/wp\/v2\/posts\/616","targetHints":{"allow":["GET"]}}],"collection":[{"href":"https:\/\/blogs.ugto.mx\/jornada\/wp-json\/wp\/v2\/posts"}],"about":[{"href":"https:\/\/blogs.ugto.mx\/jornada\/wp-json\/wp\/v2\/types\/post"}],"author":[{"embeddable":true,"href":"https:\/\/blogs.ugto.mx\/jornada\/wp-json\/wp\/v2\/users\/1"}],"replies":[{"embeddable":true,"href":"https:\/\/blogs.ugto.mx\/jornada\/wp-json\/wp\/v2\/comments?post=616"}],"version-history":[{"count":3,"href":"https:\/\/blogs.ugto.mx\/jornada\/wp-json\/wp\/v2\/posts\/616\/revisions"}],"predecessor-version":[{"id":635,"href":"https:\/\/blogs.ugto.mx\/jornada\/wp-json\/wp\/v2\/posts\/616\/revisions\/635"}],"wp:attachment":[{"href":"https:\/\/blogs.ugto.mx\/jornada\/wp-json\/wp\/v2\/media?parent=616"}],"wp:term":[{"taxonomy":"category","embeddable":true,"href":"https:\/\/blogs.ugto.mx\/jornada\/wp-json\/wp\/v2\/categories?post=616"},{"taxonomy":"post_tag","embeddable":true,"href":"https:\/\/blogs.ugto.mx\/jornada\/wp-json\/wp\/v2\/tags?post=616"}],"curies":[{"name":"wp","href":"https:\/\/api.w.org\/{rel}","templated":true}]}}