{"id":627,"date":"2023-05-24T20:23:25","date_gmt":"2023-05-24T20:23:25","guid":{"rendered":"https:\/\/blogs.ugto.mx\/jornada\/?p=627"},"modified":"2023-05-25T19:38:49","modified_gmt":"2023-05-25T19:38:49","slug":"clausura-de-la-primera-jornada-de-educacion-digital","status":"publish","type":"post","link":"https:\/\/blogs.ugto.mx\/jornada\/2023\/05\/24\/clausura-de-la-primera-jornada-de-educacion-digital\/","title":{"rendered":"Clausura de la primera Jornada de Educaci\u00f3n Digital"},"content":{"rendered":"\n<p class=\"wp-block-paragraph\">Finalizaci\u00f3n de la Jornada de Educaci\u00f3n Digital, presidida por el Dr. Jos\u00e9 Amparo Andrade Lucio, Director de la Divisi\u00f3n de Ingenier\u00edas del Campus Irapuato-Salamanca.<\/p>\n\n\n\n<p class=\"has-small-font-size wp-block-paragraph\">Para ver la clausura, haz clic en el video.<\/p>\n\n\n\n<figure class=\"wp-block-embed is-type-video is-provider-vimeo wp-block-embed-vimeo wp-embed-aspect-16-9 wp-has-aspect-ratio\"><div class=\"wp-block-embed__wrapper\">\n<iframe loading=\"lazy\" title=\"clausura de la primera jornada de educaci&amp;oacute;n digital\" src=\"https:\/\/player.vimeo.com\/video\/829960788?h=d64b367933&amp;dnt=1&amp;app_id=122963\" width=\"1200\" height=\"675\" frameborder=\"0\" allow=\"autoplay; fullscreen; picture-in-picture\" allowfullscreen><\/iframe>\n<\/div><\/figure>\n","protected":false},"excerpt":{"rendered":"<p>Finalizaci\u00f3n de la Jornada de Educaci\u00f3n Digital, presidida por el Dr. Jos\u00e9 Amparo Andrade Lucio, Director de la Divisi\u00f3n de Ingenier\u00edas del Campus Irapuato-Salamanca. Para ver la clausura, haz clic en el video.<\/p>\n","protected":false},"author":1,"featured_media":0,"comment_status":"closed","ping_status":"closed","sticky":false,"template":"","format":"standard","meta":{"_acf_changed":false,"_crdt_document":"","episode_type":"","audio_file":"","podmotor_file_id":"","podmotor_episode_id":"","cover_image":"","cover_image_id":"","duration":"","filesize":"","filesize_raw":"","date_recorded":"","explicit":"","block":"","itunes_episode_number":"","itunes_title":"","itunes_season_number":"","itunes_episode_type":"","footnotes":""},"categories":[1],"tags":[10],"class_list":["post-627","post","type-post","status-publish","format-standard","hentry","category-inauguraciones-y-clausuras","tag-primera"],"acf":[],"jetpack_featured_media_url":"","_links":{"self":[{"href":"https:\/\/blogs.ugto.mx\/jornada\/wp-json\/wp\/v2\/posts\/627","targetHints":{"allow":["GET"]}}],"collection":[{"href":"https:\/\/blogs.ugto.mx\/jornada\/wp-json\/wp\/v2\/posts"}],"about":[{"href":"https:\/\/blogs.ugto.mx\/jornada\/wp-json\/wp\/v2\/types\/post"}],"author":[{"embeddable":true,"href":"https:\/\/blogs.ugto.mx\/jornada\/wp-json\/wp\/v2\/users\/1"}],"replies":[{"embeddable":true,"href":"https:\/\/blogs.ugto.mx\/jornada\/wp-json\/wp\/v2\/comments?post=627"}],"version-history":[{"count":5,"href":"https:\/\/blogs.ugto.mx\/jornada\/wp-json\/wp\/v2\/posts\/627\/revisions"}],"predecessor-version":[{"id":664,"href":"https:\/\/blogs.ugto.mx\/jornada\/wp-json\/wp\/v2\/posts\/627\/revisions\/664"}],"wp:attachment":[{"href":"https:\/\/blogs.ugto.mx\/jornada\/wp-json\/wp\/v2\/media?parent=627"}],"wp:term":[{"taxonomy":"category","embeddable":true,"href":"https:\/\/blogs.ugto.mx\/jornada\/wp-json\/wp\/v2\/categories?post=627"},{"taxonomy":"post_tag","embeddable":true,"href":"https:\/\/blogs.ugto.mx\/jornada\/wp-json\/wp\/v2\/tags?post=627"}],"curies":[{"name":"wp","href":"https:\/\/api.w.org\/{rel}","templated":true}]}}