{"id":644,"date":"2023-05-25T15:51:27","date_gmt":"2023-05-25T15:51:27","guid":{"rendered":"https:\/\/blogs.ugto.mx\/jornada\/?p=644"},"modified":"2023-05-25T19:21:57","modified_gmt":"2023-05-25T19:21:57","slug":"inauguracion-de-la-primera-jornada-de-educacion-digital","status":"publish","type":"post","link":"https:\/\/blogs.ugto.mx\/jornada\/2023\/05\/25\/inauguracion-de-la-primera-jornada-de-educacion-digital\/","title":{"rendered":"Inauguraci\u00f3n de la primera Jornada de Educaci\u00f3n Digital"},"content":{"rendered":"\n<p class=\"wp-block-paragraph\"><strong>Sinopsis<\/strong>: Apertura de la Jornada de Educaci\u00f3n Digital, la cual estar\u00e1 presidida por el Dr. Sergio Antonio Silva Mu\u00f1oz, Secretario Acad\u00e9mico de la UG, y el Dr. Armando Gallegos Mu\u00f1oz, Rector del Campus Irapuato-Salamanca.<\/p>\n\n\n\n<p class=\"has-small-font-size wp-block-paragraph\">Para ver la inauguraci\u00f3n, haz clic en el video.<\/p>\n\n\n\n<figure class=\"wp-block-embed is-type-video is-provider-vimeo wp-block-embed-vimeo wp-embed-aspect-16-9 wp-has-aspect-ratio\"><div class=\"wp-block-embed__wrapper\">\n<iframe loading=\"lazy\" title=\"Inauguraci&amp;oacute;n de la Primera Jornada de Educaci&amp;oacute;n Digital 2023\" src=\"https:\/\/player.vimeo.com\/video\/830255174?h=4c888d20ca&amp;dnt=1&amp;app_id=122963\" width=\"1200\" height=\"675\" frameborder=\"0\" allow=\"autoplay; fullscreen; picture-in-picture\" allowfullscreen><\/iframe>\n<\/div><\/figure>\n","protected":false},"excerpt":{"rendered":"<p>Sinopsis: Apertura de la Jornada de Educaci\u00f3n Digital, la cual estar\u00e1 presidida por el Dr. Sergio Antonio Silva Mu\u00f1oz, Secretario Acad\u00e9mico de la UG, y el Dr. Armando Gallegos Mu\u00f1oz, Rector del Campus Irapuato-Salamanca. Para ver la inauguraci\u00f3n, haz clic en el video.<\/p>\n","protected":false},"author":1,"featured_media":0,"comment_status":"closed","ping_status":"closed","sticky":false,"template":"","format":"standard","meta":{"_acf_changed":false,"_crdt_document":"","episode_type":"","audio_file":"","podmotor_file_id":"","podmotor_episode_id":"","cover_image":"","cover_image_id":"","duration":"","filesize":"","filesize_raw":"","date_recorded":"","explicit":"","block":"","itunes_episode_number":"","itunes_title":"","itunes_season_number":"","itunes_episode_type":"","footnotes":""},"categories":[1],"tags":[10],"class_list":["post-644","post","type-post","status-publish","format-standard","hentry","category-inauguraciones-y-clausuras","tag-primera"],"acf":[],"jetpack_featured_media_url":"","_links":{"self":[{"href":"https:\/\/blogs.ugto.mx\/jornada\/wp-json\/wp\/v2\/posts\/644","targetHints":{"allow":["GET"]}}],"collection":[{"href":"https:\/\/blogs.ugto.mx\/jornada\/wp-json\/wp\/v2\/posts"}],"about":[{"href":"https:\/\/blogs.ugto.mx\/jornada\/wp-json\/wp\/v2\/types\/post"}],"author":[{"embeddable":true,"href":"https:\/\/blogs.ugto.mx\/jornada\/wp-json\/wp\/v2\/users\/1"}],"replies":[{"embeddable":true,"href":"https:\/\/blogs.ugto.mx\/jornada\/wp-json\/wp\/v2\/comments?post=644"}],"version-history":[{"count":5,"href":"https:\/\/blogs.ugto.mx\/jornada\/wp-json\/wp\/v2\/posts\/644\/revisions"}],"predecessor-version":[{"id":663,"href":"https:\/\/blogs.ugto.mx\/jornada\/wp-json\/wp\/v2\/posts\/644\/revisions\/663"}],"wp:attachment":[{"href":"https:\/\/blogs.ugto.mx\/jornada\/wp-json\/wp\/v2\/media?parent=644"}],"wp:term":[{"taxonomy":"category","embeddable":true,"href":"https:\/\/blogs.ugto.mx\/jornada\/wp-json\/wp\/v2\/categories?post=644"},{"taxonomy":"post_tag","embeddable":true,"href":"https:\/\/blogs.ugto.mx\/jornada\/wp-json\/wp\/v2\/tags?post=644"}],"curies":[{"name":"wp","href":"https:\/\/api.w.org\/{rel}","templated":true}]}}