{"id":1271,"date":"2019-04-01T23:44:19","date_gmt":"2019-04-01T21:44:19","guid":{"rendered":"https:\/\/blogs.ugto.mx\/marco\/?p=1271"},"modified":"2021-03-23T18:01:03","modified_gmt":"2021-03-23T17:01:03","slug":"anexo-6-oferta-educativa-para-el-desarrollo-de-habilidades-para-la-multimodalidad-educativa","status":"publish","type":"post","link":"https:\/\/blogs.ugto.mx\/marco\/2019\/04\/01\/anexo-6-oferta-educativa-para-el-desarrollo-de-habilidades-para-la-multimodalidad-educativa\/","title":{"rendered":"Anexo 6. Oferta educativa para el desarrollo de habilidades para la multimodalidad educativa"},"content":{"rendered":"<div style=\"text-align: justify;\">\n<h2><span style=\"font-weight: 400;\">Especializaci\u00f3n en Habilidades TIC <a href=\"https:\/\/nodo.ugto.mx\/enlinea\/certificate-en-habilidades-tic\/\" target=\"_blank\" rel=\"noopener\">(Visitar micrositio)<\/a><\/span><\/h2>\n<table>\n<tbody>\n<tr>\n<td colspan=\"4\"><span style=\"font-weight: 400;\">Objetivo curricular<\/span><\/td>\n<\/tr>\n<tr>\n<td colspan=\"4\"><span style=\"font-weight: 400;\">Formar especialistas que comprendan y desarrollen habilidades de las TIC, con el fin de responder competentemente las tendencias y demandas de las sociedades actuales.<\/span><\/td>\n<\/tr>\n<tr>\n<td colspan=\"4\"><span style=\"font-weight: 400;\">Perfil de egreso<\/span><\/td>\n<\/tr>\n<tr>\n<td colspan=\"4\"><span style=\"font-weight: 400;\">\u201cEspecialistas competentes capaces de utilizar de forma eficiente las tecnolog\u00edas de la informaci\u00f3n y la comunicaci\u00f3n para actividades acad\u00e9micas y laborales, as\u00ed como en su vida en general\u201d.<\/span><\/td>\n<\/tr>\n<tr>\n<td><span style=\"font-weight: 400;\">Duraci\u00f3n:<\/span><\/td>\n<td><span style=\"font-weight: 400;\">2 cuatrimestres<\/span><\/td>\n<td><span style=\"font-weight: 400;\">Cr\u00e9ditos:<\/span><\/td>\n<td><span style=\"font-weight: 400;\">10<\/span><\/td>\n<\/tr>\n<tr>\n<td colspan=\"4\"><span style=\"font-weight: 400;\">Plan de estudios cuatrimestral<\/span><\/td>\n<\/tr>\n<tr>\n<td colspan=\"4\"><span style=\"font-weight: 400;\">Primera inscripci\u00f3n<\/span><\/td>\n<\/tr>\n<tr>\n<td colspan=\"4\">\n<ul>\n<li style=\"font-weight: 400;\"><span style=\"font-weight: 400;\">Conocimientos fundamentales de computaci\u00f3n<\/span><\/li>\n<li style=\"font-weight: 400;\"><span style=\"font-weight: 400;\">Conocimientos fundamentales de aplicaciones en l\u00ednea<\/span><\/li>\n<li style=\"font-weight: 400;\"><span style=\"font-weight: 400;\">Procesador de textos<\/span><\/li>\n<li style=\"font-weight: 400;\"><span style=\"font-weight: 400;\">Hoja de c\u00e1lculo <\/span><\/li>\n<li style=\"font-weight: 400;\"><span style=\"font-weight: 400;\">Complementaria I<\/span><\/li>\n<\/ul>\n<\/td>\n<\/tr>\n<tr>\n<td colspan=\"4\"><span style=\"font-weight: 400;\">Segunda inscripci\u00f3n<\/span><\/td>\n<\/tr>\n<tr>\n<td colspan=\"4\">\n<ul>\n<li style=\"font-weight: 400;\"><span style=\"font-weight: 400;\">Presentaciones <\/span><\/li>\n<li style=\"font-weight: 400;\"><span style=\"font-weight: 400;\">Herramientas de colaboraci\u00f3n en l\u00ednea<\/span><\/li>\n<li style=\"font-weight: 400;\"><span style=\"font-weight: 400;\">Seguridad Inform\u00e1tica<\/span><\/li>\n<li style=\"font-weight: 400;\"><span style=\"font-weight: 400;\">TIC para la educaci\u00f3n<\/span><\/li>\n<li style=\"font-weight: 400;\"><span style=\"font-weight: 400;\">Taller de pr\u00e1ctica integral TIC<\/span><\/li>\n<li style=\"font-weight: 400;\"><span style=\"font-weight: 400;\">Complementaria II<\/span><\/li>\n<\/ul>\n<\/td>\n<\/tr>\n<\/tbody>\n<\/table>\n<h2><\/h2>\n<h2><span style=\"font-weight: 400;\">Especializaci\u00f3n en Docencia para la Multimodalidad Educativa <a href=\"https:\/\/nodo.ugto.mx\/enlinea\/certificate-en-docencia-para-la-multimodalidad-educativa\/\" target=\"_blank\" rel=\"noopener\">(Visitar Micrositio)<\/a><\/span><\/h2>\n<table>\n<tbody>\n<tr>\n<td colspan=\"4\"><span style=\"font-weight: 400;\">Objetivo curricular<\/span><\/td>\n<\/tr>\n<tr>\n<td colspan=\"4\"><span style=\"font-weight: 400;\">Formar especialistas que comprendan el fen\u00f3meno de la multimodalidad educativa y est\u00e9n capacitados para aplicar tecnolog\u00edas y metodolog\u00edas que incidan en la innovaci\u00f3n de los procesos de ense\u00f1anza y aprendizaje mediante el uso de las tecnolog\u00edas de la informaci\u00f3n y comunicaci\u00f3n (TIC), con el fin armonizar la pr\u00e1ctica docente con las tendencias y necesidades que demanda la sociedad, incorporando los factores humanos, ambientales y econ\u00f3micos en la toma de decisiones, con un enfoque de eficiencia, eficacia y de responsabilidad social.<\/span><\/td>\n<\/tr>\n<tr>\n<td colspan=\"4\"><span style=\"font-weight: 400;\">Perfil de egreso<\/span><\/td>\n<\/tr>\n<tr>\n<td colspan=\"4\"><span style=\"font-weight: 400;\">\u201cEspecialistas competentes en la aplicacio\u0301n de me\u0301todos y estrategias que les permitan el desarrollo de una pra\u0301ctica docente armonizada con el feno\u0301meno de la multimodalidad educativa, a fin de favorecer procesos de ensen\u0303anza y aprendizajes flexibles, privilegiando la incorporacio\u0301n de las tecnologi\u0301as de la informacio\u0301n y comunicacio\u0301n, todo ello enfocado en la creacio\u0301n de valor de las organizaciones educativas\u201d.<\/span><\/td>\n<\/tr>\n<tr>\n<td><span style=\"font-weight: 400;\">Duraci\u00f3n:<\/span><\/td>\n<td><span style=\"font-weight: 400;\">3 cuatrimestres<\/span><\/td>\n<td><span style=\"font-weight: 400;\">Cr\u00e9ditos:<\/span><\/td>\n<td><span style=\"font-weight: 400;\">40<\/span><\/td>\n<\/tr>\n<tr>\n<td colspan=\"4\"><span style=\"font-weight: 400;\">Plan de estudios cuatrimestral<\/span><\/td>\n<\/tr>\n<tr>\n<td colspan=\"4\"><span style=\"font-weight: 400;\">Primera inscripci\u00f3n<\/span><\/td>\n<\/tr>\n<tr>\n<td colspan=\"4\">\n<ul>\n<li style=\"font-weight: 400;\"><span style=\"font-weight: 400;\">Retos y desaf\u00edos de la educaci\u00f3n del siglo XXI<\/span><\/li>\n<li style=\"font-weight: 400;\">Desarrollando tu ense\u00f1anza<\/li>\n<li style=\"font-weight: 400;\"><span style=\"font-weight: 400;\">Fundamentos de teor\u00edas y paradigmas educativos<\/span><\/li>\n<li style=\"font-weight: 400;\">Principios de dise\u00f1o de cursos universitarios<\/li>\n<li style=\"font-weight: 400;\"><span style=\"font-weight: 400;\">Complementaria I<\/span><\/li>\n<\/ul>\n<\/td>\n<\/tr>\n<tr>\n<td colspan=\"4\"><span style=\"font-weight: 400;\">Segunda inscripci\u00f3n<\/span><\/td>\n<\/tr>\n<tr>\n<td colspan=\"4\">\n<ul>\n<li style=\"font-weight: 400;\"><span style=\"font-weight: 400;\">\u00bfCo\u0301mo impartir una clase?<\/span><\/li>\n<li style=\"font-weight: 400;\"><span style=\"font-weight: 400;\">\u00bfCo\u0301mo evaluar los aprendizajes?<\/span><\/li>\n<li style=\"font-weight: 400;\">Tutor\u00eda para profesores universitarios<\/li>\n<li style=\"font-weight: 400;\"><span style=\"font-weight: 400;\">Conociendo el feno\u0301meno de la multimodalidad educativa<\/span><\/li>\n<li style=\"font-weight: 400;\"><span style=\"font-weight: 400;\">Complementaria II<\/span><\/li>\n<\/ul>\n<\/td>\n<\/tr>\n<tr>\n<td colspan=\"4\"><span style=\"font-weight: 400;\">Tercera inscripci\u00f3n<\/span><\/td>\n<\/tr>\n<tr>\n<td colspan=\"4\">\n<ul>\n<li style=\"font-weight: 400;\">Ense\u00f1ando con tecnolog\u00eda<\/li>\n<li style=\"font-weight: 400;\">Ense\u00f1anza flexible y aprendizaje abierto<\/li>\n<li style=\"font-weight: 400;\">Taller para la digitalizaci\u00f3n de unidades de aprendizaje<\/li>\n<li style=\"font-weight: 400;\"><span style=\"font-weight: 400;\">Complementaria III y IV<\/span><\/li>\n<\/ul>\n<\/td>\n<\/tr>\n<\/tbody>\n<\/table>\n<h2><\/h2>\n<h2><span style=\"font-weight: 400;\">Especializaci\u00f3n en Tecnolog\u00edas para el Aprendizaje <a href=\"https:\/\/nodo.ugto.mx\/enlinea\/certificate-en-tecnologias-para-el-aprendizaje\/\" target=\"_blank\" rel=\"noopener\">(Visitar micrositio)<\/a><\/span><\/h2>\n<table>\n<tbody>\n<tr>\n<td colspan=\"4\"><span style=\"font-weight: 400;\">Objetivo curricular<\/span><\/td>\n<\/tr>\n<tr>\n<td colspan=\"4\"><span style=\"font-weight: 400;\">Formar especialistas que comprendan y apliquen proyectos de innovacio\u0301n a trave\u0301s de las tecnologi\u0301as de la informacio\u0301n y comunicacio\u0301n (TIC) en los procesos de ensen\u0303anza-aprendizaje, con el fin de responder a las tendencias y necesidades que demanda la sociedad, incorporando los factores humanos, ambientales y econo\u0301micos en la toma de decisiones de manera eficiente y con un enfoque de responsabilidad social.<\/span><\/td>\n<\/tr>\n<tr>\n<td colspan=\"4\"><span style=\"font-weight: 400;\">Perfil de egreso<\/span><\/td>\n<\/tr>\n<tr>\n<td colspan=\"4\"><span style=\"font-weight: 400;\">\u201cEspecialistas competentes en la aplicacio\u0301n de tecnologi\u0301as que propicien la innovacio\u0301n en los procesos de ensen\u0303anza y aprendizaje, haciendo uso de las tecnologi\u0301as de la informacio\u0301n y comunicacio\u0301n, concentradas en la creacio\u0301n de valor de las organizaciones educativas\u201d.<\/span><\/td>\n<\/tr>\n<tr>\n<td><span style=\"font-weight: 400;\">Duraci\u00f3n:<\/span><\/td>\n<td><span style=\"font-weight: 400;\">3 cuatrimestres<\/span><\/td>\n<td><span style=\"font-weight: 400;\">Cr\u00e9ditos:<\/span><\/td>\n<td><span style=\"font-weight: 400;\">40<\/span><\/td>\n<\/tr>\n<tr>\n<td colspan=\"4\"><span style=\"font-weight: 400;\">Plan de estudios cuatrimestral<\/span><\/td>\n<\/tr>\n<tr>\n<td colspan=\"4\"><span style=\"font-weight: 400;\">Primera inscripci\u00f3n<\/span><\/td>\n<\/tr>\n<tr>\n<td colspan=\"4\">\n<ul>\n<li style=\"font-weight: 400;\"><span style=\"font-weight: 400;\">Conocimientos fundamentales de aplicaciones en li\u0301nea<\/span><\/li>\n<li style=\"font-weight: 400;\"><span style=\"font-weight: 400;\">Educacio\u0301n y sociedad de la informacio\u0301n<\/span><\/li>\n<li style=\"font-weight: 400;\"><span style=\"font-weight: 400;\">Fundamentos de la tecnologi\u0301a educativa<\/span><\/li>\n<li style=\"font-weight: 400;\"><span style=\"font-weight: 400;\">Tecnologi\u0301as y aprendizaje<\/span><\/li>\n<li style=\"font-weight: 400;\"><span style=\"font-weight: 400;\">Complementaria I<\/span><\/li>\n<\/ul>\n<\/td>\n<\/tr>\n<tr>\n<td colspan=\"4\"><span style=\"font-weight: 400;\">Segunda inscripci\u00f3n<\/span><\/td>\n<\/tr>\n<tr>\n<td colspan=\"4\">\n<ul>\n<li style=\"font-weight: 400;\"><span style=\"font-weight: 400;\">Introduccio\u0301n a la docencia en los ambientes virtuales de aprendizaje<\/span><\/li>\n<li style=\"font-weight: 400;\"><span style=\"font-weight: 400;\">Disen\u0303o y gestio\u0301n de recursos en las plataformas virtuales<\/span><\/li>\n<li style=\"font-weight: 400;\"><span style=\"font-weight: 400;\">Integracio\u0301n y gestio\u0301n de actividades virtuales<\/span><\/li>\n<li style=\"font-weight: 400;\"><span style=\"font-weight: 400;\">Disen\u0303o y gestio\u0301n de evaluaciones virtuales<\/span><\/li>\n<li style=\"font-weight: 400;\"><span style=\"font-weight: 400;\">Complementaria II<\/span><\/li>\n<\/ul>\n<\/td>\n<\/tr>\n<tr>\n<td colspan=\"4\"><span style=\"font-weight: 400;\">Tercera inscripci\u00f3n<\/span><\/td>\n<\/tr>\n<tr>\n<td colspan=\"4\">\n<ul>\n<li style=\"font-weight: 400;\"><span style=\"font-weight: 400;\">Tecnologi\u0301as de la informacio\u0301n y la comunicacio\u0301n en la educacio\u0301n<\/span><\/li>\n<li style=\"font-weight: 400;\"><span style=\"font-weight: 400;\">Docencia en ambientes virtuales de aprendizaje<\/span><\/li>\n<li style=\"font-weight: 400;\"><span style=\"font-weight: 400;\">Comunicacio\u0301n, interaccio\u0301n y colaboracio\u0301n en los ambientes virtuales de aprendizaje<\/span><\/li>\n<li style=\"font-weight: 400;\"><span style=\"font-weight: 400;\">Proyecto final: Desarrollo del ambiente virtual de aprendizaje<\/span><\/li>\n<li style=\"font-weight: 400;\"><span style=\"font-weight: 400;\">Complementaria III y IV<\/span><\/li>\n<\/ul>\n<\/td>\n<\/tr>\n<\/tbody>\n<\/table>\n<\/div>\n","protected":false},"excerpt":{"rendered":"<p>Especializaci\u00f3n en Habilidades TIC (Visitar micrositio) Objetivo curricular Formar especialistas que comprendan y desarrollen habilidades de las TIC, con el &#8230;<\/p>\n","protected":false},"author":1,"featured_media":1231,"comment_status":"closed","ping_status":"closed","sticky":false,"template":"","format":"standard","meta":{"_acf_changed":false,"_crdt_document":"","episode_type":"","audio_file":"","podmotor_file_id":"","podmotor_episode_id":"","cover_image":"","cover_image_id":"","duration":"","filesize":"","filesize_raw":"","date_recorded":"","explicit":"","block":"","itunes_episode_number":"","itunes_title":"","itunes_season_number":"","itunes_episode_type":"","jetpack_post_was_ever_published":false,"footnotes":""},"categories":[42],"tags":[],"class_list":["entry","author-blogugadmin","post-1271","post","type-post","status-publish","format-standard","has-post-thumbnail","category-anexo"],"acf":[],"jetpack_featured_media_url":"https:\/\/blogs.ugto.mx\/marco\/wp-content\/uploads\/sites\/64\/2019\/03\/MarcoA6.jpg","jetpack_sharing_enabled":true,"jetpack_shortlink":"https:\/\/wp.me\/paQj1M-kv","_links":{"self":[{"href":"https:\/\/blogs.ugto.mx\/marco\/wp-json\/wp\/v2\/posts\/1271","targetHints":{"allow":["GET"]}}],"collection":[{"href":"https:\/\/blogs.ugto.mx\/marco\/wp-json\/wp\/v2\/posts"}],"about":[{"href":"https:\/\/blogs.ugto.mx\/marco\/wp-json\/wp\/v2\/types\/post"}],"author":[{"embeddable":true,"href":"https:\/\/blogs.ugto.mx\/marco\/wp-json\/wp\/v2\/users\/1"}],"replies":[{"embeddable":true,"href":"https:\/\/blogs.ugto.mx\/marco\/wp-json\/wp\/v2\/comments?post=1271"}],"version-history":[{"count":4,"href":"https:\/\/blogs.ugto.mx\/marco\/wp-json\/wp\/v2\/posts\/1271\/revisions"}],"predecessor-version":[{"id":1354,"href":"https:\/\/blogs.ugto.mx\/marco\/wp-json\/wp\/v2\/posts\/1271\/revisions\/1354"}],"wp:featuredmedia":[{"embeddable":true,"href":"https:\/\/blogs.ugto.mx\/marco\/wp-json\/wp\/v2\/media\/1231"}],"wp:attachment":[{"href":"https:\/\/blogs.ugto.mx\/marco\/wp-json\/wp\/v2\/media?parent=1271"}],"wp:term":[{"taxonomy":"category","embeddable":true,"href":"https:\/\/blogs.ugto.mx\/marco\/wp-json\/wp\/v2\/categories?post=1271"},{"taxonomy":"post_tag","embeddable":true,"href":"https:\/\/blogs.ugto.mx\/marco\/wp-json\/wp\/v2\/tags?post=1271"}],"curies":[{"name":"wp","href":"https:\/\/api.w.org\/{rel}","templated":true}]}}