{"id":207,"date":"2021-11-03T15:02:17","date_gmt":"2021-11-03T15:02:17","guid":{"rendered":"https:\/\/blogs.ugto.mx\/mdued\/?p=207"},"modified":"2022-09-07T19:38:57","modified_gmt":"2022-09-07T19:38:57","slug":"clase-digital-3-capacidades-digitales-interacciones-y-vinculos","status":"publish","type":"post","link":"https:\/\/blogs.ugto.mx\/mdued\/clase-digital-3-capacidades-digitales-interacciones-y-vinculos\/","title":{"rendered":"Clase digital 3 &#8211; Capacidades digitales, interacciones y v\u00ednculos"},"content":{"rendered":"\n\n\n<div class=\"wp-block-cover is-light\" style=\"min-height:400px;aspect-ratio:unset;\"><span aria-hidden=\"true\" class=\"wp-block-cover__background has-black-background-color has-background-dim-40 has-background-dim\"><\/span><img decoding=\"async\" class=\"wp-block-cover__image-background wp-image-1063\" alt=\"\" src=\"data:image\/gif;base64,R0lGODlhAQABAIAAAAAAAP\/\/\/yH5BAEAAAAALAAAAAABAAEAAAIBRAA7\" data-src=\"https:\/\/blogs.ugto.mx\/mdued\/wp-content\/uploads\/sites\/66\/2022\/05\/woman-attending-online-class-1-scaled.jpg\" style=\"object-position:44% 72%\" data-object-fit=\"cover\" data-object-position=\"44% 72%\" \/><noscript><img loading=\"lazy\" decoding=\"async\" width=\"2560\" height=\"1707\" class=\"wp-block-cover__image-background wp-image-1063\" alt=\"\" src=\"https:\/\/blogs.ugto.mx\/mdued\/wp-content\/uploads\/sites\/66\/2022\/05\/woman-attending-online-class-1-scaled.jpg\" style=\"object-position:44% 72%\" data-object-fit=\"cover\" data-object-position=\"44% 72%\" srcset=\"https:\/\/blogs.ugto.mx\/mdued\/wp-content\/uploads\/sites\/66\/2022\/05\/woman-attending-online-class-1-scaled.jpg 2560w, https:\/\/blogs.ugto.mx\/mdued\/wp-content\/uploads\/sites\/66\/2022\/05\/woman-attending-online-class-1-300x200.jpg 300w, https:\/\/blogs.ugto.mx\/mdued\/wp-content\/uploads\/sites\/66\/2022\/05\/woman-attending-online-class-1-644x429.jpg 644w, https:\/\/blogs.ugto.mx\/mdued\/wp-content\/uploads\/sites\/66\/2022\/05\/woman-attending-online-class-1-768x512.jpg 768w, https:\/\/blogs.ugto.mx\/mdued\/wp-content\/uploads\/sites\/66\/2022\/05\/woman-attending-online-class-1-1536x1024.jpg 1536w, https:\/\/blogs.ugto.mx\/mdued\/wp-content\/uploads\/sites\/66\/2022\/05\/woman-attending-online-class-1-2048x1366.jpg 2048w, https:\/\/blogs.ugto.mx\/mdued\/wp-content\/uploads\/sites\/66\/2022\/05\/woman-attending-online-class-1-272x182.jpg 272w\" sizes=\"auto, (max-width: 2560px) 100vw, 2560px\" \/><\/noscript><div class=\"wp-block-cover__inner-container is-layout-flow wp-block-cover-is-layout-flow\">\n<p class=\"has-text-align-center has-base-3-color has-text-color has-large-font-size wp-block-paragraph\">Capacidades digitales, interacciones y v\u00ednculos<\/p>\n<\/div><\/div>\n\n\n\n<h2 class=\"wp-block-heading\">Presentaci\u00f3n del tema<\/h2>\n\n\n\n<p class=\"wp-block-paragraph\">Hola, conf\u00edo en encontrarte con bien, continuamos con este trayecto formativo. En la presente clase digital se abordar\u00e1n los siguientes aspectos:<\/p>\n\n\n\n<ul class=\"wp-block-list\"><li>Analizar el concepto de transformaci\u00f3n digital como impulsor de las capacidades digitales.<\/li><li>Distinguir los alcances de cada uno de los elementos de las capacidades digitales.<\/li><li>Reflexionar sobre las interrelaciones y v\u00ednculos que ocurren en una sociedad digital.<\/li><\/ul>\n\n\n\n<p class=\"wp-block-paragraph\">Sin otro particular, doy inicio a esta clase.<\/p>\n\n\n\n<h2 class=\"wp-block-heading\">Objetivo did\u00e1ctico de la clase<\/h2>\n\n\n\n<ul class=\"wp-block-list\"><li>Distinguir la importancia de las capacidades digitales para el adecuado desarrollo de la sociedad digital.<\/li><\/ul>\n\n\n\n<h2 class=\"wp-block-heading\">Contenido did\u00e1ctico<\/h2>\n\n\n\n<h3 class=\"wp-block-heading\">Presentaci\u00f3n de los contenidos<\/h3>\n\n\n\n<p class=\"wp-block-paragraph\">Para dar inicio con el tema te invito a revisar el siguiente recurso digital:<\/p>\n\n\n<style>\n       .errordiv { padding:10px; margin:10px; border: 1px solid #555555;color: #000000;background-color: #f8f8f8; width:500px; }#advanced_iframe {visibility:visible;opacity:1;vertical-align:top;}.ai-info-bottom-iframe { position: fixed; z-index: 10000; bottom:0; left: 0; margin: 0px; text-align: center; width: 100%; background-color: #ff9999; padding-left: 5px;padding-bottom: 5px; border-top: 1px solid #aaa } a.ai-bold {font-weight: bold;}#ai-layer-div-advanced_iframe p {height:100%;margin:0;padding:0}<\/style><script type=\"text\/javascript\">var ai_iframe_width_advanced_iframe = 0;var ai_iframe_height_advanced_iframe = 0;function aiReceiveMessageadvanced_iframe(event) {  aiProcessMessage(event,\"advanced_iframe\", \"true\",\"\",\"false\",\"false\");}if (window.addEventListener) {  window.addEventListener(\"message\", aiReceiveMessageadvanced_iframe);} else if (el.attachEvent)  {  el.attachEvent(\"message\", aiReceiveMessageadvanced_iframe);}var aiOnloadScrollTop=\"true\";var aiShowDebug=false;\n\t\tif (typeof aiReadyCallbacks === 'undefined') {\n\t\t\tvar aiReadyCallbacks = [];\n\t\t} else if (!(aiReadyCallbacks instanceof Array)) {\n\t\t\tvar aiReadyCallbacks = [];\n\t\t}    function aiShowIframeId(id_iframe) { jQuery(\"#\"+id_iframe).css(\"visibility\", \"visible\");    }    function aiResizeIframeHeight(height) { aiResizeIframeHeight(height,advanced_iframe); }    function aiResizeIframeHeightId(height,width,id) {aiResizeIframeHeightById(id,height);}<\/script><iframe id=\"advanced_iframe\"  name=\"advanced_iframe\"  src=\"https:\/\/docs.google.com\/presentation\/d\/e\/2PACX-1vQIAvfvicaofjWIOTT583agouUS6SYzpYF6tIBQZ4mu4OY-cyRMWH8LdCB-uDBJHA\/embed?start=false&#038;loop=false&#038;delayms=3000\"  width=\"100%\"  height=\"600\"  frameborder=\"0\"  border=\"0\"  allowtransparency=\"true\"  loading=\"lazy\"  style=\";border-width: 0px;;border: none;;width:100%;;height:600px;\" ><\/iframe><script type=\"text\/javascript\">var ifrm_advanced_iframe = document.getElementById(\"advanced_iframe\");var hiddenTabsDoneadvanced_iframe = false;\nfunction resizeCallbackadvanced_iframe() {}<\/script><script type=\"text\/javascript\"><\/script><p style=\"display:block !important; visibility:visible !important;margin: -18px 14px 0 0;padding-left: 3px;padding-top:3px;background: white; overflow: hidden; position: relative; line-height:15px;width: fit-content;\"><small style=\"display:block !important;visibility:visible !important\">powered by Advanced iFrame<\/small><\/p>\n\n\n<div style=\"height:10px\" aria-hidden=\"true\" class=\"wp-block-spacer\"><\/div>\n\n\n\n<p class=\"wp-block-paragraph\">Los contenidos did\u00e1cticos de la clase digital ofrecen una perspectiva generalista de los alcances de las capacidades digitales en el marco de una sociedad digital.<\/p>\n\n\n\n<figure class=\"wp-block-table\"><table class=\"has-fixed-layout\"><thead><tr><th class=\"has-text-align-center\" data-align=\"center\">T\u00edtulo<\/th><th>Sinopsis<\/th><th class=\"has-text-align-center\" data-align=\"center\">Tipo de recurso<\/th><th class=\"has-text-align-center\" data-align=\"center\">Enlace web de consulta<\/th><\/tr><\/thead><tbody><tr><td class=\"has-text-align-center\" data-align=\"center\">Fisuras entre la movilizaci\u00f3n social y el internet colaborativo frente a la inteligencia artificial<\/td><td>Confronta las posibilidades de acci\u00f3n de las redes humanas conectadas a trav\u00e9s de la tecnolog\u00eda con las generadas por la inteligencia artificial rumbo a la soluci\u00f3n de problemas.<\/td><td class=\"has-text-align-center\" data-align=\"center\">Contenido textual<\/td><td class=\"has-text-align-center\" data-align=\"center\">[<a href=\"https:\/\/blogs.ugto.mx\/mdued\/fisuras-entre-la-movilizacion-social-y-el-internet-colaborativo-frente-a-la-inteligencia-artificial\/\" target=\"_blank\" rel=\"noreferrer noopener\">Acceder<\/a>]<\/td><\/tr><tr><td class=\"has-text-align-center\" data-align=\"center\">Capacidades digitales: donde las personas y la tecnolog\u00eda se cruzan<\/td><td>Se expone el marco de capacidades digitales con base en tres categor\u00edas, las cuales son necesarias desarrollar para desenvolverse de manera competitiva en una sociedad digital.<\/td><td class=\"has-text-align-center\" data-align=\"center\">Contenido textual<\/td><td class=\"has-text-align-center\" data-align=\"center\">[<a href=\"https:\/\/blogs.ugto.mx\/mdued\/capacidades-digitales-donde-las-personas-y-la-tecnologia-se-cruzan\/\" target=\"_blank\" rel=\"noreferrer noopener\">Acceder<\/a>]<\/td><\/tr><tr><td class=\"has-text-align-center\" data-align=\"center\">La competencia digital es una necesidad permanente<\/td><td>Se expone la problem\u00e1tica del rezago de las y los docentes en el desarrollo de habilidades digitales, en el contexto de la pandemia por el COVID-19.<\/td><td class=\"has-text-align-center\" data-align=\"center\">Contenido textual<\/td><td class=\"has-text-align-center\" data-align=\"center\">[<a href=\"https:\/\/blogs.ugto.mx\/mdued\/la-competencia-digital-es-una-necesidad-permanente\/\" target=\"_blank\" rel=\"noreferrer noopener\">Acceder<\/a>]<\/td><\/tr><tr><td class=\"has-text-align-center\" data-align=\"center\">Globalizaci\u00f3n y las TIC en la educaci\u00f3n superior<\/td><td>Se exponen los referentes de distintas organizaciones que clasifican los saberes digitales.<\/td><td class=\"has-text-align-center\" data-align=\"center\">Contenido textual<\/td><td class=\"has-text-align-center\" data-align=\"center\">[<a href=\"https:\/\/blogs.ugto.mx\/mdued\/globalizacion-y-las-tic-en-la-educacion-superior\/\" target=\"_blank\" rel=\"noreferrer noopener\">Acceder<\/a>]<\/td><\/tr><tr><td class=\"has-text-align-center\" data-align=\"center\">Aplicaci\u00f3n de las TIC en la educaci\u00f3n: la magia de la virtualidad rumbo a la comprensi\u00f3n<\/td><td>Indaga en las formas en que el internet y la inclusi\u00f3n de herramientas tecnol\u00f3gicas en la educaci\u00f3n generan escenarios novedosos que innovan en la construcci\u00f3n del conocimiento.<\/td><td class=\"has-text-align-center\" data-align=\"center\">Contenido textual<\/td><td class=\"has-text-align-center\" data-align=\"center\">[<a href=\"https:\/\/blogs.ugto.mx\/mdued\/aplicacion-de-las-tic-en-la-educacion-la-magia-de-la-virtualidad-rumbo-a-la-comprension\/\" target=\"_blank\" rel=\"noreferrer noopener\">Acceder<\/a>]<\/td><\/tr><tr><td class=\"has-text-align-center\" data-align=\"center\">\u00bfQu\u00e9 son las capacidades digitales?<\/td><td>De manera breve, se definen las capacidades digitales y su importancia en la sociedad digital.<\/td><td class=\"has-text-align-center\" data-align=\"center\">Contenido hipermediado<\/td><td class=\"has-text-align-center\" data-align=\"center\">[<a href=\"https:\/\/blogs.ugto.mx\/mdued\/que-son-las-capacidades-digitales\/\" target=\"_blank\" rel=\"noreferrer noopener\">Acceder<\/a>]<\/td><\/tr><\/tbody><\/table><\/figure>\n\n\n\n<h2 class=\"wp-block-heading\">Ideas relevantes de la clase digital<\/h2>\n\n\n\n<ol class=\"wp-block-list\"><li>Si la exclusi\u00f3n digital en la d\u00e9cada de 1990 se debi\u00f3 a la falta de acceso a la tecnolog\u00eda, en la sociedad digital de nuestros d\u00edas la tecnolog\u00eda es un elemento central.<\/li><li>Para la integraci\u00f3n de las personas a ecosistemas digitales, uno de los factores m\u00e1s importantes son las capacidades digitales.<\/li><li>Actualmente, una gran parte de las experiencias humanas est\u00e1n mediadas a trav\u00e9s de tecnolog\u00edas, lo cual tiene impactos relevantes en la forma en que se presentan las interacciones y v\u00ednculos.<\/li><\/ol>\n","protected":false},"excerpt":{"rendered":"<p>Presentaci\u00f3n del tema Hola, conf\u00edo en encontrarte con bien, continuamos con este trayecto formativo. En la presente clase digital se abordar\u00e1n los siguientes aspectos: Analizar el concepto de transformaci\u00f3n digital como impulsor de las capacidades digitales. Distinguir los alcances de cada uno de los elementos de las capacidades digitales. Reflexionar sobre las interrelaciones y v\u00ednculos &#8230; <a title=\"Clase digital 3 &#8211; Capacidades digitales, interacciones y v\u00ednculos\" class=\"read-more\" href=\"https:\/\/blogs.ugto.mx\/mdued\/clase-digital-3-capacidades-digitales-interacciones-y-vinculos\/\" aria-label=\"Leer m\u00e1s sobre Clase digital 3 &#8211; Capacidades digitales, interacciones y v\u00ednculos\">Leer m\u00e1s<\/a><\/p>\n","protected":false},"author":142,"featured_media":0,"comment_status":"closed","ping_status":"closed","sticky":false,"template":"","format":"standard","meta":{"_acf_changed":false,"_crdt_document":"","episode_type":"","audio_file":"","podmotor_file_id":"","podmotor_episode_id":"","cover_image":"","cover_image_id":"","duration":"","filesize":"","filesize_raw":"","date_recorded":"","explicit":"","block":"","itunes_episode_number":"","itunes_title":"","itunes_season_number":"","itunes_episode_type":"","footnotes":""},"categories":[3],"tags":[10],"class_list":["post-207","post","type-post","status-publish","format-standard","hentry","category-educacion-en-una-sociedad-digital","tag-clase-digital"],"acf":[],"jetpack_featured_media_url":"","_links":{"self":[{"href":"https:\/\/blogs.ugto.mx\/mdued\/wp-json\/wp\/v2\/posts\/207","targetHints":{"allow":["GET"]}}],"collection":[{"href":"https:\/\/blogs.ugto.mx\/mdued\/wp-json\/wp\/v2\/posts"}],"about":[{"href":"https:\/\/blogs.ugto.mx\/mdued\/wp-json\/wp\/v2\/types\/post"}],"author":[{"embeddable":true,"href":"https:\/\/blogs.ugto.mx\/mdued\/wp-json\/wp\/v2\/users\/142"}],"replies":[{"embeddable":true,"href":"https:\/\/blogs.ugto.mx\/mdued\/wp-json\/wp\/v2\/comments?post=207"}],"version-history":[{"count":10,"href":"https:\/\/blogs.ugto.mx\/mdued\/wp-json\/wp\/v2\/posts\/207\/revisions"}],"predecessor-version":[{"id":1420,"href":"https:\/\/blogs.ugto.mx\/mdued\/wp-json\/wp\/v2\/posts\/207\/revisions\/1420"}],"wp:attachment":[{"href":"https:\/\/blogs.ugto.mx\/mdued\/wp-json\/wp\/v2\/media?parent=207"}],"wp:term":[{"taxonomy":"category","embeddable":true,"href":"https:\/\/blogs.ugto.mx\/mdued\/wp-json\/wp\/v2\/categories?post=207"},{"taxonomy":"post_tag","embeddable":true,"href":"https:\/\/blogs.ugto.mx\/mdued\/wp-json\/wp\/v2\/tags?post=207"}],"curies":[{"name":"wp","href":"https:\/\/api.w.org\/{rel}","templated":true}]}}