{"id":2417,"date":"2024-05-15T20:51:32","date_gmt":"2024-05-15T20:51:32","guid":{"rendered":"https:\/\/blogs.ugto.mx\/mdued\/?p=2417"},"modified":"2024-05-15T20:54:19","modified_gmt":"2024-05-15T20:54:19","slug":"lectura-identification-and-ealuation-of-educational-technology-trends-from-2024-to-2022-evidence-based-on-computers-in-hyman-behavior-and-horizon-report","status":"publish","type":"post","link":"https:\/\/blogs.ugto.mx\/mdued\/lectura-identification-and-ealuation-of-educational-technology-trends-from-2024-to-2022-evidence-based-on-computers-in-hyman-behavior-and-horizon-report\/","title":{"rendered":"Lectura: Identification and ealuation of educational technology trends from 2024 to 2022: Evidence based on computers in hyman behavior and horizon report"},"content":{"rendered":"\n\n\n<div class=\"wp-block-cover is-light\" style=\"min-height:400px;aspect-ratio:unset;\"><span aria-hidden=\"true\" class=\"wp-block-cover__background has-black-background-color has-background-dim-0 has-background-dim\"><\/span><img decoding=\"async\" class=\"wp-block-cover__image-background wp-image-1332\" alt=\"\" src=\"data:image\/gif;base64,R0lGODlhAQABAIAAAAAAAP\/\/\/yH5BAEAAAAALAAAAAABAAEAAAIBRAA7\" data-src=\"https:\/\/blogs.ugto.mx\/mdued\/wp-content\/uploads\/sites\/66\/2022\/09\/LECTURAS-1.png\" style=\"object-position:40% 15%\" data-object-fit=\"cover\" data-object-position=\"40% 15%\" \/><noscript><img loading=\"lazy\" decoding=\"async\" width=\"1000\" height=\"360\" class=\"wp-block-cover__image-background wp-image-1332\" alt=\"\" src=\"https:\/\/blogs.ugto.mx\/mdued\/wp-content\/uploads\/sites\/66\/2022\/09\/LECTURAS-1.png\" style=\"object-position:40% 15%\" data-object-fit=\"cover\" data-object-position=\"40% 15%\" srcset=\"https:\/\/blogs.ugto.mx\/mdued\/wp-content\/uploads\/sites\/66\/2022\/09\/LECTURAS-1.png 1000w, https:\/\/blogs.ugto.mx\/mdued\/wp-content\/uploads\/sites\/66\/2022\/09\/LECTURAS-1-300x108.png 300w, https:\/\/blogs.ugto.mx\/mdued\/wp-content\/uploads\/sites\/66\/2022\/09\/LECTURAS-1-644x232.png 644w, https:\/\/blogs.ugto.mx\/mdued\/wp-content\/uploads\/sites\/66\/2022\/09\/LECTURAS-1-768x276.png 768w\" sizes=\"auto, (max-width: 1000px) 100vw, 1000px\" \/><\/noscript><div class=\"wp-block-cover__inner-container is-layout-flow wp-block-cover-is-layout-flow\">\n<p class=\"has-accent-color has-text-color has-large-font-size wp-block-paragraph\">Identification and evaluation of <br>educational technology trends <br>from 2024<\/p>\n<\/div><\/div>\n\n\n\n<h2 class=\"wp-block-heading\">Recurso did\u00e1ctico digital<\/h2>\n\n\n\n<p class=\"wp-block-paragraph\">A continuaci\u00f3n, se presenta el recurso de car\u00e1cter educativo que contribuyen al abordaje de Unidad de Aprendizaje El futuro de la educaci\u00f3n digital del programa educativo de Maestr\u00eda en Docencia Universitaria para la Educaci\u00f3n Digital.<\/p>\n\n\n\n<div data-wp-interactive=\"core\/file\" class=\"wp-block-file\"><object data-wp-bind--hidden=\"!state.hasPdfPreview\" hidden class=\"wp-block-file__embed\" data=\"https:\/\/blogs.ugto.mx\/mdued\/wp-content\/uploads\/sites\/66\/2024\/05\/Identification-and-evaluation-of-educational-technology-trends-from-2021-to-2022.pdf\" type=\"application\/pdf\" style=\"width:100%;height:600px\" aria-label=\"Incrustado de Identification and evaluation of educational technology trends from 2021 to 2022.\"><\/object><a id=\"wp-block-file--media-afcaa1ac-49da-46dc-9981-349122511065\" href=\"https:\/\/blogs.ugto.mx\/mdued\/wp-content\/uploads\/sites\/66\/2024\/05\/Identification-and-evaluation-of-educational-technology-trends-from-2021-to-2022.pdf\">Identification and evaluation of educational technology trends from 2021 to 2022<\/a><a href=\"https:\/\/blogs.ugto.mx\/mdued\/wp-content\/uploads\/sites\/66\/2024\/05\/Identification-and-evaluation-of-educational-technology-trends-from-2021-to-2022.pdf\" class=\"wp-block-file__button wp-element-button\" download aria-describedby=\"wp-block-file--media-afcaa1ac-49da-46dc-9981-349122511065\">Descarga<\/a><\/div>\n","protected":false},"excerpt":{"rendered":"<p>Recurso did\u00e1ctico digital A continuaci\u00f3n, se presenta el recurso de car\u00e1cter educativo que contribuyen al abordaje de Unidad de Aprendizaje El futuro de la educaci\u00f3n digital del programa educativo de Maestr\u00eda en Docencia Universitaria para la Educaci\u00f3n Digital.<\/p>\n","protected":false},"author":142,"featured_media":0,"comment_status":"closed","ping_status":"closed","sticky":false,"template":"","format":"standard","meta":{"_acf_changed":false,"_crdt_document":"","episode_type":"","audio_file":"","podmotor_file_id":"","podmotor_episode_id":"","cover_image":"","cover_image_id":"","duration":"","filesize":"","filesize_raw":"","date_recorded":"","explicit":"","block":"","itunes_episode_number":"","itunes_title":"","itunes_season_number":"","itunes_episode_type":"","footnotes":""},"categories":[18],"tags":[],"class_list":["post-2417","post","type-post","status-publish","format-standard","hentry","category-el-futuro-de-la-educacion-digital"],"acf":[],"jetpack_featured_media_url":"","_links":{"self":[{"href":"https:\/\/blogs.ugto.mx\/mdued\/wp-json\/wp\/v2\/posts\/2417","targetHints":{"allow":["GET"]}}],"collection":[{"href":"https:\/\/blogs.ugto.mx\/mdued\/wp-json\/wp\/v2\/posts"}],"about":[{"href":"https:\/\/blogs.ugto.mx\/mdued\/wp-json\/wp\/v2\/types\/post"}],"author":[{"embeddable":true,"href":"https:\/\/blogs.ugto.mx\/mdued\/wp-json\/wp\/v2\/users\/142"}],"replies":[{"embeddable":true,"href":"https:\/\/blogs.ugto.mx\/mdued\/wp-json\/wp\/v2\/comments?post=2417"}],"version-history":[{"count":2,"href":"https:\/\/blogs.ugto.mx\/mdued\/wp-json\/wp\/v2\/posts\/2417\/revisions"}],"predecessor-version":[{"id":2421,"href":"https:\/\/blogs.ugto.mx\/mdued\/wp-json\/wp\/v2\/posts\/2417\/revisions\/2421"}],"wp:attachment":[{"href":"https:\/\/blogs.ugto.mx\/mdued\/wp-json\/wp\/v2\/media?parent=2417"}],"wp:term":[{"taxonomy":"category","embeddable":true,"href":"https:\/\/blogs.ugto.mx\/mdued\/wp-json\/wp\/v2\/categories?post=2417"},{"taxonomy":"post_tag","embeddable":true,"href":"https:\/\/blogs.ugto.mx\/mdued\/wp-json\/wp\/v2\/tags?post=2417"}],"curies":[{"name":"wp","href":"https:\/\/api.w.org\/{rel}","templated":true}]}}