{"id":262,"date":"2021-11-03T15:56:10","date_gmt":"2021-11-03T15:56:10","guid":{"rendered":"https:\/\/blogs.ugto.mx\/mdued\/?p=262"},"modified":"2022-09-07T19:46:01","modified_gmt":"2022-09-07T19:46:01","slug":"del-proteo-marino-al-cyborg-harawayano-posibilidades-de-la-identidad-digital","status":"publish","type":"post","link":"https:\/\/blogs.ugto.mx\/mdued\/del-proteo-marino-al-cyborg-harawayano-posibilidades-de-la-identidad-digital\/","title":{"rendered":"Del Proteo marino al cyborg harawayano: posibilidades de la identidad digital"},"content":{"rendered":"\n\n\n<div class=\"wp-block-cover\" style=\"min-height:400px;aspect-ratio:unset;\"><span aria-hidden=\"true\" class=\"wp-block-cover__background has-black-background-color has-background-dim-40 has-background-dim\"><\/span><img decoding=\"async\" class=\"wp-block-cover__image-background wp-image-263\" alt=\"\" src=\"data:image\/gif;base64,R0lGODlhAQABAIAAAAAAAP\/\/\/yH5BAEAAAAALAAAAAABAAEAAAIBRAA7\" data-src=\"https:\/\/blogs.ugto.mx\/mdued\/wp-content\/uploads\/sites\/66\/2021\/10\/5p_7m5mp2iw.jpg\" style=\"object-position:50% 0%\" data-object-fit=\"cover\" data-object-position=\"50% 0%\" \/><noscript><img loading=\"lazy\" decoding=\"async\" width=\"1600\" height=\"1068\" class=\"wp-block-cover__image-background wp-image-263\" alt=\"\" src=\"https:\/\/blogs.ugto.mx\/mdued\/wp-content\/uploads\/sites\/66\/2021\/10\/5p_7m5mp2iw.jpg\" style=\"object-position:50% 0%\" data-object-fit=\"cover\" data-object-position=\"50% 0%\" srcset=\"https:\/\/blogs.ugto.mx\/mdued\/wp-content\/uploads\/sites\/66\/2021\/10\/5p_7m5mp2iw.jpg 1600w, https:\/\/blogs.ugto.mx\/mdued\/wp-content\/uploads\/sites\/66\/2021\/10\/5p_7m5mp2iw-300x200.jpg 300w, https:\/\/blogs.ugto.mx\/mdued\/wp-content\/uploads\/sites\/66\/2021\/10\/5p_7m5mp2iw-644x430.jpg 644w, https:\/\/blogs.ugto.mx\/mdued\/wp-content\/uploads\/sites\/66\/2021\/10\/5p_7m5mp2iw-768x513.jpg 768w, https:\/\/blogs.ugto.mx\/mdued\/wp-content\/uploads\/sites\/66\/2021\/10\/5p_7m5mp2iw-1536x1025.jpg 1536w, https:\/\/blogs.ugto.mx\/mdued\/wp-content\/uploads\/sites\/66\/2021\/10\/5p_7m5mp2iw-272x182.jpg 272w\" sizes=\"auto, (max-width: 1600px) 100vw, 1600px\" \/><\/noscript><div class=\"wp-block-cover__inner-container is-layout-flow wp-block-cover-is-layout-flow\">\n<p class=\"has-text-align-center has-large-font-size wp-block-paragraph\">Del Proteo marino al cyborg harawayano: posibilidades de la identidad digital<\/p>\n<\/div><\/div>\n\n\n\n<h2 class=\"wp-block-heading\">Introducci\u00f3n<\/h2>\n\n\n\n<p class=\"wp-block-paragraph\">Cuando se busca conocer a fondo cualquier asunto, sin importar su categor\u00eda, conviene regresar al origen. La palabra identidad proviene del lat\u00edn <em>idem<\/em>, que significa \u201c<strong>mismo, lo mismo<\/strong>\u201d; y del sufijo &#8211;<em>idad<\/em>, referido a la<strong> cualidad que posee algo o alguien<\/strong>. La traducci\u00f3n m\u00e1s pr\u00f3xima dictar\u00eda que la identidad es la cualidad de s\u00ed mismo, el conjunto de rasgos que nos conforman y nos distinguen de otros pero que, al mismo tiempo, nos permiten interactuar y pertenecer. La identidad humana est\u00e1 constituida por un conjunto de caracter\u00edsticas propias, pero tambi\u00e9n por las experiencias y acontecimientos que nos ci\u00f1en, as\u00ed como por las formas en que interactuamos con nuestro entorno y nuestras posibilidades de recepci\u00f3n. Con frecuencia se piensa que este concepto de identidad opera de manera exclusiva hasta los m\u00e1rgenes de lo que llamamos <em>realidad factual<\/em>, no obstante, la realidad virtual se ha manifestado como un espacio propicio para la interacci\u00f3n social desde distintos modos y prop\u00f3sitos, hecho que ha provocado que se empiece a teorizar a prop\u00f3sito de la identidad digital, sus alcances y caracter\u00edsticas.&nbsp;<\/p>\n\n\n\n<p class=\"wp-block-paragraph\">Cuando decidimos interactuar con servicios electr\u00f3nicos con frecuencia se nos ofrecen las herramientas para personalizarlos de acuerdo a preferencias y necesidades: no solo se nos otorga un usuario y una contrase\u00f1a, sino que existe la posibilidad de manipular la disposici\u00f3n de ciertos elementos, establecer contacto con usuarios afines e, incluso, determinar la clase de publicidad que estamos dispuestos a recibir; estos son algunos de los rasgos que conforman la identidad digital. Fanny Georges, semi\u00f3loga francesa y maestra en Ciencias de la Informaci\u00f3n y Comunicaci\u00f3n, se\u00f1ala que la identidad digital \u201cest\u00e1 constituida por diferentes tipos de datos seg\u00fan el usuario tenga o no la intenci\u00f3n de revelarlos, lo que da lugar a una identidad declarada, compuesta por aquella informaci\u00f3n que revela expresamente la persona, otra identidad actuante, seg\u00fan las acciones que esta lleva a cabo, y otra calculada o inferida, seg\u00fan el an\u00e1lisis de las acciones que realiza la persona\u201d (2013, p. 11). Esto significa que, pese a que somos susceptibles al an\u00e1lisis, el espacio de lo digital nos otorga el poder de informar a los otros <em>qu\u00e9 somos<\/em> y <em>c\u00f3mo deber\u00edan vernos<\/em> a trav\u00e9s de distintos elementos:<\/p>\n\n\n\n<ol class=\"wp-block-list\"><li><strong>Nombre<\/strong>. \u00bfUsas tu nombre real o uno ficticio? Si es ficticio, \u00bfa qu\u00e9 temas alude o con que es posible relacionarlo? El nombre o <em>nickname<\/em> que colocas en tus servicios electr\u00f3nicos, ya sean de redes sociales o de cualquier otro&nbsp; tipo, dice mucho sobre ti y sobre la percepci\u00f3n que esperas de quienes interact\u00faan contigo. El nombre puede ser solemne, l\u00fadico, ejecutivo, etc.&nbsp;<\/li><li><strong>Avatar<\/strong>. Piensa si te identificas con la imagen que has colocado en los distintos perfiles que manejas, \u00bfes la misma?, \u00bfcu\u00e1l es el prop\u00f3sito de cada sitio? La imagen que proporcionas ser\u00e1 evaluada no solo para que otros usuarios te contacten, sino para establecer relaciones laborales, personales, etc.&nbsp;<\/li><li><strong>Servicios<\/strong>. No solo las redes sociales que usas y, por supuesto, las publicaciones que realizas (uso y modos del lenguaje) constituyen tu identidad digital, tambi\u00e9n lo hacen los servicios cotidianos que consumes: alimentos, deportes, entretenimientos, informaci\u00f3n.&nbsp;<\/li><li><strong>Contactos<\/strong>. La cantidad de contactos es un factor que puede determinar la construcci\u00f3n de una identidad digital, pero no se trata de un elemento decisivo: importan tambi\u00e9n las relaciones que se establecen, las redes que se crean tanto para gestionar nodos de informaci\u00f3n y conocimiento como para crear estructuras sociales s\u00f3lidas, las cuales sean capaces de apoyar a la ciudadan\u00eda desde la colectividad. La pertenencia que brindan las relaciones se adquiere construyendo una identidad digital eficaz y puede resultar altamente ben\u00e9fica.<\/li><\/ol>\n\n\n\n<p class=\"wp-block-paragraph\">De este modo, la identidad digital no se limita solo a la imagen que proporcionamos en los espacios digitales en que interactuamos, sino que refleja adem\u00e1s los parentescos te\u00f3ricos con los otros, los pensamientos con los que coincidimos y a los que nos suscribimos, esos que permiten crear potencialmente lo que anteriormente denominamos <em>capital social digital<\/em>.<\/p>\n\n\n\n<p class=\"wp-block-paragraph\">Una de las cualidades que favorecen la identidad digital es su car\u00e1cter multifac\u00e9tico: Sherry Turkle (1984) habla del espacio virtual como \u201claboratorio social para la experimentaci\u00f3n con las construcciones y reconstrucciones del yo\u201d (1995, p. 228), pues cada usuario puede constituir distintas ventanas de s\u00ed mismo de manera simult\u00e1nea: se pueden interpretar m\u00faltiples papeles al mismo tiempo. Son estas caracter\u00edsticas las que han llevado a te\u00f3ricos como Robert Jay Lifton a pensar en la identidad digital como una configuraci\u00f3n <em>proteica<\/em>, en alusi\u00f3n a Proteo, divinidad del pante\u00f3n griego capaz de mutar de apariencia a su gusto: dentro del ciberespacio, podemos transitar por distintas identidades sin despojar al <em>yo<\/em> de su coherencia. La historiadora Donna Haraway ser\u00e1 a\u00fan m\u00e1s contundente respecto a las posibilidades de la identidad digital, al se\u00f1alar que \u201cIf traditionality, identity implied oneness, life on today&#8217;s computer screen implies multiplicity, heterogeneity, and fragmentation\u201d (en Turkle, 2004, p. 2); por supuesto, la heterogeneidad de la que habla Haraway tendr\u00e1 que ser manipulada por el usuario de acuerdo a sus intereses, auxili\u00e1ndose de las proyecciones virtuales que ofrecen los medios digitales.&nbsp;<\/p>\n\n\n\n<p class=\"wp-block-paragraph\">Finalmente, la problematizaci\u00f3n de la identidad digital ha hecho posible que, incluso, se discutan las din\u00e1micas de conformaci\u00f3n del <em>yo<\/em> virtual como espacios terap\u00e9uticos, en los que se logra desde experimentar nuevas identidades hasta constituir una distinta a partir de la libertad que otorga la virtualidad. La identidad digital ha escalado en distintos aspectos: el espacio virtual ha permitido a sus usuarios evolucionar para dejar de ser \u00fanicamente etiquetas, c\u00f3digos o cuerpos num\u00e9ricos y conformarse como sujetos perceptibles, multifac\u00e9ticos y, sobre todo, con capacidad de acci\u00f3n.&nbsp;<\/p>\n\n\n\n<p class=\"has-text-align-right wp-block-paragraph\">Texto: Liliana Magdaleno Horta<\/p>\n","protected":false},"excerpt":{"rendered":"<p>Introducci\u00f3n Cuando se busca conocer a fondo cualquier asunto, sin importar su categor\u00eda, conviene regresar al origen. La palabra identidad proviene del lat\u00edn idem, que significa \u201cmismo, lo mismo\u201d; y del sufijo &#8211;idad, referido a la cualidad que posee algo o alguien. La traducci\u00f3n m\u00e1s pr\u00f3xima dictar\u00eda que la identidad es la cualidad de s\u00ed &#8230; <a title=\"Del Proteo marino al cyborg harawayano: posibilidades de la identidad digital\" class=\"read-more\" href=\"https:\/\/blogs.ugto.mx\/mdued\/del-proteo-marino-al-cyborg-harawayano-posibilidades-de-la-identidad-digital\/\" aria-label=\"Leer m\u00e1s sobre Del Proteo marino al cyborg harawayano: posibilidades de la identidad digital\">Leer m\u00e1s<\/a><\/p>\n","protected":false},"author":142,"featured_media":0,"comment_status":"closed","ping_status":"closed","sticky":false,"template":"","format":"standard","meta":{"_acf_changed":false,"_crdt_document":"","episode_type":"","audio_file":"","podmotor_file_id":"","podmotor_episode_id":"","cover_image":"","cover_image_id":"","duration":"","filesize":"","filesize_raw":"","date_recorded":"","explicit":"","block":"","itunes_episode_number":"","itunes_title":"","itunes_season_number":"","itunes_episode_type":"","footnotes":""},"categories":[3],"tags":[7],"class_list":["post-262","post","type-post","status-publish","format-standard","hentry","category-educacion-en-una-sociedad-digital","tag-lectura-de-apoyo"],"acf":[],"jetpack_featured_media_url":"","_links":{"self":[{"href":"https:\/\/blogs.ugto.mx\/mdued\/wp-json\/wp\/v2\/posts\/262","targetHints":{"allow":["GET"]}}],"collection":[{"href":"https:\/\/blogs.ugto.mx\/mdued\/wp-json\/wp\/v2\/posts"}],"about":[{"href":"https:\/\/blogs.ugto.mx\/mdued\/wp-json\/wp\/v2\/types\/post"}],"author":[{"embeddable":true,"href":"https:\/\/blogs.ugto.mx\/mdued\/wp-json\/wp\/v2\/users\/142"}],"replies":[{"embeddable":true,"href":"https:\/\/blogs.ugto.mx\/mdued\/wp-json\/wp\/v2\/comments?post=262"}],"version-history":[{"count":5,"href":"https:\/\/blogs.ugto.mx\/mdued\/wp-json\/wp\/v2\/posts\/262\/revisions"}],"predecessor-version":[{"id":1431,"href":"https:\/\/blogs.ugto.mx\/mdued\/wp-json\/wp\/v2\/posts\/262\/revisions\/1431"}],"wp:attachment":[{"href":"https:\/\/blogs.ugto.mx\/mdued\/wp-json\/wp\/v2\/media?parent=262"}],"wp:term":[{"taxonomy":"category","embeddable":true,"href":"https:\/\/blogs.ugto.mx\/mdued\/wp-json\/wp\/v2\/categories?post=262"},{"taxonomy":"post_tag","embeddable":true,"href":"https:\/\/blogs.ugto.mx\/mdued\/wp-json\/wp\/v2\/tags?post=262"}],"curies":[{"name":"wp","href":"https:\/\/api.w.org\/{rel}","templated":true}]}}