{"id":10770,"date":"2022-04-01T14:55:54","date_gmt":"2022-04-01T14:55:54","guid":{"rendered":"https:\/\/blogs.ugto.mx\/rea\/?p=10770"},"modified":"2022-04-07T16:00:36","modified_gmt":"2022-04-07T16:00:36","slug":"clase-digital-6-fases-de-la-produccion-cinematografica","status":"publish","type":"post","link":"https:\/\/blogs.ugto.mx\/rea\/clase-digital-6-fases-de-la-produccion-cinematografica\/","title":{"rendered":"Clase digital 6. Fases de la producci\u00f3n cinematogr\u00e1fica"},"content":{"rendered":"\n<div class=\"wp-block-cover is-light\" style=\"min-height:284px;aspect-ratio:unset;\"><span aria-hidden=\"true\" class=\"has-background-dim-40 wp-block-cover__gradient-background has-background-dim\"><\/span><img decoding=\"async\" class=\"wp-block-cover__image-background wp-image-10772\" alt=\"person holding video camera\" src=\"data:image\/gif;base64,R0lGODlhAQABAIAAAAAAAP\/\/\/yH5BAEAAAAALAAAAAABAAEAAAIBRAA7\" data-src=\"https:\/\/blogs.ugto.mx\/rea\/wp-content\/uploads\/sites\/71\/2022\/03\/4qgbmezb56c.jpg\" style=\"object-position:73% 38%\" data-object-fit=\"cover\" data-object-position=\"73% 38%\" \/><noscript><img loading=\"lazy\" decoding=\"async\" width=\"1600\" height=\"1067\" class=\"wp-block-cover__image-background wp-image-10772\" alt=\"person holding video camera\" src=\"https:\/\/blogs.ugto.mx\/rea\/wp-content\/uploads\/sites\/71\/2022\/03\/4qgbmezb56c.jpg\" style=\"object-position:73% 38%\" data-object-fit=\"cover\" data-object-position=\"73% 38%\" srcset=\"https:\/\/blogs.ugto.mx\/rea\/wp-content\/uploads\/sites\/71\/2022\/03\/4qgbmezb56c.jpg 1600w, https:\/\/blogs.ugto.mx\/rea\/wp-content\/uploads\/sites\/71\/2022\/03\/4qgbmezb56c-300x200.jpg 300w, https:\/\/blogs.ugto.mx\/rea\/wp-content\/uploads\/sites\/71\/2022\/03\/4qgbmezb56c-1024x683.jpg 1024w, https:\/\/blogs.ugto.mx\/rea\/wp-content\/uploads\/sites\/71\/2022\/03\/4qgbmezb56c-768x512.jpg 768w, https:\/\/blogs.ugto.mx\/rea\/wp-content\/uploads\/sites\/71\/2022\/03\/4qgbmezb56c-1536x1024.jpg 1536w, https:\/\/blogs.ugto.mx\/rea\/wp-content\/uploads\/sites\/71\/2022\/03\/4qgbmezb56c-272x182.jpg 272w\" sizes=\"auto, (max-width: 1600px) 100vw, 1600px\" \/><\/noscript><div class=\"wp-block-cover__inner-container is-layout-flow wp-block-cover-is-layout-flow\">\n<p class=\"has-text-align-center has-base-3-color has-text-color has-large-font-size wp-block-paragraph\">Fases de la producci\u00f3n cinematogr\u00e1fica<\/p>\n<\/div><\/div>\n\n\n\n<h2 class=\"wp-block-heading\" id=\"introduccion\">Introducci\u00f3n<\/h2>\n\n\n\n<p class=\"wp-block-paragraph\">\u00a1Hola admirable estudiante!<\/p>\n\n\n\n<p class=\"wp-block-paragraph\">Me da mucho gusto saludarte en esta ocasi\u00f3n, que sin demeritar las anteriores, ya has avanzado mucho en este proceso formativo y eso es raz\u00f3n suficiente para pedirte que contin\u00faes con ese mismo \u00edmpetu por aprender m\u00e1s. Te reitero mis felicitaciones y te doy la bienvenida a la \u00faltima clase digital de esta Unidad de aprendizaje <strong>De los or\u00edgenes del cine a su exhibici\u00f3n, conceptos b\u00e1sicos.<\/strong><\/p>\n\n\n\n<p class=\"wp-block-paragraph\">Realizar una pel\u00edcula es un proceso largo y minucioso que incluye a numerosas personas realizando trabajos muy diversos.&nbsp;En este tenor, muchas veces transcurren a\u00f1os entre el desarrollo de una idea y el momento en que la pel\u00edcula logra distribuirse y exhibirse en cine, en televisi\u00f3n o en una plataforma.<\/p>\n\n\n\n<p class=\"wp-block-paragraph\">Como vimos en la clase anterior, el germen de una pel\u00edcula es la idea que puede provenir de cuentos, novelas, obras de teatro, acontecimientos novedosos, pel\u00edculas anteriores, programas de televisi\u00f3n o experiencias y conocimientos personales.&nbsp;Esta idea se convierte en un gui\u00f3n cinematogr\u00e1fico tras escribirla y reescribirla hasta contar con un producto susceptible de producci\u00f3n. El tema \u2014o idea\u2014 de una pel\u00edcula puede expresarse en una frase y aunque pueda parecer inusual que el prop\u00f3sito de un proyecto de pel\u00edcula comience con una oraci\u00f3n, al final del proyecto todo se reduce nuevamente a \u00e9sta.<\/p>\n\n\n\n<p class=\"wp-block-paragraph\">En esta clase abordaremos brevemente las etapas de la producci\u00f3n cinematogr\u00e1fica y las personas involucradas en su ejecuci\u00f3n, entendiendo la pel\u00edcula como el producto de una serie de convenciones y elecciones realizadas por un equipo numeroso que utiliza el lenguaje cinematogr\u00e1fico como veh\u00edculo creativo.<\/p>\n\n\n\n<p class=\"wp-block-paragraph\">La producci\u00f3n cinematogr\u00e1fica se refiere entonces a todo el proceso en el que se engloba la creaci\u00f3n de un cortometraje o largometraje. Entender este proceso nos permitir\u00e1 vislumbrar de manera m\u00e1s consciente el esfuerzo y dedicaci\u00f3n que hay detr\u00e1s, las horas de trabajo, as\u00ed como la gran cantidad de personas que dedican su tiempo y talento para que el espectador disfrute de este producto art\u00edstico colectivo.<\/p>\n\n\n\n<p class=\"wp-block-paragraph\">Las fases de la producci\u00f3n cinematogr\u00e1fica que abordaremos brevemente son las siguientes: preproducci\u00f3n, producci\u00f3n, postproducci\u00f3n y distribuci\u00f3n.&nbsp;Asimismo, mencionaremos la exhibici\u00f3n como etapa vital del proceso de una pel\u00edcula.<\/p>\n\n\n\n<p class=\"wp-block-paragraph\">Echemos un vistazo al \u00faltimo tema. \u00a1Comencemos!<\/p>\n\n\n\n<h2 class=\"wp-block-heading\" id=\"desarrollo-del-tema\">Desarrollo del tema<\/h2>\n\n\n\n<h3 class=\"wp-block-heading\">6. Fases de la producci\u00f3n cinematogr\u00e1fica<\/h3>\n\n\n\n<h4 class=\"wp-block-heading\">6.1 Preproducci\u00f3n<\/h4>\n\n\n\n<p class=\"wp-block-paragraph\">La preproducci\u00f3n es la etapa en la que se genera la idea del proyecto cinematogr\u00e1fico. Comprende desde la concepci\u00f3n de la idea hasta el primer d\u00eda de grabaci\u00f3n, puesto que significa preparar las condiciones \u00f3ptimas para la realizaci\u00f3n del proyecto. Es una etapa muy larga y de gran importancia, ya que las decisiones que se tomen en este momento repercutir\u00e1n en el resto de las fases.<\/p>\n\n\n\n<p class=\"wp-block-paragraph\">En esta primera etapa del proyecto definiremos qu\u00e9 es lo que queremos hacer y qu\u00e9 es lo que necesitamos para poder realizarlo. En la preproducci\u00f3n debemos dejar claro cu\u00e1l es la idea que tenemos y c\u00f3mo la vamos a llevar a cabo, considerando:<\/p>\n\n\n\n<ul class=\"wp-block-list\"><li><strong>Duraci\u00f3n:<\/strong> no es lo mismo contar una historia de 2 minutos o realizar un largometraje de 90 minutos.<\/li><li><strong>P\u00fablico:<\/strong> saber a qui\u00e9n va dirigido, qui\u00e9n es nuestra audiencia, si es para ni\u00f1os o para adultos.<\/li><li><strong>G\u00e9nero:<\/strong> definir la promesa de nuestra pel\u00edcula.<\/li><li><strong>T\u00e9cnicas:<\/strong> \u00bfcu\u00e1ntas c\u00e1maras vamos a necesitar, en qu\u00e9 formato voy a grabar, necesito iluminaci\u00f3n?<\/li><li><strong>Personal:<\/strong> tanto el personal que trabaja expl\u00edcitamente en la producci\u00f3n como el elenco necesario.&nbsp;<\/li><\/ul>\n\n\n\n<p class=\"wp-block-paragraph\">Como ya mencionamos, una producci\u00f3n cinematogr\u00e1fica implica el trabajo de un conjunto de especialistas que intervienen en su realizaci\u00f3n. En producciones peque\u00f1as, principalmente en cortometrajes, el equipo puede ser reducido, siempre atendiendo a las necesidades de la producci\u00f3n misma.&nbsp;Sin embargo, en producciones comerciales, normalmente se realizan contrataciones de miles de personas. A continuaci\u00f3n mencionaremos solo algunos de los especialistas requeridos para la realizaci\u00f3n de una pel\u00edcula:&nbsp;<\/p>\n\n\n\n<p class=\"wp-block-paragraph\"><strong>Productor(a):<\/strong> Es la persona encargada de buscar inversionistas para costear el proyecto y funge como responsable absoluto de la pel\u00edcula. Los productores generalmente trabajan cercanamente con el director y tienen injerencia en las decisiones t\u00e9cnicas y art\u00edsticas.&nbsp;<\/p>\n\n\n\n<div class=\"wp-block-image\"><figure class=\"aligncenter size-full\"><img decoding=\"async\" src=\"data:image\/gif;base64,R0lGODlhAQABAIAAAAAAAP\/\/\/yH5BAEAAAAALAAAAAABAAEAAAIBRAA7\" data-src=\"https:\/\/blogs.ugto.mx\/rea\/wp-content\/uploads\/sites\/71\/2022\/03\/Captura-de-Pantalla-2022-03-31-a-las-15.02.45.png\" alt=\"\" class=\"wp-image-10773\" \/><noscript><img loading=\"lazy\" decoding=\"async\" width=\"635\" height=\"805\" src=\"https:\/\/blogs.ugto.mx\/rea\/wp-content\/uploads\/sites\/71\/2022\/03\/Captura-de-Pantalla-2022-03-31-a-las-15.02.45.png\" alt=\"\" class=\"wp-image-10773\" srcset=\"https:\/\/blogs.ugto.mx\/rea\/wp-content\/uploads\/sites\/71\/2022\/03\/Captura-de-Pantalla-2022-03-31-a-las-15.02.45.png 635w, https:\/\/blogs.ugto.mx\/rea\/wp-content\/uploads\/sites\/71\/2022\/03\/Captura-de-Pantalla-2022-03-31-a-las-15.02.45-237x300.png 237w\" sizes=\"auto, (max-width: 635px) 100vw, 635px\" \/><\/noscript><figcaption>Figura 1. <em>Guillermo Del Toro, director, guionista, productor y novelista mexicano. Fuente: <\/em><a href=\"https:\/\/citas.in\/media\/authors\/guillermo-del-toro.jpeg\" target=\"_blank\" rel=\"noreferrer noopener\"><em>https:\/\/citas.in\/media\/authors\/guillermo-del-toro.jpeg<\/em><\/a><\/figcaption><\/figure><\/div>\n\n\n\n<p class=\"wp-block-paragraph\"><strong>Director(a):<\/strong> Tiene la responsabilidad y capacidad de decisi\u00f3n total en el set. Dirige a los actores en las escenas, marca las directrices al equipo de c\u00e1mara, personal t\u00e9cnico y creativo, y es el responsable de las decisiones creativas de una producci\u00f3n audiovisual.<\/p>\n\n\n\n<div class=\"wp-block-image\"><figure class=\"aligncenter size-full\"><img decoding=\"async\" src=\"data:image\/gif;base64,R0lGODlhAQABAIAAAAAAAP\/\/\/yH5BAEAAAAALAAAAAABAAEAAAIBRAA7\" data-src=\"https:\/\/blogs.ugto.mx\/rea\/wp-content\/uploads\/sites\/71\/2022\/03\/Captura-de-Pantalla-2022-03-31-a-las-15.04.15.png\" alt=\"\" class=\"wp-image-10774\" \/><noscript><img loading=\"lazy\" decoding=\"async\" width=\"791\" height=\"558\" src=\"https:\/\/blogs.ugto.mx\/rea\/wp-content\/uploads\/sites\/71\/2022\/03\/Captura-de-Pantalla-2022-03-31-a-las-15.04.15.png\" alt=\"\" class=\"wp-image-10774\" srcset=\"https:\/\/blogs.ugto.mx\/rea\/wp-content\/uploads\/sites\/71\/2022\/03\/Captura-de-Pantalla-2022-03-31-a-las-15.04.15.png 791w, https:\/\/blogs.ugto.mx\/rea\/wp-content\/uploads\/sites\/71\/2022\/03\/Captura-de-Pantalla-2022-03-31-a-las-15.04.15-300x212.png 300w, https:\/\/blogs.ugto.mx\/rea\/wp-content\/uploads\/sites\/71\/2022\/03\/Captura-de-Pantalla-2022-03-31-a-las-15.04.15-768x542.png 768w\" sizes=\"auto, (max-width: 791px) 100vw, 791px\" \/><\/noscript><figcaption>Figura 2. <em>Ingmar Bergman (Suecia), uno de los mejores cineastas de la historia. Fuente:<\/em><br><a href=\"https:\/\/www.bogartmagazine.mx\/wp-content\/uploads\/2021\/07\/800px-Ingmar_Bergman__Sven_Nykvist-800x560.jpeg\" target=\"_blank\" rel=\"noreferrer noopener\"><em>https:\/\/www.bogartmagazine.mx\/wp-content\/uploads\/2021\/07\/800px-Ingmar_Bergman__Sven_Nykvist-800&#215;560.jpeg<\/em><\/a><\/figcaption><\/figure><\/div>\n\n\n\n<p class=\"wp-block-paragraph\"><strong>Guionista:<\/strong> Es la persona encargada de escribir el gui\u00f3n y en ocasiones interviene tambi\u00e9n en la direcci\u00f3n de la pel\u00edcula. No necesariamente es el responsable de la idea, puede escribir por encargo del productor.<\/p>\n\n\n\n<div class=\"wp-block-image\"><figure class=\"aligncenter size-full\"><img decoding=\"async\" src=\"data:image\/gif;base64,R0lGODlhAQABAIAAAAAAAP\/\/\/yH5BAEAAAAALAAAAAABAAEAAAIBRAA7\" data-src=\"https:\/\/blogs.ugto.mx\/rea\/wp-content\/uploads\/sites\/71\/2022\/03\/Captura-de-Pantalla-2022-03-31-a-las-15.05.46.png\" alt=\"\" class=\"wp-image-10775\" \/><noscript><img loading=\"lazy\" decoding=\"async\" width=\"577\" height=\"416\" src=\"https:\/\/blogs.ugto.mx\/rea\/wp-content\/uploads\/sites\/71\/2022\/03\/Captura-de-Pantalla-2022-03-31-a-las-15.05.46.png\" alt=\"\" class=\"wp-image-10775\" srcset=\"https:\/\/blogs.ugto.mx\/rea\/wp-content\/uploads\/sites\/71\/2022\/03\/Captura-de-Pantalla-2022-03-31-a-las-15.05.46.png 577w, https:\/\/blogs.ugto.mx\/rea\/wp-content\/uploads\/sites\/71\/2022\/03\/Captura-de-Pantalla-2022-03-31-a-las-15.05.46-300x216.png 300w\" sizes=\"auto, (max-width: 577px) 100vw, 577px\" \/><\/noscript><figcaption>Figura 3. <em>Agn\u00e8s Varda, actriz, directora, guionista y artista cinematogr\u00e1fica francesa.<\/em><\/figcaption><\/figure><\/div>\n\n\n\n<p class=\"wp-block-paragraph\"><strong>Director(a) de fotograf\u00eda:<\/strong> Es la persona responsable de la calidad de la imagen, la luz y de los colores.<\/p>\n\n\n\n<div class=\"wp-block-image\"><figure class=\"aligncenter size-full\"><img decoding=\"async\" src=\"data:image\/gif;base64,R0lGODlhAQABAIAAAAAAAP\/\/\/yH5BAEAAAAALAAAAAABAAEAAAIBRAA7\" data-src=\"https:\/\/blogs.ugto.mx\/rea\/wp-content\/uploads\/sites\/71\/2022\/03\/Captura-de-Pantalla-2022-03-31-a-las-15.11.35.png\" alt=\"\" class=\"wp-image-10778\" \/><noscript><img loading=\"lazy\" decoding=\"async\" width=\"509\" height=\"693\" src=\"https:\/\/blogs.ugto.mx\/rea\/wp-content\/uploads\/sites\/71\/2022\/03\/Captura-de-Pantalla-2022-03-31-a-las-15.11.35.png\" alt=\"\" class=\"wp-image-10778\" srcset=\"https:\/\/blogs.ugto.mx\/rea\/wp-content\/uploads\/sites\/71\/2022\/03\/Captura-de-Pantalla-2022-03-31-a-las-15.11.35.png 509w, https:\/\/blogs.ugto.mx\/rea\/wp-content\/uploads\/sites\/71\/2022\/03\/Captura-de-Pantalla-2022-03-31-a-las-15.11.35-220x300.png 220w\" sizes=\"auto, (max-width: 509px) 100vw, 509px\" \/><\/noscript><figcaption>Figura 4. <em>Emmanuel Lubezki, director, productor y fot\u00f3grafo mexicano. Fuente: <\/em><a href=\"https:\/\/live.staticflickr.com\/8631\/16620838945_7bfd27819e_b.jpg\" target=\"_blank\" rel=\"noreferrer noopener\"><em>https:\/\/live.staticflickr.com\/8631\/16620838945_7bfd27819e_b.jpg<\/em><\/a><\/figcaption><\/figure><\/div>\n\n\n\n<p class=\"wp-block-paragraph\"><strong>Editor(a):<\/strong> Su misi\u00f3n principal se dar\u00e1 en la postproducci\u00f3n, ya que ser\u00e1 responsable de compilar el material, de la edici\u00f3n de las tomas y de dar un sentido a la pel\u00edcula. Su visi\u00f3n es vital para el resultado de la pel\u00edcula.<\/p>\n\n\n\n<div class=\"wp-block-image\"><figure class=\"aligncenter size-full\"><img decoding=\"async\" src=\"data:image\/gif;base64,R0lGODlhAQABAIAAAAAAAP\/\/\/yH5BAEAAAAALAAAAAABAAEAAAIBRAA7\" data-src=\"https:\/\/blogs.ugto.mx\/rea\/wp-content\/uploads\/sites\/71\/2022\/03\/Captura-de-Pantalla-2022-03-31-a-las-15.12.34.png\" alt=\"\" class=\"wp-image-10779\" \/><noscript><img loading=\"lazy\" decoding=\"async\" width=\"589\" height=\"434\" src=\"https:\/\/blogs.ugto.mx\/rea\/wp-content\/uploads\/sites\/71\/2022\/03\/Captura-de-Pantalla-2022-03-31-a-las-15.12.34.png\" alt=\"\" class=\"wp-image-10779\" srcset=\"https:\/\/blogs.ugto.mx\/rea\/wp-content\/uploads\/sites\/71\/2022\/03\/Captura-de-Pantalla-2022-03-31-a-las-15.12.34.png 589w, https:\/\/blogs.ugto.mx\/rea\/wp-content\/uploads\/sites\/71\/2022\/03\/Captura-de-Pantalla-2022-03-31-a-las-15.12.34-300x221.png 300w\" sizes=\"auto, (max-width: 589px) 100vw, 589px\" \/><\/noscript><figcaption>Figura 5. <em>Thelma Schoonmaker, editora cinematogr\u00e1fica ganadora de tres Premios \u00d3scar.<\/em><\/figcaption><\/figure><\/div>\n\n\n\n<p class=\"wp-block-paragraph\">En la preproducci\u00f3n es importante realizar el plan de rodaje, dividiendo el guion en d\u00edas de filmaci\u00f3n y estimando la cantidad de p\u00e1ginas que se pueden grabar por d\u00eda. A partir de ese c\u00e1lculo se pueden conocer los costos de alquiler de equipo, decorados, vestuario, salarios del elenco y el equipo, costo de dobles y efectos especiales. Consulta y descarga el ejemplo de Plan de rodaje incluido en los recursos de esta clase: <strong><a href=\"https:\/\/blogs.ugto.mx\/rea\/wp-content\/uploads\/sites\/71\/2022\/03\/Plan-de-rodaje.pdf\" target=\"_blank\" rel=\"noreferrer noopener\">Plan de rodaje. <\/a><\/strong><\/p>\n\n\n\n<p class=\"wp-block-paragraph\"><strong>D\u00eda de rodaje _ Jueves 28 de Julio de 2011<\/strong><\/p>\n\n\n\n<figure class=\"wp-block-table\"><table class=\"has-fixed-layout\"><thead><tr><th class=\"has-text-align-center\" data-align=\"center\">Hora<\/th><th class=\"has-text-align-center\" data-align=\"center\">N\u00ba de plano<\/th><th>Descripci\u00f3n<\/th><th>Notas<\/th><th>Equipo art\u00edstico<\/th><th>ATREZZO<\/th><\/tr><\/thead><tbody><tr><td class=\"has-text-align-center\" data-align=\"center\">8:00<\/td><td class=\"has-text-align-center\" data-align=\"center\"><\/td><td>Citaci\u00f3n de realizador, director de fotograf\u00eda\/operador, ayudante de c\u00e1mara y producci\u00f3n.<\/td><td>Montamos c\u00e1mara y organizamos.<\/td><td><\/td><td><\/td><\/tr><tr><td class=\"has-text-align-center\" data-align=\"center\">8:15<\/td><td class=\"has-text-align-center\" data-align=\"center\"><\/td><td>Citaci\u00f3n de maquilladora y figurantes (excepto la madre que puede llegar m\u00e1s tarde).<\/td><td>Mientras maquillan podemos hacer el plano con las 4 Torres si da tiempo. <\/td><td>Orden de maquillaje: padre, hijo, se\u00f1ora mayor, se\u00f1ora con carrito, luego el resto.<\/td><td><\/td><\/tr><tr><td class=\"has-text-align-center\" data-align=\"center\">8:45<\/td><td class=\"has-text-align-center\" data-align=\"center\"><\/td><td>Citaci\u00f3n del conductor\/a.<\/td><td>Preparamos el primer plano.<\/td><td><\/td><td><\/td><\/tr><tr><td class=\"has-text-align-center\" data-align=\"center\">9:00<\/td><td class=\"has-text-align-center\" data-align=\"center\">1<\/td><td><strong>PGC <\/strong>de padre e hijo subiendo a un autob\u00fas amarillo AIRPORT EXPRESS (procuraremos que no se vea nada de fondo)<\/td><td>Hacer tambi\u00e9n plano corto de la misma acci\u00f3n, s\u00f3lo de los pies subiendo.<\/td><td>Padre<br>Hijo<\/td><td>Malet\u00edn con iPad<\/td><\/tr><tr><td class=\"has-text-align-center\" data-align=\"center\">9:20<\/td><td class=\"has-text-align-center\" data-align=\"center\">14<\/td><td><strong>PD <\/strong>de la rampa del autob\u00fas y de los pies de una mujer mayor y de un carrito de beb\u00e9 subiendo por la rampa.<\/td><td><\/td><td>&#8211; Se\u00f1ora mayor<br>&#8211; Se\u00f1ora con carrito<\/td><td>Carrito<\/td><\/tr><\/tbody><\/table><figcaption>Figura 6. <em>Ejemplo de Plan de rodaje.<\/em><\/figcaption><\/figure>\n\n\n\n<p class=\"wp-block-paragraph\">En resumen, esta fase nos facilita saber qu\u00e9 necesitaremos para realizar la pel\u00edcula: el equipo habr\u00e1 de invertir tiempo en contratar al personal adecuado para todos los departamentos, buscar las mejores locaciones, hacer castings a actores y actrices, realizar ensayos, considerar los traslados, el clima, etc\u00e9tera. Mientras m\u00e1s cosas tengamos asentadas ser\u00e1 m\u00e1s sencillo tener controlado el proyecto, evitando sorpresas desagradables.<\/p>\n\n\n\n<h4 class=\"wp-block-heading\">6.2 Producci\u00f3n<\/h4>\n\n\n\n<p class=\"wp-block-paragraph\">Una vez que la planeaci\u00f3n est\u00e1 lista y contamos con locaciones, elenco, equipo, decorados y con todo lo necesario para nuestra pel\u00edcula, es momento de comenzar con el proceso de producci\u00f3n. Si la preproducci\u00f3n es la fase previa al rodaje, la producci\u00f3n es la fase del rodaje en s\u00ed mismo. En esta etapa ya tiene lugar la acci\u00f3n, salimos con las c\u00e1maras a las diferentes localizaciones y plasmamos nuestra historia en im\u00e1genes.&nbsp; La producci\u00f3n suele ser la m\u00e1s corta de las fases, aunque es primordial para la pel\u00edcula y donde se asigna la mayor parte del presupuesto.<\/p>\n\n\n\n<div class=\"wp-block-image\"><figure class=\"aligncenter size-full\"><img decoding=\"async\" src=\"data:image\/gif;base64,R0lGODlhAQABAIAAAAAAAP\/\/\/yH5BAEAAAAALAAAAAABAAEAAAIBRAA7\" data-src=\"https:\/\/blogs.ugto.mx\/rea\/wp-content\/uploads\/sites\/71\/2022\/03\/Captura-de-Pantalla-2022-03-31-a-las-16.15.45.png\" alt=\"\" class=\"wp-image-10796\" \/><noscript><img loading=\"lazy\" decoding=\"async\" width=\"766\" height=\"453\" src=\"https:\/\/blogs.ugto.mx\/rea\/wp-content\/uploads\/sites\/71\/2022\/03\/Captura-de-Pantalla-2022-03-31-a-las-16.15.45.png\" alt=\"\" class=\"wp-image-10796\" srcset=\"https:\/\/blogs.ugto.mx\/rea\/wp-content\/uploads\/sites\/71\/2022\/03\/Captura-de-Pantalla-2022-03-31-a-las-16.15.45.png 766w, https:\/\/blogs.ugto.mx\/rea\/wp-content\/uploads\/sites\/71\/2022\/03\/Captura-de-Pantalla-2022-03-31-a-las-16.15.45-300x177.png 300w\" sizes=\"auto, (max-width: 766px) 100vw, 766px\" \/><\/noscript><figcaption>Figura 7. <em>Set de filmaci\u00f3n. Fuente: <\/em><a href=\"https:\/\/upload.wikimedia.org\/wikipedia\/commons\/7\/77\/Kees_en_Co_filmset.jpg\" target=\"_blank\" rel=\"noreferrer noopener\"><em>https:\/\/upload.wikimedia.org\/wikipedia\/commons\/7\/77\/Kees_en_Co_filmset.jpg<\/em><\/a><\/figcaption><\/figure><\/div>\n\n\n\n<p class=\"wp-block-paragraph\">Es una fase en la que debemos asegurarnos de obtener todas las tomas requeridas para contar la historia y donde se ponen en pr\u00e1ctica las elecciones tomadas para cada escena planteada en el gui\u00f3n, como la altura de la c\u00e1mara, movimiento o no de la misma, angulaci\u00f3n, etc\u00e9tera y donde adem\u00e1s se podr\u00e1n a\u00f1adir elementos extra de significaci\u00f3n a aquello que estaba escrito en el gui\u00f3n.<\/p>\n\n\n\n<p class=\"wp-block-paragraph\">Es entonces el momento de iniciar el rodaje de acuerdo con el plan de trabajo dise\u00f1ado, maximizando el tiempo y el presupuesto.&nbsp;En esta etapa, para que todo el material est\u00e9 bien identificado se utiliza la claqueta, que identifica cada una de las piezas que grabamos.<\/p>\n\n\n\n<p class=\"wp-block-paragraph\"><strong>\u00bfSab\u00edas qu\u00e9?<\/strong><\/p>\n\n\n\n<p class=\"wp-block-paragraph\">Para lograr la mayor calidad posible, en el cine profesional el audio y el video se registran por separado. Por un lado, filmamos la imagen con una c\u00e1mara y registramos el audio con un grabador profesional de audio multipistas.<\/p>\n\n\n\n<p class=\"wp-block-paragraph\">\u00bfPor qu\u00e9 es importante la claqueta? Porque el sonido que emite la claqueta al golpear sus dos cejas es el elemento que nos permitir\u00e1 sincronizar audio y video en la etapa de montaje, ya que el editor se posiciona sobre el fotograma de imagen en el que las dos cejas de madera de la claqueta se juntan y coloca el momento exacto del sonido producido con su golpe, de tal forma que a partir de ah\u00ed, imagen y sonido, ya unidos, se reproducir\u00e1 de forma sincr\u00f3nica.<\/p>\n\n\n\n<p class=\"wp-block-paragraph\">Asimismo, la claqueta es importante ya que en ella se registran de forma visible, entre otros datos, el t\u00edtulo de la pel\u00edcula, la persona que la dirige, fecha y d\u00edgitos que identifican secuencia, plano y toma.&nbsp;<\/p>\n\n\n\n<div class=\"wp-block-image\"><figure class=\"aligncenter size-large is-resized\"><img loading=\"lazy\" decoding=\"async\" src=\"data:image\/gif;base64,R0lGODlhAQABAIAAAAAAAP\/\/\/yH5BAEAAAAALAAAAAABAAEAAAIBRAA7\" data-src=\"https:\/\/blogs.ugto.mx\/rea\/wp-content\/uploads\/sites\/71\/2022\/03\/smhvg2kbklc-1024x683.jpg\" alt=\"person holding black and white quote board\" class=\"wp-image-10798\" width=\"724\" height=\"500\" \/><noscript><img loading=\"lazy\" decoding=\"async\" src=\"https:\/\/blogs.ugto.mx\/rea\/wp-content\/uploads\/sites\/71\/2022\/03\/smhvg2kbklc-1024x683.jpg\" alt=\"person holding black and white quote board\" class=\"wp-image-10798\" width=\"724\" height=\"500\" \/><\/noscript><figcaption>Figura 8. <em>Claqueta.<\/em><\/figcaption><\/figure><\/div>\n\n\n\n<p class=\"wp-block-paragraph\">El equipo de rodaje ir\u00e1 registrando entonces durante esta etapa las diferentes tomas de cada plano y de cada secuencia hasta cubrir el gui\u00f3n completo. No lo realizan en orden cronol\u00f3gico sino por criterios establecidos en el plan de trabajo para optimizar tiempo y recursos. Todo el material que se genera en esta etapa servir\u00e1 de materia prima para la etapa de postproducci\u00f3n.<\/p>\n\n\n\n<h4 class=\"wp-block-heading\">6.3 Postproducci\u00f3n<\/h4>\n\n\n\n<div class=\"wp-block-image\"><figure class=\"aligncenter size-full\"><img decoding=\"async\" src=\"data:image\/gif;base64,R0lGODlhAQABAIAAAAAAAP\/\/\/yH5BAEAAAAALAAAAAABAAEAAAIBRAA7\" data-src=\"https:\/\/blogs.ugto.mx\/rea\/wp-content\/uploads\/sites\/71\/2022\/03\/Captura-de-Pantalla-2022-03-31-a-las-16.19.03.png\" alt=\"\" class=\"wp-image-10799\" \/><noscript><img loading=\"lazy\" decoding=\"async\" width=\"911\" height=\"405\" src=\"https:\/\/blogs.ugto.mx\/rea\/wp-content\/uploads\/sites\/71\/2022\/03\/Captura-de-Pantalla-2022-03-31-a-las-16.19.03.png\" alt=\"\" class=\"wp-image-10799\" srcset=\"https:\/\/blogs.ugto.mx\/rea\/wp-content\/uploads\/sites\/71\/2022\/03\/Captura-de-Pantalla-2022-03-31-a-las-16.19.03.png 911w, https:\/\/blogs.ugto.mx\/rea\/wp-content\/uploads\/sites\/71\/2022\/03\/Captura-de-Pantalla-2022-03-31-a-las-16.19.03-300x133.png 300w, https:\/\/blogs.ugto.mx\/rea\/wp-content\/uploads\/sites\/71\/2022\/03\/Captura-de-Pantalla-2022-03-31-a-las-16.19.03-768x341.png 768w\" sizes=\"auto, (max-width: 911px) 100vw, 911px\" \/><\/noscript><figcaption>Figura 9. <em>Sala de postproducci\u00f3n. Fuente: <\/em><a href=\"https:\/\/upload.wikimedia.org\/wikipedia\/commons\/8\/81\/Sala_de_postproducci%C3%B3.jpg\" target=\"_blank\" rel=\"noreferrer noopener\"><em>https:\/\/upload.wikimedia.org\/wikipedia\/commons\/8\/81\/Sala_de_postproducci%C3%B3.jpg<\/em><\/a><\/figcaption><\/figure><\/div>\n\n\n\n<p class=\"wp-block-paragraph\">Llamamos postproducci\u00f3n a la etapa que comienza una vez que ha acabado el rodaje. Suele englobar el montaje de imagen, la gradaci\u00f3n de color, efectos digitales y el montaje de sonido con sus correspondientes mezclas.&nbsp;<\/p>\n\n\n\n<p class=\"wp-block-paragraph\">Si bien hay algunos elementos de postproducci\u00f3n que se pueden hacer con anticipaci\u00f3n, como editar un guion o crear un desglose de efectos visuales, la mayor parte se realiza despu\u00e9s de que termina la etapa de producci\u00f3n.<\/p>\n\n\n\n<p class=\"wp-block-paragraph\">Una vez finalizada la filmaci\u00f3n, el material se almacena en soportes como discos duros o en un servidor, seg\u00fan el tipo de filmaci\u00f3n y el presupuesto. Luego, se cargan en aplicaciones de software.<\/p>\n\n\n\n<p class=\"wp-block-paragraph\">Durante el proceso de postproducci\u00f3n, se edita el material filmado y posteriormente se agregan efectos de sonido y m\u00fasica. Luego se procede la gradaci\u00f3n de color donde se ajusta la imagen para corregir problemas de iluminaci\u00f3n y estilizar el color. Tambi\u00e9n se agregan los efectos visuales que sean necesarios.<\/p>\n\n\n\n<div class=\"wp-block-image\"><figure class=\"aligncenter size-full is-resized\"><img loading=\"lazy\" decoding=\"async\" src=\"data:image\/gif;base64,R0lGODlhAQABAIAAAAAAAP\/\/\/yH5BAEAAAAALAAAAAABAAEAAAIBRAA7\" data-src=\"https:\/\/blogs.ugto.mx\/rea\/wp-content\/uploads\/sites\/71\/2022\/03\/Captura-de-Pantalla-2022-03-31-a-las-16.21.25.png\" alt=\"\" class=\"wp-image-10800\" width=\"787\" height=\"593\" \/><noscript><img loading=\"lazy\" decoding=\"async\" src=\"https:\/\/blogs.ugto.mx\/rea\/wp-content\/uploads\/sites\/71\/2022\/03\/Captura-de-Pantalla-2022-03-31-a-las-16.21.25.png\" alt=\"\" class=\"wp-image-10800\" width=\"787\" height=\"593\" srcset=\"https:\/\/blogs.ugto.mx\/rea\/wp-content\/uploads\/sites\/71\/2022\/03\/Captura-de-Pantalla-2022-03-31-a-las-16.21.25.png 787w, https:\/\/blogs.ugto.mx\/rea\/wp-content\/uploads\/sites\/71\/2022\/03\/Captura-de-Pantalla-2022-03-31-a-las-16.21.25-300x226.png 300w, https:\/\/blogs.ugto.mx\/rea\/wp-content\/uploads\/sites\/71\/2022\/03\/Captura-de-Pantalla-2022-03-31-a-las-16.21.25-768x579.png 768w\" sizes=\"auto, (max-width: 787px) 100vw, 787px\" \/><\/noscript><figcaption>Figura 10. Montaje. Fuente: <a href=\"https:\/\/historiadelcine.es\/wp-content\/uploads\/2020\/04\/tipos-montaje-cinematografico.jpeg\" target=\"_blank\" rel=\"noreferrer noopener\">https:\/\/historiadelcine.es\/wp-content\/uploads\/2020\/04\/tipos-montaje-cinematografico.jpeg<\/a><\/figcaption><\/figure><\/div>\n\n\n\n<p class=\"wp-block-paragraph\">La edici\u00f3n o montaje es por tanto el momento en que damos forma definitiva a la pel\u00edcula, donde se eligen y descartan tomas, se realiza la edici\u00f3n de video, la correcci\u00f3n de color, se a\u00f1aden los efectos de sonido, los t\u00edtulos de cr\u00e9dito, los gr\u00e1ficos en movimiento y todo lo necesario para dar forma a nuestra producci\u00f3n audiovisual antes de su exportaci\u00f3n.<\/p>\n\n\n\n<p class=\"wp-block-paragraph\">Aqu\u00ed finalizamos nuestra producci\u00f3n audiovisual d\u00e1ndole las caracter\u00edsticas de salida del sistema en el que se va a distribuir. Aunque la exportaci\u00f3n es algo que llevaremos a cabo al final, es mejor dejarlo claro desde la etapa de preproducci\u00f3n, ya que es muy diferente crear una pel\u00edcula para distribuci\u00f3n en cines, a una destinada a plataformas o para Internet.<\/p>\n\n\n\n<h4 class=\"wp-block-heading\">6.4 Distribuci\u00f3n<\/h4>\n\n\n\n<p class=\"wp-block-paragraph\">La distribuci\u00f3n es la etapa final de un proyecto para los productores que buscan obtener un retorno de su inversi\u00f3n. Puede abarcar distintas ventanas: salas de cine, venta a una red de televisi\u00f3n, a un servicio de transmisi\u00f3n por plataformas o lanzamiento directo a DVD o Bluray. Si bien la distribuci\u00f3n es la etapa final del proyecto, su canal de distribuci\u00f3n y comercializaci\u00f3n se planificar\u00e1 en preproducci\u00f3n. Si est\u00e1 mal planificado y no logra una buena distribuci\u00f3n, entonces todas las dem\u00e1s fases se desperdician ya que nadie disfrutar\u00e1 del producto final y no se cubrir\u00e1 el costo del proyecto.<\/p>\n\n\n\n<p class=\"wp-block-paragraph\">Anteriormente la distribuci\u00f3n se realizaba a trav\u00e9s de un sistema de \u201cventanas\u201d, proceso que se implement\u00f3 en los a\u00f1os 80 para evitar que una pel\u00edcula compitiera contra s\u00ed misma es los distintos canales de exhibici\u00f3n y buscando obtener el m\u00e1ximo beneficio posible, primero, en su paso por las salas de cine, luego en DVD\/Bluray y despu\u00e9s en televisi\u00f3n, de manera que cada parte del ecosistema tendr\u00eda su retorno econ\u00f3mico asegurado.<\/p>\n\n\n\n<p class=\"wp-block-paragraph\">Hasta hace pocos a\u00f1os, pod\u00edan pasar muchos meses desde que se estrenaba una pel\u00edcula en cine hasta que la ve\u00edamos en casa, siguiendo la premisa \u201chasta que no se agota un canal, no se pasa al siguiente\u201d. De esta forma el modelo tradicional dictaba lo siguiente: una pel\u00edcula se estrenaba en exclusiva en las salas de cine y pasados m\u00e1s o menos cuatro meses podr\u00eda comenzar una nueva ventana de distribuci\u00f3n como el DVD o Bluray, un par de meses despu\u00e9s la pel\u00edcula podr\u00eda estar disponible en renta y venta digital y en <em>pay-per-view.<\/em> M\u00e1s adelante llegar\u00eda a servicios de v\u00eddeo a la carta como Netflix, HBO, Amazon y finalmente, en un plazo superior a dos a\u00f1os podr\u00eda verse en televisi\u00f3n por cable o televisi\u00f3n abierta.<\/p>\n\n\n\n<p class=\"wp-block-paragraph\">Como sabemos, actualmente Netflix, HBO, Disney y muchos otros m\u00e1s cuentan con producciones propias y han apostado por un modelo en el que en muchos casos se deja fuera a las salas de cine. Cada empresa cuenta con sus propias productoras, sus propios tiempos y una base de usuarios que sigue creciendo.&nbsp;Para bien o para mal, los grandes estrenos que antes pod\u00edan verse por primera vez en cine hoy est\u00e1n disponibles en nuestra televisi\u00f3n, computadora o celular.<\/p>\n\n\n\n<p class=\"wp-block-paragraph\">Cualquiera que sea el plan de distribuci\u00f3n, los productores habr\u00e1n pasado muchas horas planificando y comercializando su pel\u00edcula para garantizar la mayor audiencia y el mayor retorno. Con la era digital y las tecnolog\u00edas que convergen r\u00e1pidamente, los espectadores ven el contenido de formas nuevas y diferentes, lo que significa que la fase de distribuci\u00f3n est\u00e1 en constante evoluci\u00f3n.<\/p>\n\n\n\n<p class=\"wp-block-paragraph\">Las distribuidoras cinematogr\u00e1ficas independientes en M\u00e9xico han logrado mantenerse en la competencia por la audiencia a pesar de enfrentar una lucha desigual con las distribuidoras extranjeras.&nbsp; A continuaci\u00f3n te compartimos los sitios web de algunas distribuidoras en M\u00e9xico con la finalidad de que explores sus cat\u00e1logos e identifiques el estilo de t\u00edtulos que adquieren para nuestro pa\u00eds:<\/p>\n\n\n\n<ul class=\"wp-block-list\"><li><a href=\"https:\/\/www.interior13.com\/\" target=\"_blank\" rel=\"noreferrer noopener\">Interior 13<\/a><\/li><li><a href=\"https:\/\/www.somospiano.com\/\" target=\"_blank\" rel=\"noreferrer noopener\">Piano<\/a>&nbsp;<\/li><li><a href=\"https:\/\/www.cinecanibal.com\/\" target=\"_blank\" rel=\"noreferrer noopener\">Cine Can\u00edbal<\/a><\/li><li><a href=\"http:\/\/mantarraya.com\/\" target=\"_blank\" rel=\"noreferrer noopener\">ND Mantarraya<\/a><\/li><li><a href=\"http:\/\/www.pimientafilms.com\/\" target=\"_blank\" rel=\"noreferrer noopener\">Pimienta Films&nbsp;<\/a><\/li><li><a href=\"http:\/\/www.canana.net\/\" target=\"_blank\" rel=\"noreferrer noopener\">Canana<\/a><\/li><\/ul>\n\n\n\n<h4 class=\"wp-block-heading\">6.5 Exhibici\u00f3n<\/h4>\n\n\n\n<div class=\"wp-block-image\"><figure class=\"aligncenter size-large\"><img decoding=\"async\" src=\"data:image\/gif;base64,R0lGODlhAQABAIAAAAAAAP\/\/\/yH5BAEAAAAALAAAAAABAAEAAAIBRAA7\" data-src=\"https:\/\/blogs.ugto.mx\/rea\/wp-content\/uploads\/sites\/71\/2022\/04\/Captura-de-Pantalla-2022-04-01-a-las-8.51.58-1024x676.png\" alt=\"\" class=\"wp-image-10812\" \/><noscript><img loading=\"lazy\" decoding=\"async\" width=\"1024\" height=\"676\" src=\"https:\/\/blogs.ugto.mx\/rea\/wp-content\/uploads\/sites\/71\/2022\/04\/Captura-de-Pantalla-2022-04-01-a-las-8.51.58-1024x676.png\" alt=\"\" class=\"wp-image-10812\" srcset=\"https:\/\/blogs.ugto.mx\/rea\/wp-content\/uploads\/sites\/71\/2022\/04\/Captura-de-Pantalla-2022-04-01-a-las-8.51.58-1024x676.png 1024w, https:\/\/blogs.ugto.mx\/rea\/wp-content\/uploads\/sites\/71\/2022\/04\/Captura-de-Pantalla-2022-04-01-a-las-8.51.58-300x198.png 300w, https:\/\/blogs.ugto.mx\/rea\/wp-content\/uploads\/sites\/71\/2022\/04\/Captura-de-Pantalla-2022-04-01-a-las-8.51.58-768x507.png 768w, https:\/\/blogs.ugto.mx\/rea\/wp-content\/uploads\/sites\/71\/2022\/04\/Captura-de-Pantalla-2022-04-01-a-las-8.51.58-1536x1014.png 1536w, https:\/\/blogs.ugto.mx\/rea\/wp-content\/uploads\/sites\/71\/2022\/04\/Captura-de-Pantalla-2022-04-01-a-las-8.51.58.png 1626w\" sizes=\"auto, (max-width: 1024px) 100vw, 1024px\" \/><\/noscript><figcaption>Figura 11. <em>Cine Club Universidad de la Universidad de Guanajuato &#8211; Cine foro escalinata.<\/em><br><em>Fuente: <\/em><a href=\"https:\/\/drive.google.com\/file\/d\/1sJqAkLKxAgW4nQEc_DGn9ghGvoKCNaKL\/view?usp=sharing\" target=\"_blank\" rel=\"noreferrer noopener\"><em>https:\/\/drive.google.com\/file\/d\/1sJqAkLKxAgW4nQEc_DGn9ghGvoKCNaKL\/view?usp=sharing<\/em><\/a><\/figcaption><\/figure><\/div>\n\n\n\n<p class=\"wp-block-paragraph\">Aunque no forma parte de las etapas de la producci\u00f3n cinematogr\u00e1fica, es de vital importancia para que la pel\u00edcula logre su objetivo principal: ser vista.&nbsp;La exhibici\u00f3n de pel\u00edculas es una parte rica, emocionante y gratificante de la industria cinematogr\u00e1fica y la vitalidad en este sector es crucial para garantizar la accesibilidad al cine. Si bien las etapas de la producci\u00f3n cinematogr\u00e1fica se comprenden ampliamente, el proceso de lograr que las pel\u00edculas terminadas se proyecten en los cines y la amplitud y constituci\u00f3n de roles disponibles en exhibici\u00f3n y distribuci\u00f3n son mucho menos conocidas.<\/p>\n\n\n\n<p class=\"wp-block-paragraph\">Nos referiremos aqu\u00ed a los cines independientes, vitales para mantener el acceso a aquellas pel\u00edculas que no logran permanencia en los cines comerciales, lo que garantiza que las audiencias de todo el mundo puedan experimentar una rica diversidad de pel\u00edculas dondequiera que vivan.&nbsp;<\/p>\n\n\n\n<p class=\"wp-block-paragraph\">Un espacio de exhibici\u00f3n es un proyecto cultural que exige tiempo y dedicaci\u00f3n.&nbsp;Para su conformaci\u00f3n, el primer paso es pensar qu\u00e9 proyecto se quiere desarrollar, cu\u00e1l va a ser su objetivo, su p\u00fablico, su lugar, qui\u00e9nes lo van a llevar a cabo, cu\u00e1ndo y lo m\u00e1s importante por qu\u00e9 lo queremos hacer.<\/p>\n\n\n\n<p class=\"wp-block-paragraph\">Los objetivos del espacio de exhibici\u00f3n y su programaci\u00f3n deben ser los motores principales de sus actividades. El material proyectado y el fin con el que se proyecta le otorgan al proyecto sus valores de identidad. Si hablamos de identidad y objetivos, es distinto proyectar pel\u00edculas que se centren en temas para el desarrollo comunitario que llevar un proyecto universitario donde se proyectan pel\u00edculas de vanguardias internacionales.&nbsp;<\/p>\n\n\n\n<p class=\"wp-block-paragraph\">El equipo para crear un espacio de exhibici\u00f3n se divide en dos: el tecnol\u00f3gico, que son los materiales de proyecci\u00f3n tales como un proyector, una pantalla, sistema de audio, etc\u00e9tera. El operativo, que es un grupo de personas que se repartir\u00e1n las tareas del cine y lo har\u00e1n funcionar.<\/p>\n\n\n\n<p class=\"wp-block-paragraph\">La programaci\u00f3n es el contenido b\u00e1sico de un proyecto de exhibici\u00f3n: las pel\u00edculas que se proyecten en la pantalla hablar\u00e1n del gusto, las ideas y los objetivos del programador o el equipo del proyecto. Algunos lo describen como una labor est\u00e9tica, otros como la forma para desarrollar un discurso a trav\u00e9s del cine. Programar es ser un buen observador, tanto del cine como de las circunstancias en las que se ve ese cine.<\/p>\n\n\n\n<h2 class=\"wp-block-heading\" id=\"conclusion\">Conclusi\u00f3n <\/h2>\n\n\n\n<p class=\"wp-block-paragraph\">Para finalizar, una producci\u00f3n cinematogr\u00e1fica implica el trabajo de un conjunto de especialistas que intervienen en su realizaci\u00f3n: El productor es la persona encargada de buscar inversionistas para costear el proyecto y funge como responsable absoluto de la pel\u00edcula.&nbsp;La persona a cargo de la direcci\u00f3n tiene la capacidad de decisi\u00f3n total en el set y es responsable de las decisiones creativas. El guionista se encarga de escribir el gui\u00f3n. La persona responsable de la calidad de la imagen, la luz y de los colores se conoce como director de fotograf\u00eda o cinefot\u00f3grafo. La persona encargada de la edici\u00f3n ser\u00e1 responsable de tomar las decisiones finales sobre el material, dando un sentido a la pel\u00edcula.&nbsp;<\/p>\n\n\n\n<p class=\"wp-block-paragraph\">Las fases de la producci\u00f3n cinematogr\u00e1fica son: preproducci\u00f3n, producci\u00f3n, postproducci\u00f3n y distribuci\u00f3n.<\/p>\n\n\n\n<p class=\"wp-block-paragraph\">La preproducci\u00f3n es la etapa en la que se genera la idea del proyecto cinematogr\u00e1fico. Comprende desde la concepci\u00f3n de la idea hasta el primer d\u00eda de grabaci\u00f3n, donde se define qu\u00e9 es lo que queremos hacer y qu\u00e9 es lo que necesitamos para poder realizarlo.<\/p>\n\n\n\n<p class=\"wp-block-paragraph\">La producci\u00f3n es la fase del rodaje en s\u00ed mismo donde debemos asegurarnos de obtener todas las tomas requeridas para contar la historia atendiendo al plan de trabajo para optimizar tiempo y recursos.&nbsp;<\/p>\n\n\n\n<p class=\"wp-block-paragraph\">Llamamos postproducci\u00f3n a la etapa que comienza una vez que ha acabado el rodaje. Durante este proceso se edita el material filmado dando forma definitiva a la pel\u00edcula y posteriormente se agregan efectos de sonido y m\u00fasica. Luego se procede la gradaci\u00f3n de color donde se ajusta la imagen para corregir problemas de iluminaci\u00f3n y estilizar el color. Tambi\u00e9n se agregan los efectos visuales que sean necesarios. En la postproducci\u00f3n se realiza la exportaci\u00f3n de la pel\u00edcula, es decir, se le dan las caracter\u00edsticas de salida del sistema en el que se va a distribuir.<\/p>\n\n\n\n<p class=\"wp-block-paragraph\">La distribuci\u00f3n es la etapa final de un proyecto pero se planifica desde la preproducci\u00f3n. Puede abarcar distintas ventanas para buscar cubrir el costo del proyecto, recuperar u obtener ganancias de la inversi\u00f3n.&nbsp;&nbsp;<\/p>\n\n\n\n<p class=\"wp-block-paragraph\">Aunque no forma parte de las etapas de la producci\u00f3n cinematogr\u00e1fica, la exhibici\u00f3n es de vital importancia para que la pel\u00edcula logre su objetivo principal: ser vista.&nbsp;La vitalidad en este sector es crucial para garantizar la accesibilidad al cine.&nbsp;<\/p>\n\n\n\n<p class=\"wp-block-paragraph\">\u00a1Has llegado al final de la \u00faltima clase del curso, muchas felicidades! Ha sido un gozo compartir contigo este trayecto formativo. Deseo que el curso haya cumplido tus expectativas y&nbsp;encuentres satisfacci\u00f3n en los temas abordados, as\u00ed como con tu desempe\u00f1o y compromiso. Para concluir de forma correcta, te invito a realizar la tarea asignada y mandarla como corresponde.&nbsp;<\/p>\n\n\n\n<p class=\"wp-block-paragraph\">Gracias por tu atenci\u00f3n. Espero encontrarte nuevamente, \u00a1hasta pronto!<\/p>\n\n\n\n<h2 class=\"wp-block-heading\">Fuentes de informaci\u00f3n<\/h2>\n\n\n\n<ul class=\"wp-block-list\"><li><em>El arte cinematogr\u00e1fico<\/em> de David Bordwell y Kristin Thompson. <a href=\"https:\/\/drive.google.com\/file\/d\/1jigLOSRRH_1Wh3qW0fKqamiQUJDP74tA\/view?usp=sharing\" target=\"_blank\" rel=\"noreferrer noopener\">https:\/\/drive.google.com\/file\/d\/1jigLOSRRH_1Wh3qW0fKqamiQUJDP74tA\/view?usp=sharing<\/a><\/li><li>250 razones para amar el cine, producido por la revista Cineman\u00eda: <a href=\"https:\/\/drive.google.com\/file\/d\/1mFfHFj6NKznnOdyf33xU7GxuLwDpsnJa\/view?usp=sharing\" target=\"_blank\" rel=\"noreferrer noopener\">https:\/\/drive.google.com\/file\/d\/1mFfHFj6NKznnOdyf33xU7GxuLwDpsnJa\/view?usp=sharing<\/a><\/li><li>Ejemplo de plan de rodaje &#8211; <a href=\"https:\/\/drive.google.com\/file\/d\/1owPQGy7fNMDGwUYxh9GGbfm6CCUid1Um\/view?usp=sharing\" target=\"_blank\" rel=\"noreferrer noopener\">https:\/\/drive.google.com\/file\/d\/1owPQGy7fNMDGwUYxh9GGbfm6CCUid1Um\/view?usp=sharing<\/a><\/li><\/ul>\n","protected":false},"excerpt":{"rendered":"<p>Introducci\u00f3n \u00a1Hola admirable estudiante! Me da mucho gusto saludarte en esta ocasi\u00f3n, que sin demeritar las anteriores, ya has avanzado mucho en este proceso formativo y eso es raz\u00f3n suficiente para pedirte que contin\u00faes con ese mismo \u00edmpetu por aprender m\u00e1s. Te reitero mis felicitaciones y te doy la bienvenida a la \u00faltima clase digital &#8230; <a title=\"Clase digital 6. Fases de la producci\u00f3n cinematogr\u00e1fica\" class=\"read-more\" href=\"https:\/\/blogs.ugto.mx\/rea\/clase-digital-6-fases-de-la-produccion-cinematografica\/\" aria-label=\"Leer m\u00e1s sobre Clase digital 6. Fases de la producci\u00f3n cinematogr\u00e1fica\">Leer m\u00e1s<\/a><\/p>\n","protected":false},"author":142,"featured_media":0,"comment_status":"closed","ping_status":"closed","sticky":false,"template":"","format":"standard","meta":{"_acf_changed":false,"_crdt_document":"","episode_type":"","audio_file":"","podmotor_file_id":"","podmotor_episode_id":"","cover_image":"","cover_image_id":"","duration":"","filesize":"","filesize_raw":"","date_recorded":"","explicit":"","block":"","itunes_episode_number":"","itunes_title":"","itunes_season_number":"","itunes_episode_type":"","footnotes":""},"categories":[187,180,202,359],"tags":[41,361,401],"class_list":["post-10770","post","type-post","status-publish","format-standard","hentry","category-artes-y-humanidades","category-cideap","category-expresiones-artisticas","category-uda-de-los-origenes-del-cine-a-su-exhibicion-conceptos-basicos","tag-clase-digital","tag-direccion-de-extension-cultural","tag-edsh03540"],"acf":[],"jetpack_featured_media_url":"","_links":{"self":[{"href":"https:\/\/blogs.ugto.mx\/rea\/wp-json\/wp\/v2\/posts\/10770","targetHints":{"allow":["GET"]}}],"collection":[{"href":"https:\/\/blogs.ugto.mx\/rea\/wp-json\/wp\/v2\/posts"}],"about":[{"href":"https:\/\/blogs.ugto.mx\/rea\/wp-json\/wp\/v2\/types\/post"}],"author":[{"embeddable":true,"href":"https:\/\/blogs.ugto.mx\/rea\/wp-json\/wp\/v2\/users\/142"}],"replies":[{"embeddable":true,"href":"https:\/\/blogs.ugto.mx\/rea\/wp-json\/wp\/v2\/comments?post=10770"}],"version-history":[{"count":3,"href":"https:\/\/blogs.ugto.mx\/rea\/wp-json\/wp\/v2\/posts\/10770\/revisions"}],"predecessor-version":[{"id":11711,"href":"https:\/\/blogs.ugto.mx\/rea\/wp-json\/wp\/v2\/posts\/10770\/revisions\/11711"}],"wp:attachment":[{"href":"https:\/\/blogs.ugto.mx\/rea\/wp-json\/wp\/v2\/media?parent=10770"}],"wp:term":[{"taxonomy":"category","embeddable":true,"href":"https:\/\/blogs.ugto.mx\/rea\/wp-json\/wp\/v2\/categories?post=10770"},{"taxonomy":"post_tag","embeddable":true,"href":"https:\/\/blogs.ugto.mx\/rea\/wp-json\/wp\/v2\/tags?post=10770"}],"curies":[{"name":"wp","href":"https:\/\/api.w.org\/{rel}","templated":true}]}}