{"id":12036,"date":"2022-05-13T15:02:10","date_gmt":"2022-05-13T15:02:10","guid":{"rendered":"https:\/\/blogs.ugto.mx\/rea\/?p=12036"},"modified":"2024-08-19T17:25:31","modified_gmt":"2024-08-19T17:25:31","slug":"clase-digital-3-el-diseno-de-una-experiencia-de-aprendizaje-con-enfoque-modular-a-traves-de-clases-digitales","status":"publish","type":"post","link":"https:\/\/blogs.ugto.mx\/rea\/clase-digital-3-el-diseno-de-una-experiencia-de-aprendizaje-con-enfoque-modular-a-traves-de-clases-digitales\/","title":{"rendered":"Clase digital 3. El dise\u00f1o de una experiencia de aprendizaje con enfoque modular a trav\u00e9s de clases digitales"},"content":{"rendered":"\n<div class=\"wp-block-cover\" style=\"min-height:284px;aspect-ratio:unset;\"><span aria-hidden=\"true\" class=\"wp-block-cover__background has-background-dim-40 has-background-dim\"><\/span><img decoding=\"async\" class=\"wp-block-cover__image-background wp-image-12037\" alt=\"grayscale photo of person using MacBook\" src=\"data:image\/gif;base64,R0lGODlhAQABAIAAAAAAAP\/\/\/yH5BAEAAAAALAAAAAABAAEAAAIBRAA7\" data-src=\"https:\/\/blogs.ugto.mx\/rea\/wp-content\/uploads\/sites\/71\/2022\/05\/uey8ati6d0.jpg\" style=\"object-position:60% 62%\" data-object-fit=\"cover\" data-object-position=\"60% 62%\" \/><noscript><img loading=\"lazy\" decoding=\"async\" width=\"1600\" height=\"1067\" class=\"wp-block-cover__image-background wp-image-12037\" alt=\"grayscale photo of person using MacBook\" src=\"https:\/\/blogs.ugto.mx\/rea\/wp-content\/uploads\/sites\/71\/2022\/05\/uey8ati6d0.jpg\" style=\"object-position:60% 62%\" data-object-fit=\"cover\" data-object-position=\"60% 62%\" srcset=\"https:\/\/blogs.ugto.mx\/rea\/wp-content\/uploads\/sites\/71\/2022\/05\/uey8ati6d0.jpg 1600w, https:\/\/blogs.ugto.mx\/rea\/wp-content\/uploads\/sites\/71\/2022\/05\/uey8ati6d0-300x200.jpg 300w, https:\/\/blogs.ugto.mx\/rea\/wp-content\/uploads\/sites\/71\/2022\/05\/uey8ati6d0-1024x683.jpg 1024w, https:\/\/blogs.ugto.mx\/rea\/wp-content\/uploads\/sites\/71\/2022\/05\/uey8ati6d0-768x512.jpg 768w, https:\/\/blogs.ugto.mx\/rea\/wp-content\/uploads\/sites\/71\/2022\/05\/uey8ati6d0-1536x1024.jpg 1536w, https:\/\/blogs.ugto.mx\/rea\/wp-content\/uploads\/sites\/71\/2022\/05\/uey8ati6d0-272x182.jpg 272w\" sizes=\"auto, (max-width: 1600px) 100vw, 1600px\" \/><\/noscript><div class=\"wp-block-cover__inner-container is-layout-flow wp-block-cover-is-layout-flow\">\n<p class=\"has-text-align-center has-base-3-color has-text-color has-large-font-size wp-block-paragraph\">El dise\u00f1o de una experiencia de aprendizaje con enfoque modular a trav\u00e9s de clases digitales<\/p>\n<\/div><\/div>\n\n\n\n<h2 class=\"wp-block-heading\" id=\"introduccion\">Introducci\u00f3n<\/h2>\n\n\n\n<p class=\"wp-block-paragraph\">Hola, es un gusto volvernos a encontrar en la tercera clase de este curso y que sigamos siendo parte de este trayecto formativo. Ahora trataremos el dise\u00f1o de la experiencia de aprendizaje a trav\u00e9s del uso de la clase digital. Se trata de un material de car\u00e1cter integral que contribuye al buen desarrollo de lo planteado en la Gu\u00eda did\u00e1ctica de la experiencia de aprendizaje.<\/p>\n\n\n\n<p class=\"wp-block-paragraph\">La clase digital debe ser construida por personas expertas en la tem\u00e1tica que se est\u00e1 abordando, lo anterior con el prop\u00f3sito de asegurar que se cuenten con los elementos disciplinares suficiente para alcanzar la competencia y objetivos did\u00e1cticos de la experiencia de aprendizaje.<\/p>\n\n\n\n<p class=\"wp-block-paragraph\">Adem\u00e1s, se dise\u00f1a para ser un material autosuficiente que contribuye a detonar procesos de aprendizaje autogestionados en las y los estudiantes, lo que evita la improvisaci\u00f3n del acto did\u00e1ctico.<\/p>\n\n\n\n<p class=\"wp-block-paragraph\">Sin otro particular, doy inicio a esta clase.<\/p>\n\n\n\n<h2 class=\"wp-block-heading\" id=\"desarrollo-del-tema\">Desarrollo del tema<\/h2>\n\n\n\n<h3 class=\"wp-block-heading\">1. Clases digitales<\/h3>\n\n\n\n<p class=\"wp-block-paragraph\">Una clase digital se puede definir como una unidad, cap\u00edtulo, tema o segmento de instrucci\u00f3n. Es una unidad est\u00e1ndar o secci\u00f3n de instrucci\u00f3n de una experiencia de aprendizaje que es una porci\u00f3n de instrucci\u00f3n \u00abaut\u00f3noma\u00bb. Una semana es una longitud de clase digital com\u00fan, pero puede ser m\u00e1s corta o m\u00e1s larga dependiendo del contenido y del estilo de ense\u00f1anza.<\/p>\n\n\n<div class=\"wp-block-image\">\n<figure class=\"aligncenter size-full\"><img decoding=\"async\" src=\"data:image\/gif;base64,R0lGODlhAQABAIAAAAAAAP\/\/\/yH5BAEAAAAALAAAAAABAAEAAAIBRAA7\" data-src=\"https:\/\/blogs.ugto.mx\/rea\/wp-content\/uploads\/sites\/71\/2022\/05\/Captura-de-Pantalla-2022-05-17-a-las-11.06.08.png\" alt=\"\" class=\"wp-image-12263\" \/><noscript><img loading=\"lazy\" decoding=\"async\" width=\"774\" height=\"321\" src=\"https:\/\/blogs.ugto.mx\/rea\/wp-content\/uploads\/sites\/71\/2022\/05\/Captura-de-Pantalla-2022-05-17-a-las-11.06.08.png\" alt=\"\" class=\"wp-image-12263\" srcset=\"https:\/\/blogs.ugto.mx\/rea\/wp-content\/uploads\/sites\/71\/2022\/05\/Captura-de-Pantalla-2022-05-17-a-las-11.06.08.png 774w, https:\/\/blogs.ugto.mx\/rea\/wp-content\/uploads\/sites\/71\/2022\/05\/Captura-de-Pantalla-2022-05-17-a-las-11.06.08-300x124.png 300w, https:\/\/blogs.ugto.mx\/rea\/wp-content\/uploads\/sites\/71\/2022\/05\/Captura-de-Pantalla-2022-05-17-a-las-11.06.08-768x319.png 768w\" sizes=\"auto, (max-width: 774px) 100vw, 774px\" \/><\/noscript><figcaption class=\"wp-element-caption\"><strong>Figura 1.<\/strong> Dise\u00f1o modular de una experiencia de aprendizaje a trav\u00e9s de clases digitales.<\/figcaption><\/figure>\n<\/div>\n\n\n<p class=\"wp-block-paragraph\">Una estructura de clase digital es especialmente importante en entornos de aprendizaje en l\u00ednea, ya que proporciona una ayuda en la presentaci\u00f3n y aplicaci\u00f3n del proceso de ense\u00f1anza y aprendizaje. Cuando las y los estudiantes son conscientes de la estructura de la experiencia de aprendizaje, pasan menos tiempo adivinando lo que se espera de ellas y ellos y m\u00e1s tiempo enfoc\u00e1ndose en el contenido y las actividades.<\/p>\n\n\n\n<p class=\"wp-block-paragraph\">Existen procesos formativos que no est\u00e1n modularizados mediante el esquema de clases digitales, o para decirlo de otra manera, hay experiencias de aprendizaje que son solo un m\u00f3dulo grande de contenidos y actividades. Por lo general, es m\u00e1s eficaz desarrollar experiencias de aprendizaje con enfoque modular, donde la mayor parte del contenido se presenta en formato de clases digitales.<\/p>\n\n\n<div class=\"h5p-iframe-wrapper\"><iframe id=\"h5p-iframe-15\" class=\"h5p-iframe\" data-content-id=\"15\" style=\"height:1px\" src=\"about:blank\" frameBorder=\"0\" scrolling=\"no\" title=\"Usando el principio de alineaci\u00f3n constructiva\"><\/iframe><\/div>\n\n\n\n<p class=\"wp-block-paragraph\"><br>2. Ventajas de la estructura modular<\/p>\n\n\n\n<p class=\"wp-block-paragraph\">Lo siguiente es un extracto del libro <em>Internet Based Learning<\/em> (Kogan-Page, 1999) que describe algunas de las ventajas de usar una estructura modular:<\/p>\n\n\n\n<ul class=\"wp-block-list\">\n<li>Hay varias ventajas en una presentaci\u00f3n modular. Permite una mejor evaluaci\u00f3n y una revisi\u00f3n y mejora m\u00e1s focalizadas. Modificar un m\u00f3dulo es m\u00e1s f\u00e1cil y m\u00e1s rentable que revisar un curso o un m\u00f3dulo grande.<\/li>\n\n\n\n<li>Otra ventaja de un enfoque modular es que se pueden usar y reutilizar partes del curso en otros lugares o en otros cursos.<\/li>\n\n\n\n<li>Los cursos que ya est\u00e1n en un formato modular son, en \u00faltima instancia, m\u00e1s flexibles y m\u00e1s f\u00e1ciles de convertir para la entrega en otros formatos y modalidades.<\/li>\n<\/ul>\n\n\n\n<h3 class=\"wp-block-heading\">3. Componentes de una clase digital<\/h3>\n\n\n\n<p class=\"wp-block-paragraph\">\u00bfCu\u00e1les son los elementos que componen una clase digital? Lo que se incluye en cada clase depende de la competencia de la experiencia de aprendizaje, el contenido, el estilo de ense\u00f1anza y las necesidades de las y los estudiantes. Existen dos formatos de entrega de la clase digital, el primero de ellos es la clase digital textual y el segundo la clase digital mediante el uso de presentaciones electr\u00f3nicas.<\/p>\n\n\n\n<p class=\"wp-block-paragraph\">En general, una clase digital en formato textual incluye los siguientes apartados:<\/p>\n\n\n\n<p class=\"wp-block-paragraph\">Antes de seguir con tu trayecto formativo, es importante que revises la siguiente imagen interactiva, en ella encontrar\u00e1s informaci\u00f3n relevante sobre el tema de la clase. Para mostrar las descripciones, <strong>da clic en el s\u00edmbolo m\u00e1s (+).<\/strong><\/p>\n\n\n\n<h4 class=\"wp-block-heading\">Clase digital textual<\/h4>\n\n\n<div class=\"h5p-iframe-wrapper\"><iframe id=\"h5p-iframe-75\" class=\"h5p-iframe\" data-content-id=\"75\" style=\"height:1px\" src=\"about:blank\" frameBorder=\"0\" scrolling=\"no\" title=\"Ejemplo: Clase digital textual\"><\/iframe><\/div>\n\n\n\n<h4 class=\"wp-block-heading\"><br>Clase digital mediante presentaciones electr\u00f3nicas<\/h4>\n\n\n\n<p class=\"wp-block-paragraph\">Para continuar con este trayecto formativo, analiza detenidamente el recurso digital y<strong> da clic<\/strong> en el men\u00fa horizontal para cambiar de diapositiva.<\/p>\n\n\n<div class=\"h5p-iframe-wrapper\"><iframe id=\"h5p-iframe-76\" class=\"h5p-iframe\" data-content-id=\"76\" style=\"height:1px\" src=\"about:blank\" frameBorder=\"0\" scrolling=\"no\" title=\"Clase digital mediante presentaciones electr\u00f3nicas\"><\/iframe><\/div>\n\n\n\n<p class=\"wp-block-paragraph\"><br><strong>Ejemplos de clases digitales<\/strong><\/p>\n\n\n\n<div class=\"wp-block-group is-content-justification-center is-layout-flex wp-container-core-group-is-layout-01df2bb1 wp-block-group-is-layout-flex\">\n<div class=\"wp-block-buttons is-layout-flex wp-block-buttons-is-layout-flex\">\n<div class=\"wp-block-button is-style-fill\"><a class=\"wp-block-button__link has-background wp-element-button\" href=\"https:\/\/blogs.ugto.mx\/rea\/clase-digital-1-sistema-financiero-mexicano\/\" style=\"background:linear-gradient(135deg,rgb(55,202,236) 0%,rgb(173,217,216) 100%)\" target=\"_blank\" rel=\"noreferrer noopener\"><strong>Clase digital en formato escrito<\/strong><\/a><\/div>\n<\/div>\n\n\n\n<div class=\"wp-block-buttons is-layout-flex wp-block-buttons-is-layout-flex\">\n<div class=\"wp-block-button is-style-fill\"><a class=\"wp-block-button__link has-background wp-element-button\" href=\"https:\/\/oa.ugto.mx\/oa\/uda_investigacion_de_mercados\/oa-rg-0001777\/\" style=\"background:linear-gradient(135deg,rgb(55,202,236) 0%,rgb(173,217,216) 100%)\" target=\"_blank\" rel=\"noreferrer noopener\"><strong>Clase digital en formato presentaci\u00f3n<\/strong><\/a><\/div>\n<\/div>\n<\/div>\n\n\n\n<p class=\"wp-block-paragraph\">Int\u00e9ntalo t\u00fa mism@, crea tus clases digitales a partir de las plantillas listas para usarse:<\/p>\n\n\n\n<div class=\"wp-block-group is-content-justification-center is-layout-flex wp-container-core-group-is-layout-01df2bb1 wp-block-group-is-layout-flex\">\n<div class=\"wp-block-buttons is-layout-flex wp-block-buttons-is-layout-flex\">\n<div class=\"wp-block-button is-style-fill\"><a class=\"wp-block-button__link has-background wp-element-button\" href=\"https:\/\/blogs.ugto.mx\/rea\/?p=12433&amp;preview=true\" style=\"background:linear-gradient(135deg,rgb(55,202,236) 9%,rgb(173,217,216) 100%)\" target=\"_blank\" rel=\"noreferrer noopener\"><strong>Plantilla clase digital textual<\/strong><\/a><\/div>\n<\/div>\n\n\n\n<div class=\"wp-block-buttons is-layout-flex wp-block-buttons-is-layout-flex\">\n<div class=\"wp-block-button is-style-fill\"><a class=\"wp-block-button__link has-background wp-element-button\" href=\"https:\/\/docs.google.com\/presentation\/d\/1bROv6Dh9m1UDpt6e_Ufsd5XujU0l-tKVDz3mgkzzZ6Q\/edit#slide=id.gd51454588e_0_13\" style=\"background:linear-gradient(135deg,rgb(55,202,236) 5%,rgb(173,217,216) 100%)\" target=\"_blank\" rel=\"noreferrer noopener\"><strong>Plantilla clase digital en PowerPoint<\/strong><\/a><\/div>\n<\/div>\n<\/div>\n\n\n\n<h4 class=\"wp-block-heading\">Actividad de reflexi\u00f3n<\/h4>\n\n\n\n<div class=\"wp-block-buttons is-content-justification-center is-layout-flex wp-container-core-buttons-is-layout-fe48e5de wp-block-buttons-is-layout-flex\">\n<div class=\"wp-block-button is-style-fill\"><a class=\"wp-block-button__link has-background wp-element-button\" href=\"https:\/\/oa.ugto.mx\/recurso\/guia-para-cambiar-mi-uda-presencial-a-formato-digital-seccion-3-el-diseno-de-una-uda-con-enfoque-modular-a-traves-de-clases-digitales.html\" style=\"background:linear-gradient(135deg,rgb(55,202,236) 6%,rgb(173,217,216) 90%)\" target=\"_blank\" rel=\"noreferrer noopener\"><strong>An\u00e1lisis de caso de integraci\u00f3n de TIC a la pr\u00e1ctica docente<\/strong><\/a><\/div>\n<\/div>\n\n\n\n<h2 class=\"wp-block-heading\" id=\"conclusion\">Conclusi\u00f3n <\/h2>\n\n\n\n<p class=\"wp-block-paragraph\">Es as\u00ed como terminamos la tercera clase del curso. Espero que recuerdes lo aprendido y que sea de apoyo para fortalecer lo adquirido en las clases anteriores. En este tema comprendimos las siguientes ideas:<\/p>\n\n\n\n<ul class=\"wp-block-list\">\n<li>El dise\u00f1o de una experiencia de aprendizaje mediante un enfoque modular puede traer beneficios importantes en el proceso de dise\u00f1o y reutilizaci\u00f3n de los materiales did\u00e1cticos.<\/li>\n\n\n\n<li>La clase digital por su constituci\u00f3n contribuye al desarrollo de aprendizajes en las y los estudiantes, adem\u00e1s de propiciar din\u00e1micas de implementaci\u00f3n de experiencias de aprendizaje as\u00edncronas.<\/li>\n\n\n\n<li>Una clase digital puede ser dise\u00f1ada en formato textual o en con el uso de presentaciones electr\u00f3nicas.<\/li>\n<\/ul>\n\n\n\n<p class=\"wp-block-paragraph\">Recuerda bien todo aquello que has adquirido y reflexionado, ya que as\u00ed podremos alcanzar satisfactoriamente nuestro objetivo. \u00a1Nos vemos en la pr\u00f3xima clase!<\/p>\n","protected":false},"excerpt":{"rendered":"<p>Introducci\u00f3n Hola, es un gusto volvernos a encontrar en la tercera clase de este curso y que sigamos siendo parte de este trayecto formativo. Ahora trataremos el dise\u00f1o de la experiencia de aprendizaje a trav\u00e9s del uso de la clase digital. Se trata de un material de car\u00e1cter integral que contribuye al buen desarrollo de &#8230; <a title=\"Clase digital 3. El dise\u00f1o de una experiencia de aprendizaje con enfoque modular a trav\u00e9s de clases digitales\" class=\"read-more\" href=\"https:\/\/blogs.ugto.mx\/rea\/clase-digital-3-el-diseno-de-una-experiencia-de-aprendizaje-con-enfoque-modular-a-traves-de-clases-digitales\/\" aria-label=\"Leer m\u00e1s sobre Clase digital 3. El dise\u00f1o de una experiencia de aprendizaje con enfoque modular a trav\u00e9s de clases digitales\">Leer m\u00e1s<\/a><\/p>\n","protected":false},"author":142,"featured_media":0,"comment_status":"closed","ping_status":"closed","sticky":false,"template":"","format":"standard","meta":{"_acf_changed":false,"_crdt_document":"","episode_type":"","audio_file":"","podmotor_file_id":"","podmotor_episode_id":"","cover_image":"","cover_image_id":"","duration":"","filesize":"","filesize_raw":"","date_recorded":"","explicit":"","block":"","itunes_episode_number":"","itunes_title":"","itunes_season_number":"","itunes_episode_type":"","footnotes":""},"categories":[405],"tags":[41,357],"class_list":["post-12036","post","type-post","status-publish","format-standard","hentry","category-curso-digitalizando-una-experiencia-de-aprendizaje-para-el-campus-digital","tag-clase-digital","tag-roberto-jose-munoz-mujica"],"acf":[],"jetpack_featured_media_url":"","_links":{"self":[{"href":"https:\/\/blogs.ugto.mx\/rea\/wp-json\/wp\/v2\/posts\/12036","targetHints":{"allow":["GET"]}}],"collection":[{"href":"https:\/\/blogs.ugto.mx\/rea\/wp-json\/wp\/v2\/posts"}],"about":[{"href":"https:\/\/blogs.ugto.mx\/rea\/wp-json\/wp\/v2\/types\/post"}],"author":[{"embeddable":true,"href":"https:\/\/blogs.ugto.mx\/rea\/wp-json\/wp\/v2\/users\/142"}],"replies":[{"embeddable":true,"href":"https:\/\/blogs.ugto.mx\/rea\/wp-json\/wp\/v2\/comments?post=12036"}],"version-history":[{"count":26,"href":"https:\/\/blogs.ugto.mx\/rea\/wp-json\/wp\/v2\/posts\/12036\/revisions"}],"predecessor-version":[{"id":35123,"href":"https:\/\/blogs.ugto.mx\/rea\/wp-json\/wp\/v2\/posts\/12036\/revisions\/35123"}],"wp:attachment":[{"href":"https:\/\/blogs.ugto.mx\/rea\/wp-json\/wp\/v2\/media?parent=12036"}],"wp:term":[{"taxonomy":"category","embeddable":true,"href":"https:\/\/blogs.ugto.mx\/rea\/wp-json\/wp\/v2\/categories?post=12036"},{"taxonomy":"post_tag","embeddable":true,"href":"https:\/\/blogs.ugto.mx\/rea\/wp-json\/wp\/v2\/tags?post=12036"}],"curies":[{"name":"wp","href":"https:\/\/api.w.org\/{rel}","templated":true}]}}