{"id":1299,"date":"2021-11-25T22:45:03","date_gmt":"2021-11-25T22:45:03","guid":{"rendered":"https:\/\/blogs.ugto.mx\/rea\/?p=1299"},"modified":"2022-02-08T20:52:14","modified_gmt":"2022-02-08T20:52:14","slug":"clase-digital-1-huesos-de-la-cara","status":"publish","type":"post","link":"https:\/\/blogs.ugto.mx\/rea\/clase-digital-1-huesos-de-la-cara\/","title":{"rendered":"Clase digital 1. Huesos de la cara"},"content":{"rendered":"\n\n\n<div class=\"wp-block-cover\" style=\"min-height:286px;aspect-ratio:unset;\"><span aria-hidden=\"true\" class=\"has-background-dim-40 wp-block-cover__gradient-background has-background-dim\"><\/span><img decoding=\"async\" class=\"wp-block-cover__image-background wp-image-1303\" alt=\"\" src=\"data:image\/gif;base64,R0lGODlhAQABAIAAAAAAAP\/\/\/yH5BAEAAAAALAAAAAABAAEAAAIBRAA7\" data-src=\"https:\/\/blogs.ugto.mx\/rea\/wp-content\/uploads\/sites\/71\/2021\/11\/d6m2xv4ekfi.jpg\" style=\"object-position:49% 49%\" data-object-fit=\"cover\" data-object-position=\"49% 49%\" \/><noscript><img loading=\"lazy\" decoding=\"async\" width=\"1600\" height=\"982\" class=\"wp-block-cover__image-background wp-image-1303\" alt=\"\" src=\"https:\/\/blogs.ugto.mx\/rea\/wp-content\/uploads\/sites\/71\/2021\/11\/d6m2xv4ekfi.jpg\" style=\"object-position:49% 49%\" data-object-fit=\"cover\" data-object-position=\"49% 49%\" srcset=\"https:\/\/blogs.ugto.mx\/rea\/wp-content\/uploads\/sites\/71\/2021\/11\/d6m2xv4ekfi.jpg 1600w, https:\/\/blogs.ugto.mx\/rea\/wp-content\/uploads\/sites\/71\/2021\/11\/d6m2xv4ekfi-300x184.jpg 300w, https:\/\/blogs.ugto.mx\/rea\/wp-content\/uploads\/sites\/71\/2021\/11\/d6m2xv4ekfi-1024x628.jpg 1024w, https:\/\/blogs.ugto.mx\/rea\/wp-content\/uploads\/sites\/71\/2021\/11\/d6m2xv4ekfi-768x471.jpg 768w, https:\/\/blogs.ugto.mx\/rea\/wp-content\/uploads\/sites\/71\/2021\/11\/d6m2xv4ekfi-1536x943.jpg 1536w\" sizes=\"auto, (max-width: 1600px) 100vw, 1600px\" \/><\/noscript><div class=\"wp-block-cover__inner-container is-layout-flow wp-block-cover-is-layout-flow\">\n<p class=\"has-text-align-center has-base-3-color has-text-color has-large-font-size wp-block-paragraph\">Huesos de la cara<\/p>\n<\/div><\/div>\n\n\n\n<h2 class=\"wp-block-heading\" id=\"presentacion-del-tema\">Presentaci\u00f3n del tema<\/h2>\n\n\n\n<p class=\"wp-block-paragraph\">La anatom\u00eda \u00f3sea de la cara es dif\u00edcil de comprender, adem\u00e1s es una parte importante en la formaci\u00f3n de las y los estudiantes de la Licenciatura de Medicina y requiere de un conocimiento amplio y profundo acerca de su anatom\u00eda macrosc\u00f3pica, sus caracter\u00edsticas morfol\u00f3gicas y en donde se encuentran situados.<\/p>\n\n\n\n<h2 class=\"wp-block-heading\" id=\"objetivo-didactico-de-la-clase\">Objetivo did\u00e1ctico de la clase<\/h2>\n\n\n\n<p class=\"wp-block-paragraph\">Conocer y describir las caracter\u00edsticas morfol\u00f3gicas de los huesos de la cara.<\/p>\n\n\n\n<h2 class=\"wp-block-heading\" id=\"contenido-didactico\">Contenido did\u00e1ctico<\/h2>\n\n\n\n<h3 class=\"wp-block-heading\" id=\"presentacion-de-los-contenidos\">Presentaci\u00f3n de los contenidos<\/h3>\n\n\n\n<p class=\"wp-block-paragraph\">Describir cada uno de los huesos de la cara, explicar su estructura y caracter\u00edsticas de superficie, identificar nombre y n\u00famero de cada uno de los huesos que intervienen en la formaci\u00f3n esquel\u00e9tica del macizo facial, conocer y describir las caracter\u00edsticas anat\u00f3micas del hueso malar, huesos propios de la nariz, del palatino, cornetes inferiores, del v\u00f3mer y del maxilar inferior, as\u00ed como la estructura y desarrollo del unguis.<\/p>\n\n\n\n<p class=\"wp-block-paragraph\">Para adentrarte a este tema, accede a los siguientes recursos que han sido seleccionados para ti:<\/p>\n\n\n\n<figure class=\"wp-block-table\"><table class=\"has-fixed-layout\"><thead><tr><th class=\"has-text-align-center\" data-align=\"center\">T\u00edtulo<\/th><th class=\"has-text-align-center\" data-align=\"center\">Sinopsis<\/th><th class=\"has-text-align-center\" data-align=\"center\">Enlace web de consulta<\/th><\/tr><\/thead><tbody><tr><td class=\"has-text-align-center\" data-align=\"center\">Anatom\u00eda Humana, 4 ed. <\/td><td class=\"has-text-align-center\" data-align=\"center\">Libro de lectura enfocado al estudio de la anatom\u00eda del cuerpo humano.<\/td><td class=\"has-text-align-center\" data-align=\"center\">[<a href=\"https:\/\/www-medicapanamericana-com.e-revistas.ugto.mx\/VisorEbookV2\/Ebook\/9789500605854#{%22Pagina%22:%2263%22,%22Vista%22:%22Indice%22,%22Busqueda%22:%22%22}\" target=\"_blank\" rel=\"noreferrer noopener\">Acceder<\/a>]<\/td><\/tr><tr><td class=\"has-text-align-center\" data-align=\"center\">Anatom\u00eda con orientaci\u00f3n cl\u00ednica<\/td><td class=\"has-text-align-center\" data-align=\"center\">Libro de lectura enfocado al estudio de la anatom\u00eda del cuerpo humano y su orientaci\u00f3n cl\u00ednica<\/td><td class=\"has-text-align-center\" data-align=\"center\">[<a href=\"https:\/\/accessmedicina-mhmedical-com.e-revistas.ugto.mx\/content.aspx?bookid=2480&amp;sectionid=202775097\" target=\"_blank\" rel=\"noreferrer noopener\">Acceder<\/a>]<\/td><\/tr><tr><td class=\"has-text-align-center\" data-align=\"center\">Huesos de la cara parte 1<\/td><td class=\"has-text-align-center\" data-align=\"center\">Video en el que se expone la primera parte sobre los huesos de la cara<\/td><td class=\"has-text-align-center\" data-align=\"center\"> [<a href=\"https:\/\/www.youtube.com\/watch?v=r0Anh_2B-MQ\" target=\"_blank\" rel=\"noreferrer noopener\">Acceder<\/a>] <\/td><\/tr><tr><td class=\"has-text-align-center\" data-align=\"center\">Huesos de la cara parte 2<\/td><td class=\"has-text-align-center\" data-align=\"center\">Video en el que se expone la segunda parte sobre los huesos de cara<\/td><td class=\"has-text-align-center\" data-align=\"center\">[<a href=\"https:\/\/www.youtube.com\/watch?v=bZtPC-F3XeA\" target=\"_blank\" rel=\"noreferrer noopener\">Acceder<\/a>]<\/td><\/tr><tr><td class=\"has-text-align-center\" data-align=\"center\">Huesos de la cara parte 3<\/td><td class=\"has-text-align-center\" data-align=\"center\">Video en el que se expone la tercera parte sobre los huesos de la cara<\/td><td class=\"has-text-align-center\" data-align=\"center\">[<a href=\"https:\/\/www.youtube.com\/watch?v=T7d2VAqJWPw\" target=\"_blank\" rel=\"noreferrer noopener\">Acceder<\/a>]<\/td><\/tr><\/tbody><\/table><\/figure>\n\n\n\n<h2 class=\"wp-block-heading\" id=\"ideas-relevantes-de-la-clase-digital\">Ideas relevantes de la clase digital<\/h2>\n\n\n\n<p class=\"wp-block-paragraph\">Para las y los estudiantes, es importante conocer la anatom\u00eda macrosc\u00f3pica de los huesos de la cara para lograr una posterior integraci\u00f3n en el contexto cl\u00ednico y patol\u00f3gico.<\/p>\n","protected":false},"excerpt":{"rendered":"<p>Presentaci\u00f3n del tema La anatom\u00eda \u00f3sea de la cara es dif\u00edcil de comprender, adem\u00e1s es una parte importante en la formaci\u00f3n de las y los estudiantes de la Licenciatura de Medicina y requiere de un conocimiento amplio y profundo acerca de su anatom\u00eda macrosc\u00f3pica, sus caracter\u00edsticas morfol\u00f3gicas y en donde se encuentran situados. Objetivo did\u00e1ctico &#8230; <a title=\"Clase digital 1. Huesos de la cara\" class=\"read-more\" href=\"https:\/\/blogs.ugto.mx\/rea\/clase-digital-1-huesos-de-la-cara\/\" aria-label=\"Leer m\u00e1s sobre Clase digital 1. Huesos de la cara\">Leer m\u00e1s<\/a><\/p>\n","protected":false},"author":142,"featured_media":0,"comment_status":"closed","ping_status":"closed","sticky":false,"template":"","format":"standard","meta":{"_acf_changed":false,"_crdt_document":"","episode_type":"","audio_file":"","podmotor_file_id":"","podmotor_episode_id":"","cover_image":"","cover_image_id":"","duration":"","filesize":"","filesize_raw":"","date_recorded":"","explicit":"","block":"","itunes_episode_number":"","itunes_title":"","itunes_season_number":"","itunes_episode_type":"","footnotes":""},"categories":[72],"tags":[41,73,74],"class_list":["post-1299","post","type-post","status-publish","format-standard","hentry","category-uda-musculo-esqueletico-y-piel","tag-clase-digital","tag-mbc06","tag-paulina-montano-ascencio"],"acf":[],"jetpack_featured_media_url":"","_links":{"self":[{"href":"https:\/\/blogs.ugto.mx\/rea\/wp-json\/wp\/v2\/posts\/1299","targetHints":{"allow":["GET"]}}],"collection":[{"href":"https:\/\/blogs.ugto.mx\/rea\/wp-json\/wp\/v2\/posts"}],"about":[{"href":"https:\/\/blogs.ugto.mx\/rea\/wp-json\/wp\/v2\/types\/post"}],"author":[{"embeddable":true,"href":"https:\/\/blogs.ugto.mx\/rea\/wp-json\/wp\/v2\/users\/142"}],"replies":[{"embeddable":true,"href":"https:\/\/blogs.ugto.mx\/rea\/wp-json\/wp\/v2\/comments?post=1299"}],"version-history":[{"count":7,"href":"https:\/\/blogs.ugto.mx\/rea\/wp-json\/wp\/v2\/posts\/1299\/revisions"}],"predecessor-version":[{"id":7332,"href":"https:\/\/blogs.ugto.mx\/rea\/wp-json\/wp\/v2\/posts\/1299\/revisions\/7332"}],"wp:attachment":[{"href":"https:\/\/blogs.ugto.mx\/rea\/wp-json\/wp\/v2\/media?parent=1299"}],"wp:term":[{"taxonomy":"category","embeddable":true,"href":"https:\/\/blogs.ugto.mx\/rea\/wp-json\/wp\/v2\/categories?post=1299"},{"taxonomy":"post_tag","embeddable":true,"href":"https:\/\/blogs.ugto.mx\/rea\/wp-json\/wp\/v2\/tags?post=1299"}],"curies":[{"name":"wp","href":"https:\/\/api.w.org\/{rel}","templated":true}]}}