{"id":15328,"date":"2022-07-04T00:32:17","date_gmt":"2022-07-04T00:32:17","guid":{"rendered":"https:\/\/blogs.ugto.mx\/rea\/?p=15328"},"modified":"2022-07-07T18:51:44","modified_gmt":"2022-07-07T18:51:44","slug":"clase-digital-4-la-edad-media","status":"publish","type":"post","link":"https:\/\/blogs.ugto.mx\/rea\/clase-digital-4-la-edad-media\/","title":{"rendered":"Clase digital 4. La Edad media"},"content":{"rendered":"\n\n\n<div class=\"wp-block-cover\" style=\"min-height:284px;aspect-ratio:unset;\"><span aria-hidden=\"true\" class=\"wp-block-cover__background has-background-dim-40 has-background-dim\"><\/span><img decoding=\"async\" class=\"wp-block-cover__image-background wp-image-15685\" alt=\"\" src=\"data:image\/gif;base64,R0lGODlhAQABAIAAAAAAAP\/\/\/yH5BAEAAAAALAAAAAABAAEAAAIBRAA7\" data-src=\"https:\/\/blogs.ugto.mx\/rea\/wp-content\/uploads\/sites\/71\/2022\/07\/1851493.jpg\" style=\"object-position:44% 52%\" data-object-fit=\"cover\" data-object-position=\"44% 52%\" \/><noscript><img loading=\"lazy\" decoding=\"async\" width=\"1280\" height=\"853\" class=\"wp-block-cover__image-background wp-image-15685\" alt=\"\" src=\"https:\/\/blogs.ugto.mx\/rea\/wp-content\/uploads\/sites\/71\/2022\/07\/1851493.jpg\" style=\"object-position:44% 52%\" data-object-fit=\"cover\" data-object-position=\"44% 52%\" srcset=\"https:\/\/blogs.ugto.mx\/rea\/wp-content\/uploads\/sites\/71\/2022\/07\/1851493.jpg 1280w, https:\/\/blogs.ugto.mx\/rea\/wp-content\/uploads\/sites\/71\/2022\/07\/1851493-300x200.jpg 300w, https:\/\/blogs.ugto.mx\/rea\/wp-content\/uploads\/sites\/71\/2022\/07\/1851493-1024x682.jpg 1024w, https:\/\/blogs.ugto.mx\/rea\/wp-content\/uploads\/sites\/71\/2022\/07\/1851493-768x512.jpg 768w, https:\/\/blogs.ugto.mx\/rea\/wp-content\/uploads\/sites\/71\/2022\/07\/1851493-272x182.jpg 272w\" sizes=\"auto, (max-width: 1280px) 100vw, 1280px\" \/><\/noscript><div class=\"wp-block-cover__inner-container is-layout-flow wp-block-cover-is-layout-flow\">\n<p class=\"has-text-align-center has-base-3-color has-text-color has-large-font-size wp-block-paragraph\">La Edad media<\/p>\n<\/div><\/div>\n\n\n\n<h2 class=\"wp-block-heading\" id=\"introduccion\">Introducci\u00f3n<\/h2>\n\n\n\n<p class=\"wp-block-paragraph\">\u00a1Hola!&nbsp;<\/p>\n\n\n\n<p class=\"wp-block-paragraph\">Qu\u00e9 alegr\u00eda saber de ti, espero que te encuentres muy bien de salud. Te comento que estamos a la mitad del curso y te felicito por llegar hasta aqu\u00ed, eso habla de tu compromiso y entrega, sigue siendo tenaz, pues aquellas personas que triunfan son las que son como t\u00fa.<\/p>\n\n\n\n<p class=\"wp-block-paragraph\">Por lo anterior, te doy una cordial bienvenida a la cuarta sesi\u00f3n de Historia del arte y del dise\u00f1o I. En la sesi\u00f3n anterior descubrimos c\u00f3mo fue el arte en Roma con sus edificios como las termas; en India con sus estupas; en China con los tings de sus edificios; en Jap\u00f3n con las formas de pintura tradicionales como los kakemonos; y en Mesoam\u00e9rica con sus pir\u00e1mides monumentales.<\/p>\n\n\n\n<p class=\"wp-block-paragraph\">En esta sesi\u00f3n aprender\u00e1s sobre el arte paleocristiano, bizantino, isl\u00e1mico, b\u00e1rbaro, rom\u00e1nico y g\u00f3tico, enfatizando principalmente la influencia que la religi\u00f3n tuvo sobre las diferentes manifestaciones art\u00edsticas. Veremos c\u00f3mo los primeros cristianos practicaban en secreto su religi\u00f3n, manifest\u00e1ndose silenciosamente por medio del arte y c\u00f3mo posteriormente lograron la creaci\u00f3n de un g\u00e9nero arquitect\u00f3nico importante.<\/p>\n\n\n\n<p class=\"wp-block-paragraph\">Veremos el arte bizantino, se\u00f1alando los tres tipos de iglesias desarrolladas y la fuerte presencia de una forma muy particular de pintura como sus aportaciones m\u00e1s importantes. En el arte isl\u00e1mico, revisaremos el edificio religioso m\u00e1s significativo y sus partes, as\u00ed como sus aportaciones a las artes industriales. Cu\u00e1les fueron los cinco pueblos b\u00e1rbaros y destacaremos las aportaciones de uno de ellos, el pueblo visigodo y los elementos arquitect\u00f3nicos que usaron.<\/p>\n\n\n\n<p class=\"wp-block-paragraph\">Por \u00faltimo, examinaremos las aportaciones del arte rom\u00e1nico con una arquitectura pesada, escultura poco interesada en las proporciones; y una forma de pintura muy peculiar. Y, para terminar, descubriremos el g\u00f3tico y sus etapas, as\u00ed como el elemento m\u00e1s importante en su arquitectura, una caracter\u00edstica t\u00edpica de su escultura y su manera tan particular de desarrollar la pintura.<\/p>\n\n\n\n<p class=\"wp-block-paragraph\">Sin m\u00e1s pre\u00e1mbulos, te deseamos el mayor de los \u00e9xitos en esta cuarta sesi\u00f3n.&nbsp;<\/p>\n\n\n\n<p class=\"wp-block-paragraph\">\u00a1Comencemos!<\/p>\n\n\n\n<h2 class=\"wp-block-heading\" id=\"desarrollo-del-tema\">Desarrollo del tema <\/h2>\n\n\n\n<p class=\"wp-block-paragraph\">El comienzo del arte cristiano se dio en el a\u00f1o 200 d.C. cuando la religi\u00f3n cat\u00f3lica se extendi\u00f3 por el imperio romano cuando estaba desintegr\u00e1ndose y siendo invadido por los b\u00e1rbaros. En los primeros a\u00f1os del cristianismo, la religi\u00f3n estaba prohibida y se practicaba en secreto. Por esta raz\u00f3n, las primeras manifestaciones del arte cristiano fueron pinturas realizadas entre los siglos III y IV d.C. en las catacumbas ubicadas, en su mayor\u00eda, en Roma En ellas incluyeron im\u00e1genes que integran un lenguaje que solo pod\u00eda ser descifrado por los cristianos y que formaron parte de la iconograf\u00eda (la descripci\u00f3n del tema representado en im\u00e1genes) cristiana m\u00e1s tarde. Por ejemplo, el pez es el s\u00edmbolo de Cristo.<\/p>\n\n\n\n<p class=\"wp-block-paragraph\">En escultura, destac\u00f3 el relieve porque se us\u00f3 para decorar tumbas. La figura humana est\u00e1 bien definida por su contorno y aparece generalmente de frente sobre un fondo. Adem\u00e1s, la composici\u00f3n es sim\u00e9trica y la altura de las cabezas de las figuras est\u00e1 alineada.<\/p>\n\n\n\n<p class=\"wp-block-paragraph\">En arquitectura, sobresalen las bas\u00edlicas, de planta rectangular o en forma de cruz latina (los pies m\u00e1s largos que los brazos), separada en naves por medio de columnas, con un \u00e1bside (espacio frecuentemente semicircular ubicado en la cabecera de una iglesia) detr\u00e1s del altar y orientadas hacia el este. Un ejemplo es la bas\u00edlica Santa Mar\u00eda la Mayor en Roma. Tambi\u00e9n deben se\u00f1alarse los edificios de planta circular como mausoleos, baptisterios e iglesias de m\u00e1rtires.<\/p>\n\n\n\n<p class=\"wp-block-paragraph\">El mosaico, una t\u00e9cnica de origen griego, fue retomada por el arte paleocristiano para decorar el interior de los espacios religiosos.<\/p>\n\n\n\n<p class=\"wp-block-paragraph\">En el a\u00f1o 313 d.C., con el Edicto de Mil\u00e1n la capital del imperio se movi\u00f3 de Roma a Bizancio (Constantinopla). El emperador Constantino reconoci\u00f3 el cristianismo y el arte cristiano se volvi\u00f3 p\u00fablico.<\/p>\n\n\n<div class=\"wp-block-image is-style-default\">\n<figure class=\"aligncenter size-full is-resized\"><img loading=\"lazy\" decoding=\"async\" src=\"data:image\/gif;base64,R0lGODlhAQABAIAAAAAAAP\/\/\/yH5BAEAAAAALAAAAAABAAEAAAIBRAA7\" data-src=\"https:\/\/blogs.ugto.mx\/rea\/wp-content\/uploads\/sites\/71\/2022\/07\/Captura-de-Pantalla-2022-07-07-a-las-12.57.56-1.png\" alt=\"\" class=\"wp-image-15674\" width=\"730\" height=\"488\" \/><noscript><img loading=\"lazy\" decoding=\"async\" src=\"https:\/\/blogs.ugto.mx\/rea\/wp-content\/uploads\/sites\/71\/2022\/07\/Captura-de-Pantalla-2022-07-07-a-las-12.57.56-1.png\" alt=\"\" class=\"wp-image-15674\" width=\"730\" height=\"488\" srcset=\"https:\/\/blogs.ugto.mx\/rea\/wp-content\/uploads\/sites\/71\/2022\/07\/Captura-de-Pantalla-2022-07-07-a-las-12.57.56-1.png 973w, https:\/\/blogs.ugto.mx\/rea\/wp-content\/uploads\/sites\/71\/2022\/07\/Captura-de-Pantalla-2022-07-07-a-las-12.57.56-1-300x200.png 300w, https:\/\/blogs.ugto.mx\/rea\/wp-content\/uploads\/sites\/71\/2022\/07\/Captura-de-Pantalla-2022-07-07-a-las-12.57.56-1-768x513.png 768w, https:\/\/blogs.ugto.mx\/rea\/wp-content\/uploads\/sites\/71\/2022\/07\/Captura-de-Pantalla-2022-07-07-a-las-12.57.56-1-272x182.png 272w\" sizes=\"auto, (max-width: 730px) 100vw, 730px\" \/><\/noscript><figcaption><strong>Imagen 1. <\/strong>El mosaico, una t\u00e9cnica de origen griego, fue retomada por el arte paleocristiano para decorar el interior de los espacios religiosos.<\/figcaption><\/figure>\n<\/div>\n\n\n<p class=\"wp-block-paragraph\">El imperio bizantino apoy\u00f3 el surgimiento de una cultura diferente a la romana, en la que se prefirieron elementos procedentes de Grecia. Adem\u00e1s, hab\u00eda una religiosidad y un autoritarismo gubernamental extremos, que deseaba confirmar a las personas su posici\u00f3n dentro de una jerarqu\u00eda. Esto gener\u00f3 varios enfrentamientos, entre ellos la lucha iconoclasta (siglo VIII d.C.), que, con el pretexto de suprimir las im\u00e1genes por ser id\u00f3latras, deseaba quitarle poder a la Iglesia y a la monarqu\u00eda. Esta lucha y otros factores llevaron a la separaci\u00f3n de la iglesia ortodoxa bizantina de la cat\u00f3lica romana en 1054.<\/p>\n\n\n\n<p class=\"wp-block-paragraph\">En arquitectura, durante el imperio bizantino se construyeron tres tipos de iglesias, las bas\u00edlicas con c\u00fapula, como Santa Sof\u00eda; las iglesias con planta en forma de cruz griega (con los brazos y los pies del mismo tama\u00f1o), como la iglesia de los Santos ap\u00f3stoles; y las iglesias de planta central con c\u00fapula, como la iglesia de San Vitale. La c\u00fapula fue un elemento t\u00edpico de las iglesias bizantinas, pudiendo ser semiesf\u00e9ricas, achatadas o bulbosas.<\/p>\n\n\n\n<p class=\"wp-block-paragraph\">En el arte bizantino la escultura desapareci\u00f3 con excepci\u00f3n de peque\u00f1os relieves derivados de la lucha de los iconoclastas. La pintura adquiri\u00f3 importancia. El mosaico fue la forma m\u00e1s importante de pintura que reproduc\u00eda la jerarqu\u00eda que hay en el universo y colocando en cada parte de las iglesias a Cristo pantocr\u00e1tor (todopoderoso), a la virgen Mar\u00eda, el pentecost\u00e9s, el coro de santos y \u00e1ngeles.<\/p>\n\n\n\n<p class=\"wp-block-paragraph\">Los \u00edconos, o cuadros religiosos sobre madera, tuvieron un papel central en el arte bizantino. Su tema principal fueron los santos hasta que, a ra\u00edz de la lucha de los iconoclastas, se represent\u00f3 principalmente a Cristo. Su rasgo principal es la frontalidad y rigidez de las figuras representadas.<\/p>\n\n\n\n<p class=\"wp-block-paragraph\">Otra religi\u00f3n, el Islam, tambi\u00e9n tuvo un arte propio, que fue uno de los que se ha extendido m\u00e1s fuertemente por casi todos los continentes. El Cor\u00e1n, el libro sagrado del Islam, proh\u00edbe las representaciones humanas y zoom\u00f3rficas.<\/p>\n\n\n\n<div class=\"wp-block-columns has-base-2-background-color has-background is-layout-flex wp-container-core-columns-is-layout-8f761849 wp-block-columns-is-layout-flex\">\n<div class=\"wp-block-column is-layout-flow wp-block-column-is-layout-flow\">\n<figure class=\"wp-block-image size-full is-style-default\"><img decoding=\"async\" src=\"data:image\/gif;base64,R0lGODlhAQABAIAAAAAAAP\/\/\/yH5BAEAAAAALAAAAAABAAEAAAIBRAA7\" data-src=\"https:\/\/blogs.ugto.mx\/rea\/wp-content\/uploads\/sites\/71\/2022\/07\/architecture-building-monument-landmark-facade-church-496605-pxhere.com_.jpg\" alt=\"\" class=\"wp-image-15675\" \/><noscript><img loading=\"lazy\" decoding=\"async\" width=\"720\" height=\"481\" src=\"https:\/\/blogs.ugto.mx\/rea\/wp-content\/uploads\/sites\/71\/2022\/07\/architecture-building-monument-landmark-facade-church-496605-pxhere.com_.jpg\" alt=\"\" class=\"wp-image-15675\" srcset=\"https:\/\/blogs.ugto.mx\/rea\/wp-content\/uploads\/sites\/71\/2022\/07\/architecture-building-monument-landmark-facade-church-496605-pxhere.com_.jpg 720w, https:\/\/blogs.ugto.mx\/rea\/wp-content\/uploads\/sites\/71\/2022\/07\/architecture-building-monument-landmark-facade-church-496605-pxhere.com_-300x200.jpg 300w, https:\/\/blogs.ugto.mx\/rea\/wp-content\/uploads\/sites\/71\/2022\/07\/architecture-building-monument-landmark-facade-church-496605-pxhere.com_-272x182.jpg 272w\" sizes=\"auto, (max-width: 720px) 100vw, 720px\" \/><\/noscript><\/figure>\n<\/div>\n\n\n\n<div class=\"wp-block-column is-vertically-aligned-center is-layout-flow wp-block-column-is-layout-flow\">\n<p class=\"wp-block-paragraph\">En arquitectura isl\u00e1mica destacan las columnas decoradas con arabescos (adornos con formas geom\u00e9tricas y vegetales) o lacer\u00eda (adornos formados por bandas que se entrelazan siguiendo ciertos patrones), as\u00ed como los arcos de herradura y los lobulados y sus variaciones respectivas. Adem\u00e1s, usaron la c\u00fapula de media esfera, que apoyaron sobre pechinas (elemento que soluciona la uni\u00f3n de una c\u00fapula de planta circular y el espacio que est\u00e1 debajo de ella, de planta cuadrada) decoradas con moc\u00e1rabes (elemento decorativo de yeso que forma prismas adyacentes y colgantes).\u00a0<\/p>\n<\/div>\n<\/div>\n\n\n\n<p class=\"wp-block-paragraph\">En la arquitectura religiosa isl\u00e1mica, el edificio m\u00e1s representativo es la mezquita o sala de oraci\u00f3n, que est\u00e1 integrada por un patio de abluciones (purificaciones rituales), que tiene una fuente en su centro y un peristilo ( galer\u00eda de columnas); la sala de oraci\u00f3n de planta rectangular; el mihrab o nicho que debe orientarse a la Meca; un lugar para el pr\u00edncipe a la derecha; y el mimbar o p\u00falpito para que el im\u00e1n (quien conduce las oraciones) explique el Cor\u00e1n; los minaretes o torres desde donde el muec\u00edn convoca a la oraci\u00f3n cinco veces <\/p>\n\n\n\n<p class=\"wp-block-paragraph\">al d\u00eda. Por otro lado, en la arquitectura civil isl\u00e1mica hay que subrayar a los palacios, cuyas murallas no ten\u00edan decoraci\u00f3n. Se construyeron en las ciudades y desiertos.&nbsp;<\/p>\n\n\n\n<p class=\"wp-block-paragraph\">La escultura isl\u00e1mica fue hecha principalmente de piedra, alabastro y marfil. Mientras tanto, en la pintura destacan las miniaturas, mismas que se incluyeron en libros como el Cor\u00e1n.<\/p>\n\n\n\n<p class=\"wp-block-paragraph\">Las artes industriales fueron tambi\u00e9n relevantes. Los azulejos y la cer\u00e1mica adquirieron fama en todo el mundo. Tambi\u00e9n se realizaron trabajos de metalister\u00eda, tapicer\u00eda y marqueter\u00eda.<\/p>\n\n\n\n<p class=\"wp-block-paragraph\">La Edad Media dur\u00f3 del siglo V d.C., hasta el XV d.C. Este per\u00edodo hist\u00f3rico se ha dividido as\u00ed:<\/p>\n\n\n\n<ul class=\"wp-block-list\"><li>Alta Edad Media. Termina en el a\u00f1o 1000 d.C.<\/li><li>Baja Edad Media. Termina en el siglo XV d.C.<\/li><\/ul>\n\n\n\n<p class=\"wp-block-paragraph\">Durante la primera etapa destacan las manifestaciones art\u00edsticas de los pueblos b\u00e1rbaros (llamados as\u00ed por los griegos y romanos por ser extranjeros) que se establecieron en Europa; ostrogodo, visigodo, franco merovingio, celta y moz\u00e1rabe. En esta ocasi\u00f3n mencionaremos solamente los rasgos de uno de ellos, el arte visigodo, tambi\u00e9n conocido como arte latino-bizantino.<\/p>\n\n\n\n<p class=\"wp-block-paragraph\">La arquitectura visigoda tiene entre sus elementos m\u00e1s importantes el arco de herradura, la columna con capitel cl\u00e1sico y la alternancia de techos de madera con b\u00f3vedas. La decoraci\u00f3n se hizo con motivos geom\u00e9tricos (de origen germ\u00e1nico) y florales. Un ejemplo de arquitectura visigoda del siglo V y VI es la iglesia de San Pedro de Alc\u00e1ntara, en M\u00e1laga.<\/p>\n\n\n\n<p class=\"wp-block-paragraph\">Los trabajos m\u00e1s importantes de pintura visigoda son los c\u00f3dices, entre ellos, el Pentateuco de Ashburnan. Tambi\u00e9n fue relevante la orfebrer\u00eda, cuya obra maestra puede observarse en el tesoro de Guarrazar.<\/p>\n\n\n<div class=\"wp-block-image is-style-default\">\n<figure class=\"aligncenter size-full\"><img decoding=\"async\" src=\"data:image\/gif;base64,R0lGODlhAQABAIAAAAAAAP\/\/\/yH5BAEAAAAALAAAAAABAAEAAAIBRAA7\" data-src=\"https:\/\/blogs.ugto.mx\/rea\/wp-content\/uploads\/sites\/71\/2022\/07\/house-building-property-church-chapel-fortification-504632-pxhere.com_.jpg\" alt=\"\" class=\"wp-image-15677\" \/><noscript><img loading=\"lazy\" decoding=\"async\" width=\"720\" height=\"480\" src=\"https:\/\/blogs.ugto.mx\/rea\/wp-content\/uploads\/sites\/71\/2022\/07\/house-building-property-church-chapel-fortification-504632-pxhere.com_.jpg\" alt=\"\" class=\"wp-image-15677\" srcset=\"https:\/\/blogs.ugto.mx\/rea\/wp-content\/uploads\/sites\/71\/2022\/07\/house-building-property-church-chapel-fortification-504632-pxhere.com_.jpg 720w, https:\/\/blogs.ugto.mx\/rea\/wp-content\/uploads\/sites\/71\/2022\/07\/house-building-property-church-chapel-fortification-504632-pxhere.com_-300x200.jpg 300w, https:\/\/blogs.ugto.mx\/rea\/wp-content\/uploads\/sites\/71\/2022\/07\/house-building-property-church-chapel-fortification-504632-pxhere.com_-272x182.jpg 272w\" sizes=\"auto, (max-width: 720px) 100vw, 720px\" \/><\/noscript><figcaption><strong>Imagen 2.<\/strong> El templo\u00a0<strong>visigodo<\/strong>\u00a0suele estar formado por una bas\u00edlica latina con tres naves y un \u00e1bside cuadrado, todo ello construido por grandes bloques de piedra perfectamente cortados y escuadrados, colocados todos ellos en hiladas irregulares y unidos por argamasa.<\/figcaption><\/figure>\n<\/div>\n\n\n<p class=\"wp-block-paragraph\"><\/p>\n\n\n\n<p class=\"wp-block-paragraph\">Desde el siglo X d.C., el rom\u00e1nico y el g\u00f3tico dominaron la escena art\u00edstica. El t\u00e9rmino \u201crom\u00e1nico\u201d naci\u00f3 en 1820 para referirse a la arquitectura caracterizada por el uso de elementos (arcos de medio punto, b\u00f3vedas y columnas) que recuerdan a los romanos. El rom\u00e1nico naci\u00f3 en Francia durante los siglos XI y XII. En Francia y Alemania se dio de manera pura, y en otros pa\u00edses de Europa adquiri\u00f3 ciertas caracter\u00edsticas.<\/p>\n\n\n\n<p class=\"wp-block-paragraph\">Los edificios m\u00e1s construidos en la arquitectura rom\u00e1nica son las iglesias y los monasterios. Las primeras tienen planta de cruz latina de una, tres o cinco naves. Las naves se cubr\u00edan con b\u00f3vedas, de ca\u00f1\u00f3n (con secci\u00f3n semicircular) o de aristas (formadas cuando se cruzan dos b\u00f3vedas de ca\u00f1\u00f3n). Hab\u00eda predominio del macizo (muros) sobre el vano (puertas y ventanas. Se usaron tambi\u00e9n contrafuertes para ayudar a soportar las b\u00f3vedas. Las columnas ten\u00edan fuste liso y capitel decorado con relieves en forma de hojas, animales o escenas. Los campanarios estaban unidos a la iglesia. Sobre las puertas de acceso estaba el t\u00edmpano (espacio entre el dintel y las archivoltas) y las archivoltas (arcos conc\u00e9ntricos) que se apoyaban sobre columnillas.<\/p>\n\n\n\n<p class=\"wp-block-paragraph\">La escultura rom\u00e1nica se caracteriza por la presencia de los altos y bajos relieves, y tambi\u00e9n por las esculturas exentas. Los elementos decorativos de la arquitectura se mezclaban con las esculturas. La escultura se interes\u00f3 m\u00e1s por los temas que representaba que por las proporciones. Es m\u00e1s expresiva que la escultura bizantina. Lo m\u00e1s complejo de la escultura rom\u00e1nica se encontraba en el t\u00edmpano y se representaba al Cristo Pantocr\u00e1tor u otros temas.<\/p>\n\n\n\n<p class=\"wp-block-paragraph\">La pintura rom\u00e1nica incluy\u00f3 pinturas al fresco dentro de las iglesias, miniaturas para libros y murales, todos ellos sin preocuparse por las proporciones. Los colores preferidos eran los primarios y los fondos eran de un solo color.&nbsp;<\/p>\n\n\n\n<p class=\"wp-block-paragraph\">El concepto de \u201cg\u00f3tico\u201d fue acu\u00f1ado por el historiador Giorgio Vasari en el siglo XVI. El estilo g\u00f3tico u ojival abarc\u00f3 del siglo XII al siglo XVI y se desarroll\u00f3 en diferentes pa\u00edses, adquiriendo en cada uno rasgos diferentes, aunque siempre compartiendo el uso del arco ojival, su elemento fundamental.<\/p>\n\n\n\n<p class=\"wp-block-paragraph\">El g\u00f3tico tuvo tres etapas:<\/p>\n\n\n\n<ul class=\"wp-block-list\"><li>G\u00f3tico temprano. Siglo XII y XIII. Con construcciones m\u00e1s robustas.<\/li><li>G\u00f3tico pleno. Siglos XIII y XIV. Con formas m\u00e1s esbeltas y elegantes.<\/li><li>G\u00f3tico tard\u00edo o flam\u00edgero. Siglos XV y XVI. Con decoraci\u00f3n exagerada.<\/li><\/ul>\n\n\n\n<p class=\"wp-block-paragraph\">En la arquitectura g\u00f3tica debe mencionarse el primer edificio g\u00f3tico, la abad\u00eda de Saint Denis en Normand\u00eda, Francia. La catedral, sin embargo, es la construcci\u00f3n m\u00e1s significativa de este estilo. Los elementos que distinguen una obra de arquitectura g\u00f3tica son: el arco ojival (las ventanas y puertas tienen arcos apuntados), la columna alta, las cornisas con guirnaldas, las g\u00e1rgolas (desag\u00fces ubicados en el techo), los rosetones (vanos circulares con vitrales), los t\u00edmpanos apuntados y archivoltas, torres coronadas por agujas, Torrecilla ubicada en el crucero, ventanales con vitrales, contrafuertes al exterior de los muros y arbotantes (arcos proyectados de los contrafuertes a los muros).<\/p>\n\n\n\n<div class=\"wp-block-columns has-base-2-background-color has-background is-layout-flex wp-container-core-columns-is-layout-8f761849 wp-block-columns-is-layout-flex\">\n<div class=\"wp-block-column is-vertically-aligned-center is-layout-flow wp-block-column-is-layout-flow\">\n<p class=\"wp-block-paragraph\">Las principales caracter\u00edsticas de la escultura g\u00f3tica son el naturalismo y la humanizaci\u00f3n de lo divino. Naci\u00f3 a finales del siglo XII en Francia y tuvo su apogeo en el siglo XII. Depend\u00eda totalmente de la arquitectura. En la primera mitad del siglo XII fue m\u00e1s cl\u00e1sica y en la segunda mitad fue m\u00e1s realista. Se extendi\u00f3 hasta el siglo XVI.<\/p>\n<\/div>\n\n\n\n<div class=\"wp-block-column is-layout-flow wp-block-column-is-layout-flow\">\n<figure class=\"wp-block-image size-full is-style-default\"><img decoding=\"async\" src=\"data:image\/gif;base64,R0lGODlhAQABAIAAAAAAAP\/\/\/yH5BAEAAAAALAAAAAABAAEAAAIBRAA7\" data-src=\"https:\/\/blogs.ugto.mx\/rea\/wp-content\/uploads\/sites\/71\/2022\/07\/monument-statue-religion-facade-cathedral-place-of-worship-40006-pxhere.com_.jpg\" alt=\"\" class=\"wp-image-15683\" \/><noscript><img loading=\"lazy\" decoding=\"async\" width=\"720\" height=\"480\" src=\"https:\/\/blogs.ugto.mx\/rea\/wp-content\/uploads\/sites\/71\/2022\/07\/monument-statue-religion-facade-cathedral-place-of-worship-40006-pxhere.com_.jpg\" alt=\"\" class=\"wp-image-15683\" srcset=\"https:\/\/blogs.ugto.mx\/rea\/wp-content\/uploads\/sites\/71\/2022\/07\/monument-statue-religion-facade-cathedral-place-of-worship-40006-pxhere.com_.jpg 720w, https:\/\/blogs.ugto.mx\/rea\/wp-content\/uploads\/sites\/71\/2022\/07\/monument-statue-religion-facade-cathedral-place-of-worship-40006-pxhere.com_-300x200.jpg 300w, https:\/\/blogs.ugto.mx\/rea\/wp-content\/uploads\/sites\/71\/2022\/07\/monument-statue-religion-facade-cathedral-place-of-worship-40006-pxhere.com_-272x182.jpg 272w\" sizes=\"auto, (max-width: 720px) 100vw, 720px\" \/><\/noscript><\/figure>\n<\/div>\n<\/div>\n\n\n\n<p class=\"wp-block-paragraph\">La pintura g\u00f3tica incluy\u00f3 vitrales, c\u00f3dices y retablos principalmente. La pintura mural desapareci\u00f3 en casi toda Europa, a excepci\u00f3n de Italia. Las regiones donde se desarroll\u00f3 el g\u00f3tico fueron 3: Italia, Flandes (norte de Francia, Borgo\u00f1a y Alemania) y Espa\u00f1a.&nbsp;<\/p>\n\n\n\n<p class=\"wp-block-paragraph\">Para comprender mejor la informaci\u00f3n anterior, te invito a revisar los siguientes videos:<\/p>\n\n\n\n<p class=\"wp-block-paragraph\">1. Hagia Sof\u00eda:<\/p>\n\n\n\n<figure class=\"wp-block-embed is-type-video is-provider-youtube wp-block-embed-youtube wp-embed-aspect-16-9 wp-has-aspect-ratio\"><div class=\"wp-block-embed__wrapper\">\n<iframe loading=\"lazy\" title=\"It&#039;s a church. It&#039;s a mosque. It&#039;s Hagia Sophia. - Kelly Wall\" width=\"1200\" height=\"675\" src=\"https:\/\/www.youtube.com\/embed\/KRPp3jzv1Tw?feature=oembed\" frameborder=\"0\" allow=\"accelerometer; autoplay; clipboard-write; encrypted-media; gyroscope; picture-in-picture\" allowfullscreen><\/iframe>\n<\/div><\/figure>\n\n\n\n<p class=\"wp-block-paragraph\"><\/p>\n\n\n\n<p class=\"wp-block-paragraph\">2. Notre Dame:<\/p>\n\n\n\n<figure class=\"wp-block-embed is-type-video is-provider-youtube wp-block-embed-youtube wp-embed-aspect-16-9 wp-has-aspect-ratio\"><div class=\"wp-block-embed__wrapper\">\n<iframe loading=\"lazy\" title=\"Datos que debes conocer de la Catedral de Notre Dame\" width=\"1200\" height=\"675\" src=\"https:\/\/www.youtube.com\/embed\/_YAOZUi66V4?feature=oembed\" frameborder=\"0\" allow=\"accelerometer; autoplay; clipboard-write; encrypted-media; gyroscope; picture-in-picture\" allowfullscreen><\/iframe>\n<\/div><\/figure>\n\n\n\n<p class=\"wp-block-paragraph\"><\/p>\n\n\n\n<p class=\"wp-block-paragraph\">Reflexiona sobre la pregunta: \u00bfPor qu\u00e9 los vitrales fueron un elemento importante para la arquitectura g\u00f3tica?<\/p>\n\n\n\n<h2 class=\"wp-block-heading\" id=\"conclusion\">Conclusi\u00f3n <\/h2>\n\n\n\n<p class=\"wp-block-paragraph\">Ahora que hemos terminado de estudiar algunas de las nociones m\u00e1s importantes sobre la historia del arte paleocristiano, bizantino, isl\u00e1mico, b\u00e1rbaro, rom\u00e1nico y g\u00f3tico, revisemos el contenido de esta sesi\u00f3n.<\/p>\n\n\n\n<p class=\"wp-block-paragraph\">En esta clase has aprendido que las primeras manifestaciones del arte paleocristiano fueron pinturas ubicadas en catacumbas y que usaban s\u00edmbolos para transmitir su mensaje, mientras que m\u00e1s adelante, la bas\u00edlica fue la expresi\u00f3n m\u00e1s importante, caracterizada, entre otros rasgos por su planta rectangular o en cruz latina.<\/p>\n\n\n\n<p class=\"wp-block-paragraph\">Aprendiste que en el imperio bizantino se desarrollaron tres tipos de iglesias: las bas\u00edlicas con c\u00fapula, con planta en cruz griega con planta central con c\u00fapula y que los \u00edconos o cuadros religiosos que tuvieron como tema los santos fueron muy importantes en su arte.<\/p>\n\n\n\n<p class=\"wp-block-paragraph\">Revisamos la mezquita como el edificio m\u00e1s significativo del Islam y estudiamos sus partes: el patio de abluciones, la sala de oraci\u00f3n, el mimbar y los minaretes. Tambi\u00e9n mencionamos la relevancia que tuvieron las artes industriales como los azulejos y la tapicer\u00eda en el arte isl\u00e1mico.<\/p>\n\n\n\n<p class=\"wp-block-paragraph\">Mencionamos los cinco pueblos b\u00e1rbaros: el ostrogodo, visigodo, franco merovingio, celta y moz\u00e1rabe, y destacamos al arco de herradura, el uso de columnas con capiteles cl\u00e1sicos y la alternancia de techos de madera y b\u00f3vedas como algunos de los rasgos de la arquitectura visigoda.<\/p>\n\n\n\n<p class=\"wp-block-paragraph\">Examinamos las manifestaciones art\u00edsticas del rom\u00e1nico, se\u00f1alando el predominio del macizo sobre el vano en arquitectura, el uso de esculturas m\u00e1s interesadas por el tema representado que por las proporciones y la presencia de miniaturas para ilustrar libros.<\/p>\n\n\n\n<p class=\"wp-block-paragraph\">Para terminar, hemos descubierto que las etapas del g\u00f3tico fueron: temprano, pleno y tard\u00edo o flam\u00edgero. Vimos que el arco ojival fue el elemento esencial de su arquitectura, que el naturalismo fue el rasgo caracter\u00edstico de su escultura y que los vitrales constituyeron la manera principal en que la pintura se desarroll\u00f3 en este estilo.<\/p>\n\n\n\n<p class=\"wp-block-paragraph\">\u00a1Felicidades por haber completado esta cuarta sesi\u00f3n de Historia del arte y del dise\u00f1o! \u00a1Es un gran logro de tu parte, sigue as\u00ed! En el mismo sentido te recuerdo que para cerrar esta sesi\u00f3n debes realizar la tarea asignada. Te encuentro en tu pr\u00f3xima clase donde veremos el renacimiento, te encantar\u00e1. \u00a1No te la pierdas!<\/p>\n\n\n\n<h2 class=\"wp-block-heading\" id=\"fuentes-de-informacion\">Fuentes de informaci\u00f3n <\/h2>\n\n\n\n<ul class=\"wp-block-list\"><li>Cant\u00fa Delgado, J.J., y Garc\u00eda Mart\u00ednez, H. (2003). Historia del arte. Ciudad de M\u00e9xico: Trillas.<\/li><li>Lozano Fuentes, J.M. (2005). Historia del arte. Ciudad de M\u00e9xico: Cecsa.<\/li><li>Figueroba, A., y Fern\u00e1ndez, M.T. (1996). Historia del Arte. Madrid: Mc Graw Hill.<\/li><li>Sin autor. (2011). Alhambra, Generalife y Albayz\u00edn. 2 de abril de 2022, de Unesco Sitio web: https:\/\/youtu.be\/-CGqAiVoXn0<\/li><\/ul>\n","protected":false},"excerpt":{"rendered":"<p>Introducci\u00f3n \u00a1Hola!&nbsp; Qu\u00e9 alegr\u00eda saber de ti, espero que te encuentres muy bien de salud. Te comento que estamos a la mitad del curso y te felicito por llegar hasta aqu\u00ed, eso habla de tu compromiso y entrega, sigue siendo tenaz, pues aquellas personas que triunfan son las que son como t\u00fa. Por lo anterior, &#8230; <a title=\"Clase digital 4. La Edad media\" class=\"read-more\" href=\"https:\/\/blogs.ugto.mx\/rea\/clase-digital-4-la-edad-media\/\" aria-label=\"Leer m\u00e1s sobre Clase digital 4. La Edad media\">Leer m\u00e1s<\/a><\/p>\n","protected":false},"author":142,"featured_media":0,"comment_status":"closed","ping_status":"closed","sticky":false,"template":"","format":"standard","meta":{"_acf_changed":false,"_crdt_document":"","episode_type":"","audio_file":"","podmotor_file_id":"","podmotor_episode_id":"","cover_image":"","cover_image_id":"","duration":"","filesize":"","filesize_raw":"","date_recorded":"","explicit":"","block":"","itunes_episode_number":"","itunes_title":"","itunes_season_number":"","itunes_episode_type":"","footnotes":""},"categories":[288,293,432],"tags":[41,80,79],"class_list":["post-15328","post","type-post","status-publish","format-standard","hentry","category-plan-2020","category-quinto-semestre","category-uda-historia-del-arte-y-del-diseno-i","tag-clase-digital","tag-juan-manuel-sierra-hernandez","tag-neli06005"],"acf":[],"jetpack_featured_media_url":"","_links":{"self":[{"href":"https:\/\/blogs.ugto.mx\/rea\/wp-json\/wp\/v2\/posts\/15328","targetHints":{"allow":["GET"]}}],"collection":[{"href":"https:\/\/blogs.ugto.mx\/rea\/wp-json\/wp\/v2\/posts"}],"about":[{"href":"https:\/\/blogs.ugto.mx\/rea\/wp-json\/wp\/v2\/types\/post"}],"author":[{"embeddable":true,"href":"https:\/\/blogs.ugto.mx\/rea\/wp-json\/wp\/v2\/users\/142"}],"replies":[{"embeddable":true,"href":"https:\/\/blogs.ugto.mx\/rea\/wp-json\/wp\/v2\/comments?post=15328"}],"version-history":[{"count":4,"href":"https:\/\/blogs.ugto.mx\/rea\/wp-json\/wp\/v2\/posts\/15328\/revisions"}],"predecessor-version":[{"id":15688,"href":"https:\/\/blogs.ugto.mx\/rea\/wp-json\/wp\/v2\/posts\/15328\/revisions\/15688"}],"wp:attachment":[{"href":"https:\/\/blogs.ugto.mx\/rea\/wp-json\/wp\/v2\/media?parent=15328"}],"wp:term":[{"taxonomy":"category","embeddable":true,"href":"https:\/\/blogs.ugto.mx\/rea\/wp-json\/wp\/v2\/categories?post=15328"},{"taxonomy":"post_tag","embeddable":true,"href":"https:\/\/blogs.ugto.mx\/rea\/wp-json\/wp\/v2\/tags?post=15328"}],"curies":[{"name":"wp","href":"https:\/\/api.w.org\/{rel}","templated":true}]}}