{"id":15330,"date":"2022-07-04T00:33:45","date_gmt":"2022-07-04T00:33:45","guid":{"rendered":"https:\/\/blogs.ugto.mx\/rea\/?p=15330"},"modified":"2025-07-04T20:40:36","modified_gmt":"2025-07-04T20:40:36","slug":"clase-digital-5-el-mundo-moderno-primera-parte","status":"publish","type":"post","link":"https:\/\/blogs.ugto.mx\/rea\/clase-digital-5-el-mundo-moderno-primera-parte\/","title":{"rendered":"Clase digital 5. El Mundo moderno &#8211; Primera parte"},"content":{"rendered":"\n\n\n<div class=\"wp-block-cover is-light\" style=\"min-height:284px;aspect-ratio:unset;\"><img decoding=\"async\" class=\"wp-block-cover__image-background wp-image-15701\" alt=\"\" src=\"data:image\/gif;base64,R0lGODlhAQABAIAAAAAAAP\/\/\/yH5BAEAAAAALAAAAAABAAEAAAIBRAA7\" data-src=\"https:\/\/blogs.ugto.mx\/rea\/wp-content\/uploads\/sites\/71\/2022\/07\/62966.jpg\" style=\"object-position:30% 26%\" data-object-fit=\"cover\" data-object-position=\"30% 26%\" \/><noscript><img loading=\"lazy\" decoding=\"async\" width=\"941\" height=\"1280\" class=\"wp-block-cover__image-background wp-image-15701\" alt=\"\" src=\"https:\/\/blogs.ugto.mx\/rea\/wp-content\/uploads\/sites\/71\/2022\/07\/62966.jpg\" style=\"object-position:30% 26%\" data-object-fit=\"cover\" data-object-position=\"30% 26%\" srcset=\"https:\/\/blogs.ugto.mx\/rea\/wp-content\/uploads\/sites\/71\/2022\/07\/62966.jpg 941w, https:\/\/blogs.ugto.mx\/rea\/wp-content\/uploads\/sites\/71\/2022\/07\/62966-221x300.jpg 221w, https:\/\/blogs.ugto.mx\/rea\/wp-content\/uploads\/sites\/71\/2022\/07\/62966-753x1024.jpg 753w, https:\/\/blogs.ugto.mx\/rea\/wp-content\/uploads\/sites\/71\/2022\/07\/62966-768x1045.jpg 768w\" sizes=\"auto, (max-width: 941px) 100vw, 941px\" \/><\/noscript><span aria-hidden=\"true\" class=\"wp-block-cover__background has-background-dim-40 has-background-dim\"><\/span><div class=\"wp-block-cover__inner-container is-layout-flow wp-block-cover-is-layout-flow\">\n<p class=\"has-text-align-center has-base-3-color has-text-color has-large-font-size wp-block-paragraph\">El Mundo moderno &#8211; Primera parte<\/p>\n<\/div><\/div>\n\n\n\n<h2 class=\"wp-block-heading\" id=\"introduccion\">Introducci\u00f3n<\/h2>\n\n\n\n<p class=\"wp-block-paragraph\">\u00a1Hola!&nbsp;<\/p>\n\n\n\n<p class=\"wp-block-paragraph\">Es muy grato encontrarte y saber que sigues adelante en este proceso formativo, por lo tanto te invito a la quinta sesi\u00f3n de Historia del arte y del dise\u00f1o I.&nbsp;<\/p>\n\n\n\n<p class=\"wp-block-paragraph\">En la sesi\u00f3n anterior descubrimos, entre otras cosas, sobre la evoluci\u00f3n del arte paleocristiano desde las catacumbas hasta la bas\u00edlica, estudiamos a los mosaicos como una representaci\u00f3n t\u00edpica del arte bizantino, descubrimos a las mezquitas como el edificio m\u00e1s importante del arte isl\u00e1mico, destacamos al arco de herradura como uno de los rasgos de la arquitectura visigoda, se\u00f1alamos el predominio del macizo en la arquitectura rom\u00e1nica y destacamos a los vitrales como la manifestaci\u00f3n m\u00e1s importante de la pintura g\u00f3tica.<\/p>\n\n\n\n<p class=\"wp-block-paragraph\">En esta sesi\u00f3n aprender\u00e1s sobre el renacimiento, el origen y sentido del t\u00e9rmino y las dos etapas que lo forman, subrayando, entre otros datos, los cambios m\u00e1s significativos que tuvo la arquitectura respecto al periodo anterior al g\u00f3tico. Mencionaremos a un par de figuras destacadas en arquitectura y analizaremos los rasgos m\u00e1s importantes de la arquitectura renacentista. Tambi\u00e9n mencionaremos algunas de las obras arquitect\u00f3nicas m\u00e1s importantes del renacimiento.<\/p>\n\n\n\n<p class=\"wp-block-paragraph\">Abordaremos las aportaciones que se dieron en escultura y examinaremos una forma de pintura que result\u00f3 poco favorecida debido al uso del grabado. Te encantar\u00e1 reconocer algunas de las obras de arte m\u00e1s importantes de la historia del arte y sumar informaci\u00f3n sobre ellas a tu bagaje.<\/p>\n\n\n\n<p class=\"wp-block-paragraph\">Hablaremos de la presencia del renacimiento en Florencia, Roma y Venecia. Asimismo,&nbsp;<\/p>\n\n\n\n<p class=\"wp-block-paragraph\">destacaremos el desarrollo del renacimiento en otros pa\u00edses europeos, como B\u00e9lgica y Pa\u00edses Bajos.<\/p>\n\n\n\n<p class=\"wp-block-paragraph\">No esperemos m\u00e1s, te deseamos el mayor de los \u00e9xitos en esta quinta sesi\u00f3n.&nbsp;<\/p>\n\n\n\n<p class=\"wp-block-paragraph\">\u00a1Comencemos!<\/p>\n\n\n\n<h2 class=\"wp-block-heading\" id=\"desarrollo-del-tema\">Desarrollo del tema <\/h2>\n\n\n\n<h4 class=\"wp-block-heading\">El Renacimiento<\/h4>\n\n\n\n<p class=\"wp-block-paragraph\">El t\u00e9rmino \u201cRenacimiento\u201d (para referirse al arte italiano de los siglos XV y principios del XVI, as\u00ed como las obras hechas en otros pa\u00edses europeos siguiendo sus principios.), fue acu\u00f1ado por Giorgio Vasari y hace referencia a volver a la vida despu\u00e9s de una etapa oscura como fue la Edad Media y a retomar la tradici\u00f3n cl\u00e1sica de Grecia y Roma. El Renacimiento naci\u00f3 en Florencia y se extendi\u00f3 al resto de Europa y lleg\u00f3 hasta Am\u00e9rica.&nbsp;<\/p>\n\n\n\n<p class=\"wp-block-paragraph\">Dos conceptos con los que se habla del Renacimiento con frecuencia son Quattrocento y Cinquecento. El primero indica las manifestaciones del arte italiano del siglo XV y el segundo se refiere al arte del siglo XVI abarcando al Manierismo.<\/p>\n\n\n\n<p class=\"wp-block-paragraph\">La arquitectura renacentista sustituy\u00f3 los elementos g\u00f3ticos por otros, mientras cambiaba la distribuci\u00f3n de los edificios. Las iglesias dejaron de tener planta en cruz, d\u00e1ndole prioridad a la belleza sobre la religi\u00f3n.&nbsp;<\/p>\n\n\n\n<p class=\"wp-block-paragraph\">Dos de los arquitectos renacentistas m\u00e1s importantes fueron Filippo Brunelleschi y Le\u00f3n Batista Alberti. El primero cre\u00f3 Santa Mar\u00eda de las Flores en Florencia, y el segundo es autor de la iglesia de Santa Mar\u00eda Novella en Florencia.<\/p>\n\n\n\n<p class=\"wp-block-paragraph\">Algunas de las caracter\u00edsticas de la arquitectura renacentista son:<\/p>\n\n\n\n<ul class=\"wp-block-list\">\n<li>Uso del arco de medio punto, b\u00f3vedas de ca\u00f1\u00f3n y de arista, c\u00fapulas semiesf\u00e9ricas<\/li>\n\n\n\n<li>Uso de columnas con capiteles griegos<\/li>\n\n\n\n<li>Uso de entablamentos y cornisas<\/li>\n\n\n\n<li>Uso de frontones\u00a0<\/li>\n\n\n\n<li>Uso de medallones, guirnaldas y grotescos<\/li>\n\n\n\n<li>Durante el cinquecento, iglesias de planta central con c\u00fapula<\/li>\n<\/ul>\n\n\n\n<p class=\"wp-block-paragraph\">Una de las obras m\u00e1s importantes de la arquitectura renacentista es la Bas\u00edlica de San Pedro en Roma a principios del siglo XVI. El proyecto fue del arquitecto Bramante, aunque a lo largo del tiempo participaron varios arquitectos del Cinquecento.<\/p>\n\n\n<div class=\"wp-block-image is-style-default\">\n<figure class=\"aligncenter size-full is-resized\"><img decoding=\"async\" src=\"data:image\/gif;base64,R0lGODlhAQABAIAAAAAAAP\/\/\/yH5BAEAAAAALAAAAAABAAEAAAIBRAA7\" data-src=\"https:\/\/blogs.ugto.mx\/rea\/wp-content\/uploads\/sites\/71\/2022\/07\/81132448_e04700060b_c.jpg\" alt=\"\" class=\"wp-image-15691\" style=\"width:600px;height:449px\" \/><noscript><img loading=\"lazy\" decoding=\"async\" width=\"800\" height=\"599\" src=\"https:\/\/blogs.ugto.mx\/rea\/wp-content\/uploads\/sites\/71\/2022\/07\/81132448_e04700060b_c.jpg\" alt=\"\" class=\"wp-image-15691\" style=\"width:600px;height:449px\" srcset=\"https:\/\/blogs.ugto.mx\/rea\/wp-content\/uploads\/sites\/71\/2022\/07\/81132448_e04700060b_c.jpg 800w, https:\/\/blogs.ugto.mx\/rea\/wp-content\/uploads\/sites\/71\/2022\/07\/81132448_e04700060b_c-300x225.jpg 300w, https:\/\/blogs.ugto.mx\/rea\/wp-content\/uploads\/sites\/71\/2022\/07\/81132448_e04700060b_c-768x575.jpg 768w\" sizes=\"auto, (max-width: 800px) 100vw, 800px\" \/><\/noscript><figcaption class=\"wp-element-caption\">Imagen 1. B<strong>ajo<\/strong>&nbsp;la&nbsp;<strong>bas\u00edlica hay<\/strong>&nbsp;dos niveles, en el m\u00e1s profundo se encuentra la antigua necr\u00f3polis, que va desde los 5 a los 12 metros de profundidad. Y en el nivel superior, a 3 metros de profundidad, se encuentran las grutas vaticanas.<\/figcaption><\/figure>\n<\/div>\n\n\n<p class=\"wp-block-paragraph\">La escultura renacentista, al igual que la arquitectura, imit\u00f3 los modelos romanos y tambi\u00e9n sus temas. Los materiales usados principalmente fueron el m\u00e1rmol y el bronce. Durante el Renacimiento la figura humana adquiere importancia y se le representa al desnudo o usando togas. Uno de los escultores m\u00e1s importantes fue Donatello, quien explor\u00f3 la relaci\u00f3n que hay entre la expresi\u00f3n y la naturaleza.<\/p>\n\n\n\n<p class=\"wp-block-paragraph\">La pintura renacentista fue la disciplina art\u00edstica que tuvo m\u00e1s formas. La pintura mural se desarroll\u00f3 fuera de la Iglesia. La ilustraci\u00f3n de libros perdi\u00f3 importancia para la pintura porque comenz\u00f3 a hacerse con grabados.&nbsp;<\/p>\n\n\n\n<p class=\"wp-block-paragraph\">Aunque se siguieron haciendo pinturas con temas religiosos, otros temas se desarrollaron, como los mitos y la historia.&nbsp;<\/p>\n\n\n\n<p class=\"wp-block-paragraph\">Masaccio puso en pr\u00e1ctica las investigaciones realizadas antes por Ghiberti, Donatello y Brunelleschi. Un ejemplo de su obra son los frescos de la Capilla Brancacci en Florencia. Con su trabajo, Masaccio influy\u00f3 a algunos de los artistas de la primera generaci\u00f3n de pintores florentinos como Filippo Lippi y Dom\u00e9nico Veneziano.<\/p>\n\n\n\n<div class=\"wp-block-columns has-base-2-background-color has-background is-layout-flex wp-container-core-columns-is-layout-8f761849 wp-block-columns-is-layout-flex\">\n<div class=\"wp-block-column is-vertically-aligned-center is-layout-flow wp-block-column-is-layout-flow\">\n<p class=\"wp-block-paragraph\">La segunda generaci\u00f3n de pintores florentinos, a mediados del siglo XV, estuvieron interesados en solucionar dos problemas t\u00edpicos del Renacimiento, c\u00f3mo representar t\u00e9cnicamente la figura humana y c\u00f3mo expresar las ideas de los humanistas. Esto tuvo como resultado pinturas con movimiento y la preferencia por representar mitos e historias. A esta generaci\u00f3n pertenecen Leonardo da Vinci y Sandro Botticelli.<\/p>\n<\/div>\n\n\n\n<div class=\"wp-block-column is-layout-flow wp-block-column-is-layout-flow\">\n<figure class=\"wp-block-image size-large is-style-default\"><img decoding=\"async\" src=\"data:image\/gif;base64,R0lGODlhAQABAIAAAAAAAP\/\/\/yH5BAEAAAAALAAAAAABAAEAAAIBRAA7\" data-src=\"https:\/\/blogs.ugto.mx\/rea\/wp-content\/uploads\/sites\/71\/2022\/07\/3526516-edited.jpg\" alt=\"\" class=\"wp-image-15698\" \/><noscript><img loading=\"lazy\" decoding=\"async\" width=\"1279\" height=\"853\" src=\"https:\/\/blogs.ugto.mx\/rea\/wp-content\/uploads\/sites\/71\/2022\/07\/3526516-edited.jpg\" alt=\"\" class=\"wp-image-15698\" srcset=\"https:\/\/blogs.ugto.mx\/rea\/wp-content\/uploads\/sites\/71\/2022\/07\/3526516-edited.jpg 1279w, https:\/\/blogs.ugto.mx\/rea\/wp-content\/uploads\/sites\/71\/2022\/07\/3526516-edited-300x200.jpg 300w, https:\/\/blogs.ugto.mx\/rea\/wp-content\/uploads\/sites\/71\/2022\/07\/3526516-edited-1024x683.jpg 1024w, https:\/\/blogs.ugto.mx\/rea\/wp-content\/uploads\/sites\/71\/2022\/07\/3526516-edited-768x512.jpg 768w, https:\/\/blogs.ugto.mx\/rea\/wp-content\/uploads\/sites\/71\/2022\/07\/3526516-edited-272x182.jpg 272w\" sizes=\"auto, (max-width: 1279px) 100vw, 1279px\" \/><\/noscript><\/figure>\n<\/div>\n<\/div>\n\n\n\n<p class=\"wp-block-paragraph\">En Roma, los pintores siguieron desarrollando el humanismo planteado en Florencia bajo el mecenazgo de los papas. Uno de los artistas m\u00e1s destacados que trabajaron en Roma fue Miguel \u00c1ngel con su obra pict\u00f3rica maestra, la Capilla Sixtina, pero tambi\u00e9n con esculturas como La Piedad.<\/p>\n\n\n\n<p class=\"wp-block-paragraph\">En Venecia, el color y el sfumato (fusi\u00f3n de la figura y el fondo, de la luz y la sombra) fueron retomados por Giorgione para capturar la atm\u00f3sfera en temas relacionados con el campo. Un ejemplo de su trabajo es La tormenta.<\/p>\n\n\n\n<p class=\"wp-block-paragraph\">Algunos de los rasgos de la pintura italiana del siglo XV son:<\/p>\n\n\n\n<ul class=\"wp-block-list\">\n<li>El hombre fue el tema central<\/li>\n\n\n\n<li>Los artistas se concentraron en la figura humana<\/li>\n\n\n\n<li>Uso de la perspectiva lineal<\/li>\n\n\n\n<li>Representaci\u00f3n del movimiento<\/li>\n\n\n\n<li>Inter\u00e9s por temas mitol\u00f3gicos y religiosos, usando el desnudo<\/li>\n<\/ul>\n\n\n\n<div class=\"wp-block-columns has-base-2-background-color has-background is-layout-flex wp-container-core-columns-is-layout-8f761849 wp-block-columns-is-layout-flex\">\n<div class=\"wp-block-column is-layout-flow wp-block-column-is-layout-flow\"><div class=\"wp-block-image is-style-default\">\n<figure class=\"aligncenter size-full\"><img decoding=\"async\" src=\"data:image\/gif;base64,R0lGODlhAQABAIAAAAAAAP\/\/\/yH5BAEAAAAALAAAAAABAAEAAAIBRAA7\" data-src=\"https:\/\/blogs.ugto.mx\/rea\/wp-content\/uploads\/sites\/71\/2022\/07\/va-edited.jpeg\" alt=\"\" class=\"wp-image-15699\" \/><noscript><img loading=\"lazy\" decoding=\"async\" width=\"815\" height=\"544\" src=\"https:\/\/blogs.ugto.mx\/rea\/wp-content\/uploads\/sites\/71\/2022\/07\/va-edited.jpeg\" alt=\"\" class=\"wp-image-15699\" srcset=\"https:\/\/blogs.ugto.mx\/rea\/wp-content\/uploads\/sites\/71\/2022\/07\/va-edited.jpeg 815w, https:\/\/blogs.ugto.mx\/rea\/wp-content\/uploads\/sites\/71\/2022\/07\/va-edited-300x200.jpeg 300w, https:\/\/blogs.ugto.mx\/rea\/wp-content\/uploads\/sites\/71\/2022\/07\/va-edited-768x513.jpeg 768w, https:\/\/blogs.ugto.mx\/rea\/wp-content\/uploads\/sites\/71\/2022\/07\/va-edited-272x182.jpeg 272w\" sizes=\"auto, (max-width: 815px) 100vw, 815px\" \/><\/noscript><\/figure>\n<\/div><\/div>\n\n\n\n<div class=\"wp-block-column is-vertically-aligned-center is-layout-flow wp-block-column-is-layout-flow\">\n<p class=\"wp-block-paragraph\">Aunque Italia influy\u00f3 fuertemente sobre otros pa\u00edses, en Europa del norte la pintura ya ten\u00eda ciertos rasgos desde antes como el uso de perspectiva, el inter\u00e9s por el retrato, el paisaje como tema y la presencia del realismo. Los primeros en formar parte del Renacimiento flamenco fueron los hermanos belgas Jan y Hubert Van Eyck, con obras como \u201cLa virgen del canciller Rolin\u201d. El uso de espejos para repetir el espacio y la importancia de los objetos fueron t\u00edpicos del Renacimiento flamenco.<\/p>\n<\/div>\n<\/div>\n\n\n\n<p class=\"wp-block-paragraph\">En otros lugares, como Pa\u00edses Bajos, destaca la figura de El Bosco, cuyas obras est\u00e1n centradas en el tema del pecado, por ejemplo \u201cEl jard\u00edn de las delicias\u201d; mientras que en Alemania hay que subrayar a Alberto Durero, con obras como \u201cAd\u00e1n y Eva\u201d.<\/p>\n\n\n\n<p class=\"wp-block-paragraph\">En apoyo a tu aprendizaje te invito a ver los siguientes videos:<\/p>\n\n\n\n<p class=\"wp-block-paragraph\">1. El retrato de Arnolfini de Van Eyck:<\/p>\n\n\n\n<figure class=\"wp-block-embed is-type-video is-provider-youtube wp-block-embed-youtube wp-embed-aspect-16-9 wp-has-aspect-ratio\"><div class=\"wp-block-embed__wrapper\">\n<iframe loading=\"lazy\" title=\"Van Eyck&#039;s Arnolfini Portrait | National Gallery\" width=\"1200\" height=\"675\" src=\"https:\/\/www.youtube.com\/embed\/wM6d9BOj4Ww?feature=oembed\" frameborder=\"0\" allow=\"accelerometer; autoplay; clipboard-write; encrypted-media; gyroscope; picture-in-picture\" allowfullscreen><\/iframe>\n<\/div><\/figure>\n\n\n\n<p class=\"wp-block-paragraph\"><\/p>\n\n\n\n<p class=\"wp-block-paragraph\">2. La primavera de Boticelli:<\/p>\n\n\n\n<figure class=\"wp-block-embed is-type-video is-provider-youtube wp-block-embed-youtube wp-embed-aspect-4-3 wp-has-aspect-ratio\"><div class=\"wp-block-embed__wrapper\">\n<iframe loading=\"lazy\" title=\"La Primavera, por Sandro Botticelli\" width=\"1200\" height=\"900\" src=\"https:\/\/www.youtube.com\/embed\/w0KoaufVNg4?feature=oembed\" frameborder=\"0\" allow=\"accelerometer; autoplay; clipboard-write; encrypted-media; gyroscope; picture-in-picture\" allowfullscreen><\/iframe>\n<\/div><\/figure>\n\n\n\n<p class=\"wp-block-paragraph\"><\/p>\n\n\n\n<p class=\"wp-block-paragraph\">3. La piedad:<\/p>\n\n\n\n<figure class=\"wp-block-embed is-type-video is-provider-youtube wp-block-embed-youtube wp-embed-aspect-16-9 wp-has-aspect-ratio\"><div class=\"wp-block-embed__wrapper\">\n<iframe loading=\"lazy\" title=\"La Piedad de Miguel \u00c1ngel - Historia del Arte\" width=\"1200\" height=\"675\" src=\"https:\/\/www.youtube.com\/embed\/mpzcx8FpQ-Y?feature=oembed\" frameborder=\"0\" allow=\"accelerometer; autoplay; clipboard-write; encrypted-media; gyroscope; picture-in-picture; web-share\" referrerpolicy=\"strict-origin-when-cross-origin\" allowfullscreen><\/iframe>\n<\/div><\/figure>\n\n\n\n<p class=\"wp-block-paragraph\"><\/p>\n\n\n\n<p class=\"wp-block-paragraph\">Te invitamos a reflexionar sobre la pregunta \u00bfQu\u00e9 caracter\u00edsticas de la Piedad hacen que sea considerada renacentista?<\/p>\n\n\n\n<h2 class=\"wp-block-heading\" id=\"conclusion\">Conclusi\u00f3n <\/h2>\n\n\n\n<p class=\"wp-block-paragraph\">Ahora que hemos terminado de estudiar algunas de las nociones m\u00e1s importantes sobre la historia del arte renacentista, revisemos el contenido de esta sesi\u00f3n.<\/p>\n\n\n\n<p class=\"wp-block-paragraph\">En esta clase has aprendido que el t\u00e9rmino \u201crenacimiento\u201d fue acu\u00f1ado por Giorgio Vasari para referirse a volver a la vida luego de la edad media. Vimos que el renacimiento tuvo dos etapas, el quattrocento (arte italiano del siglo XV) y el cinquecento (arte del siglo XVI).&nbsp;<\/p>\n\n\n\n<p class=\"wp-block-paragraph\">Se\u00f1alamos que la arquitectura renacentista modific\u00f3 la distribuci\u00f3n de edificios como las iglesias y mencionamos a figuras como Filippo Brunelleschi que destacaron en esa disciplina.&nbsp;<\/p>\n\n\n\n<p class=\"wp-block-paragraph\">Revisamos algunos rasgos de la arquitectura renacentista como el uso del arco de medio punto y la utilizaci\u00f3n de frontones. Tambi\u00e9n subrayamos a la bas\u00edlica de San Pedro en Roma, como una de las obras arquitect\u00f3nicas m\u00e1s importantes del renacimiento.<\/p>\n\n\n\n<p class=\"wp-block-paragraph\">En escultura, aprendiste que durante el renacimiento se prefiri\u00f3 el uso del m\u00e1rmol y el bronce y que la figura humana, muchas veces al desnudo, se volvi\u00f3 el centro de las representaciones; mientras que uso del grabado ocasion\u00f3 que la pintura no se prefiriera para ilustrar libros.<\/p>\n\n\n\n<p class=\"wp-block-paragraph\">Observamos que en Florencia hubo dos generaciones de pintores, la primera influenciada en parte por Masaccio, y la segunda, representada por figuras como Leonardo da Vinci. Mientras tanto, en Roma, los artistas trabajaron bajo el mecenazgo de los papas, destacando la figura de Miguel \u00c1ngel con la Capilla Sixtina. Por otra parte, en Venecia, resaltamos a Giorgione, interesado por el color y el sfumato.<\/p>\n\n\n\n<p class=\"wp-block-paragraph\">Finalmente, se\u00f1alamos la presencia del renacimiento en otros pa\u00edses como B\u00e9lgica, con la presencia de los hermanos Jan y Hubert Van Eyck, o pa\u00edses bajos con figuras como El Bosco.<\/p>\n\n\n\n<p class=\"wp-block-paragraph\">Has llegado al final de la clase \u00a1Felicidades por haber completado esta quinta sesi\u00f3n de Historia del arte y del dise\u00f1o! No olvides la tarea asignada para completar correctamente la clase. Te espero en la siguiente sesi\u00f3n donde hablaremos sobre el manierismo, el barroco y el rococ\u00f3 te encantar\u00e1. \u00a1No te la pierdas!<\/p>\n\n\n\n<h2 class=\"wp-block-heading\" id=\"fuentes-de-informacion\">Fuentes de informaci\u00f3n <\/h2>\n\n\n\n<ul class=\"wp-block-list\">\n<li>Cant\u00fa Delgado, J.J., y Garc\u00eda Mart\u00ednez, H. (2003). Historia del arte. Ciudad de M\u00e9xico: Trillas.<\/li>\n\n\n\n<li>Lozano Fuentes, J.M. (2005). Historia del arte. Ciudad de M\u00e9xico: Cecsa.<\/li>\n\n\n\n<li>Figueroba, A., y Fern\u00e1ndez, M.T. (1996). Historia del Arte. Madrid: Mc Graw Hill.<\/li>\n<\/ul>\n","protected":false},"excerpt":{"rendered":"<p>Introducci\u00f3n \u00a1Hola!&nbsp; Es muy grato encontrarte y saber que sigues adelante en este proceso formativo, por lo tanto te invito a la quinta sesi\u00f3n de Historia del arte y del dise\u00f1o I.&nbsp; En la sesi\u00f3n anterior descubrimos, entre otras cosas, sobre la evoluci\u00f3n del arte paleocristiano desde las catacumbas hasta la bas\u00edlica, estudiamos a los &#8230; <a title=\"Clase digital 5. El Mundo moderno &#8211; Primera parte\" class=\"read-more\" href=\"https:\/\/blogs.ugto.mx\/rea\/clase-digital-5-el-mundo-moderno-primera-parte\/\" aria-label=\"Leer m\u00e1s sobre Clase digital 5. El Mundo moderno &#8211; Primera parte\">Leer m\u00e1s<\/a><\/p>\n","protected":false},"author":142,"featured_media":0,"comment_status":"closed","ping_status":"closed","sticky":false,"template":"","format":"standard","meta":{"_acf_changed":false,"_crdt_document":"","episode_type":"","audio_file":"","podmotor_file_id":"","podmotor_episode_id":"","cover_image":"","cover_image_id":"","duration":"","filesize":"","filesize_raw":"","date_recorded":"","explicit":"","block":"","itunes_episode_number":"","itunes_title":"","itunes_season_number":"","itunes_episode_type":"","footnotes":""},"categories":[288,293,432],"tags":[41,80,79],"class_list":["post-15330","post","type-post","status-publish","format-standard","hentry","category-plan-2020","category-quinto-semestre","category-uda-historia-del-arte-y-del-diseno-i","tag-clase-digital","tag-juan-manuel-sierra-hernandez","tag-neli06005"],"acf":[],"jetpack_featured_media_url":"","_links":{"self":[{"href":"https:\/\/blogs.ugto.mx\/rea\/wp-json\/wp\/v2\/posts\/15330","targetHints":{"allow":["GET"]}}],"collection":[{"href":"https:\/\/blogs.ugto.mx\/rea\/wp-json\/wp\/v2\/posts"}],"about":[{"href":"https:\/\/blogs.ugto.mx\/rea\/wp-json\/wp\/v2\/types\/post"}],"author":[{"embeddable":true,"href":"https:\/\/blogs.ugto.mx\/rea\/wp-json\/wp\/v2\/users\/142"}],"replies":[{"embeddable":true,"href":"https:\/\/blogs.ugto.mx\/rea\/wp-json\/wp\/v2\/comments?post=15330"}],"version-history":[{"count":5,"href":"https:\/\/blogs.ugto.mx\/rea\/wp-json\/wp\/v2\/posts\/15330\/revisions"}],"predecessor-version":[{"id":35894,"href":"https:\/\/blogs.ugto.mx\/rea\/wp-json\/wp\/v2\/posts\/15330\/revisions\/35894"}],"wp:attachment":[{"href":"https:\/\/blogs.ugto.mx\/rea\/wp-json\/wp\/v2\/media?parent=15330"}],"wp:term":[{"taxonomy":"category","embeddable":true,"href":"https:\/\/blogs.ugto.mx\/rea\/wp-json\/wp\/v2\/categories?post=15330"},{"taxonomy":"post_tag","embeddable":true,"href":"https:\/\/blogs.ugto.mx\/rea\/wp-json\/wp\/v2\/tags?post=15330"}],"curies":[{"name":"wp","href":"https:\/\/api.w.org\/{rel}","templated":true}]}}