{"id":15392,"date":"2022-07-06T22:27:45","date_gmt":"2022-07-06T22:27:45","guid":{"rendered":"https:\/\/blogs.ugto.mx\/rea\/?p=15392"},"modified":"2022-08-01T15:31:01","modified_gmt":"2022-08-01T15:31:01","slug":"clase-digital-3-post-estructuralismo","status":"publish","type":"post","link":"https:\/\/blogs.ugto.mx\/rea\/clase-digital-3-post-estructuralismo\/","title":{"rendered":"Clase digital 3. Post estructuralismo"},"content":{"rendered":"\n\n\n<div class=\"wp-block-cover is-light\" style=\"min-height:284px;aspect-ratio:unset;\"><span aria-hidden=\"true\" class=\"wp-block-cover__background has-background-dim-40 has-background-dim\"><\/span><img decoding=\"async\" class=\"wp-block-cover__image-background wp-image-15728\" alt=\"\" src=\"data:image\/gif;base64,R0lGODlhAQABAIAAAAAAAP\/\/\/yH5BAEAAAAALAAAAAABAAEAAAIBRAA7\" data-src=\"https:\/\/blogs.ugto.mx\/rea\/wp-content\/uploads\/sites\/71\/2022\/07\/Post-Estructuralismo-scaled.jpg\" style=\"object-position:52% 64%\" data-object-fit=\"cover\" data-object-position=\"52% 64%\" \/><noscript><img loading=\"lazy\" decoding=\"async\" width=\"2560\" height=\"1707\" class=\"wp-block-cover__image-background wp-image-15728\" alt=\"\" src=\"https:\/\/blogs.ugto.mx\/rea\/wp-content\/uploads\/sites\/71\/2022\/07\/Post-Estructuralismo-scaled.jpg\" style=\"object-position:52% 64%\" data-object-fit=\"cover\" data-object-position=\"52% 64%\" srcset=\"https:\/\/blogs.ugto.mx\/rea\/wp-content\/uploads\/sites\/71\/2022\/07\/Post-Estructuralismo-scaled.jpg 2560w, https:\/\/blogs.ugto.mx\/rea\/wp-content\/uploads\/sites\/71\/2022\/07\/Post-Estructuralismo-300x200.jpg 300w, https:\/\/blogs.ugto.mx\/rea\/wp-content\/uploads\/sites\/71\/2022\/07\/Post-Estructuralismo-1024x683.jpg 1024w, https:\/\/blogs.ugto.mx\/rea\/wp-content\/uploads\/sites\/71\/2022\/07\/Post-Estructuralismo-768x512.jpg 768w, https:\/\/blogs.ugto.mx\/rea\/wp-content\/uploads\/sites\/71\/2022\/07\/Post-Estructuralismo-1536x1024.jpg 1536w, https:\/\/blogs.ugto.mx\/rea\/wp-content\/uploads\/sites\/71\/2022\/07\/Post-Estructuralismo-2048x1365.jpg 2048w, https:\/\/blogs.ugto.mx\/rea\/wp-content\/uploads\/sites\/71\/2022\/07\/Post-Estructuralismo-272x182.jpg 272w\" sizes=\"auto, (max-width: 2560px) 100vw, 2560px\" \/><\/noscript><div class=\"wp-block-cover__inner-container is-layout-flow wp-block-cover-is-layout-flow\">\n<p class=\"has-text-align-center has-base-3-color has-text-color has-large-font-size wp-block-paragraph\">Post estructuralismo<\/p>\n<\/div><\/div>\n\n\n\n<h2 class=\"wp-block-heading\" id=\"introduccion\">Introducci\u00f3n<\/h2>\n\n\n\n<p class=\"wp-block-paragraph\">\u00a1Hola, qu\u00e9 tal tu d\u00eda!, espero que sea fant\u00e1stico.<\/p>\n\n\n\n<p class=\"wp-block-paragraph\">Es para mi un gran honor saludarte y tenerte en esta clase a la cual te doy la bienvenida. En esta sesi\u00f3n conocer\u00e1s las corrientes sociales m\u00e1s actuales el post estructuralismo y, cuyo objetivo sigue siendo igual que las corrientes cl\u00e1sicas, comprender al hombre en sociedad pero bajo las caracter\u00edsticas del siglo actual y los retos que le implican. La sociedad es m\u00e1s compleja que antes tal vez, pero no hay motivo para esquivarla y dejar de comprenderla, ya que somos parte de ella.<\/p>\n\n\n\n<p class=\"wp-block-paragraph\">Espero que el contenido de esta sesi\u00f3n sea de tu agrado.<\/p>\n\n\n\n<p class=\"wp-block-paragraph\">\u00a1Comencemos!<\/p>\n\n\n\n<h2 class=\"wp-block-heading\" id=\"desarrollo-del-tema\">Desarrollo del tema <\/h2>\n\n\n\n<h3 class=\"wp-block-heading\">Post estructuralismo<\/h3>\n\n\n\n<p class=\"wp-block-paragraph\">El posestructuralismo o postestructuralismo est\u00e1 asociado con los trabajos de una serie de fil\u00f3sofos y te\u00f3ricos cr\u00edticos de la regi\u00f3n continental francesa de mediados del siglo XX que se consagraron internacionalmente en los a\u00f1os 1960 y 1970.<\/p>\n\n\n\n<p class=\"wp-block-paragraph\">Su planteamiento como elemento clave la tesis de la disoluci\u00f3n del sujeto y la aparici\u00f3n de nuevas subjetividades, que en el \u00e1mbito del arte y, particularmente en la literatura, se expresar\u00e1n en el replanteamiento del estudio de los signos y el problema ling\u00fc\u00edstico, ya no s\u00f3lo como una cuesti\u00f3n de significado, significante y referente, sino precisamente haciendo \u00e9nfasis en la cuesti\u00f3n del sentido.<\/p>\n\n\n\n<p class=\"wp-block-paragraph\">Al querer demostrar que las ciencias sociales no ten\u00edan la neutralidad y objetividad que el estructuralismo buscaba darles. Esta corriente fue influenciada por la teor\u00eda sociol\u00f3gica y la hermen\u00e9utica, pero muchos de sus mayores exponentes no se consideran part\u00edcipes de este movimiento.<\/p>\n\n\n\n<p class=\"wp-block-paragraph\">Este movimiento cultural tom\u00f3 como modelo a las ciencias exactas, y establece que son las estructuras las que condicionan el comportamiento de los individuos. Este movimiento influy\u00f3 muchas ciencias sociales y humanas, pero fue fuertemente criticado por el postestructuralismo. A diferencia del estructuralismo, el posestructuralismo o \u00abpost-estructuralismo\u00bb defend\u00eda que no hab\u00eda realidades ni verdades absolutas.<\/p>\n\n\n<div class=\"wp-block-image\">\n<figure class=\"aligncenter size-full is-resized\"><img loading=\"lazy\" decoding=\"async\" src=\"data:image\/gif;base64,R0lGODlhAQABAIAAAAAAAP\/\/\/yH5BAEAAAAALAAAAAABAAEAAAIBRAA7\" data-src=\"https:\/\/blogs.ugto.mx\/rea\/wp-content\/uploads\/sites\/71\/2022\/07\/postestructuralismo_gioconda.jpeg\" alt=\"\" class=\"wp-image-15731\" width=\"640\" height=\"426\" \/><noscript><img loading=\"lazy\" decoding=\"async\" src=\"https:\/\/blogs.ugto.mx\/rea\/wp-content\/uploads\/sites\/71\/2022\/07\/postestructuralismo_gioconda.jpeg\" alt=\"\" class=\"wp-image-15731\" width=\"640\" height=\"426\" \/><\/noscript><figcaption><strong>Imagen 1. <\/strong>La Gioconda (Imagen hecha a partir de piezas de lego en 3D Vadim Bogulov, Unsplash. Ejemplo de postestructuralismo art\u00edstico). Fuente: https:\/\/www.cinconoticias.com\/postestructuralismo\/<\/figcaption><\/figure>\n<\/div>\n\n\n<p class=\"wp-block-paragraph\">Para mayor informaci\u00f3n te invito a ver el siguiente material:<\/p>\n\n\n\n<p class=\"has-text-align-center wp-block-paragraph\"><strong>Posestructuralismo y Ciencias Sociales<\/strong><\/p>\n\n\n\n<div class=\"wp-block-buttons is-content-justification-center is-layout-flex wp-container-core-buttons-is-layout-fe48e5de wp-block-buttons-is-layout-flex\">\n<div class=\"wp-block-button\"><a class=\"wp-block-button__link has-background\" href=\"https:\/\/prezi.com\/khmqprx5jmtk\/posestructuralismo-y-ciencias-sociales\/\" style=\"background:linear-gradient(135deg,rgb(55,202,236) 0%,rgb(173,217,216) 100%)\" target=\"_blank\" rel=\"noreferrer noopener\"><strong>Acceder<\/strong><\/a><\/div>\n<\/div>\n\n\n\n<p class=\"wp-block-paragraph\">La definici\u00f3n de postestructuralismo ha generado controversia y debate, debido a que no est\u00e1n claros los l\u00edmites entre estructuralismo y postestructuralismo. A pesar de las limitaciones, se puede entender que el postestructuralismo franc\u00e9s como un movimiento te\u00f3rico y epistemol\u00f3gico (es decir, referente a como se construye el conocimiento) que surgi\u00f3 en la segunda mitad del siglo XX que realiz\u00f3 varias cr\u00edticas al estructuralismo.<\/p>\n\n\n\n<p class=\"wp-block-paragraph\">Entre las ideas principales del posestructuralismo est\u00e1n el cuestionamiento de la l\u00f3gica con la que se manejaban las ciencias sociales, pues se hab\u00eda establecido que la realidad era algo neutro, y que puede conocerse de forma objetiva. Esto es debido a que la historia y la cultura condicionan el estudio de las estructuras subyacentes, ambas est\u00e1n sujeta a sesgos y malas interpretaciones.<\/p>\n\n\n\n<p class=\"wp-block-paragraph\">En el \u00e1mbito de la ling\u00fc\u00edstica, el postestructuralismo literario defiende que hay m\u00e1s significados de los que el autor les da a sus textos, por lo que el texto tambi\u00e9n se construye a partir de la subjetividad de cada lector. Tambi\u00e9n se opone a las oposiciones binarias que constituyen esas estructuras, defendiendo que el lenguaje crea un mundo comunicativo a partir de la relaci\u00f3n entre unas palabras y otras, por lo que se forma una red de significados.<\/p>\n\n\n\n<p class=\"wp-block-paragraph\">Te invito a revisar la siguiente informaci\u00f3n para completar este tema:<\/p>\n\n\n\n<figure class=\"wp-block-embed is-type-video is-provider-youtube wp-block-embed-youtube wp-embed-aspect-16-9 wp-has-aspect-ratio\"><div class=\"wp-block-embed__wrapper\">\n<iframe loading=\"lazy\" title=\"Post-estructuralismo y Deconstrucci\u00f3n\" width=\"1200\" height=\"675\" src=\"https:\/\/www.youtube.com\/embed\/eGgSs182ngs?feature=oembed\" frameborder=\"0\" allow=\"accelerometer; autoplay; clipboard-write; encrypted-media; gyroscope; picture-in-picture\" allowfullscreen><\/iframe>\n<\/div><\/figure>\n\n\n\n<h3 class=\"wp-block-heading\">Paradigma de la complejidad<\/h3>\n\n\n\n<p class=\"wp-block-paragraph\">El paradigma de la complejidad constituye una forma de situarse en el mundo que ofrece un marco creador de nuevas formas de sentir, pensar y actuar que orientan el conocimiento de la realidad y la adquisici\u00f3n de criterios para posicionarse y cambiarla.<\/p>\n\n\n\n<p class=\"wp-block-paragraph\">Los puntos que abarca la Complejidad son:<\/p>\n\n\n\n<ul class=\"wp-block-list\"><li>Parte del paradigma de la simplicidad<\/li><li>Pone un orden en el universo y persigue el desorden<\/li><li>El orden se reduce a una ley y un principio de la simplicidad separa lo ligado (disyunci\u00f3n) o unifica lo diverso (reducci\u00f3n)<\/li><\/ul>\n\n\n\n<p class=\"wp-block-paragraph\">La complejidad permite pensar a la vez en:<\/p>\n\n\n\n<ul class=\"wp-block-list\"><li>Est\u00e1tica, sujeto, din\u00e1mica, objeto<\/li><li>Repetici\u00f3n, cambio<\/li><li>Orden, desorden<\/li><li>Invariaci\u00f3n, innovaci\u00f3n<\/li><li>Reproducci\u00f3n, involuci\u00f3n<\/li><li>Individuo, sociedad<\/li><\/ul>\n\n\n<div class=\"wp-block-image\">\n<figure class=\"aligncenter size-full is-resized\"><img loading=\"lazy\" decoding=\"async\" src=\"data:image\/gif;base64,R0lGODlhAQABAIAAAAAAAP\/\/\/yH5BAEAAAAALAAAAAABAAEAAAIBRAA7\" data-src=\"https:\/\/blogs.ugto.mx\/rea\/wp-content\/uploads\/sites\/71\/2022\/07\/Paradigma-Complejidad.jpeg\" alt=\"\" class=\"wp-image-15747\" width=\"640\" height=\"526\" \/><noscript><img loading=\"lazy\" decoding=\"async\" src=\"https:\/\/blogs.ugto.mx\/rea\/wp-content\/uploads\/sites\/71\/2022\/07\/Paradigma-Complejidad.jpeg\" alt=\"\" class=\"wp-image-15747\" width=\"640\" height=\"526\" \/><\/noscript><figcaption><strong>Imagen 2. <\/strong>Paradigma de la complejidad. Fuente: https:\/\/pensar-lopensado.com\/complejidad-y-movilidad\/<\/figcaption><\/figure>\n<\/div>\n\n\n<p class=\"wp-block-paragraph\">A continuaci\u00f3n, te invito a revisar los siguientes materiales para complementar este tema:<\/p>\n\n\n\n<p class=\"has-text-align-center wp-block-paragraph\"><strong>Componentes del paradigma de la complejidad<\/strong><\/p>\n\n\n\n<div class=\"wp-block-buttons is-content-justification-center is-layout-flex wp-container-core-buttons-is-layout-fe48e5de wp-block-buttons-is-layout-flex\">\n<div class=\"wp-block-button\"><a class=\"wp-block-button__link has-background\" href=\"https:\/\/prezi.com\/afplvsc3vu1b\/componentes-del-paradigma-de-la-complejidad\/\" style=\"background:linear-gradient(135deg,rgb(55,202,236) 0%,rgb(173,217,216) 100%)\" target=\"_blank\" rel=\"noreferrer noopener\"><strong>Acceder<\/strong><\/a><\/div>\n<\/div>\n\n\n\n<figure class=\"wp-block-embed is-type-video is-provider-youtube wp-block-embed-youtube wp-embed-aspect-16-9 wp-has-aspect-ratio\"><div class=\"wp-block-embed__wrapper\">\n<iframe loading=\"lazy\" title=\"LA COMPLEJIDAD COMO PARADIGMA\" width=\"1200\" height=\"675\" src=\"https:\/\/www.youtube.com\/embed\/Yu-XKsEkczw?feature=oembed\" frameborder=\"0\" allow=\"accelerometer; autoplay; clipboard-write; encrypted-media; gyroscope; picture-in-picture\" allowfullscreen><\/iframe>\n<\/div><\/figure>\n\n\n\n<p class=\"wp-block-paragraph\">Uno de sus principales exponentes fue Edgar Mor\u00edn, Soci\u00f3logo y antrop\u00f3logo franc\u00e9s. Estudioso de la crisis interna del individuo, ha abordado la comprensi\u00f3n del \u00abindividuo sociol\u00f3gico\u00bb a trav\u00e9s de lo que \u00e9l llama una \u00abinvestigaci\u00f3n multidimensional\u00bb, es decir, utilizando los recursos de la sociolog\u00eda emp\u00edrica y de la observaci\u00f3n comprensiva. Fuertemente cr\u00edtico con los mass-media, ha analizado asimismo los fen\u00f3menos de propagaci\u00f3n de la opini\u00f3n.<\/p>\n\n\n<div class=\"wp-block-image\">\n<figure class=\"aligncenter size-large is-resized\"><img loading=\"lazy\" decoding=\"async\" src=\"data:image\/gif;base64,R0lGODlhAQABAIAAAAAAAP\/\/\/yH5BAEAAAAALAAAAAABAAEAAAIBRAA7\" data-src=\"https:\/\/blogs.ugto.mx\/rea\/wp-content\/uploads\/sites\/71\/2022\/07\/Edgar-Morin-1-1024x683.jpeg\" alt=\"\" class=\"wp-image-15756\" width=\"640\" height=\"426\" \/><noscript><img loading=\"lazy\" decoding=\"async\" src=\"https:\/\/blogs.ugto.mx\/rea\/wp-content\/uploads\/sites\/71\/2022\/07\/Edgar-Morin-1-1024x683.jpeg\" alt=\"\" class=\"wp-image-15756\" width=\"640\" height=\"426\" srcset=\"https:\/\/blogs.ugto.mx\/rea\/wp-content\/uploads\/sites\/71\/2022\/07\/Edgar-Morin-1-1024x683.jpeg 1024w, https:\/\/blogs.ugto.mx\/rea\/wp-content\/uploads\/sites\/71\/2022\/07\/Edgar-Morin-1-300x200.jpeg 300w, https:\/\/blogs.ugto.mx\/rea\/wp-content\/uploads\/sites\/71\/2022\/07\/Edgar-Morin-1-768x512.jpeg 768w, https:\/\/blogs.ugto.mx\/rea\/wp-content\/uploads\/sites\/71\/2022\/07\/Edgar-Morin-1-1536x1024.jpeg 1536w, https:\/\/blogs.ugto.mx\/rea\/wp-content\/uploads\/sites\/71\/2022\/07\/Edgar-Morin-1-2048x1365.jpeg 2048w, https:\/\/blogs.ugto.mx\/rea\/wp-content\/uploads\/sites\/71\/2022\/07\/Edgar-Morin-1-272x182.jpeg 272w\" sizes=\"auto, (max-width: 640px) 100vw, 640px\" \/><\/noscript><figcaption><strong>Imagen 3. <\/strong>El pensamiento complejo de Edgar Morin es un referente que se instaura como un intento de mediaci\u00f3n para la comprensi\u00f3n de los procesos intelectivos que exige la sociedad de conocimiento del siglo XXI.<\/figcaption><\/figure>\n<\/div>\n\n\n<p class=\"wp-block-paragraph\">Tambi\u00e9n se utiliza pensamiento complejo en un sentido m\u00e1s estrecho, para designar a los estudios cient\u00edficos que intentan explicar las din\u00e1micas complejas de los objetos en estudio, sin extraer de ello consecuencias cosmovisivas o metodol\u00f3gicas m\u00e1s generales. Edgar Morin ha denominado esta postura complejidad restringida, para diferenciarla de aquella m\u00e1s amplia y humanista que sostiene, donde lo define como un m\u00e9todo de pensamiento nuevo, v\u00e1lido para comprender la naturaleza, la sociedad, reorganizar la vida humana, y para buscar soluciones a las crisis de la humanidad contempor\u00e1nea.<\/p>\n\n\n\n<h2 class=\"wp-block-heading\" id=\"conclusion\">Conclusi\u00f3n<\/h2>\n\n\n\n<p class=\"wp-block-paragraph\">En conclusi\u00f3n, el estudio de la postura postestructuralista y de lo complejo han impactado tambi\u00e9n en el \u00e1mbito m\u00e1s directo de las interacciones de los seres humanos: la educaci\u00f3n, la interpretaci\u00f3n de la sociedad, la pol\u00edtica, y la comprensi\u00f3n del momento actual que vive la humanidad. Sus temas han sido hablar sobre el problema de la sociedad, a ser el problema de la vida y el vivir, el problema de la construcci\u00f3n del futuro y la b\u00fasqueda de soluciones a los problemas contempor\u00e1neos. En palabras de Edgar Morin, cuando se habla de complejidad \u00ab<em>\u2026 Se trata de enfrentar la dificultad de pensar y de vivir<\/em>\u00bb.<\/p>\n\n\n\n<p class=\"wp-block-paragraph\">Lo complejo y la evoluci\u00f3n en nuestro pensar no debe bloquearnos sino al contrario comprender nuestra evoluci\u00f3n para reinventarnos como parte de la sociedad y conocer cada d\u00eda al ser que soy en interacci\u00f3n con otros y lo que nos rodea.<\/p>\n\n\n\n<p class=\"wp-block-paragraph\">\u00a1Has finalizado la clase, te felicito por tu logro! Te invito a continuar con tu proceso formativo realizando y mandando la actividad asignada a esta clase.<\/p>\n\n\n\n<p class=\"has-text-align-center wp-block-paragraph\"><em>\u201cPerseverar es sin\u00f3nimo de tenacidad, no decaigas sigue perseverando en tu educaci\u00f3n\u201d <\/em><\/p>\n\n\n\n<p class=\"wp-block-paragraph\">Te encuentro en la siguiente clase. Hasta luego.<\/p>\n\n\n\n<h2 class=\"wp-block-heading\" id=\"fuentes-de-informacion\">Fuentes de informaci\u00f3n<\/h2>\n\n\n\n<ul class=\"wp-block-list\"><li>Cinco noticias (17 de febrero de 2022). <em>Postestructuralismo: qu\u00e9 es, caracter\u00edsticas, ejemplos, exponentes e ideas principales del posestructuralismo<\/em>. Recuperado de <a href=\"https:\/\/www.cinconoticias.com\/postestructuralismo\/\" target=\"_blank\" rel=\"noreferrer noopener\">https:\/\/www.cinconoticias.com\/postestructuralismo\/<\/a><\/li><li>Psicolog\u00eda y mente (10 de abril de 2018). <em>Qu\u00e9 es el Posestructuralismo y c\u00f3mo afecta a la Psicolog\u00eda<\/em>. Recuperado de <a href=\"https:\/\/psicologiaymente.com\/cultura\/posestructuralismo\" target=\"_blank\" rel=\"noreferrer noopener\">https:\/\/psicologiaymente.com\/cultura\/posestructuralismo<\/a><\/li><li>Castro, C. (s.f.). <em>Cap\u00edtulo 7: Los siete saberes necesarios para la educaci\u00f3n del futuro Edgar Mor\u00edn<\/em> [Archivo de video]. Recuperado de <a href=\"https:\/\/www.youtube.com\/watch?v=rxCj7Gm_IaU\" target=\"_blank\" rel=\"noreferrer noopener\">https:\/\/www.youtube.com\/watch?v=rxCj7Gm_IaU<\/a><\/li><\/ul>\n","protected":false},"excerpt":{"rendered":"<p>Introducci\u00f3n \u00a1Hola, qu\u00e9 tal tu d\u00eda!, espero que sea fant\u00e1stico. Es para mi un gran honor saludarte y tenerte en esta clase a la cual te doy la bienvenida. En esta sesi\u00f3n conocer\u00e1s las corrientes sociales m\u00e1s actuales el post estructuralismo y, cuyo objetivo sigue siendo igual que las corrientes cl\u00e1sicas, comprender al hombre en &#8230; <a title=\"Clase digital 3. Post estructuralismo\" class=\"read-more\" href=\"https:\/\/blogs.ugto.mx\/rea\/clase-digital-3-post-estructuralismo\/\" aria-label=\"Leer m\u00e1s sobre Clase digital 3. Post estructuralismo\">Leer m\u00e1s<\/a><\/p>\n","protected":false},"author":142,"featured_media":0,"comment_status":"closed","ping_status":"closed","sticky":false,"template":"","format":"standard","meta":{"_acf_changed":false,"_crdt_document":"","episode_type":"","audio_file":"","podmotor_file_id":"","podmotor_episode_id":"","cover_image":"","cover_image_id":"","duration":"","filesize":"","filesize_raw":"","date_recorded":"","explicit":"","block":"","itunes_episode_number":"","itunes_title":"","itunes_season_number":"","itunes_episode_type":"","footnotes":""},"categories":[83,288,293,84,442],"tags":[41,116,443],"class_list":["post-15392","post","type-post","status-publish","format-standard","hentry","category-bachillerato-general","category-plan-2020","category-quinto-semestre","category-algebra-ii","category-uda-fundamentos-de-las-ciencias-sociales","tag-clase-digital","tag-fatima-elena-esquivel-rodriguez","tag-shba05002"],"acf":[],"jetpack_featured_media_url":"","_links":{"self":[{"href":"https:\/\/blogs.ugto.mx\/rea\/wp-json\/wp\/v2\/posts\/15392","targetHints":{"allow":["GET"]}}],"collection":[{"href":"https:\/\/blogs.ugto.mx\/rea\/wp-json\/wp\/v2\/posts"}],"about":[{"href":"https:\/\/blogs.ugto.mx\/rea\/wp-json\/wp\/v2\/types\/post"}],"author":[{"embeddable":true,"href":"https:\/\/blogs.ugto.mx\/rea\/wp-json\/wp\/v2\/users\/142"}],"replies":[{"embeddable":true,"href":"https:\/\/blogs.ugto.mx\/rea\/wp-json\/wp\/v2\/comments?post=15392"}],"version-history":[{"count":6,"href":"https:\/\/blogs.ugto.mx\/rea\/wp-json\/wp\/v2\/posts\/15392\/revisions"}],"predecessor-version":[{"id":15775,"href":"https:\/\/blogs.ugto.mx\/rea\/wp-json\/wp\/v2\/posts\/15392\/revisions\/15775"}],"wp:attachment":[{"href":"https:\/\/blogs.ugto.mx\/rea\/wp-json\/wp\/v2\/media?parent=15392"}],"wp:term":[{"taxonomy":"category","embeddable":true,"href":"https:\/\/blogs.ugto.mx\/rea\/wp-json\/wp\/v2\/categories?post=15392"},{"taxonomy":"post_tag","embeddable":true,"href":"https:\/\/blogs.ugto.mx\/rea\/wp-json\/wp\/v2\/tags?post=15392"}],"curies":[{"name":"wp","href":"https:\/\/api.w.org\/{rel}","templated":true}]}}