{"id":15463,"date":"2022-07-07T02:34:25","date_gmt":"2022-07-07T02:34:25","guid":{"rendered":"https:\/\/blogs.ugto.mx\/rea\/?p=15463"},"modified":"2022-08-08T18:13:30","modified_gmt":"2022-08-08T18:13:30","slug":"clase-digital-8-vibracion-de-columnas-de-aire-ondas-sonoras-audibles-y-cualidades-del-sonido","status":"publish","type":"post","link":"https:\/\/blogs.ugto.mx\/rea\/clase-digital-8-vibracion-de-columnas-de-aire-ondas-sonoras-audibles-y-cualidades-del-sonido\/","title":{"rendered":"Clase digital 8. Vibraci\u00f3n de columnas de aire, ondas sonoras audibles y cualidades del sonido"},"content":{"rendered":"\n\n\n<div class=\"wp-block-cover\" style=\"min-height:284px;aspect-ratio:unset;\"><span aria-hidden=\"true\" class=\"wp-block-cover__background has-background-dim-40 has-background-dim\"><\/span><img decoding=\"async\" class=\"wp-block-cover__image-background wp-image-16976\" alt=\"\" src=\"data:image\/gif;base64,R0lGODlhAQABAIAAAAAAAP\/\/\/yH5BAEAAAAALAAAAAABAAEAAAIBRAA7\" data-src=\"https:\/\/blogs.ugto.mx\/rea\/wp-content\/uploads\/sites\/71\/2022\/08\/870970.jpg\" style=\"object-position:38% 82%\" data-object-fit=\"cover\" data-object-position=\"38% 82%\" \/><noscript><img loading=\"lazy\" decoding=\"async\" width=\"1280\" height=\"914\" class=\"wp-block-cover__image-background wp-image-16976\" alt=\"\" src=\"https:\/\/blogs.ugto.mx\/rea\/wp-content\/uploads\/sites\/71\/2022\/08\/870970.jpg\" style=\"object-position:38% 82%\" data-object-fit=\"cover\" data-object-position=\"38% 82%\" srcset=\"https:\/\/blogs.ugto.mx\/rea\/wp-content\/uploads\/sites\/71\/2022\/08\/870970.jpg 1280w, https:\/\/blogs.ugto.mx\/rea\/wp-content\/uploads\/sites\/71\/2022\/08\/870970-300x214.jpg 300w, https:\/\/blogs.ugto.mx\/rea\/wp-content\/uploads\/sites\/71\/2022\/08\/870970-1024x731.jpg 1024w, https:\/\/blogs.ugto.mx\/rea\/wp-content\/uploads\/sites\/71\/2022\/08\/870970-768x548.jpg 768w\" sizes=\"auto, (max-width: 1280px) 100vw, 1280px\" \/><\/noscript><div class=\"wp-block-cover__inner-container is-layout-flow wp-block-cover-is-layout-flow\">\n<p class=\"has-text-align-center has-base-3-color has-text-color has-large-font-size wp-block-paragraph\">Vibraci\u00f3n de columnas de aire, ondas sonoras audibles y cualidades del sonido<\/p>\n<\/div><\/div>\n\n\n\n<h2 class=\"wp-block-heading\" id=\"introduccion\">Introducci\u00f3n<\/h2>\n\n\n\n<p class=\"wp-block-paragraph\">\u00a1Hola!<\/p>\n\n\n\n<p class=\"wp-block-paragraph\">Me siento muy feliz al saber que sigues aprovechando este curso, espero que lo sigas disfrutando, por lo tanto te invito a comenzar nuestra octava clase.<\/p>\n\n\n\n<p class=\"wp-block-paragraph\">En esta sesi\u00f3n aprenderemos a usar las condiciones de frontera que nos permitir\u00e1n aplicar las frecuencias&nbsp; de vibraci\u00f3n del aire en tubos abiertos y tubos cerrados.&nbsp;<\/p>\n\n\n\n<p class=\"wp-block-paragraph\">De la misma manera estudiaremos la manera en que se puede calcular la intensidad sonora, el nivel de intensidad y la variaci\u00f3n de la intensidad en funci\u00f3n con la distancia desde la fuente sonora.<br>Tambi\u00e9n se estudiar\u00e1n las caracter\u00edsticas del sonido de tono y timbre, y su diferencia con respecto a la intensidad sonora.<\/p>\n\n\n\n<p class=\"wp-block-paragraph\">Comencemos con energ\u00eda y entusiasmo.<br>\u00a1Sigue adelante!<\/p>\n\n\n\n<h2 class=\"wp-block-heading\" id=\"desarrollo-del-tema\">Desarrollo del tema <\/h2>\n\n\n\n<h3 class=\"wp-block-heading\">Vibraci\u00f3n de columnas de aire<\/h3>\n\n\n\n<p class=\"wp-block-paragraph\">Ya se estudiaron en el tema de movimiento ondulatorio los modos de vibraci\u00f3n de un resorte fijo en ambos extremos. Las ondas sonoras que rodean a un resorte vibratorio poseen frecuencias id\u00e9nticas a las de \u00e9ste. As\u00ed, Tippens (2011) menciona que&nbsp; las frecuencias posibles o <em>arm\u00f3nicas<\/em> producidas por un resorte vibratorio est\u00e1n dadas por<\/p>\n\n\n<div class=\"wp-block-image is-style-default\">\n<figure class=\"aligncenter size-large\"><img decoding=\"async\" src=\"data:image\/gif;base64,R0lGODlhAQABAIAAAAAAAP\/\/\/yH5BAEAAAAALAAAAAABAAEAAAIBRAA7\" data-src=\"https:\/\/blogs.ugto.mx\/rea\/wp-content\/uploads\/sites\/71\/2022\/08\/Captura-de-Pantalla-2022-08-05-a-las-15.21.14-1024x69.png\" alt=\"\" class=\"wp-image-16980\" \/><noscript><img loading=\"lazy\" decoding=\"async\" width=\"1024\" height=\"69\" src=\"https:\/\/blogs.ugto.mx\/rea\/wp-content\/uploads\/sites\/71\/2022\/08\/Captura-de-Pantalla-2022-08-05-a-las-15.21.14-1024x69.png\" alt=\"\" class=\"wp-image-16980\" srcset=\"https:\/\/blogs.ugto.mx\/rea\/wp-content\/uploads\/sites\/71\/2022\/08\/Captura-de-Pantalla-2022-08-05-a-las-15.21.14-1024x69.png 1024w, https:\/\/blogs.ugto.mx\/rea\/wp-content\/uploads\/sites\/71\/2022\/08\/Captura-de-Pantalla-2022-08-05-a-las-15.21.14-300x20.png 300w, https:\/\/blogs.ugto.mx\/rea\/wp-content\/uploads\/sites\/71\/2022\/08\/Captura-de-Pantalla-2022-08-05-a-las-15.21.14-768x52.png 768w, https:\/\/blogs.ugto.mx\/rea\/wp-content\/uploads\/sites\/71\/2022\/08\/Captura-de-Pantalla-2022-08-05-a-las-15.21.14.png 1237w\" sizes=\"auto, (max-width: 1024px) 100vw, 1024px\" \/><\/noscript><\/figure>\n<\/div>\n\n\n<p class=\"wp-block-paragraph\">El sonido tambi\u00e9n puede producirse por las vibraciones de columnas de aire en un <em>tubo cerrado<\/em> (cerrado en un extremo), o en un <em>tubo abierto<\/em> (abierto en ambos extremos). Las longitudes de onda posibles para <strong>un tubo cerrado<\/strong> se muestran en la figura 8.1.<\/p>\n\n\n<div class=\"wp-block-image is-style-default\">\n<figure class=\"aligncenter size-large\"><img decoding=\"async\" src=\"data:image\/gif;base64,R0lGODlhAQABAIAAAAAAAP\/\/\/yH5BAEAAAAALAAAAAABAAEAAAIBRAA7\" data-src=\"https:\/\/blogs.ugto.mx\/rea\/wp-content\/uploads\/sites\/71\/2022\/08\/Captura-de-Pantalla-2022-08-05-a-las-15.21.24-1024x468.png\" alt=\"\" class=\"wp-image-16981\" \/><noscript><img loading=\"lazy\" decoding=\"async\" width=\"1024\" height=\"468\" src=\"https:\/\/blogs.ugto.mx\/rea\/wp-content\/uploads\/sites\/71\/2022\/08\/Captura-de-Pantalla-2022-08-05-a-las-15.21.24-1024x468.png\" alt=\"\" class=\"wp-image-16981\" srcset=\"https:\/\/blogs.ugto.mx\/rea\/wp-content\/uploads\/sites\/71\/2022\/08\/Captura-de-Pantalla-2022-08-05-a-las-15.21.24-1024x468.png 1024w, https:\/\/blogs.ugto.mx\/rea\/wp-content\/uploads\/sites\/71\/2022\/08\/Captura-de-Pantalla-2022-08-05-a-las-15.21.24-300x137.png 300w, https:\/\/blogs.ugto.mx\/rea\/wp-content\/uploads\/sites\/71\/2022\/08\/Captura-de-Pantalla-2022-08-05-a-las-15.21.24-768x351.png 768w, https:\/\/blogs.ugto.mx\/rea\/wp-content\/uploads\/sites\/71\/2022\/08\/Captura-de-Pantalla-2022-08-05-a-las-15.21.24.png 1239w\" sizes=\"auto, (max-width: 1024px) 100vw, 1024px\" \/><\/noscript><figcaption><strong>Fig. 8.1<\/strong>&nbsp; Ondas estacionarias posibles en un tubo cerrado.<br>Fuente: (Tippens, 2011, p. 446)<\/figcaption><\/figure>\n<\/div>\n\n\n<p class=\"wp-block-paragraph\">De manera general, las longitudes de onda posibles se pueden representar por la expresi\u00f3n<\/p>\n\n\n<div class=\"wp-block-image is-style-default\">\n<figure class=\"aligncenter size-large\"><img decoding=\"async\" src=\"data:image\/gif;base64,R0lGODlhAQABAIAAAAAAAP\/\/\/yH5BAEAAAAALAAAAAABAAEAAAIBRAA7\" data-src=\"https:\/\/blogs.ugto.mx\/rea\/wp-content\/uploads\/sites\/71\/2022\/08\/Captura-de-Pantalla-2022-08-05-a-las-15.21.31-1024x74.png\" alt=\"\" class=\"wp-image-16982\" \/><noscript><img loading=\"lazy\" decoding=\"async\" width=\"1024\" height=\"74\" src=\"https:\/\/blogs.ugto.mx\/rea\/wp-content\/uploads\/sites\/71\/2022\/08\/Captura-de-Pantalla-2022-08-05-a-las-15.21.31-1024x74.png\" alt=\"\" class=\"wp-image-16982\" srcset=\"https:\/\/blogs.ugto.mx\/rea\/wp-content\/uploads\/sites\/71\/2022\/08\/Captura-de-Pantalla-2022-08-05-a-las-15.21.31-1024x74.png 1024w, https:\/\/blogs.ugto.mx\/rea\/wp-content\/uploads\/sites\/71\/2022\/08\/Captura-de-Pantalla-2022-08-05-a-las-15.21.31-300x22.png 300w, https:\/\/blogs.ugto.mx\/rea\/wp-content\/uploads\/sites\/71\/2022\/08\/Captura-de-Pantalla-2022-08-05-a-las-15.21.31-768x55.png 768w, https:\/\/blogs.ugto.mx\/rea\/wp-content\/uploads\/sites\/71\/2022\/08\/Captura-de-Pantalla-2022-08-05-a-las-15.21.31.png 1236w\" sizes=\"auto, (max-width: 1024px) 100vw, 1024px\" \/><\/noscript><\/figure>\n<\/div>\n\n\n<p class=\"wp-block-paragraph\">Y puesto que la velocidad de propagaci\u00f3n de la onda es&nbsp;v=f\u03bb, entonces las frecuencias posibles para un <em>tubo cerrado<\/em> son<\/p>\n\n\n<div class=\"wp-block-image is-style-default\">\n<figure class=\"aligncenter size-large\"><img decoding=\"async\" src=\"data:image\/gif;base64,R0lGODlhAQABAIAAAAAAAP\/\/\/yH5BAEAAAAALAAAAAABAAEAAAIBRAA7\" data-src=\"https:\/\/blogs.ugto.mx\/rea\/wp-content\/uploads\/sites\/71\/2022\/08\/Captura-de-Pantalla-2022-08-05-a-las-15.21.35-1024x70.png\" alt=\"\" class=\"wp-image-16983\" \/><noscript><img loading=\"lazy\" decoding=\"async\" width=\"1024\" height=\"70\" src=\"https:\/\/blogs.ugto.mx\/rea\/wp-content\/uploads\/sites\/71\/2022\/08\/Captura-de-Pantalla-2022-08-05-a-las-15.21.35-1024x70.png\" alt=\"\" class=\"wp-image-16983\" srcset=\"https:\/\/blogs.ugto.mx\/rea\/wp-content\/uploads\/sites\/71\/2022\/08\/Captura-de-Pantalla-2022-08-05-a-las-15.21.35-1024x70.png 1024w, https:\/\/blogs.ugto.mx\/rea\/wp-content\/uploads\/sites\/71\/2022\/08\/Captura-de-Pantalla-2022-08-05-a-las-15.21.35-300x20.png 300w, https:\/\/blogs.ugto.mx\/rea\/wp-content\/uploads\/sites\/71\/2022\/08\/Captura-de-Pantalla-2022-08-05-a-las-15.21.35-768x52.png 768w, https:\/\/blogs.ugto.mx\/rea\/wp-content\/uploads\/sites\/71\/2022\/08\/Captura-de-Pantalla-2022-08-05-a-las-15.21.35.png 1232w\" sizes=\"auto, (max-width: 1024px) 100vw, 1024px\" \/><\/noscript><\/figure>\n<\/div>\n\n\n<p class=\"wp-block-paragraph\">Observa que, seg\u00fan los valores que puede tomar n, el primer sobretono corresponde a la tercera arm\u00f3nica, el segundo sobretono a la quinta arm\u00f3nica, etc.<br><br>Cuando el sonido se produce por las vibraciones de columnas de aire en un <em>tubo abierto<\/em> (abierto en ambos extremos), las longitudes de onda posibles se muestran en la figura 8.2.<\/p>\n\n\n<div class=\"wp-block-image is-style-default\">\n<figure class=\"aligncenter size-large\"><img decoding=\"async\" src=\"data:image\/gif;base64,R0lGODlhAQABAIAAAAAAAP\/\/\/yH5BAEAAAAALAAAAAABAAEAAAIBRAA7\" data-src=\"https:\/\/blogs.ugto.mx\/rea\/wp-content\/uploads\/sites\/71\/2022\/08\/Captura-de-Pantalla-2022-08-05-a-las-15.21.50-1024x483.png\" alt=\"\" class=\"wp-image-16984\" \/><noscript><img loading=\"lazy\" decoding=\"async\" width=\"1024\" height=\"483\" src=\"https:\/\/blogs.ugto.mx\/rea\/wp-content\/uploads\/sites\/71\/2022\/08\/Captura-de-Pantalla-2022-08-05-a-las-15.21.50-1024x483.png\" alt=\"\" class=\"wp-image-16984\" srcset=\"https:\/\/blogs.ugto.mx\/rea\/wp-content\/uploads\/sites\/71\/2022\/08\/Captura-de-Pantalla-2022-08-05-a-las-15.21.50-1024x483.png 1024w, https:\/\/blogs.ugto.mx\/rea\/wp-content\/uploads\/sites\/71\/2022\/08\/Captura-de-Pantalla-2022-08-05-a-las-15.21.50-300x142.png 300w, https:\/\/blogs.ugto.mx\/rea\/wp-content\/uploads\/sites\/71\/2022\/08\/Captura-de-Pantalla-2022-08-05-a-las-15.21.50-768x362.png 768w, https:\/\/blogs.ugto.mx\/rea\/wp-content\/uploads\/sites\/71\/2022\/08\/Captura-de-Pantalla-2022-08-05-a-las-15.21.50.png 1231w\" sizes=\"auto, (max-width: 1024px) 100vw, 1024px\" \/><\/noscript><figcaption><strong>Fig. 8.2 <\/strong><em>Ondas estacionarias posibles en un tubo abierto.<\/em><br>Fuente: (Tippens, 2011, p. 447) <\/figcaption><\/figure>\n<\/div>\n\n\n<p class=\"wp-block-paragraph\">En general, las longitudes de onda posibles en un <em>tubo abierto<\/em> est\u00e1n dadas por<\/p>\n\n\n<div class=\"wp-block-image is-style-default\">\n<figure class=\"aligncenter size-large\"><img decoding=\"async\" src=\"data:image\/gif;base64,R0lGODlhAQABAIAAAAAAAP\/\/\/yH5BAEAAAAALAAAAAABAAEAAAIBRAA7\" data-src=\"https:\/\/blogs.ugto.mx\/rea\/wp-content\/uploads\/sites\/71\/2022\/08\/Captura-de-Pantalla-2022-08-05-a-las-15.21.57-1024x59.png\" alt=\"\" class=\"wp-image-16985\" \/><noscript><img loading=\"lazy\" decoding=\"async\" width=\"1024\" height=\"59\" src=\"https:\/\/blogs.ugto.mx\/rea\/wp-content\/uploads\/sites\/71\/2022\/08\/Captura-de-Pantalla-2022-08-05-a-las-15.21.57-1024x59.png\" alt=\"\" class=\"wp-image-16985\" srcset=\"https:\/\/blogs.ugto.mx\/rea\/wp-content\/uploads\/sites\/71\/2022\/08\/Captura-de-Pantalla-2022-08-05-a-las-15.21.57-1024x59.png 1024w, https:\/\/blogs.ugto.mx\/rea\/wp-content\/uploads\/sites\/71\/2022\/08\/Captura-de-Pantalla-2022-08-05-a-las-15.21.57-300x17.png 300w, https:\/\/blogs.ugto.mx\/rea\/wp-content\/uploads\/sites\/71\/2022\/08\/Captura-de-Pantalla-2022-08-05-a-las-15.21.57-768x45.png 768w, https:\/\/blogs.ugto.mx\/rea\/wp-content\/uploads\/sites\/71\/2022\/08\/Captura-de-Pantalla-2022-08-05-a-las-15.21.57.png 1225w\" sizes=\"auto, (max-width: 1024px) 100vw, 1024px\" \/><\/noscript><\/figure>\n<\/div>\n\n\n<p class=\"wp-block-paragraph\">Entonces, las frecuencias posibles para un <em>tubo abierto<\/em> son<\/p>\n\n\n<div class=\"wp-block-image is-style-default\">\n<figure class=\"aligncenter size-large\"><img decoding=\"async\" src=\"data:image\/gif;base64,R0lGODlhAQABAIAAAAAAAP\/\/\/yH5BAEAAAAALAAAAAABAAEAAAIBRAA7\" data-src=\"https:\/\/blogs.ugto.mx\/rea\/wp-content\/uploads\/sites\/71\/2022\/08\/Captura-de-Pantalla-2022-08-05-a-las-15.22.02-1024x60.png\" alt=\"\" class=\"wp-image-16986\" \/><noscript><img loading=\"lazy\" decoding=\"async\" width=\"1024\" height=\"60\" src=\"https:\/\/blogs.ugto.mx\/rea\/wp-content\/uploads\/sites\/71\/2022\/08\/Captura-de-Pantalla-2022-08-05-a-las-15.22.02-1024x60.png\" alt=\"\" class=\"wp-image-16986\" srcset=\"https:\/\/blogs.ugto.mx\/rea\/wp-content\/uploads\/sites\/71\/2022\/08\/Captura-de-Pantalla-2022-08-05-a-las-15.22.02-1024x60.png 1024w, https:\/\/blogs.ugto.mx\/rea\/wp-content\/uploads\/sites\/71\/2022\/08\/Captura-de-Pantalla-2022-08-05-a-las-15.22.02-300x18.png 300w, https:\/\/blogs.ugto.mx\/rea\/wp-content\/uploads\/sites\/71\/2022\/08\/Captura-de-Pantalla-2022-08-05-a-las-15.22.02-768x45.png 768w, https:\/\/blogs.ugto.mx\/rea\/wp-content\/uploads\/sites\/71\/2022\/08\/Captura-de-Pantalla-2022-08-05-a-las-15.22.02.png 1236w\" sizes=\"auto, (max-width: 1024px) 100vw, 1024px\" \/><\/noscript><\/figure>\n<\/div>\n\n\n<p class=\"wp-block-paragraph\">Los tubos abiertos, (Tippens, 2011:447), se usan en gran n\u00famero de instrumentos musicales, tales como \u00f3rganos, flautas y trompetas. A continuaci\u00f3n se resuelven algunos ejemplos.<\/p>\n\n\n\n<p class=\"wp-block-paragraph\">1. VIDEO Frecuencias del sonido en tubos cerrados (5:10):<\/p>\n\n\n\n<figure class=\"wp-block-video\"><video height=\"1800\" style=\"aspect-ratio: 2880 \/ 1800;\" width=\"2880\" controls src=\"https:\/\/blogs.ugto.mx\/rea\/wp-content\/uploads\/sites\/71\/2022\/08\/VIDEO-Frec.-Tubo-Cerrado.mov\"><\/video><\/figure>\n\n\n\n<p class=\"wp-block-paragraph\">2. VIDEO Frecuencias del sonido en tubos abiertos (2:52):<\/p>\n\n\n\n<figure class=\"wp-block-video\"><video height=\"1800\" style=\"aspect-ratio: 2880 \/ 1800;\" width=\"2880\" controls src=\"https:\/\/blogs.ugto.mx\/rea\/wp-content\/uploads\/sites\/71\/2022\/08\/VIDEO-Frec.-Tubo-Abierto.mov\"><\/video><\/figure>\n\n\n\n<h3 class=\"wp-block-heading\">Intensidad del sonido<\/h3>\n\n\n\n<p class=\"wp-block-paragraph\">Con respecto a la capacidad de las ondas sonoras para impactar el sentido del o\u00eddo, es conveniente dividir el espectro de estas ondas en tres intervalos de frecuencia; de acuerdo con Tippens (2011) los tres niveles ser\u00edan: <strong>sonido audible (<\/strong>20-20,000 Hz), <strong>sonido infras\u00f3nico<\/strong> (&lt; 20 Hz) y <strong>sonido ultras\u00f3nico <\/strong>(&gt; 20, 000 Hz). (p. 448).<\/p>\n\n\n\n<p class=\"wp-block-paragraph\">En F\u00edsica, cuando se estudian los sonidos audibles se consideran las propiedades f\u00edsicas de las ondas tales como la fuerza del sonido, el tono o la calidad, y no sus efectos sensoriales. Por lo tanto, la F\u00edsica estudia la intensidad y no el volumen, la frecuencia y no el tono, la forma de las ondas y no el timbre.&nbsp;Puesto que las ondas sonoras son energ\u00eda que se transfiere en un medio, una forma de especificar la intensidad de una onda sonora es, seg\u00fan Tippens (2011) \u201cla intensidad sonora <strong>I<\/strong> es la potencia transferida <strong>P<\/strong> por una onda sonora a trav\u00e9s de la unidad de \u00e1rea <strong>A<\/strong> normal a la direcci\u00f3n de la propagaci\u00f3n\u201d. (p. 449).<\/p>\n\n\n<div class=\"wp-block-image is-style-default\">\n<figure class=\"aligncenter size-large\"><img decoding=\"async\" src=\"data:image\/gif;base64,R0lGODlhAQABAIAAAAAAAP\/\/\/yH5BAEAAAAALAAAAAABAAEAAAIBRAA7\" data-src=\"https:\/\/blogs.ugto.mx\/rea\/wp-content\/uploads\/sites\/71\/2022\/08\/Captura-de-Pantalla-2022-08-05-a-las-15.22.09-1024x260.png\" alt=\"\" class=\"wp-image-16987\" \/><noscript><img loading=\"lazy\" decoding=\"async\" width=\"1024\" height=\"260\" src=\"https:\/\/blogs.ugto.mx\/rea\/wp-content\/uploads\/sites\/71\/2022\/08\/Captura-de-Pantalla-2022-08-05-a-las-15.22.09-1024x260.png\" alt=\"\" class=\"wp-image-16987\" srcset=\"https:\/\/blogs.ugto.mx\/rea\/wp-content\/uploads\/sites\/71\/2022\/08\/Captura-de-Pantalla-2022-08-05-a-las-15.22.09-1024x260.png 1024w, https:\/\/blogs.ugto.mx\/rea\/wp-content\/uploads\/sites\/71\/2022\/08\/Captura-de-Pantalla-2022-08-05-a-las-15.22.09-300x76.png 300w, https:\/\/blogs.ugto.mx\/rea\/wp-content\/uploads\/sites\/71\/2022\/08\/Captura-de-Pantalla-2022-08-05-a-las-15.22.09-768x195.png 768w, https:\/\/blogs.ugto.mx\/rea\/wp-content\/uploads\/sites\/71\/2022\/08\/Captura-de-Pantalla-2022-08-05-a-las-15.22.09.png 1237w\" sizes=\"auto, (max-width: 1024px) 100vw, 1024px\" \/><\/noscript><figcaption><strong>Fig. 8.3 <\/strong><em>Intensidad de la onda sonor<\/em>a<br>Fuente: (Tippens, 2011, p. 449)<\/figcaption><\/figure>\n<\/div>\n\n\n<p class=\"wp-block-paragraph\">Las unidades correspondientes para la intensidad ser\u00edan W\/m<sup>2<\/sup>, pero esta unidad es muy grande, por lo que se utiliza el&nbsp;\u03bcW\/cm2. El factor de conversi\u00f3n es<\/p>\n\n\n<div class=\"wp-block-image is-style-default\">\n<figure class=\"aligncenter size-large\"><img decoding=\"async\" src=\"data:image\/gif;base64,R0lGODlhAQABAIAAAAAAAP\/\/\/yH5BAEAAAAALAAAAAABAAEAAAIBRAA7\" data-src=\"https:\/\/blogs.ugto.mx\/rea\/wp-content\/uploads\/sites\/71\/2022\/08\/Captura-de-Pantalla-2022-08-05-a-las-15.22.15-1024x67.png\" alt=\"\" class=\"wp-image-16988\" \/><noscript><img loading=\"lazy\" decoding=\"async\" width=\"1024\" height=\"67\" src=\"https:\/\/blogs.ugto.mx\/rea\/wp-content\/uploads\/sites\/71\/2022\/08\/Captura-de-Pantalla-2022-08-05-a-las-15.22.15-1024x67.png\" alt=\"\" class=\"wp-image-16988\" srcset=\"https:\/\/blogs.ugto.mx\/rea\/wp-content\/uploads\/sites\/71\/2022\/08\/Captura-de-Pantalla-2022-08-05-a-las-15.22.15-1024x67.png 1024w, https:\/\/blogs.ugto.mx\/rea\/wp-content\/uploads\/sites\/71\/2022\/08\/Captura-de-Pantalla-2022-08-05-a-las-15.22.15-300x20.png 300w, https:\/\/blogs.ugto.mx\/rea\/wp-content\/uploads\/sites\/71\/2022\/08\/Captura-de-Pantalla-2022-08-05-a-las-15.22.15-768x50.png 768w, https:\/\/blogs.ugto.mx\/rea\/wp-content\/uploads\/sites\/71\/2022\/08\/Captura-de-Pantalla-2022-08-05-a-las-15.22.15.png 1234w\" sizes=\"auto, (max-width: 1024px) 100vw, 1024px\" \/><\/noscript><\/figure>\n<\/div>\n\n\n<p class=\"wp-block-paragraph\">Para las ondas sonoras se cumple que la intensidad est\u00e1 dada por<\/p>\n\n\n<div class=\"wp-block-image is-style-default\">\n<figure class=\"aligncenter size-large\"><img decoding=\"async\" src=\"data:image\/gif;base64,R0lGODlhAQABAIAAAAAAAP\/\/\/yH5BAEAAAAALAAAAAABAAEAAAIBRAA7\" data-src=\"https:\/\/blogs.ugto.mx\/rea\/wp-content\/uploads\/sites\/71\/2022\/08\/Captura-de-Pantalla-2022-08-05-a-las-15.22.22-1024x63.png\" alt=\"\" class=\"wp-image-16989\" \/><noscript><img loading=\"lazy\" decoding=\"async\" width=\"1024\" height=\"63\" src=\"https:\/\/blogs.ugto.mx\/rea\/wp-content\/uploads\/sites\/71\/2022\/08\/Captura-de-Pantalla-2022-08-05-a-las-15.22.22-1024x63.png\" alt=\"\" class=\"wp-image-16989\" srcset=\"https:\/\/blogs.ugto.mx\/rea\/wp-content\/uploads\/sites\/71\/2022\/08\/Captura-de-Pantalla-2022-08-05-a-las-15.22.22-1024x63.png 1024w, https:\/\/blogs.ugto.mx\/rea\/wp-content\/uploads\/sites\/71\/2022\/08\/Captura-de-Pantalla-2022-08-05-a-las-15.22.22-300x18.png 300w, https:\/\/blogs.ugto.mx\/rea\/wp-content\/uploads\/sites\/71\/2022\/08\/Captura-de-Pantalla-2022-08-05-a-las-15.22.22-768x47.png 768w, https:\/\/blogs.ugto.mx\/rea\/wp-content\/uploads\/sites\/71\/2022\/08\/Captura-de-Pantalla-2022-08-05-a-las-15.22.22.png 1236w\" sizes=\"auto, (max-width: 1024px) 100vw, 1024px\" \/><\/noscript><\/figure>\n<\/div>\n\n\n<p class=\"wp-block-paragraph\">En esta expresi\u00f3n&nbsp;<em>v<\/em> es la velocidad del sonido en un medio de densidad y A representa la amplitud de onda.La intensidad I<sub>0<\/sub> m\u00ednima para que un sonido sea audible se conoce como <strong>umbral auditivo<\/strong>. A una frecuencia de 1000 Hz, su valor es<\/p>\n\n\n<div class=\"wp-block-image is-style-default\">\n<figure class=\"aligncenter size-large\"><img decoding=\"async\" src=\"data:image\/gif;base64,R0lGODlhAQABAIAAAAAAAP\/\/\/yH5BAEAAAAALAAAAAABAAEAAAIBRAA7\" data-src=\"https:\/\/blogs.ugto.mx\/rea\/wp-content\/uploads\/sites\/71\/2022\/08\/Captura-de-Pantalla-2022-08-05-a-las-15.22.28-1024x73.png\" alt=\"\" class=\"wp-image-16990\" \/><noscript><img loading=\"lazy\" decoding=\"async\" width=\"1024\" height=\"73\" src=\"https:\/\/blogs.ugto.mx\/rea\/wp-content\/uploads\/sites\/71\/2022\/08\/Captura-de-Pantalla-2022-08-05-a-las-15.22.28-1024x73.png\" alt=\"\" class=\"wp-image-16990\" srcset=\"https:\/\/blogs.ugto.mx\/rea\/wp-content\/uploads\/sites\/71\/2022\/08\/Captura-de-Pantalla-2022-08-05-a-las-15.22.28-1024x73.png 1024w, https:\/\/blogs.ugto.mx\/rea\/wp-content\/uploads\/sites\/71\/2022\/08\/Captura-de-Pantalla-2022-08-05-a-las-15.22.28-300x21.png 300w, https:\/\/blogs.ugto.mx\/rea\/wp-content\/uploads\/sites\/71\/2022\/08\/Captura-de-Pantalla-2022-08-05-a-las-15.22.28-768x55.png 768w, https:\/\/blogs.ugto.mx\/rea\/wp-content\/uploads\/sites\/71\/2022\/08\/Captura-de-Pantalla-2022-08-05-a-las-15.22.28.png 1233w\" sizes=\"auto, (max-width: 1024px) 100vw, 1024px\" \/><\/noscript><\/figure>\n<\/div>\n\n\n<p class=\"wp-block-paragraph\">El <strong>umbral de dolor<\/strong> representa la intensidad m\u00e1xima que el o\u00eddo promedio puede registrar sin sentir dolor y su valor es<\/p>\n\n\n<div class=\"wp-block-image is-style-default\">\n<figure class=\"aligncenter size-large\"><img decoding=\"async\" src=\"data:image\/gif;base64,R0lGODlhAQABAIAAAAAAAP\/\/\/yH5BAEAAAAALAAAAAABAAEAAAIBRAA7\" data-src=\"https:\/\/blogs.ugto.mx\/rea\/wp-content\/uploads\/sites\/71\/2022\/08\/Captura-de-Pantalla-2022-08-05-a-las-15.22.36-1024x58.png\" alt=\"\" class=\"wp-image-16991\" \/><noscript><img loading=\"lazy\" decoding=\"async\" width=\"1024\" height=\"58\" src=\"https:\/\/blogs.ugto.mx\/rea\/wp-content\/uploads\/sites\/71\/2022\/08\/Captura-de-Pantalla-2022-08-05-a-las-15.22.36-1024x58.png\" alt=\"\" class=\"wp-image-16991\" srcset=\"https:\/\/blogs.ugto.mx\/rea\/wp-content\/uploads\/sites\/71\/2022\/08\/Captura-de-Pantalla-2022-08-05-a-las-15.22.36-1024x58.png 1024w, https:\/\/blogs.ugto.mx\/rea\/wp-content\/uploads\/sites\/71\/2022\/08\/Captura-de-Pantalla-2022-08-05-a-las-15.22.36-300x17.png 300w, https:\/\/blogs.ugto.mx\/rea\/wp-content\/uploads\/sites\/71\/2022\/08\/Captura-de-Pantalla-2022-08-05-a-las-15.22.36-768x44.png 768w, https:\/\/blogs.ugto.mx\/rea\/wp-content\/uploads\/sites\/71\/2022\/08\/Captura-de-Pantalla-2022-08-05-a-las-15.22.36.png 1243w\" sizes=\"auto, (max-width: 1024px) 100vw, 1024px\" \/><\/noscript><\/figure>\n<\/div>\n\n\n<p class=\"wp-block-paragraph\">Debido a que el intervalo de intensidades a las cuales es sensible el o\u00eddo humano es muy amplio, se establece una escala logar\u00edtmica, para Tippens (2011) <em>\u201cCuando la intensidad <\/em><strong><em>I<sub>1<\/sub><\/em><\/strong><em> de un sonido es 10 veces mayor que la intensidad <\/em><strong><em>I<sub>2<\/sub><\/em><\/strong><em> de otro, se dice que la relaci\u00f3n de intensidades es de 1 bel (B)\u201d<\/em>. (p. 450). De tal manera que cuando comparamos la intensidad de dos sonidos, se hace referencia a los niveles de intensidad dada por<\/p>\n\n\n<div class=\"wp-block-image is-style-default\">\n<figure class=\"aligncenter size-large\"><img decoding=\"async\" src=\"data:image\/gif;base64,R0lGODlhAQABAIAAAAAAAP\/\/\/yH5BAEAAAAALAAAAAABAAEAAAIBRAA7\" data-src=\"https:\/\/blogs.ugto.mx\/rea\/wp-content\/uploads\/sites\/71\/2022\/08\/Captura-de-Pantalla-2022-08-05-a-las-15.22.53-1024x66.png\" alt=\"\" class=\"wp-image-16992\" \/><noscript><img loading=\"lazy\" decoding=\"async\" width=\"1024\" height=\"66\" src=\"https:\/\/blogs.ugto.mx\/rea\/wp-content\/uploads\/sites\/71\/2022\/08\/Captura-de-Pantalla-2022-08-05-a-las-15.22.53-1024x66.png\" alt=\"\" class=\"wp-image-16992\" srcset=\"https:\/\/blogs.ugto.mx\/rea\/wp-content\/uploads\/sites\/71\/2022\/08\/Captura-de-Pantalla-2022-08-05-a-las-15.22.53-1024x66.png 1024w, https:\/\/blogs.ugto.mx\/rea\/wp-content\/uploads\/sites\/71\/2022\/08\/Captura-de-Pantalla-2022-08-05-a-las-15.22.53-300x19.png 300w, https:\/\/blogs.ugto.mx\/rea\/wp-content\/uploads\/sites\/71\/2022\/08\/Captura-de-Pantalla-2022-08-05-a-las-15.22.53-768x49.png 768w, https:\/\/blogs.ugto.mx\/rea\/wp-content\/uploads\/sites\/71\/2022\/08\/Captura-de-Pantalla-2022-08-05-a-las-15.22.53.png 1231w\" sizes=\"auto, (max-width: 1024px) 100vw, 1024px\" \/><\/noscript><\/figure>\n<\/div>\n\n\n<p class=\"wp-block-paragraph\">donde I<sub>1<\/sub> es la intensidad de un sonido e I<sub>2<\/sub> la de otro.&nbsp;<br>Dado que 1 <strong>bel<\/strong> (B) representa una cantidad muy grande, se define el <strong>decibel<\/strong> (dB), que es la d\u00e9cima parte del bel.&nbsp;<br>Si se usa la intensidad I<sub>0<\/sub> como referencia para comparar todas las intensidades, se establece entonces una escala general para medir cualquier sonido. Por tanto, el <strong>nivel de intensidad <strong>\u03b2<\/strong><\/strong> en decibeles (dB) de cualquier sonido I se puede calcular con la f\u00f3rmula<\/p>\n\n\n<div class=\"wp-block-image is-style-default\">\n<figure class=\"aligncenter size-large\"><img decoding=\"async\" src=\"data:image\/gif;base64,R0lGODlhAQABAIAAAAAAAP\/\/\/yH5BAEAAAAALAAAAAABAAEAAAIBRAA7\" data-src=\"https:\/\/blogs.ugto.mx\/rea\/wp-content\/uploads\/sites\/71\/2022\/08\/Captura-de-Pantalla-2022-08-05-a-las-15.23.03-1024x65.png\" alt=\"\" class=\"wp-image-16993\" \/><noscript><img loading=\"lazy\" decoding=\"async\" width=\"1024\" height=\"65\" src=\"https:\/\/blogs.ugto.mx\/rea\/wp-content\/uploads\/sites\/71\/2022\/08\/Captura-de-Pantalla-2022-08-05-a-las-15.23.03-1024x65.png\" alt=\"\" class=\"wp-image-16993\" srcset=\"https:\/\/blogs.ugto.mx\/rea\/wp-content\/uploads\/sites\/71\/2022\/08\/Captura-de-Pantalla-2022-08-05-a-las-15.23.03-1024x65.png 1024w, https:\/\/blogs.ugto.mx\/rea\/wp-content\/uploads\/sites\/71\/2022\/08\/Captura-de-Pantalla-2022-08-05-a-las-15.23.03-300x19.png 300w, https:\/\/blogs.ugto.mx\/rea\/wp-content\/uploads\/sites\/71\/2022\/08\/Captura-de-Pantalla-2022-08-05-a-las-15.23.03-768x49.png 768w, https:\/\/blogs.ugto.mx\/rea\/wp-content\/uploads\/sites\/71\/2022\/08\/Captura-de-Pantalla-2022-08-05-a-las-15.23.03.png 1234w\" sizes=\"auto, (max-width: 1024px) 100vw, 1024px\" \/><\/noscript><\/figure>\n<\/div>\n\n\n<p class=\"wp-block-paragraph\">donde I<sub>0<\/sub> es el valor del umbral auditivo (1&#215;10<sup>-12<\/sup> W\/m<sup>2<\/sup>). Si calculamos el nivel de intensidad del umbral auditivo I<sub>0<\/sub> obtendremos, como debe ser, el resultado 0 dB, el inicio de la escala de nivel de intensidades.<\/p>\n\n\n\n<p class=\"wp-block-paragraph\">En apoyo a tu aprendizaje te invito a ver los siguientes videos:<\/p>\n\n\n\n<p class=\"wp-block-paragraph\">3. Nivel de intensidad sonora (10:56):<\/p>\n\n\n\n<figure class=\"wp-block-embed is-type-video is-provider-youtube wp-block-embed-youtube wp-embed-aspect-16-9 wp-has-aspect-ratio\"><div class=\"wp-block-embed__wrapper\">\n<iframe loading=\"lazy\" title=\"2- Ondas: Sonido - Nivel de intensidad sonora\" width=\"1200\" height=\"675\" src=\"https:\/\/www.youtube.com\/embed\/-Av7u-DitF8?feature=oembed\" frameborder=\"0\" allow=\"accelerometer; autoplay; clipboard-write; encrypted-media; gyroscope; picture-in-picture\" allowfullscreen><\/iframe>\n<\/div><\/figure>\n\n\n\n<p class=\"wp-block-paragraph\">4. Problema de nivel de intensidad sonora (6:55):<\/p>\n\n\n\n<figure class=\"wp-block-embed is-type-video is-provider-youtube wp-block-embed-youtube wp-embed-aspect-16-9 wp-has-aspect-ratio\"><div class=\"wp-block-embed__wrapper\">\n<iframe loading=\"lazy\" title=\"EJERCICIO: NIVEL DE INTENSIDAD DE SONIDO - Hola Genio!\" width=\"1200\" height=\"675\" src=\"https:\/\/www.youtube.com\/embed\/v3GbV85xHiE?feature=oembed\" frameborder=\"0\" allow=\"accelerometer; autoplay; clipboard-write; encrypted-media; gyroscope; picture-in-picture\" allowfullscreen><\/iframe>\n<\/div><\/figure>\n\n\n\n<p class=\"wp-block-paragraph\">Cuando el sonido se propaga desde una fuente isom\u00e9trica, la intensidad del sonido en cualquier punto a una distancia r de la fuente, disminuye a medida que r aumenta.<\/p>\n\n\n<div class=\"wp-block-image is-style-default\">\n<figure class=\"aligncenter size-large is-resized\"><img loading=\"lazy\" decoding=\"async\" src=\"data:image\/gif;base64,R0lGODlhAQABAIAAAAAAAP\/\/\/yH5BAEAAAAALAAAAAABAAEAAAIBRAA7\" data-src=\"https:\/\/blogs.ugto.mx\/rea\/wp-content\/uploads\/sites\/71\/2022\/08\/Captura-de-Pantalla-2022-08-08-a-las-13.12.27-1024x472.png\" alt=\"\" class=\"wp-image-17329\" width=\"768\" height=\"354\" \/><noscript><img loading=\"lazy\" decoding=\"async\" src=\"https:\/\/blogs.ugto.mx\/rea\/wp-content\/uploads\/sites\/71\/2022\/08\/Captura-de-Pantalla-2022-08-08-a-las-13.12.27-1024x472.png\" alt=\"\" class=\"wp-image-17329\" width=\"768\" height=\"354\" srcset=\"https:\/\/blogs.ugto.mx\/rea\/wp-content\/uploads\/sites\/71\/2022\/08\/Captura-de-Pantalla-2022-08-08-a-las-13.12.27-1024x472.png 1024w, https:\/\/blogs.ugto.mx\/rea\/wp-content\/uploads\/sites\/71\/2022\/08\/Captura-de-Pantalla-2022-08-08-a-las-13.12.27-300x138.png 300w, https:\/\/blogs.ugto.mx\/rea\/wp-content\/uploads\/sites\/71\/2022\/08\/Captura-de-Pantalla-2022-08-08-a-las-13.12.27-768x354.png 768w, https:\/\/blogs.ugto.mx\/rea\/wp-content\/uploads\/sites\/71\/2022\/08\/Captura-de-Pantalla-2022-08-08-a-las-13.12.27.png 1206w\" sizes=\"auto, (max-width: 768px) 100vw, 768px\" \/><\/noscript><figcaption>Fig 8.4 &nbsp;&nbsp;Propagaci\u00f3n radial de las fuentes sonoras a partir de una fuente isom\u00e9trica.<br>&nbsp;&nbsp;Fuente: (Tippens, 2011, p. 451)<\/figcaption><\/figure>\n<\/div>\n\n\n<p class=\"wp-block-paragraph\">Puesto que el \u00e1rea de una esfera es&nbsp;4\u03c0r2, entonces la f\u00f3rmula para la intensidad toma la siguiente forma<\/p>\n\n\n<div class=\"wp-block-image is-style-default\">\n<figure class=\"aligncenter size-large\"><img decoding=\"async\" src=\"data:image\/gif;base64,R0lGODlhAQABAIAAAAAAAP\/\/\/yH5BAEAAAAALAAAAAABAAEAAAIBRAA7\" data-src=\"https:\/\/blogs.ugto.mx\/rea\/wp-content\/uploads\/sites\/71\/2022\/08\/Captura-de-Pantalla-2022-08-05-a-las-15.23.22-1024x57.png\" alt=\"\" class=\"wp-image-16995\" \/><noscript><img loading=\"lazy\" decoding=\"async\" width=\"1024\" height=\"57\" src=\"https:\/\/blogs.ugto.mx\/rea\/wp-content\/uploads\/sites\/71\/2022\/08\/Captura-de-Pantalla-2022-08-05-a-las-15.23.22-1024x57.png\" alt=\"\" class=\"wp-image-16995\" srcset=\"https:\/\/blogs.ugto.mx\/rea\/wp-content\/uploads\/sites\/71\/2022\/08\/Captura-de-Pantalla-2022-08-05-a-las-15.23.22-1024x57.png 1024w, https:\/\/blogs.ugto.mx\/rea\/wp-content\/uploads\/sites\/71\/2022\/08\/Captura-de-Pantalla-2022-08-05-a-las-15.23.22-300x17.png 300w, https:\/\/blogs.ugto.mx\/rea\/wp-content\/uploads\/sites\/71\/2022\/08\/Captura-de-Pantalla-2022-08-05-a-las-15.23.22-768x43.png 768w, https:\/\/blogs.ugto.mx\/rea\/wp-content\/uploads\/sites\/71\/2022\/08\/Captura-de-Pantalla-2022-08-05-a-las-15.23.22.png 1235w\" sizes=\"auto, (max-width: 1024px) 100vw, 1024px\" \/><\/noscript><\/figure>\n<\/div>\n\n\n<p class=\"wp-block-paragraph\">Si analizamos el comportamiento de la I entre dos puntos cualesquiera situados en el espacio que circunda a la fuente sonora, como en la figura 8.4, obtenemos que<\/p>\n\n\n<div class=\"wp-block-image is-style-default\">\n<figure class=\"aligncenter size-large\"><img decoding=\"async\" src=\"data:image\/gif;base64,R0lGODlhAQABAIAAAAAAAP\/\/\/yH5BAEAAAAALAAAAAABAAEAAAIBRAA7\" data-src=\"https:\/\/blogs.ugto.mx\/rea\/wp-content\/uploads\/sites\/71\/2022\/08\/Captura-de-Pantalla-2022-08-05-a-las-15.23.26-1024x71.png\" alt=\"\" class=\"wp-image-16996\" \/><noscript><img loading=\"lazy\" decoding=\"async\" width=\"1024\" height=\"71\" src=\"https:\/\/blogs.ugto.mx\/rea\/wp-content\/uploads\/sites\/71\/2022\/08\/Captura-de-Pantalla-2022-08-05-a-las-15.23.26-1024x71.png\" alt=\"\" class=\"wp-image-16996\" srcset=\"https:\/\/blogs.ugto.mx\/rea\/wp-content\/uploads\/sites\/71\/2022\/08\/Captura-de-Pantalla-2022-08-05-a-las-15.23.26-1024x71.png 1024w, https:\/\/blogs.ugto.mx\/rea\/wp-content\/uploads\/sites\/71\/2022\/08\/Captura-de-Pantalla-2022-08-05-a-las-15.23.26-300x21.png 300w, https:\/\/blogs.ugto.mx\/rea\/wp-content\/uploads\/sites\/71\/2022\/08\/Captura-de-Pantalla-2022-08-05-a-las-15.23.26-768x53.png 768w, https:\/\/blogs.ugto.mx\/rea\/wp-content\/uploads\/sites\/71\/2022\/08\/Captura-de-Pantalla-2022-08-05-a-las-15.23.26.png 1232w\" sizes=\"auto, (max-width: 1024px) 100vw, 1024px\" \/><\/noscript><\/figure>\n<\/div>\n\n\n<p class=\"wp-block-paragraph\">Estudia los ejemplos de los siguientes videos:<\/p>\n\n\n\n<p class=\"wp-block-paragraph\">5. Intensidad sonora (6:03):<\/p>\n\n\n\n<figure class=\"wp-block-embed is-type-video is-provider-youtube wp-block-embed-youtube wp-embed-aspect-16-9 wp-has-aspect-ratio\"><div class=\"wp-block-embed__wrapper\">\n<iframe loading=\"lazy\" title=\"Intensidad sonora\" width=\"1200\" height=\"675\" src=\"https:\/\/www.youtube.com\/embed\/Rzwc_ysCRyU?feature=oembed\" frameborder=\"0\" allow=\"accelerometer; autoplay; clipboard-write; encrypted-media; gyroscope; picture-in-picture\" allowfullscreen><\/iframe>\n<\/div><\/figure>\n\n\n\n<p class=\"wp-block-paragraph\">6. Intensidad del sonido (11:08):<\/p>\n\n\n\n<figure class=\"wp-block-embed is-type-video is-provider-youtube wp-block-embed-youtube wp-embed-aspect-16-9 wp-has-aspect-ratio\"><div class=\"wp-block-embed__wrapper\">\n<iframe loading=\"lazy\" title=\"Ejercicio Intensidad del Sonido - Ondas Sonoras - Mi Profesor de Fisica - Video 057\" width=\"1200\" height=\"675\" src=\"https:\/\/www.youtube.com\/embed\/BfwkWvT12wY?feature=oembed\" frameborder=\"0\" allow=\"accelerometer; autoplay; clipboard-write; encrypted-media; gyroscope; picture-in-picture\" allowfullscreen><\/iframe>\n<\/div><\/figure>\n\n\n\n<h3 class=\"wp-block-heading\">Tono y calidad del sonido<\/h3>\n\n\n\n<p class=\"wp-block-paragraph\">La <strong>intensidad <\/strong>sonora, de acuerdo con Tippens (2011), la juzga el o\u00eddo humano como el <em>volumen <\/em>del sonido y la <strong>frecuencia<\/strong> determina el <em>tono<\/em>. (p. 452).<br>Si se captan sonidos de una misma frecuencia desde varios instrumentos musicales, tales como un piano, una flauta, una trompeta y un viol\u00edn, aunque sean del mismo tono, hay una diferencia muy clara en la <em>calidad<\/em> o <em>timbre<\/em> del sonido.&nbsp;<br>El video te ayudar\u00e1 a comprender la diferencia entre tono y timbre.<\/p>\n\n\n\n<p class=\"wp-block-paragraph\">7. Tono, timbre e intensidad del sonido (8:11):<\/p>\n\n\n\n<figure class=\"wp-block-embed is-type-video is-provider-youtube wp-block-embed-youtube wp-embed-aspect-16-9 wp-has-aspect-ratio\"><div class=\"wp-block-embed__wrapper\">\n<iframe loading=\"lazy\" title=\"El sonido (tono, timbre e intensidad)\" width=\"1200\" height=\"675\" src=\"https:\/\/www.youtube.com\/embed\/2yvnHegeYxg?feature=oembed\" frameborder=\"0\" allow=\"accelerometer; autoplay; clipboard-write; encrypted-media; gyroscope; picture-in-picture\" allowfullscreen><\/iframe>\n<\/div><\/figure>\n\n\n\n<h2 class=\"wp-block-heading\" id=\"conclusion\">Conclusi\u00f3n<\/h2>\n\n\n\n<p class=\"wp-block-paragraph\">En conclusi\u00f3n, en esta lecci\u00f3n estudiamos la vibraci\u00f3n del aire en tubos abiertos y tubos cerrados, ejemplos de los cuales encontramos en algunos instrumentos musicales tales como \u00f3rganos, flautas, trompetas, arm\u00f3nicas, etc. Aprendimos a calcular las frecuencias fundamentales y sus sobretonos, o si hablamos en t\u00e9rminos de la serie arm\u00f3nica, calculamos la primera, segunda y tercera arm\u00f3nica, etc.<\/p>\n\n\n\n<p class=\"wp-block-paragraph\">Tambi\u00e9n estudiamos la intensidad del sonido y ahora sabemos calcular la intensidad de una onda sonora y el nivel de intensidad en beles y en decibeles. Enseguida usamos la f\u00f3rmula de la intensidad sonora para calcular su nivel en funci\u00f3n de la distancia a una fuente isom\u00e9trica.<\/p>\n\n\n\n<p class=\"wp-block-paragraph\">Por \u00faltimo, aunque brevemente, se mencion\u00f3 que es y como se diferenc\u00edan el tono y el timbre del sonido.<\/p>\n\n\n\n<p class=\"wp-block-paragraph\">Has finalizado la clase y tus esfuerzos hasta el momento comenzar\u00e1n a dar sus frutos en pasos&nbsp; mucho m\u00e1s grandes a partir de aqu\u00ed, no dejes que la curiosidad por comprender lo que te rodea sea opacada por el conformismo, sigue esforz\u00e1ndote, Revisa el material complementario y realiza las actividades propuestas. Te encuentro en tu siguiente clase donde estudiaremos el Efecto Doppler.<\/p>\n\n\n\n<h2 class=\"wp-block-heading\" id=\"fuentes-de-informacion\">Fuentes de informaci\u00f3n<\/h2>\n\n\n\n<ul class=\"wp-block-list\"><li>Tippens, P. (2011). Vibraci\u00f3n de columnas de aire, ondas sonoras audibles y cualidades del sonido, en Edamsa Impresiones (Ed.), F\u00edsica Conceptos y aplicaciones, (p.441-445). Mc Graw Hill.pdf<\/li><\/ul>\n","protected":false},"excerpt":{"rendered":"<p>Introducci\u00f3n \u00a1Hola! Me siento muy feliz al saber que sigues aprovechando este curso, espero que lo sigas disfrutando, por lo tanto te invito a comenzar nuestra octava clase. En esta sesi\u00f3n aprenderemos a usar las condiciones de frontera que nos permitir\u00e1n aplicar las frecuencias&nbsp; de vibraci\u00f3n del aire en tubos abiertos y tubos cerrados.&nbsp; De &#8230; <a title=\"Clase digital 8. Vibraci\u00f3n de columnas de aire, ondas sonoras audibles y cualidades del sonido\" class=\"read-more\" href=\"https:\/\/blogs.ugto.mx\/rea\/clase-digital-8-vibracion-de-columnas-de-aire-ondas-sonoras-audibles-y-cualidades-del-sonido\/\" aria-label=\"Leer m\u00e1s sobre Clase digital 8. Vibraci\u00f3n de columnas de aire, ondas sonoras audibles y cualidades del sonido\">Leer m\u00e1s<\/a><\/p>\n","protected":false},"author":142,"featured_media":0,"comment_status":"closed","ping_status":"closed","sticky":false,"template":"","format":"standard","meta":{"_acf_changed":false,"_crdt_document":"","episode_type":"","audio_file":"","podmotor_file_id":"","podmotor_episode_id":"","cover_image":"","cover_image_id":"","duration":"","filesize":"","filesize_raw":"","date_recorded":"","explicit":"","block":"","itunes_episode_number":"","itunes_title":"","itunes_season_number":"","itunes_episode_type":"","footnotes":""},"categories":[83,288,293,448],"tags":[41,451,450],"class_list":["post-15463","post","type-post","status-publish","format-standard","hentry","category-bachillerato-general","category-plan-2020","category-quinto-semestre","category-uda-ondas-y-opticas","tag-clase-digital","tag-juan-tinoco-villagomez-2","tag-neba04008"],"acf":[],"jetpack_featured_media_url":"","_links":{"self":[{"href":"https:\/\/blogs.ugto.mx\/rea\/wp-json\/wp\/v2\/posts\/15463","targetHints":{"allow":["GET"]}}],"collection":[{"href":"https:\/\/blogs.ugto.mx\/rea\/wp-json\/wp\/v2\/posts"}],"about":[{"href":"https:\/\/blogs.ugto.mx\/rea\/wp-json\/wp\/v2\/types\/post"}],"author":[{"embeddable":true,"href":"https:\/\/blogs.ugto.mx\/rea\/wp-json\/wp\/v2\/users\/142"}],"replies":[{"embeddable":true,"href":"https:\/\/blogs.ugto.mx\/rea\/wp-json\/wp\/v2\/comments?post=15463"}],"version-history":[{"count":3,"href":"https:\/\/blogs.ugto.mx\/rea\/wp-json\/wp\/v2\/posts\/15463\/revisions"}],"predecessor-version":[{"id":17330,"href":"https:\/\/blogs.ugto.mx\/rea\/wp-json\/wp\/v2\/posts\/15463\/revisions\/17330"}],"wp:attachment":[{"href":"https:\/\/blogs.ugto.mx\/rea\/wp-json\/wp\/v2\/media?parent=15463"}],"wp:term":[{"taxonomy":"category","embeddable":true,"href":"https:\/\/blogs.ugto.mx\/rea\/wp-json\/wp\/v2\/categories?post=15463"},{"taxonomy":"post_tag","embeddable":true,"href":"https:\/\/blogs.ugto.mx\/rea\/wp-json\/wp\/v2\/tags?post=15463"}],"curies":[{"name":"wp","href":"https:\/\/api.w.org\/{rel}","templated":true}]}}