{"id":16133,"date":"2022-07-16T15:25:04","date_gmt":"2022-07-16T15:25:04","guid":{"rendered":"https:\/\/blogs.ugto.mx\/rea\/?p=16133"},"modified":"2022-10-20T16:56:53","modified_gmt":"2022-10-20T16:56:53","slug":"clase-digital-4-contaminacion-de-aguas-y-mitigacion-clasificacion-y-manejo-de-residuos-solido","status":"publish","type":"post","link":"https:\/\/blogs.ugto.mx\/rea\/clase-digital-4-contaminacion-de-aguas-y-mitigacion-clasificacion-y-manejo-de-residuos-solido\/","title":{"rendered":"Clase digital 4. Contaminaci\u00f3n de aguas y mitigaci\u00f3n clasificaci\u00f3n y manejo de residuos s\u00f3lido"},"content":{"rendered":"\n\n\n<div class=\"wp-block-cover is-light\" style=\"min-height:284px;aspect-ratio:unset;\"><span aria-hidden=\"true\" class=\"wp-block-cover__background has-background-dim-40 has-background-dim\"><\/span><img decoding=\"async\" class=\"wp-block-cover__image-background wp-image-19797\" alt=\"school of fish in water\" src=\"data:image\/gif;base64,R0lGODlhAQABAIAAAAAAAP\/\/\/yH5BAEAAAAALAAAAAABAAEAAAIBRAA7\" data-src=\"https:\/\/blogs.ugto.mx\/rea\/wp-content\/uploads\/sites\/71\/2022\/10\/bjuozu0mpt0.jpg\" style=\"object-position:46% 84%\" data-object-fit=\"cover\" data-object-position=\"46% 84%\" \/><noscript><img loading=\"lazy\" decoding=\"async\" width=\"1600\" height=\"1200\" class=\"wp-block-cover__image-background wp-image-19797\" alt=\"school of fish in water\" src=\"https:\/\/blogs.ugto.mx\/rea\/wp-content\/uploads\/sites\/71\/2022\/10\/bjuozu0mpt0.jpg\" style=\"object-position:46% 84%\" data-object-fit=\"cover\" data-object-position=\"46% 84%\" srcset=\"https:\/\/blogs.ugto.mx\/rea\/wp-content\/uploads\/sites\/71\/2022\/10\/bjuozu0mpt0.jpg 1600w, https:\/\/blogs.ugto.mx\/rea\/wp-content\/uploads\/sites\/71\/2022\/10\/bjuozu0mpt0-300x225.jpg 300w, https:\/\/blogs.ugto.mx\/rea\/wp-content\/uploads\/sites\/71\/2022\/10\/bjuozu0mpt0-1024x768.jpg 1024w, https:\/\/blogs.ugto.mx\/rea\/wp-content\/uploads\/sites\/71\/2022\/10\/bjuozu0mpt0-768x576.jpg 768w, https:\/\/blogs.ugto.mx\/rea\/wp-content\/uploads\/sites\/71\/2022\/10\/bjuozu0mpt0-1536x1152.jpg 1536w\" sizes=\"auto, (max-width: 1600px) 100vw, 1600px\" \/><\/noscript><div class=\"wp-block-cover__inner-container is-layout-flow wp-block-cover-is-layout-flow\">\n<p class=\"has-text-align-center has-base-3-color has-text-color has-large-font-size wp-block-paragraph\">Contaminaci\u00f3n de aguas y mitigaci\u00f3n clasificaci\u00f3n y manejo de residuos s\u00f3lido<\/p>\n<\/div><\/div>\n\n\n\n<h2 class=\"wp-block-heading\" id=\"introduccion\">Introducci\u00f3n<\/h2>\n\n\n\n<blockquote class=\"wp-block-quote is-layout-flow wp-block-quote-is-layout-flow\"><p>El agua es la fuerza motriz de toda la naturaleza<\/p><cite>Leonardo da Vinci<\/cite><\/blockquote>\n\n\n\n<p class=\"wp-block-paragraph\"><\/p>\n\n\n\n<p class=\"wp-block-paragraph\">\u00a1Bienvenido a la clase virtual 4! En esta sesi\u00f3n estudiaremos los temas referentes a la contaminaci\u00f3n del agua, los cuales son muy importantes en nuestra vida diaria y en el equilibrio de los ecosistemas. Abordaremos los conceptos relativos a la mitigaci\u00f3n, calidad del agua, contaminantes, prevenci\u00f3n y tratamiento de agua. Tambi\u00e9n analizaremos la clasificaci\u00f3n y manejo de residuos s\u00f3lidos.<\/p>\n\n\n\n<p class=\"wp-block-paragraph\">\u00a1Iniciemos esta interesante clase!<\/p>\n\n\n\n<h2 class=\"wp-block-heading\" id=\"desarrollo-del-tema\">Desarrollo del tema <\/h2>\n\n\n\n<h3 class=\"wp-block-heading\">Contaminaci\u00f3n de aguas y mitigaci\u00f3n<\/h3>\n\n\n\n<p class=\"wp-block-paragraph\">El agua es uno de los recursos m\u00e1s indispensables para la vida en el planeta: participa en nuestros procesos fisiol\u00f3gicos y proporciona el sustento de las plantas. Los&nbsp; humanos dependemos de su disponibilidad para la ingesta, higiene y el uso dom\u00e9stico. Se requiere para las actividades agr\u00edcolas, industriales, comerciales entre otras.&nbsp;<\/p>\n\n\n\n<p class=\"wp-block-paragraph\">Lamentablemente se requiere demasiada agua para satisfacer las necesidades de la creciente producci\u00f3n de&nbsp; alimentos y energ\u00eda: el problema no solo es la actual escasez, sino&nbsp; el mal uso y manejo que hemos dado al agua, lo que ha provocado la contaminaci\u00f3n h\u00eddrica de diversas intensidades en los cuerpos superficiales y subterr\u00e1neos contaminados.&nbsp;<\/p>\n\n\n\n<p class=\"wp-block-paragraph\">En las siguiente figura podr\u00e1s observar la reserva de agua mundial y el balance de agua en nuestro pa\u00eds en 2010 (SEMARNAT, 2011).<\/p>\n\n\n<div class=\"wp-block-image is-style-default\">\n<figure class=\"aligncenter size-large is-resized\"><img loading=\"lazy\" decoding=\"async\" src=\"data:image\/gif;base64,R0lGODlhAQABAIAAAAAAAP\/\/\/yH5BAEAAAAALAAAAAABAAEAAAIBRAA7\" data-src=\"https:\/\/blogs.ugto.mx\/rea\/wp-content\/uploads\/sites\/71\/2022\/10\/Captura-de-Pantalla-2022-10-17-a-las-12.01.39-1024x480.png\" alt=\"\" class=\"wp-image-19827\" width=\"1026\" height=\"481\" \/><noscript><img loading=\"lazy\" decoding=\"async\" src=\"https:\/\/blogs.ugto.mx\/rea\/wp-content\/uploads\/sites\/71\/2022\/10\/Captura-de-Pantalla-2022-10-17-a-las-12.01.39-1024x480.png\" alt=\"\" class=\"wp-image-19827\" width=\"1026\" height=\"481\" srcset=\"https:\/\/blogs.ugto.mx\/rea\/wp-content\/uploads\/sites\/71\/2022\/10\/Captura-de-Pantalla-2022-10-17-a-las-12.01.39-1024x480.png 1024w, https:\/\/blogs.ugto.mx\/rea\/wp-content\/uploads\/sites\/71\/2022\/10\/Captura-de-Pantalla-2022-10-17-a-las-12.01.39-300x141.png 300w, https:\/\/blogs.ugto.mx\/rea\/wp-content\/uploads\/sites\/71\/2022\/10\/Captura-de-Pantalla-2022-10-17-a-las-12.01.39-768x360.png 768w, https:\/\/blogs.ugto.mx\/rea\/wp-content\/uploads\/sites\/71\/2022\/10\/Captura-de-Pantalla-2022-10-17-a-las-12.01.39-1536x720.png 1536w, https:\/\/blogs.ugto.mx\/rea\/wp-content\/uploads\/sites\/71\/2022\/10\/Captura-de-Pantalla-2022-10-17-a-las-12.01.39-2048x961.png 2048w\" sizes=\"auto, (max-width: 1026px) 100vw, 1026px\" \/><\/noscript><figcaption><strong>Figura 1. <\/strong>Reserva de agua dulce en el planeta.<strong> <\/strong><br><strong>Fuente:<\/strong> SEMANAT (2011, p.260)<\/figcaption><\/figure>\n<\/div>\n\n\n<h3 class=\"wp-block-heading\">Propiedades, formas, tipos de agua y su relaci\u00f3n con los Objetivos de Desarrollo Sostenible (ODS)<\/h3>\n\n\n\n<p class=\"wp-block-paragraph\">Las propiedades, formas y tipos de agua inciden en el cuidado y aprovechamiento del recurso h\u00eddrico, lo cual responsabilidad de todos, inicia con la educaci\u00f3n del hogar y es un trabajo conjunto de todos los sectores de la poblaci\u00f3n y de los tres \u00f3rdenes de gobierno. La relevancia del buen uso del agua est\u00e1 contenida en&nbsp; los objetivos de Desarrollo Sostenible.<\/p>\n\n\n\n<p class=\"wp-block-paragraph\">En la siguiente presentaci\u00f3n&nbsp; podr\u00e1s encontrar una s\u00edntesis de los conceptos relacionados con este vital l\u00edquido<\/p>\n\n\n<div class=\"h5p-iframe-wrapper\"><iframe id=\"h5p-iframe-363\" class=\"h5p-iframe\" data-content-id=\"363\" style=\"height:1px\" src=\"about:blank\" frameBorder=\"0\" scrolling=\"no\" title=\"Propiedades, tipos, formas de agua\"><\/iframe><\/div>\n\n\n\n<p class=\"wp-block-paragraph\"><\/p>\n\n\n\n<p class=\"wp-block-paragraph\">En la siguiente figura puedes ver una aproximaci\u00f3n del balance del agua dulce en M\u00e9xico, donde se consideran: entradas&nbsp; (A y C),&nbsp; salidas ( B y E), el agua disponible (D) as\u00ed como el escurrimiento natural y la recarga media a los acu\u00edferos. Estos datos cambian en funci\u00f3n de la situaci\u00f3n particular de cada a\u00f1o.<\/p>\n\n\n<div class=\"wp-block-image is-style-default\">\n<figure class=\"aligncenter size-large\"><img decoding=\"async\" src=\"data:image\/gif;base64,R0lGODlhAQABAIAAAAAAAP\/\/\/yH5BAEAAAAALAAAAAABAAEAAAIBRAA7\" data-src=\"https:\/\/blogs.ugto.mx\/rea\/wp-content\/uploads\/sites\/71\/2022\/10\/Captura-de-Pantalla-2022-10-17-a-las-11.59.53-1024x375.png\" alt=\"\" class=\"wp-image-19828\" \/><noscript><img loading=\"lazy\" decoding=\"async\" width=\"1024\" height=\"375\" src=\"https:\/\/blogs.ugto.mx\/rea\/wp-content\/uploads\/sites\/71\/2022\/10\/Captura-de-Pantalla-2022-10-17-a-las-11.59.53-1024x375.png\" alt=\"\" class=\"wp-image-19828\" srcset=\"https:\/\/blogs.ugto.mx\/rea\/wp-content\/uploads\/sites\/71\/2022\/10\/Captura-de-Pantalla-2022-10-17-a-las-11.59.53-1024x375.png 1024w, https:\/\/blogs.ugto.mx\/rea\/wp-content\/uploads\/sites\/71\/2022\/10\/Captura-de-Pantalla-2022-10-17-a-las-11.59.53-300x110.png 300w, https:\/\/blogs.ugto.mx\/rea\/wp-content\/uploads\/sites\/71\/2022\/10\/Captura-de-Pantalla-2022-10-17-a-las-11.59.53-768x281.png 768w, https:\/\/blogs.ugto.mx\/rea\/wp-content\/uploads\/sites\/71\/2022\/10\/Captura-de-Pantalla-2022-10-17-a-las-11.59.53-1536x562.png 1536w, https:\/\/blogs.ugto.mx\/rea\/wp-content\/uploads\/sites\/71\/2022\/10\/Captura-de-Pantalla-2022-10-17-a-las-11.59.53-2048x749.png 2048w\" sizes=\"auto, (max-width: 1024px) 100vw, 1024px\" \/><\/noscript><figcaption><strong>Figura 2. <\/strong><em>Balance de agua dulce en M\u00e9xico.<\/em><br>Fuente: SEMARNAT (2011, p.261).<\/figcaption><\/figure>\n<\/div>\n\n\n<div class=\"wp-block-columns has-base-2-background-color has-background is-layout-flex wp-container-core-columns-is-layout-8f761849 wp-block-columns-is-layout-flex\">\n<div class=\"wp-block-column is-vertically-aligned-center is-layout-flow wp-block-column-is-layout-flow\">\n<p class=\"has-text-align-right wp-block-paragraph\">En la figura que se muestra a continuaci\u00f3n&nbsp; puedes apreciar im\u00e1genes de agua superficial de Costa Rica. Un dato relevante de este pa\u00eds centroamericano es el alto valor y cultura que su poblaci\u00f3n tiene por el cuidado del medio ambiente.<\/p>\n<\/div>\n\n\n\n<div class=\"wp-block-column is-layout-flow wp-block-column-is-layout-flow\"><div class=\"wp-block-image is-style-default\">\n<figure class=\"aligncenter size-large\"><img decoding=\"async\" src=\"data:image\/gif;base64,R0lGODlhAQABAIAAAAAAAP\/\/\/yH5BAEAAAAALAAAAAABAAEAAAIBRAA7\" data-src=\"https:\/\/blogs.ugto.mx\/rea\/wp-content\/uploads\/sites\/71\/2022\/10\/Costa-1024x767.jpg\" alt=\"\" class=\"wp-image-19824\" \/><noscript><img loading=\"lazy\" decoding=\"async\" width=\"1024\" height=\"767\" src=\"https:\/\/blogs.ugto.mx\/rea\/wp-content\/uploads\/sites\/71\/2022\/10\/Costa-1024x767.jpg\" alt=\"\" class=\"wp-image-19824\" srcset=\"https:\/\/blogs.ugto.mx\/rea\/wp-content\/uploads\/sites\/71\/2022\/10\/Costa-1024x767.jpg 1024w, https:\/\/blogs.ugto.mx\/rea\/wp-content\/uploads\/sites\/71\/2022\/10\/Costa-300x225.jpg 300w, https:\/\/blogs.ugto.mx\/rea\/wp-content\/uploads\/sites\/71\/2022\/10\/Costa-768x575.jpg 768w, https:\/\/blogs.ugto.mx\/rea\/wp-content\/uploads\/sites\/71\/2022\/10\/Costa-1536x1150.jpg 1536w, https:\/\/blogs.ugto.mx\/rea\/wp-content\/uploads\/sites\/71\/2022\/10\/Costa-2048x1534.jpg 2048w\" sizes=\"auto, (max-width: 1024px) 100vw, 1024px\" \/><\/noscript><\/figure>\n<\/div><\/div>\n<\/div>\n\n\n\n<h3 class=\"wp-block-heading\">Contaminaci\u00f3n del agua<\/h3>\n\n\n\n<p class=\"wp-block-paragraph\">Los temas relacionados con la contaminaci\u00f3n del agua est\u00e1n contenidos en la Constituci\u00f3n Pol\u00edtica de los Estados Unidos Mexicanos. Adem\u00e1s por la importancia que tiene este recurso para nuestra vida y salud, la OMS continuamente trabaja en programas e investigaci\u00f3n de este tema desde la perspectiva epidemiol\u00f3gica y proporciona a la poblaci\u00f3n informaci\u00f3n y datos que son muy importantes para mejorar su tratamiento y disponibilidad, as\u00ed como para tratar de reducir la contaminaci\u00f3n acu\u00edfera.<\/p>\n\n\n\n<p class=\"wp-block-paragraph\">Te invito a ver la siguiente presentaci\u00f3n de los datos relevantes sobre la contaminaci\u00f3n del agua.<\/p>\n\n\n<div class=\"h5p-iframe-wrapper\"><iframe id=\"h5p-iframe-364\" class=\"h5p-iframe\" data-content-id=\"364\" style=\"height:1px\" src=\"about:blank\" frameBorder=\"0\" scrolling=\"no\" title=\"La contaminaci\u00f3n del agua\"><\/iframe><\/div>\n\n\n\n<p class=\"wp-block-paragraph\"><\/p>\n\n\n\n<h3 class=\"wp-block-heading\">Saneamiento del agua<\/h3>\n\n\n\n<p class=\"wp-block-paragraph\">Del adecuado saneamiento del agua depende la cantidad y variedad de enfermedades que las personas pueden tener por ingerir agua contaminada, por esta raz\u00f3n las autoridades son responsables de proporcionar a la poblaci\u00f3n, agua con la calidad adecuada para el cuidado de la salud.<\/p>\n\n\n\n<p class=\"wp-block-paragraph\">En la siguiente presentaci\u00f3n podr\u00e1s apreciar una s\u00edntesis sobre el saneamiento o tratamiento de las aguas residuales, se incluyen los beneficios y los tratamientos que normalmente se realizan al agua aprovechando varias tecnolog\u00edas.<\/p>\n\n\n\n\n\n<p class=\"wp-block-paragraph\"><\/p>\n\n\n\n<h4 class=\"has-text-align-center wp-block-heading\">\u00a1Ahora t\u00fa!<\/h4>\n\n\n\n<p class=\"has-text-align-center wp-block-paragraph\">Te recomiendo visitar los siguientes sitios donde encontrar\u00e1s material multimedia muy interesante para complementar lo que hasta aqu\u00ed hemos revisado:<\/p>\n\n\n\n<p class=\"has-text-align-center wp-block-paragraph\">Para el siguiente material, enslista 5 propiedades del agua.<br>1. <a href=\"https:\/\/www.fundacionaquae.org\/wiki\/caracteristicas-agua\/\" target=\"_blank\" rel=\"noreferrer noopener\">Las principales caracter\u00edsticas del agua<\/a><\/p>\n\n\n\n<p class=\"has-text-align-center wp-block-paragraph\">\u00bfConoces alguna planta de tratamiento de aguas residuales? El siguiente enlace te muestra su funcionamiento.<br>2. <a href=\"https:\/\/purewater.com.co\/como-opera-una-planta-de-tratamiento-de-aguas-residuales\/\" target=\"_blank\" rel=\"noreferrer noopener\">C\u00f3mo opera una planta de tratamiento de aguas residuales<\/a><\/p>\n\n\n\n<p class=\"has-text-align-center wp-block-paragraph\">\u00bfQu\u00e9 opinas de estas im\u00e1genes ?<\/p>\n\n\n\n<div class=\"wp-block-columns has-base-2-background-color has-background is-layout-flex wp-container-core-columns-is-layout-8f761849 wp-block-columns-is-layout-flex\">\n<div class=\"wp-block-column is-layout-flow wp-block-column-is-layout-flow\"><div class=\"wp-block-image is-style-default\">\n<figure class=\"aligncenter size-full\"><img decoding=\"async\" src=\"data:image\/gif;base64,R0lGODlhAQABAIAAAAAAAP\/\/\/yH5BAEAAAAALAAAAAABAAEAAAIBRAA7\" data-src=\"https:\/\/blogs.ugto.mx\/rea\/wp-content\/uploads\/sites\/71\/2022\/10\/1DE-CADA-3PERSONAS.png\" alt=\"\" class=\"wp-image-19829\" \/><noscript><img loading=\"lazy\" decoding=\"async\" width=\"512\" height=\"304\" src=\"https:\/\/blogs.ugto.mx\/rea\/wp-content\/uploads\/sites\/71\/2022\/10\/1DE-CADA-3PERSONAS.png\" alt=\"\" class=\"wp-image-19829\" srcset=\"https:\/\/blogs.ugto.mx\/rea\/wp-content\/uploads\/sites\/71\/2022\/10\/1DE-CADA-3PERSONAS.png 512w, https:\/\/blogs.ugto.mx\/rea\/wp-content\/uploads\/sites\/71\/2022\/10\/1DE-CADA-3PERSONAS-300x178.png 300w\" sizes=\"auto, (max-width: 512px) 100vw, 512px\" \/><\/noscript><figcaption><strong>Imagen 1.<\/strong> Datos de la OMS sobre estatus del agua 2022 en el mundo.<\/figcaption><\/figure>\n<\/div><\/div>\n\n\n\n<div class=\"wp-block-column is-layout-flow wp-block-column-is-layout-flow\"><div class=\"wp-block-image is-style-default\">\n<figure class=\"aligncenter size-full\"><img decoding=\"async\" src=\"data:image\/gif;base64,R0lGODlhAQABAIAAAAAAAP\/\/\/yH5BAEAAAAALAAAAAABAAEAAAIBRAA7\" data-src=\"https:\/\/blogs.ugto.mx\/rea\/wp-content\/uploads\/sites\/71\/2022\/10\/kid.png\" alt=\"\" class=\"wp-image-19830\" \/><noscript><img loading=\"lazy\" decoding=\"async\" width=\"512\" height=\"310\" src=\"https:\/\/blogs.ugto.mx\/rea\/wp-content\/uploads\/sites\/71\/2022\/10\/kid.png\" alt=\"\" class=\"wp-image-19830\" srcset=\"https:\/\/blogs.ugto.mx\/rea\/wp-content\/uploads\/sites\/71\/2022\/10\/kid.png 512w, https:\/\/blogs.ugto.mx\/rea\/wp-content\/uploads\/sites\/71\/2022\/10\/kid-300x182.png 300w\" sizes=\"auto, (max-width: 512px) 100vw, 512px\" \/><\/noscript><figcaption><strong>Imagen 2<\/strong>. Necesidad de agua en algunas comunidades.<\/figcaption><\/figure>\n<\/div><\/div>\n<\/div>\n\n\n\n<h3 class=\"wp-block-heading\">Clasificaci\u00f3n y manejo de residuos s\u00f3lidos<\/h3>\n\n\n\n<h4 class=\"wp-block-heading\">Residuos s\u00f3lidos<\/h4>\n\n\n\n<p class=\"wp-block-paragraph\">De acuerdo con SEMARNAT (2011), los residuos se definen como \u201cmateriales o productos cuyo propietario o poseedor desecha y que se encuentran en estado s\u00f3lido o semis\u00f3lido, l\u00edquido o gaseoso y que se contienen en recipientes o dep\u00f3sitos; pueden ser susceptibles de ser valorizados o requieren sujetarse a tratamiento o disposici\u00f3n final conforme a lo dispuesto en la misma Ley (DOF, 2003)\u201d.<\/p>\n\n\n\n<p class=\"wp-block-paragraph\">En la figura 3 podr\u00e1s observar la clasificaci\u00f3n de los residuos.<\/p>\n\n\n<div class=\"wp-block-image is-style-default\">\n<figure class=\"aligncenter size-large\"><img decoding=\"async\" src=\"data:image\/gif;base64,R0lGODlhAQABAIAAAAAAAP\/\/\/yH5BAEAAAAALAAAAAABAAEAAAIBRAA7\" data-src=\"https:\/\/blogs.ugto.mx\/rea\/wp-content\/uploads\/sites\/71\/2022\/10\/Captura-de-Pantalla-2022-10-17-a-las-13.45.17-1024x376.png\" alt=\"\" class=\"wp-image-19832\" \/><noscript><img loading=\"lazy\" decoding=\"async\" width=\"1024\" height=\"376\" src=\"https:\/\/blogs.ugto.mx\/rea\/wp-content\/uploads\/sites\/71\/2022\/10\/Captura-de-Pantalla-2022-10-17-a-las-13.45.17-1024x376.png\" alt=\"\" class=\"wp-image-19832\" srcset=\"https:\/\/blogs.ugto.mx\/rea\/wp-content\/uploads\/sites\/71\/2022\/10\/Captura-de-Pantalla-2022-10-17-a-las-13.45.17-1024x376.png 1024w, https:\/\/blogs.ugto.mx\/rea\/wp-content\/uploads\/sites\/71\/2022\/10\/Captura-de-Pantalla-2022-10-17-a-las-13.45.17-300x110.png 300w, https:\/\/blogs.ugto.mx\/rea\/wp-content\/uploads\/sites\/71\/2022\/10\/Captura-de-Pantalla-2022-10-17-a-las-13.45.17-768x282.png 768w, https:\/\/blogs.ugto.mx\/rea\/wp-content\/uploads\/sites\/71\/2022\/10\/Captura-de-Pantalla-2022-10-17-a-las-13.45.17-1536x564.png 1536w, https:\/\/blogs.ugto.mx\/rea\/wp-content\/uploads\/sites\/71\/2022\/10\/Captura-de-Pantalla-2022-10-17-a-las-13.45.17-2048x751.png 2048w\" sizes=\"auto, (max-width: 1024px) 100vw, 1024px\" \/><\/noscript><figcaption><strong>Figura 3<\/strong>. <em>Clasificaci\u00f3n de los residuos.<\/em><\/figcaption><\/figure>\n<\/div>\n\n\n<p class=\"wp-block-paragraph\"><\/p>\n\n\n\n<p class=\"wp-block-paragraph\">A continuaci\u00f3n, te presentamos las caracter\u00edsticas de cada tipo de residuos y en qu\u00e9 autoridad recae su manejo y disposici\u00f3n final.<\/p>\n\n\n\n<p class=\"wp-block-paragraph\">En la siguiente tabla revisaremos las caracter\u00edsticas y qui\u00e9n es la autoridad competente para el manejo y disposici\u00f3n final de cada tipo de residuos. <\/p>\n\n\n\n<figure class=\"wp-block-table is-style-stripes\"><table><tbody><tr><td class=\"has-text-align-center\" data-align=\"center\"><strong>Caracter\u00edsticas<\/strong><\/td><td class=\"has-text-align-center\" data-align=\"center\"><strong>RSU<br>(Competencia local)<\/strong><\/td><td class=\"has-text-align-center\" data-align=\"center\"><strong>RME<br>(Competencia estatal)<\/strong><\/td><td class=\"has-text-align-center\" data-align=\"center\"><strong>RP<br>(competencia federal)<\/strong><\/td><\/tr><tr><td class=\"has-text-align-center\" data-align=\"center\">Origen&nbsp;<\/td><td class=\"has-text-align-center\" data-align=\"center\">Se generan por la eliminaci\u00f3n de materiales que se utilizados en las actividades dom\u00e9sticas, de la&nbsp; v\u00eda p\u00fablica, o los que resultan de la limpieza de las v\u00edas o lugares p\u00fablicos.<\/td><td class=\"has-text-align-center\" data-align=\"center\">Provienen de los procesos productivos, que no re\u00fanen las caracter\u00edsticas para ser considerados como RP ni RSU son producidos por grandes generadores de residuos s\u00f3lidos urbanos (producen m\u00e1s de 10 toneladas al a\u00f1o).<\/td><td class=\"has-text-align-center\" data-align=\"center\">Presentan corrosividad, reactividad, explosividad, toxicidad, inflamabilidad, o&nbsp; agentes infecciosos. As\u00ed como envases, recipientes, embalajes y suelos que hayan sido contaminados al transportarse.<\/td><\/tr><\/tbody><\/table><figcaption><strong>Tabla 1.<\/strong> <em>Clasificaci\u00f3n de los residuos por su origen y caracter\u00edsticas.<\/em><br><strong>Fuente<\/strong>. Adaptado de SEMARNAT (2022).<\/figcaption><\/figure>\n\n\n\n<p class=\"wp-block-paragraph\"><\/p>\n\n\n\n<h4 class=\"wp-block-heading\">Residuos s\u00f3lidos urbanos<\/h4>\n\n\n\n<p class=\"wp-block-paragraph\">Algunos de los problemas ocasionados por este tipo de residuos son parte de los graves problemas que padece nuestro planeta y por ende la sociedad moderna. Ver figura 7.<\/p>\n\n\n<div class=\"wp-block-image is-style-default\">\n<figure class=\"aligncenter size-large is-resized\"><img loading=\"lazy\" decoding=\"async\" src=\"data:image\/gif;base64,R0lGODlhAQABAIAAAAAAAP\/\/\/yH5BAEAAAAALAAAAAABAAEAAAIBRAA7\" data-src=\"https:\/\/blogs.ugto.mx\/rea\/wp-content\/uploads\/sites\/71\/2022\/10\/Captura-de-Pantalla-2022-10-17-a-las-14.40.42-1024x284.png\" alt=\"\" class=\"wp-image-19833\" width=\"1023\" height=\"284\" \/><noscript><img loading=\"lazy\" decoding=\"async\" src=\"https:\/\/blogs.ugto.mx\/rea\/wp-content\/uploads\/sites\/71\/2022\/10\/Captura-de-Pantalla-2022-10-17-a-las-14.40.42-1024x284.png\" alt=\"\" class=\"wp-image-19833\" width=\"1023\" height=\"284\" srcset=\"https:\/\/blogs.ugto.mx\/rea\/wp-content\/uploads\/sites\/71\/2022\/10\/Captura-de-Pantalla-2022-10-17-a-las-14.40.42-1024x284.png 1024w, https:\/\/blogs.ugto.mx\/rea\/wp-content\/uploads\/sites\/71\/2022\/10\/Captura-de-Pantalla-2022-10-17-a-las-14.40.42-300x83.png 300w, https:\/\/blogs.ugto.mx\/rea\/wp-content\/uploads\/sites\/71\/2022\/10\/Captura-de-Pantalla-2022-10-17-a-las-14.40.42-768x213.png 768w, https:\/\/blogs.ugto.mx\/rea\/wp-content\/uploads\/sites\/71\/2022\/10\/Captura-de-Pantalla-2022-10-17-a-las-14.40.42-1536x425.png 1536w, https:\/\/blogs.ugto.mx\/rea\/wp-content\/uploads\/sites\/71\/2022\/10\/Captura-de-Pantalla-2022-10-17-a-las-14.40.42-2048x567.png 2048w\" sizes=\"auto, (max-width: 1023px) 100vw, 1023px\" \/><\/noscript><figcaption><strong>Figura 4.<\/strong> Impactos de los RSU.<\/figcaption><\/figure>\n<\/div>\n\n\n<p class=\"wp-block-paragraph\">Lamentablemente la situaci\u00f3n del manejo de estos residuos no es adecuada ni por la poblaci\u00f3n, ni por las industrias. A ello se suman los procesos de descomposici\u00f3n y la falta de cultura de muchas personas.<\/p>\n\n\n\n<p class=\"wp-block-paragraph\">A continuaci\u00f3n, observa las etapas del ciclo de vida de los RSU el cual incluye: Recolecci\u00f3n, Reciclaje y Disposici\u00f3n final. Ver figura 8.<\/p>\n\n\n<div class=\"wp-block-image is-style-default\">\n<figure class=\"aligncenter size-large\"><img decoding=\"async\" src=\"data:image\/gif;base64,R0lGODlhAQABAIAAAAAAAP\/\/\/yH5BAEAAAAALAAAAAABAAEAAAIBRAA7\" data-src=\"https:\/\/blogs.ugto.mx\/rea\/wp-content\/uploads\/sites\/71\/2022\/10\/Captura-de-Pantalla-2022-10-17-a-las-15.19.38-1024x400.png\" alt=\"\" class=\"wp-image-19834\" \/><noscript><img loading=\"lazy\" decoding=\"async\" width=\"1024\" height=\"400\" src=\"https:\/\/blogs.ugto.mx\/rea\/wp-content\/uploads\/sites\/71\/2022\/10\/Captura-de-Pantalla-2022-10-17-a-las-15.19.38-1024x400.png\" alt=\"\" class=\"wp-image-19834\" srcset=\"https:\/\/blogs.ugto.mx\/rea\/wp-content\/uploads\/sites\/71\/2022\/10\/Captura-de-Pantalla-2022-10-17-a-las-15.19.38-1024x400.png 1024w, https:\/\/blogs.ugto.mx\/rea\/wp-content\/uploads\/sites\/71\/2022\/10\/Captura-de-Pantalla-2022-10-17-a-las-15.19.38-300x117.png 300w, https:\/\/blogs.ugto.mx\/rea\/wp-content\/uploads\/sites\/71\/2022\/10\/Captura-de-Pantalla-2022-10-17-a-las-15.19.38-768x300.png 768w, https:\/\/blogs.ugto.mx\/rea\/wp-content\/uploads\/sites\/71\/2022\/10\/Captura-de-Pantalla-2022-10-17-a-las-15.19.38-1536x601.png 1536w, https:\/\/blogs.ugto.mx\/rea\/wp-content\/uploads\/sites\/71\/2022\/10\/Captura-de-Pantalla-2022-10-17-a-las-15.19.38-2048x801.png 2048w\" sizes=\"auto, (max-width: 1024px) 100vw, 1024px\" \/><\/noscript><figcaption><strong>Figura 5.<\/strong> Ciclo de vida de los RSU<\/figcaption><\/figure>\n<\/div>\n\n\n<p class=\"wp-block-paragraph\"><\/p>\n\n\n\n<p class=\"wp-block-paragraph\">Mientras que en la figura 9 podr\u00e1s observar los colores que se utilizan para la separaci\u00f3n&nbsp; de los RSU. Es importante conocer y aplicar esta iconograf\u00eda.<\/p>\n\n\n<div class=\"wp-block-image is-style-default\">\n<figure class=\"aligncenter size-large is-resized\"><img loading=\"lazy\" decoding=\"async\" src=\"data:image\/gif;base64,R0lGODlhAQABAIAAAAAAAP\/\/\/yH5BAEAAAAALAAAAAABAAEAAAIBRAA7\" data-src=\"https:\/\/blogs.ugto.mx\/rea\/wp-content\/uploads\/sites\/71\/2022\/10\/Captura-de-Pantalla-2022-10-17-a-las-15.41.50-1024x207.png\" alt=\"\" class=\"wp-image-19835\" width=\"1024\" height=\"207\" \/><noscript><img loading=\"lazy\" decoding=\"async\" src=\"https:\/\/blogs.ugto.mx\/rea\/wp-content\/uploads\/sites\/71\/2022\/10\/Captura-de-Pantalla-2022-10-17-a-las-15.41.50-1024x207.png\" alt=\"\" class=\"wp-image-19835\" width=\"1024\" height=\"207\" srcset=\"https:\/\/blogs.ugto.mx\/rea\/wp-content\/uploads\/sites\/71\/2022\/10\/Captura-de-Pantalla-2022-10-17-a-las-15.41.50-1024x207.png 1024w, https:\/\/blogs.ugto.mx\/rea\/wp-content\/uploads\/sites\/71\/2022\/10\/Captura-de-Pantalla-2022-10-17-a-las-15.41.50-300x61.png 300w, https:\/\/blogs.ugto.mx\/rea\/wp-content\/uploads\/sites\/71\/2022\/10\/Captura-de-Pantalla-2022-10-17-a-las-15.41.50-768x155.png 768w, https:\/\/blogs.ugto.mx\/rea\/wp-content\/uploads\/sites\/71\/2022\/10\/Captura-de-Pantalla-2022-10-17-a-las-15.41.50-1536x310.png 1536w, https:\/\/blogs.ugto.mx\/rea\/wp-content\/uploads\/sites\/71\/2022\/10\/Captura-de-Pantalla-2022-10-17-a-las-15.41.50-2048x413.png 2048w\" sizes=\"auto, (max-width: 1024px) 100vw, 1024px\" \/><\/noscript><figcaption><strong>Figura 6.<\/strong> Iconograf\u00eda RSU<\/figcaption><\/figure>\n<\/div>\n\n\n<p class=\"wp-block-paragraph\"><\/p>\n\n\n\n<h4 class=\"wp-block-heading\">Residuos de manejo especial<\/h4>\n\n\n\n<p class=\"wp-block-paragraph\">Sin duda el origen de estos residuos es trascendental para su manejo y disposici\u00f3n final, por ello es importante conocer cu\u00e1l de las 8&nbsp; posibles fuentes originaron a los RME. Ver tabla 5<\/p>\n\n\n\n<figure class=\"wp-block-table is-style-stripes\"><table><tbody><tr><td class=\"has-text-align-center\" data-align=\"center\"><strong>1<\/strong><\/td><td class=\"has-text-align-center\" data-align=\"center\"><strong>2<\/strong><\/td><td class=\"has-text-align-center\" data-align=\"center\"><strong>3<\/strong><\/td><td class=\"has-text-align-center\" data-align=\"center\"><strong>4<\/strong><\/td><\/tr><tr><td class=\"has-text-align-center\" data-align=\"center\">Los de servicios de salud que realicen actividades m\u00e9dico-asistenciales a<br>las poblaciones humanas o animales, centros de investigaci\u00f3n, excepto los biol\u00f3gico-infecciosos.<\/td><td class=\"has-text-align-center\" data-align=\"center\">Residuos generados por las actividades pesqueras, agr\u00edcolas, silv\u00edcolas, forestales, av\u00edcolas, ganaderas, incluyendo los residuos de los insumos<br>utilizados en esas actividades.<\/td><td class=\"has-text-align-center\" data-align=\"center\">Lodos provenientes del tratamiento de aguas residuales.<\/td><td class=\"has-text-align-center\" data-align=\"center\">Residuos de la construcci\u00f3n,<br>mantenimiento y demolici\u00f3n en general.<br><\/td><\/tr><tr><td class=\"has-text-align-center\" data-align=\"center\"><strong>5<\/strong><\/td><td class=\"has-text-align-center\" data-align=\"center\"><strong>6<\/strong><\/td><td class=\"has-text-align-center\" data-align=\"center\"><strong>7<\/strong><\/td><td class=\"has-text-align-center\" data-align=\"center\"><strong>8<\/strong><\/td><\/tr><tr><td class=\"has-text-align-center\" data-align=\"center\">Los residuos de las rocas o los productos de su descomposici\u00f3n que s\u00f3lo<br>puedan utilizarse para la fabricaci\u00f3n de materiales de construcci\u00f3n<br><\/td><td class=\"has-text-align-center\" data-align=\"center\">Residuos de los servicios de transporte y los generados por&nbsp; las actividades que se realizan en puertos, aeropuertos,<br>terminales ferroviarias y portuarias y&nbsp; aduanas.<\/td><td class=\"has-text-align-center\" data-align=\"center\">Residuos de tiendas departamentales o centros comerciales generados en grandes vol\u00famenes<\/td><td class=\"has-text-align-center\" data-align=\"center\">Residuos tecnol\u00f3gicos provenientes<br>de las industrias de la inform\u00e1tica, productos electr\u00f3nicos<br>o de veh\u00edculos automotores y otros<br><\/td><\/tr><\/tbody><\/table><figcaption><strong>Tabla 2.<\/strong> <em>Origen de los RME.<\/em><\/figcaption><\/figure>\n\n\n\n<p class=\"wp-block-paragraph\"><\/p>\n\n\n\n<p class=\"wp-block-paragraph\">Los aparatos electrodom\u00e9sticos&nbsp; est\u00e1n en esta categor\u00eda de manejo especial, ya que en su fabricaci\u00f3n se emplean grandes cantidades de metales pesados y pl\u00e1sticos. Su inadecuado manejo y disposici\u00f3n final son perjudiciales.<\/p>\n\n\n\n<p class=\"wp-block-paragraph\">De igual forma las pilas y las bater\u00edas que tienen un enorme auge en nuestra vida diaria, representan una amenaza para el suelo y el agua debido a que contienen metales pesados como mercurio, n\u00edquel, cadmio y litio.&nbsp;<\/p>\n\n\n\n<p class=\"wp-block-paragraph\">De acuerdo con SEMARNAT (2011) se cuenta con evidencia cient\u00edfica de que las sustancias qu\u00edmicas provenientes de la descomposici\u00f3n de las pilas pueden causar da\u00f1os severos&nbsp; a la salud.<\/p>\n\n\n\n<h4 class=\"wp-block-heading\">Residuos peligrosos<\/h4>\n\n\n\n<p class=\"wp-block-paragraph\">Las sustancias qu\u00edmicas tienen muchas funciones en las actividades cotidianas en el hogar y actividades econ\u00f3micas, ayudan en el control de enfermedades, plagas, conservadores y generaci\u00f3n de energ\u00eda, procesos de desinfecci\u00f3n. Pueden generar potenciales riesgos para nuestra salud humana y alteraciones al medio ambiente, esto debido a que no siempre se les da un adecuado manejo y disposici\u00f3n final.&nbsp;<\/p>\n\n\n\n<p class=\"wp-block-paragraph\">A continuaci\u00f3n conoce las&nbsp; formas que actualmente se tienen para recolectar y registrar&nbsp; informaci\u00f3n sobre los residuos. <\/p>\n\n\n<div class=\"wp-block-image is-style-default\">\n<figure class=\"aligncenter size-large\"><img decoding=\"async\" src=\"data:image\/gif;base64,R0lGODlhAQABAIAAAAAAAP\/\/\/yH5BAEAAAAALAAAAAABAAEAAAIBRAA7\" data-src=\"https:\/\/blogs.ugto.mx\/rea\/wp-content\/uploads\/sites\/71\/2022\/10\/Captura-de-Pantalla-2022-10-17-a-las-13.19.35-1024x384.png\" alt=\"\" class=\"wp-image-19831\" \/><noscript><img loading=\"lazy\" decoding=\"async\" width=\"1024\" height=\"384\" src=\"https:\/\/blogs.ugto.mx\/rea\/wp-content\/uploads\/sites\/71\/2022\/10\/Captura-de-Pantalla-2022-10-17-a-las-13.19.35-1024x384.png\" alt=\"\" class=\"wp-image-19831\" srcset=\"https:\/\/blogs.ugto.mx\/rea\/wp-content\/uploads\/sites\/71\/2022\/10\/Captura-de-Pantalla-2022-10-17-a-las-13.19.35-1024x384.png 1024w, https:\/\/blogs.ugto.mx\/rea\/wp-content\/uploads\/sites\/71\/2022\/10\/Captura-de-Pantalla-2022-10-17-a-las-13.19.35-300x112.png 300w, https:\/\/blogs.ugto.mx\/rea\/wp-content\/uploads\/sites\/71\/2022\/10\/Captura-de-Pantalla-2022-10-17-a-las-13.19.35-768x288.png 768w, https:\/\/blogs.ugto.mx\/rea\/wp-content\/uploads\/sites\/71\/2022\/10\/Captura-de-Pantalla-2022-10-17-a-las-13.19.35-1536x575.png 1536w, https:\/\/blogs.ugto.mx\/rea\/wp-content\/uploads\/sites\/71\/2022\/10\/Captura-de-Pantalla-2022-10-17-a-las-13.19.35-2048x767.png 2048w\" sizes=\"auto, (max-width: 1024px) 100vw, 1024px\" \/><\/noscript><figcaption><strong>Figura 3.<\/strong> <em>Mecanismos de registro de contaminantes.<\/em><\/figcaption><\/figure>\n<\/div>\n\n\n<h4 class=\"has-text-align-center wp-block-heading\">\u00a1Ahora t\u00fa!<\/h4>\n\n\n\n<p class=\"has-text-align-center wp-block-paragraph\">Te invito a revisar el siguiente material:<\/p>\n\n\n\n<p class=\"wp-block-paragraph\">\u00bfTe has preguntado c\u00f3mo funciona un relleno sanitario, bajo que t\u00e9cnicas cient\u00edficas se dise\u00f1aron y deben operar para no da\u00f1ar el medio ambiente? De esto podr\u00e1s reflexionar al ver el siguiente video.<\/p>\n\n\n\n<ul class=\"wp-block-list\"><li>Te invito a visualizar el siguiente video:<\/li><\/ul>\n\n\n\n<figure class=\"wp-block-embed is-type-video is-provider-youtube wp-block-embed-youtube wp-embed-aspect-16-9 wp-has-aspect-ratio\"><div class=\"wp-block-embed__wrapper\">\n<iframe loading=\"lazy\" title=\"como funcionan los rellenos sanitarios modernos?\" width=\"1200\" height=\"675\" src=\"https:\/\/www.youtube.com\/embed\/Mi056NBhwYQ?feature=oembed\" frameborder=\"0\" allow=\"accelerometer; autoplay; clipboard-write; encrypted-media; gyroscope; picture-in-picture\" allowfullscreen><\/iframe>\n<\/div><\/figure>\n\n\n\n<p class=\"has-text-align-left wp-block-paragraph\">Muchas personas no saben que se tiene el festejo cient\u00edfico anual llamado \u201cD\u00eda mundial del agua, escucha el siguiente podcast, esperando te parezca interesante.<\/p>\n\n\n\n<ul class=\"wp-block-list\"><li>Podcast : D\u00eda mundial del agua<\/li><\/ul>\n\n\n\n<div class=\"wp-block-buttons is-content-justification-center is-layout-flex wp-container-core-buttons-is-layout-fe48e5de wp-block-buttons-is-layout-flex\">\n<div class=\"wp-block-button\"><a class=\"wp-block-button__link has-background\" style=\"background:linear-gradient(135deg,rgb(55,202,236) 4%,rgb(173,217,216) 89%)\">Accede<\/a><\/div>\n<\/div>\n\n\n\n<h2 class=\"wp-block-heading\" id=\"conclusion\">Conclusi\u00f3n<\/h2>\n\n\n\n<p class=\"wp-block-paragraph\">La OMS revela datos duros que invitan a los ciudadanos a realizar un buen uso de este recurso, de gran trascendencia para toda forma de vida. Autoridades gubernamentales, empresarios, investigadores y ciudadanos en general estamos obligados a realizar un adecuado y uso del agua, para reducir su escasez y su contaminaci\u00f3n antes de que sea tarde. Es tiempo de enfrentar el reto de cuidar el agua para asegurar el futuro de las siguientes generaciones.<\/p>\n\n\n\n<p class=\"wp-block-paragraph\">Los residuos se clasifican en: Residuos S\u00f3lidos Urbanos (RSU), Residuos de Manejo Especial (RME) y Residuos Peligrosos (RP). Su origen proviene principalmente de las actividades antropog\u00e9nicas. Con la finalidad de proteger la salud de las personas y del medio ambiente, las autoridades&nbsp; deben reforzar las estrategias de gesti\u00f3n de los residuos y cumplir y hacer cumplir las&nbsp; leyes y normas para&nbsp; el adecuado manejo y disposici\u00f3n final de los residuos, as\u00ed como fortalecer la aplicaci\u00f3n de programas para que todos los sectores optimicen&nbsp; los materiales y materias primas y se reduzca la generaci\u00f3n de residuos&nbsp;<\/p>\n\n\n\n<p class=\"wp-block-paragraph\">Hemos finalizado nuestra sesi\u00f3n, \u00a1muy bien! Continuemos con esta experiencia de aprendizaje.<\/p>\n\n\n\n<h2 class=\"wp-block-heading\" id=\"fuentes-de-informacion\">Fuentes de informaci\u00f3n<\/h2>\n\n\n\n<ul class=\"wp-block-list\"><li>Enger, E.D. (2006). Ciencia Ambiental: Un estudio de interrelaciones, M\u00e9xico: McGraw-Hill Interamericana.<\/li><li><a href=\"https:\/\/www.frro.utn.edu.ar\/repositorio\/catedras\/civil\/ing_sanitaria\/Ingenieria_Sanitaria_A4_Capitulo_02_Contaminacion.pdf\" target=\"_blank\" rel=\"noreferrer noopener\">Contaminaci\u00f3n<\/a><\/li><li><a href=\"https:\/\/www.un.org\/es\/observances\/water-day\" target=\"_blank\" rel=\"noreferrer noopener\">La importancia del agua<\/a><\/li><\/ul>\n\n\n\n<p class=\"wp-block-paragraph\"><\/p>\n\n\n\n<p class=\"wp-block-paragraph\"><\/p>\n","protected":false},"excerpt":{"rendered":"<p>Introducci\u00f3n El agua es la fuerza motriz de toda la naturaleza Leonardo da Vinci \u00a1Bienvenido a la clase virtual 4! En esta sesi\u00f3n estudiaremos los temas referentes a la contaminaci\u00f3n del agua, los cuales son muy importantes en nuestra vida diaria y en el equilibrio de los ecosistemas. Abordaremos los conceptos relativos a la mitigaci\u00f3n, &#8230; <a title=\"Clase digital 4. Contaminaci\u00f3n de aguas y mitigaci\u00f3n clasificaci\u00f3n y manejo de residuos s\u00f3lido\" class=\"read-more\" href=\"https:\/\/blogs.ugto.mx\/rea\/clase-digital-4-contaminacion-de-aguas-y-mitigacion-clasificacion-y-manejo-de-residuos-solido\/\" aria-label=\"Leer m\u00e1s sobre Clase digital 4. Contaminaci\u00f3n de aguas y mitigaci\u00f3n clasificaci\u00f3n y manejo de residuos s\u00f3lido\">Leer m\u00e1s<\/a><\/p>\n","protected":false},"author":142,"featured_media":0,"comment_status":"closed","ping_status":"closed","sticky":false,"template":"","format":"standard","meta":{"_acf_changed":false,"_crdt_document":"","episode_type":"","audio_file":"","podmotor_file_id":"","podmotor_episode_id":"","cover_image":"","cover_image_id":"","duration":"","filesize":"","filesize_raw":"","date_recorded":"","explicit":"","block":"","itunes_episode_number":"","itunes_title":"","itunes_season_number":"","itunes_episode_type":"","footnotes":""},"categories":[2,506],"tags":[507,41,508],"class_list":["post-16133","post","type-post","status-publish","format-standard","hentry","category-ingenieria-mecanica","category-uda-impacto-ambiental","tag-amanda-enriqueta-violante","tag-clase-digital","tag-iili03065"],"acf":[],"jetpack_featured_media_url":"","_links":{"self":[{"href":"https:\/\/blogs.ugto.mx\/rea\/wp-json\/wp\/v2\/posts\/16133","targetHints":{"allow":["GET"]}}],"collection":[{"href":"https:\/\/blogs.ugto.mx\/rea\/wp-json\/wp\/v2\/posts"}],"about":[{"href":"https:\/\/blogs.ugto.mx\/rea\/wp-json\/wp\/v2\/types\/post"}],"author":[{"embeddable":true,"href":"https:\/\/blogs.ugto.mx\/rea\/wp-json\/wp\/v2\/users\/142"}],"replies":[{"embeddable":true,"href":"https:\/\/blogs.ugto.mx\/rea\/wp-json\/wp\/v2\/comments?post=16133"}],"version-history":[{"count":8,"href":"https:\/\/blogs.ugto.mx\/rea\/wp-json\/wp\/v2\/posts\/16133\/revisions"}],"predecessor-version":[{"id":19903,"href":"https:\/\/blogs.ugto.mx\/rea\/wp-json\/wp\/v2\/posts\/16133\/revisions\/19903"}],"wp:attachment":[{"href":"https:\/\/blogs.ugto.mx\/rea\/wp-json\/wp\/v2\/media?parent=16133"}],"wp:term":[{"taxonomy":"category","embeddable":true,"href":"https:\/\/blogs.ugto.mx\/rea\/wp-json\/wp\/v2\/categories?post=16133"},{"taxonomy":"post_tag","embeddable":true,"href":"https:\/\/blogs.ugto.mx\/rea\/wp-json\/wp\/v2\/tags?post=16133"}],"curies":[{"name":"wp","href":"https:\/\/api.w.org\/{rel}","templated":true}]}}