{"id":16137,"date":"2022-07-16T15:25:57","date_gmt":"2022-07-16T15:25:57","guid":{"rendered":"https:\/\/blogs.ugto.mx\/rea\/?p=16137"},"modified":"2022-10-21T16:15:42","modified_gmt":"2022-10-21T16:15:42","slug":"clase-digital-6-estudio-de-impacto-ambiental-y-estudio-de-analisis-de-riesgo-ambiental-e-industrial","status":"publish","type":"post","link":"https:\/\/blogs.ugto.mx\/rea\/clase-digital-6-estudio-de-impacto-ambiental-y-estudio-de-analisis-de-riesgo-ambiental-e-industrial\/","title":{"rendered":"Clase digital 6. Estudio de impacto ambiental y estudio de an\u00e1lisis de riesgo ambiental e industrial"},"content":{"rendered":"\n\n\n<div class=\"wp-block-cover is-light\" style=\"min-height:284px;aspect-ratio:unset;\"><span aria-hidden=\"true\" class=\"wp-block-cover__background has-background-dim-40 has-background-dim\"><\/span><img decoding=\"async\" class=\"wp-block-cover__image-background wp-image-19908\" alt=\"grayscale photo of people standing on stage\" src=\"data:image\/gif;base64,R0lGODlhAQABAIAAAAAAAP\/\/\/yH5BAEAAAAALAAAAAABAAEAAAIBRAA7\" data-src=\"https:\/\/blogs.ugto.mx\/rea\/wp-content\/uploads\/sites\/71\/2022\/10\/7do9qamqd2s.jpg\" style=\"object-position:47% 65%\" data-object-fit=\"cover\" data-object-position=\"47% 65%\" \/><noscript><img loading=\"lazy\" decoding=\"async\" width=\"1600\" height=\"1061\" class=\"wp-block-cover__image-background wp-image-19908\" alt=\"grayscale photo of people standing on stage\" src=\"https:\/\/blogs.ugto.mx\/rea\/wp-content\/uploads\/sites\/71\/2022\/10\/7do9qamqd2s.jpg\" style=\"object-position:47% 65%\" data-object-fit=\"cover\" data-object-position=\"47% 65%\" srcset=\"https:\/\/blogs.ugto.mx\/rea\/wp-content\/uploads\/sites\/71\/2022\/10\/7do9qamqd2s.jpg 1600w, https:\/\/blogs.ugto.mx\/rea\/wp-content\/uploads\/sites\/71\/2022\/10\/7do9qamqd2s-300x199.jpg 300w, https:\/\/blogs.ugto.mx\/rea\/wp-content\/uploads\/sites\/71\/2022\/10\/7do9qamqd2s-1024x679.jpg 1024w, https:\/\/blogs.ugto.mx\/rea\/wp-content\/uploads\/sites\/71\/2022\/10\/7do9qamqd2s-768x509.jpg 768w, https:\/\/blogs.ugto.mx\/rea\/wp-content\/uploads\/sites\/71\/2022\/10\/7do9qamqd2s-1536x1019.jpg 1536w\" sizes=\"auto, (max-width: 1600px) 100vw, 1600px\" \/><\/noscript><div class=\"wp-block-cover__inner-container is-layout-flow wp-block-cover-is-layout-flow\">\n<p class=\"has-text-align-center has-base-3-color has-text-color has-large-font-size wp-block-paragraph\">Estudio de impacto ambiental y estudio de an\u00e1lisis <br>de riesgo ambiental e industrial<\/p>\n<\/div><\/div>\n\n\n\n<h2 class=\"wp-block-heading\" id=\"introduccion\">Introducci\u00f3n<\/h2>\n\n\n\n<blockquote class=\"wp-block-quote is-layout-flow wp-block-quote-is-layout-flow\"><p>Convertid un \u00e1rbol en le\u00f1a y arder\u00e1 para vosotros, pero no producir\u00e1 flores ni frutos para vuestros hijos<\/p><cite>Rabindranath Tagore<\/cite><\/blockquote>\n\n\n\n<p class=\"wp-block-paragraph\">Te doy la bienvenida a la sexta y \u00faltima clase digital de la UDA <em>Impacto Ambiental<\/em>, ahora revisaremos un tema muy importante, se trata del estudio de impacto ambiental y del estudio de an\u00e1lisis de riesgo ambiental e industrial, abordaremos los conceptos relevantes, legislaci\u00f3n y metodolog\u00eda para realizar dichos estudios , as\u00ed como algunos ejemplos de aplicaci\u00f3n.<\/p>\n\n\n\n<p class=\"wp-block-paragraph\">\u00a1As\u00ed que comencemos a estudiar este importante tema ambiental!<\/p>\n\n\n\n<h2 class=\"wp-block-heading\" id=\"desarrollo-del-tema\">Desarrollo del tema <\/h2>\n\n\n\n<p class=\"wp-block-paragraph\">De acuerdo con la SEMARNAT (2022), la legislaci\u00f3n ambiental vigente obliga a que la realizaci\u00f3n de varias actividades debe atender la autorizaci\u00f3n previa en materia de impacto ambiental.&nbsp;<br>En M\u00e9xico, los estudios de impacto ambiental de obras y actividades son de competencia federal y est\u00e1n a cargo de la Secretar\u00eda de Medio Ambiente y Recursos Naturales (SEMARNAT), lo que se lleva a cabo a trav\u00e9s de la Direcci\u00f3n General de Impacto y Riesgo Ambiental.&nbsp;<\/p>\n\n\n<div class=\"wp-block-image is-style-default\">\n<figure class=\"aligncenter size-large is-resized\"><img loading=\"lazy\" decoding=\"async\" src=\"data:image\/gif;base64,R0lGODlhAQABAIAAAAAAAP\/\/\/yH5BAEAAAAALAAAAAABAAEAAAIBRAA7\" data-src=\"https:\/\/blogs.ugto.mx\/rea\/wp-content\/uploads\/sites\/71\/2022\/10\/Captura-de-Pantalla-2022-10-21-a-las-9.35.40-1024x796.png\" alt=\"\" class=\"wp-image-19946\" width=\"1024\" height=\"796\" \/><noscript><img loading=\"lazy\" decoding=\"async\" src=\"https:\/\/blogs.ugto.mx\/rea\/wp-content\/uploads\/sites\/71\/2022\/10\/Captura-de-Pantalla-2022-10-21-a-las-9.35.40-1024x796.png\" alt=\"\" class=\"wp-image-19946\" width=\"1024\" height=\"796\" srcset=\"https:\/\/blogs.ugto.mx\/rea\/wp-content\/uploads\/sites\/71\/2022\/10\/Captura-de-Pantalla-2022-10-21-a-las-9.35.40-1024x796.png 1024w, https:\/\/blogs.ugto.mx\/rea\/wp-content\/uploads\/sites\/71\/2022\/10\/Captura-de-Pantalla-2022-10-21-a-las-9.35.40-300x233.png 300w, https:\/\/blogs.ugto.mx\/rea\/wp-content\/uploads\/sites\/71\/2022\/10\/Captura-de-Pantalla-2022-10-21-a-las-9.35.40-768x597.png 768w, https:\/\/blogs.ugto.mx\/rea\/wp-content\/uploads\/sites\/71\/2022\/10\/Captura-de-Pantalla-2022-10-21-a-las-9.35.40.png 1493w\" sizes=\"auto, (max-width: 1024px) 100vw, 1024px\" \/><\/noscript><figcaption><strong>Figura 1<\/strong>. Actividades y obras que deben contar con una evaluaci\u00f3n de impacto ambiental.<\/figcaption><\/figure>\n<\/div>\n\n\n<p class=\"wp-block-paragraph\"><\/p>\n\n\n\n<h3 class=\"wp-block-heading\">La evaluaci\u00f3n del impacto ambiental<\/h3>\n\n\n\n<p class=\"wp-block-paragraph\">Es el procedimiento legal mediante el cual la SEMARNAT establece las condiciones a que se sujetar\u00e1n los responsables de la realizaci\u00f3n de obras y actividades que causen un impacto desfavorable en el desequilibrio ecol\u00f3gico o que sobrepasen los valores establecidos en los ordenamientos normativos que buscan proteger, preservar y restaurar los ecosistemas.<\/p>\n\n\n\n<h3 class=\"wp-block-heading\">Metodolog\u00edas para la evaluaci\u00f3n del impacto ambiental<\/h3>\n\n\n\n<p class=\"wp-block-paragraph\">Los proyectos de obras y actividades indicados anteriormente deben contar con el an\u00e1lisis de la autoridad ambiental. En la tabla 1 podr\u00e1s apreciar&nbsp; las&nbsp; opciones de evaluaci\u00f3n que actualmente existen en M\u00e9xico.<\/p>\n\n\n<div class=\"wp-block-image is-style-default\">\n<figure class=\"aligncenter size-large\"><img decoding=\"async\" src=\"data:image\/gif;base64,R0lGODlhAQABAIAAAAAAAP\/\/\/yH5BAEAAAAALAAAAAABAAEAAAIBRAA7\" data-src=\"https:\/\/blogs.ugto.mx\/rea\/wp-content\/uploads\/sites\/71\/2022\/10\/Captura-de-Pantalla-2022-10-21-a-las-11.10.14-1024x917.png\" alt=\"\" class=\"wp-image-19965\" \/><noscript><img loading=\"lazy\" decoding=\"async\" width=\"1024\" height=\"917\" src=\"https:\/\/blogs.ugto.mx\/rea\/wp-content\/uploads\/sites\/71\/2022\/10\/Captura-de-Pantalla-2022-10-21-a-las-11.10.14-1024x917.png\" alt=\"\" class=\"wp-image-19965\" srcset=\"https:\/\/blogs.ugto.mx\/rea\/wp-content\/uploads\/sites\/71\/2022\/10\/Captura-de-Pantalla-2022-10-21-a-las-11.10.14-1024x917.png 1024w, https:\/\/blogs.ugto.mx\/rea\/wp-content\/uploads\/sites\/71\/2022\/10\/Captura-de-Pantalla-2022-10-21-a-las-11.10.14-300x269.png 300w, https:\/\/blogs.ugto.mx\/rea\/wp-content\/uploads\/sites\/71\/2022\/10\/Captura-de-Pantalla-2022-10-21-a-las-11.10.14-768x688.png 768w, https:\/\/blogs.ugto.mx\/rea\/wp-content\/uploads\/sites\/71\/2022\/10\/Captura-de-Pantalla-2022-10-21-a-las-11.10.14.png 1490w\" sizes=\"auto, (max-width: 1024px) 100vw, 1024px\" \/><\/noscript><\/figure>\n<\/div>\n\n<div class=\"wp-block-image is-style-default\">\n<figure class=\"aligncenter size-large\"><img decoding=\"async\" src=\"data:image\/gif;base64,R0lGODlhAQABAIAAAAAAAP\/\/\/yH5BAEAAAAALAAAAAABAAEAAAIBRAA7\" data-src=\"https:\/\/blogs.ugto.mx\/rea\/wp-content\/uploads\/sites\/71\/2022\/10\/Captura-de-Pantalla-2022-10-21-a-las-11.10.31-1024x686.png\" alt=\"\" class=\"wp-image-19966\" \/><noscript><img loading=\"lazy\" decoding=\"async\" width=\"1024\" height=\"686\" src=\"https:\/\/blogs.ugto.mx\/rea\/wp-content\/uploads\/sites\/71\/2022\/10\/Captura-de-Pantalla-2022-10-21-a-las-11.10.31-1024x686.png\" alt=\"\" class=\"wp-image-19966\" srcset=\"https:\/\/blogs.ugto.mx\/rea\/wp-content\/uploads\/sites\/71\/2022\/10\/Captura-de-Pantalla-2022-10-21-a-las-11.10.31-1024x686.png 1024w, https:\/\/blogs.ugto.mx\/rea\/wp-content\/uploads\/sites\/71\/2022\/10\/Captura-de-Pantalla-2022-10-21-a-las-11.10.31-300x201.png 300w, https:\/\/blogs.ugto.mx\/rea\/wp-content\/uploads\/sites\/71\/2022\/10\/Captura-de-Pantalla-2022-10-21-a-las-11.10.31-768x514.png 768w, https:\/\/blogs.ugto.mx\/rea\/wp-content\/uploads\/sites\/71\/2022\/10\/Captura-de-Pantalla-2022-10-21-a-las-11.10.31-272x182.png 272w, https:\/\/blogs.ugto.mx\/rea\/wp-content\/uploads\/sites\/71\/2022\/10\/Captura-de-Pantalla-2022-10-21-a-las-11.10.31.png 1492w\" sizes=\"auto, (max-width: 1024px) 100vw, 1024px\" \/><\/noscript><figcaption><strong>\u00a0Tabla 1.<\/strong> Metodolog\u00edas de evaluaci\u00f3n de Impacto en Ambiental vigentes en M\u00e9xico.<\/figcaption><\/figure>\n<\/div>\n\n\n<p class=\"wp-block-paragraph\"><\/p>\n\n\n\n<p class=\"wp-block-paragraph\">La MIA es un instrumento que elaboran\u00a0 las personas (f\u00edsicas o morales) con base en estudios t\u00e9cnicos, contiene el an\u00e1lisis detallado y la descripci\u00f3n\u00a0 de las condiciones ambientales previas al funcionamiento del proyecto con el objetivo de identificar y evaluar los impactos potenciales de las fases de construcci\u00f3n y operaci\u00f3n.\u00a0 Indicando los da\u00f1os que podr\u00eda causar la realizaci\u00f3n de las actividades del proyecto a la salud humana y al ambiente. Se deben proponer\u00a0 medidas necesarias para: prevenir, mitigar los da\u00f1os.<\/p>\n\n\n\n<p class=\"wp-block-paragraph\">Cuando la autoridad ambiental competente ha evaluado y autorizado la realizaci\u00f3n de las obras y las actividades de los proyectos, corresponde a otra autoridad verificar el cumplimiento de los t\u00e9rminos y condicionantes legales y normativos vigentes. En este caso entra en acci\u00f3n la&nbsp; Procuradur\u00eda Federal de Protecci\u00f3n al Ambiente (PROFEPA).<\/p>\n\n\n\n<p class=\"wp-block-paragraph\">Las actividades de inspecci\u00f3n que realiza esta Procuradur\u00eda incluye:<\/p>\n\n\n\n<ul class=\"wp-block-list\"><li>Estudios y autorizaciones de parte de la Direcci\u00f3n General de Impacto y Riesgo Ambiental<\/li><li>Denuncias de la ciudadan\u00eda presentadas por el da\u00f1o ambiental que pueden causar obras o actividades espec\u00edficas<\/li><li>Proyectos en construcci\u00f3n o en operaci\u00f3n que se presenten durante las inspecciones de la Procuradur\u00eda.<\/li><\/ul>\n\n\n<div class=\"wp-block-image is-style-default\">\n<figure class=\"aligncenter size-large is-resized\"><img loading=\"lazy\" decoding=\"async\" src=\"data:image\/gif;base64,R0lGODlhAQABAIAAAAAAAP\/\/\/yH5BAEAAAAALAAAAAABAAEAAAIBRAA7\" data-src=\"https:\/\/blogs.ugto.mx\/rea\/wp-content\/uploads\/sites\/71\/2022\/10\/Captura-de-Pantalla-2022-10-21-a-las-9.40.36-1024x417.png\" alt=\"\" class=\"wp-image-19956\" width=\"1024\" height=\"417\" \/><noscript><img loading=\"lazy\" decoding=\"async\" src=\"https:\/\/blogs.ugto.mx\/rea\/wp-content\/uploads\/sites\/71\/2022\/10\/Captura-de-Pantalla-2022-10-21-a-las-9.40.36-1024x417.png\" alt=\"\" class=\"wp-image-19956\" width=\"1024\" height=\"417\" srcset=\"https:\/\/blogs.ugto.mx\/rea\/wp-content\/uploads\/sites\/71\/2022\/10\/Captura-de-Pantalla-2022-10-21-a-las-9.40.36-1024x417.png 1024w, https:\/\/blogs.ugto.mx\/rea\/wp-content\/uploads\/sites\/71\/2022\/10\/Captura-de-Pantalla-2022-10-21-a-las-9.40.36-300x122.png 300w, https:\/\/blogs.ugto.mx\/rea\/wp-content\/uploads\/sites\/71\/2022\/10\/Captura-de-Pantalla-2022-10-21-a-las-9.40.36-768x313.png 768w, https:\/\/blogs.ugto.mx\/rea\/wp-content\/uploads\/sites\/71\/2022\/10\/Captura-de-Pantalla-2022-10-21-a-las-9.40.36.png 1491w\" sizes=\"auto, (max-width: 1024px) 100vw, 1024px\" \/><\/noscript><figcaption><strong>Figura 2. <\/strong>Elementos de la MIA.<\/figcaption><\/figure>\n<\/div>\n\n\n<p class=\"wp-block-paragraph\"><\/p>\n\n\n\n<p class=\"wp-block-paragraph\">En la imagen 1 podr\u00e1s ver un ejemplo de actividades que requieren elaborar la MIA y en la imagen 2 se muestra una acci\u00f3n de incumplimiento durante la inspecci\u00f3n que hace la PROFEPA.<\/p>\n\n\n\n<div class=\"wp-block-columns has-base-2-background-color has-background is-layout-flex wp-container-core-columns-is-layout-8f761849 wp-block-columns-is-layout-flex\">\n<div class=\"wp-block-column is-layout-flow wp-block-column-is-layout-flow\"><div class=\"wp-block-image is-style-default\">\n<figure class=\"aligncenter size-large\"><img decoding=\"async\" src=\"data:image\/gif;base64,R0lGODlhAQABAIAAAAAAAP\/\/\/yH5BAEAAAAALAAAAAABAAEAAAIBRAA7\" data-src=\"https:\/\/blogs.ugto.mx\/rea\/wp-content\/uploads\/sites\/71\/2022\/10\/bricklayer-ge1dea0f99_1920-1024x683.jpg\" alt=\"\" class=\"wp-image-19962\" \/><noscript><img loading=\"lazy\" decoding=\"async\" width=\"1024\" height=\"683\" src=\"https:\/\/blogs.ugto.mx\/rea\/wp-content\/uploads\/sites\/71\/2022\/10\/bricklayer-ge1dea0f99_1920-1024x683.jpg\" alt=\"\" class=\"wp-image-19962\" srcset=\"https:\/\/blogs.ugto.mx\/rea\/wp-content\/uploads\/sites\/71\/2022\/10\/bricklayer-ge1dea0f99_1920-1024x683.jpg 1024w, https:\/\/blogs.ugto.mx\/rea\/wp-content\/uploads\/sites\/71\/2022\/10\/bricklayer-ge1dea0f99_1920-300x200.jpg 300w, https:\/\/blogs.ugto.mx\/rea\/wp-content\/uploads\/sites\/71\/2022\/10\/bricklayer-ge1dea0f99_1920-768x512.jpg 768w, https:\/\/blogs.ugto.mx\/rea\/wp-content\/uploads\/sites\/71\/2022\/10\/bricklayer-ge1dea0f99_1920-1536x1024.jpg 1536w, https:\/\/blogs.ugto.mx\/rea\/wp-content\/uploads\/sites\/71\/2022\/10\/bricklayer-ge1dea0f99_1920-272x182.jpg 272w, https:\/\/blogs.ugto.mx\/rea\/wp-content\/uploads\/sites\/71\/2022\/10\/bricklayer-ge1dea0f99_1920.jpg 1920w\" sizes=\"auto, (max-width: 1024px) 100vw, 1024px\" \/><\/noscript><figcaption><strong>Imagen 1.<\/strong> Ejemplo de proyecto de obra que debe presentar MIA.<\/figcaption><\/figure>\n<\/div><\/div>\n\n\n\n<div class=\"wp-block-column is-layout-flow wp-block-column-is-layout-flow\"><div class=\"wp-block-image is-style-default\">\n<figure class=\"aligncenter size-large\"><img decoding=\"async\" src=\"data:image\/gif;base64,R0lGODlhAQABAIAAAAAAAP\/\/\/yH5BAEAAAAALAAAAAABAAEAAAIBRAA7\" data-src=\"https:\/\/blogs.ugto.mx\/rea\/wp-content\/uploads\/sites\/71\/2022\/10\/CLAUSURADO-1024x684.png\" alt=\"\" class=\"wp-image-19963\" \/><noscript><img loading=\"lazy\" decoding=\"async\" width=\"1024\" height=\"684\" src=\"https:\/\/blogs.ugto.mx\/rea\/wp-content\/uploads\/sites\/71\/2022\/10\/CLAUSURADO-1024x684.png\" alt=\"\" class=\"wp-image-19963\" srcset=\"https:\/\/blogs.ugto.mx\/rea\/wp-content\/uploads\/sites\/71\/2022\/10\/CLAUSURADO-1024x684.png 1024w, https:\/\/blogs.ugto.mx\/rea\/wp-content\/uploads\/sites\/71\/2022\/10\/CLAUSURADO-300x200.png 300w, https:\/\/blogs.ugto.mx\/rea\/wp-content\/uploads\/sites\/71\/2022\/10\/CLAUSURADO-768x513.png 768w, https:\/\/blogs.ugto.mx\/rea\/wp-content\/uploads\/sites\/71\/2022\/10\/CLAUSURADO-1536x1026.png 1536w, https:\/\/blogs.ugto.mx\/rea\/wp-content\/uploads\/sites\/71\/2022\/10\/CLAUSURADO-272x182.png 272w, https:\/\/blogs.ugto.mx\/rea\/wp-content\/uploads\/sites\/71\/2022\/10\/CLAUSURADO.png 1920w\" sizes=\"auto, (max-width: 1024px) 100vw, 1024px\" \/><\/noscript><figcaption><strong>Imagen 2.<\/strong> Posible acci\u00f3n de la PROFEPA durante inspecciones.<\/figcaption><\/figure>\n<\/div><\/div>\n<\/div>\n\n\n\n<h3 class=\"wp-block-heading\">Estudio de riesgo ambiental<\/h3>\n\n\n\n<p class=\"wp-block-paragraph\">Este estudio forma parte de la norma ISO 14001, requiere de un an\u00e1lisis minucioso de la identificaci\u00f3n y descripci\u00f3n de causas y peligros vinculados a actividades que se realizan en las organizaciones.&nbsp; Con dicha informaci\u00f3n se establecen los diferentes escenarios de accidentes se podr\u00edan presentar a fin de&nbsp; evaluar y gestionar adecuadamente el riesgo ambiental.<\/p>\n\n\n<div class=\"wp-block-image is-style-default\">\n<figure class=\"aligncenter size-large\"><img decoding=\"async\" src=\"data:image\/gif;base64,R0lGODlhAQABAIAAAAAAAP\/\/\/yH5BAEAAAAALAAAAAABAAEAAAIBRAA7\" data-src=\"https:\/\/blogs.ugto.mx\/rea\/wp-content\/uploads\/sites\/71\/2022\/10\/Captura-de-Pantalla-2022-10-21-a-las-9.40.57-1024x271.png\" alt=\"\" class=\"wp-image-19957\" \/><noscript><img loading=\"lazy\" decoding=\"async\" width=\"1024\" height=\"271\" src=\"https:\/\/blogs.ugto.mx\/rea\/wp-content\/uploads\/sites\/71\/2022\/10\/Captura-de-Pantalla-2022-10-21-a-las-9.40.57-1024x271.png\" alt=\"\" class=\"wp-image-19957\" srcset=\"https:\/\/blogs.ugto.mx\/rea\/wp-content\/uploads\/sites\/71\/2022\/10\/Captura-de-Pantalla-2022-10-21-a-las-9.40.57-1024x271.png 1024w, https:\/\/blogs.ugto.mx\/rea\/wp-content\/uploads\/sites\/71\/2022\/10\/Captura-de-Pantalla-2022-10-21-a-las-9.40.57-300x79.png 300w, https:\/\/blogs.ugto.mx\/rea\/wp-content\/uploads\/sites\/71\/2022\/10\/Captura-de-Pantalla-2022-10-21-a-las-9.40.57-768x203.png 768w, https:\/\/blogs.ugto.mx\/rea\/wp-content\/uploads\/sites\/71\/2022\/10\/Captura-de-Pantalla-2022-10-21-a-las-9.40.57.png 1491w\" sizes=\"auto, (max-width: 1024px) 100vw, 1024px\" \/><\/noscript><figcaption><strong>Figura <\/strong>3. Etapas de la gesti\u00f3n del riesgo ambiental.<\/figcaption><\/figure>\n<\/div>\n\n\n<p class=\"wp-block-paragraph\"><\/p>\n\n\n\n<p class=\"wp-block-paragraph\">En la siguiente tabla podr\u00e1s observar algunos ejemplos de identificaci\u00f3n de peligros en una organizaci\u00f3n, que podr\u00edan detonar en accidentes ambientales con afectaciones a la salud de las personas principalmente y tambi\u00e9n al medio ambiente<strong>.<\/strong><\/p>\n\n\n<div class=\"wp-block-image is-style-default\">\n<figure class=\"aligncenter size-large\"><img decoding=\"async\" src=\"data:image\/gif;base64,R0lGODlhAQABAIAAAAAAAP\/\/\/yH5BAEAAAAALAAAAAABAAEAAAIBRAA7\" data-src=\"https:\/\/blogs.ugto.mx\/rea\/wp-content\/uploads\/sites\/71\/2022\/10\/Captura-de-Pantalla-2022-10-21-a-las-9.41.32-1024x844.png\" alt=\"\" class=\"wp-image-19959\" \/><noscript><img loading=\"lazy\" decoding=\"async\" width=\"1024\" height=\"844\" src=\"https:\/\/blogs.ugto.mx\/rea\/wp-content\/uploads\/sites\/71\/2022\/10\/Captura-de-Pantalla-2022-10-21-a-las-9.41.32-1024x844.png\" alt=\"\" class=\"wp-image-19959\" srcset=\"https:\/\/blogs.ugto.mx\/rea\/wp-content\/uploads\/sites\/71\/2022\/10\/Captura-de-Pantalla-2022-10-21-a-las-9.41.32-1024x844.png 1024w, https:\/\/blogs.ugto.mx\/rea\/wp-content\/uploads\/sites\/71\/2022\/10\/Captura-de-Pantalla-2022-10-21-a-las-9.41.32-300x247.png 300w, https:\/\/blogs.ugto.mx\/rea\/wp-content\/uploads\/sites\/71\/2022\/10\/Captura-de-Pantalla-2022-10-21-a-las-9.41.32-768x633.png 768w, https:\/\/blogs.ugto.mx\/rea\/wp-content\/uploads\/sites\/71\/2022\/10\/Captura-de-Pantalla-2022-10-21-a-las-9.41.32.png 1490w\" sizes=\"auto, (max-width: 1024px) 100vw, 1024px\" \/><\/noscript><figcaption><strong>Tabla 2.<\/strong> Identificaci\u00f3n de peligros en una organizaci\u00f3n<\/figcaption><\/figure>\n<\/div>\n\n\n<p class=\"wp-block-paragraph\"><\/p>\n\n\n\n<p class=\"wp-block-paragraph\">Posterior a la identificaci\u00f3n de peligros corresponde, es necesario indagar cu\u00e1les son las causas que los detonaron,&nbsp; se vislumbran posibles escenarios de accidentes y sus consecuencias. Se debe dise\u00f1ar un \u00e1rbol de sucesos, es decir &nbsp;la secuencia de posibles eventos o alternativas que podr\u00edan generar distintos escenarios de un accidente. Luego se estiman las potenciales consecuencias de un determinado evento relacionado con un&nbsp;riesgo ambiental en un entorno puede ser: natural, humano y socioecon\u00f3mico. Por \u00faltimo,&nbsp; se&nbsp;<em>estima el riesgo<\/em> de acuerdo con el orden indicado en la figura 6.<\/p>\n\n\n<div class=\"wp-block-image is-style-default\">\n<figure class=\"aligncenter size-large\"><img decoding=\"async\" src=\"data:image\/gif;base64,R0lGODlhAQABAIAAAAAAAP\/\/\/yH5BAEAAAAALAAAAAABAAEAAAIBRAA7\" data-src=\"https:\/\/blogs.ugto.mx\/rea\/wp-content\/uploads\/sites\/71\/2022\/10\/Captura-de-Pantalla-2022-10-21-a-las-9.42.08-1024x274.png\" alt=\"\" class=\"wp-image-19960\" \/><noscript><img loading=\"lazy\" decoding=\"async\" width=\"1024\" height=\"274\" src=\"https:\/\/blogs.ugto.mx\/rea\/wp-content\/uploads\/sites\/71\/2022\/10\/Captura-de-Pantalla-2022-10-21-a-las-9.42.08-1024x274.png\" alt=\"\" class=\"wp-image-19960\" srcset=\"https:\/\/blogs.ugto.mx\/rea\/wp-content\/uploads\/sites\/71\/2022\/10\/Captura-de-Pantalla-2022-10-21-a-las-9.42.08-1024x274.png 1024w, https:\/\/blogs.ugto.mx\/rea\/wp-content\/uploads\/sites\/71\/2022\/10\/Captura-de-Pantalla-2022-10-21-a-las-9.42.08-300x80.png 300w, https:\/\/blogs.ugto.mx\/rea\/wp-content\/uploads\/sites\/71\/2022\/10\/Captura-de-Pantalla-2022-10-21-a-las-9.42.08-768x205.png 768w, https:\/\/blogs.ugto.mx\/rea\/wp-content\/uploads\/sites\/71\/2022\/10\/Captura-de-Pantalla-2022-10-21-a-las-9.42.08-1536x410.png 1536w, https:\/\/blogs.ugto.mx\/rea\/wp-content\/uploads\/sites\/71\/2022\/10\/Captura-de-Pantalla-2022-10-21-a-las-9.42.08.png 2017w\" sizes=\"auto, (max-width: 1024px) 100vw, 1024px\" \/><\/noscript><figcaption><strong>Figura 4<\/strong>. Procedimiento de evaluaci\u00f3n del riesgo. <strong>Fuente<\/strong>. Adaptado de SEMARNAT (2022).<\/figcaption><\/figure>\n<\/div>\n\n\n<h3 class=\"wp-block-heading\">Gesti\u00f3n de riesgo ambiental<\/h3>\n\n\n<div class=\"wp-block-image is-style-default\">\n<figure class=\"aligncenter size-large\"><img decoding=\"async\" src=\"data:image\/gif;base64,R0lGODlhAQABAIAAAAAAAP\/\/\/yH5BAEAAAAALAAAAAABAAEAAAIBRAA7\" data-src=\"https:\/\/blogs.ugto.mx\/rea\/wp-content\/uploads\/sites\/71\/2022\/10\/Captura-de-Pantalla-2022-10-21-a-las-9.43.32-1024x379.png\" alt=\"\" class=\"wp-image-19961\" \/><noscript><img loading=\"lazy\" decoding=\"async\" width=\"1024\" height=\"379\" src=\"https:\/\/blogs.ugto.mx\/rea\/wp-content\/uploads\/sites\/71\/2022\/10\/Captura-de-Pantalla-2022-10-21-a-las-9.43.32-1024x379.png\" alt=\"\" class=\"wp-image-19961\" srcset=\"https:\/\/blogs.ugto.mx\/rea\/wp-content\/uploads\/sites\/71\/2022\/10\/Captura-de-Pantalla-2022-10-21-a-las-9.43.32-1024x379.png 1024w, https:\/\/blogs.ugto.mx\/rea\/wp-content\/uploads\/sites\/71\/2022\/10\/Captura-de-Pantalla-2022-10-21-a-las-9.43.32-300x111.png 300w, https:\/\/blogs.ugto.mx\/rea\/wp-content\/uploads\/sites\/71\/2022\/10\/Captura-de-Pantalla-2022-10-21-a-las-9.43.32-768x285.png 768w, https:\/\/blogs.ugto.mx\/rea\/wp-content\/uploads\/sites\/71\/2022\/10\/Captura-de-Pantalla-2022-10-21-a-las-9.43.32-1536x569.png 1536w, https:\/\/blogs.ugto.mx\/rea\/wp-content\/uploads\/sites\/71\/2022\/10\/Captura-de-Pantalla-2022-10-21-a-las-9.43.32.png 2019w\" sizes=\"auto, (max-width: 1024px) 100vw, 1024px\" \/><\/noscript><figcaption><strong>Figura 6.<\/strong> Clasificaci\u00f3n de los riesgos ambientales.<\/figcaption><\/figure>\n<\/div>\n\n\n<p class=\"wp-block-paragraph\">Finalmente se realiza la evaluaci\u00f3n del riesgo ambiental (EIA)&nbsp; en \u00e9sta se emite un juicio sobre la tolerabilidad del riesgo, los cuales est\u00e1n asociados con los siguientes factores:<\/p>\n\n\n\n<ul class=\"wp-block-list\"><li>Aspectos sociales y legales<\/li><li>Pol\u00edtica y Filosof\u00eda de la organizaci\u00f3n<\/li><li>Aspectos econ\u00f3micos y financieros<\/li><li>Disponibilidad tecnol\u00f3gica<\/li><\/ul>\n\n\n\n<h4 class=\"has-text-align-center wp-block-heading\">\u00a1Ahora t\u00fa!<\/h4>\n\n\n\n<p class=\"wp-block-paragraph\">Una vez que hemos avanzado hasta aqu\u00ed, te recomiendo revisar el siguiente material audiovisual que es muy interesante, con el cual&nbsp; incrementar\u00e1s tus conocimientos.<\/p>\n\n\n\n<p class=\"wp-block-paragraph\">En el siguiente podcast encontrar\u00e1s m\u00e9todos complementarios para la EIA, \u00bfEn qu\u00e9 se distingue del m\u00e9todo revisado en esta clase?<\/p>\n\n\n\n<ul class=\"wp-block-list\"><li>Podcast: M\u00e9todos de Evaluaci\u00f3n Impacto Ambiental<\/li><\/ul>\n\n\n\n<div class=\"wp-block-buttons is-content-justification-center is-layout-flex wp-container-core-buttons-is-layout-fe48e5de wp-block-buttons-is-layout-flex\">\n<div class=\"wp-block-button\"><a class=\"wp-block-button__link has-background\" href=\"https:\/\/podcasts.google.com\/feed\/aHR0cHM6Ly93d3cuc3ByZWFrZXIuY29tL3Nob3cvNDcwMjg1NS9lcGlzb2Rlcy9mZWVk\" style=\"background:linear-gradient(135deg,rgb(55,202,236) 0%,rgb(173,217,216) 100%)\" target=\"_blank\" rel=\"noreferrer noopener\">Accede<\/a><\/div>\n<\/div>\n\n\n\n<ul class=\"wp-block-list\"><li>Revisa con atenci\u00f3n los siguientes videos:<\/li><\/ul>\n\n\n\n<figure class=\"wp-block-embed is-type-video is-provider-youtube wp-block-embed-youtube wp-embed-aspect-16-9 wp-has-aspect-ratio\"><div class=\"wp-block-embed__wrapper\">\n<iframe loading=\"lazy\" title=\"Procedimiento para elaborar el Manifiesto de Impacto Ambiental\" width=\"1200\" height=\"675\" src=\"https:\/\/www.youtube.com\/embed\/6YI9X0OAdow?start=27&#038;feature=oembed\" frameborder=\"0\" allow=\"accelerometer; autoplay; clipboard-write; encrypted-media; gyroscope; picture-in-picture\" allowfullscreen><\/iframe>\n<\/div><\/figure>\n\n\n\n<figure class=\"wp-block-embed is-type-video is-provider-youtube wp-block-embed-youtube wp-embed-aspect-16-9 wp-has-aspect-ratio\"><div class=\"wp-block-embed__wrapper\">\n<iframe loading=\"lazy\" title=\"Ejemplo de Manifestaci\u00f3n de impacto Ambiental\" width=\"1200\" height=\"675\" src=\"https:\/\/www.youtube.com\/embed\/DwLRxnnMShE?start=56&#038;feature=oembed\" frameborder=\"0\" allow=\"accelerometer; autoplay; clipboard-write; encrypted-media; gyroscope; picture-in-picture\" allowfullscreen><\/iframe>\n<\/div><\/figure>\n\n\n\n<h2 class=\"wp-block-heading\" id=\"conclusion\">Conclusi\u00f3n<\/h2>\n\n\n\n<p class=\"wp-block-paragraph\">Todas las actividades y obras de los proyectos que emprenden las organizaciones privadas o p\u00fablicas requieren ser autorizadas por las Secretar\u00edas Ambientales mediante procedimientos legales que establecen los criterios y metodolog\u00edas de evaluaci\u00f3n, esto con la intenci\u00f3n de reglamentar estas actividades para minimizar el impacto desfavorable en el desequilibrio ecol\u00f3gico.&nbsp;<\/p>\n\n\n\n<p class=\"wp-block-paragraph\">Una vez aprobados los proyectos la PROFEPA da el seguimiento al cumplimiento de los compromisos legales establecidos a las organizaciones a trav\u00e9s de la inspecci\u00f3n directa in situ en la construcci\u00f3n y operaci\u00f3n de las actividades de las organizaciones.<\/p>\n\n\n\n<p class=\"wp-block-paragraph\">La adecuada gesti\u00f3n de riesgo ambiental es responsabilidad de las gerencias y es antecedida por la identificaci\u00f3n de peligros en la organizaci\u00f3n, la indagaci\u00f3n de cu\u00e1les son las causas que los detonaron, el establecimiento&nbsp; de posibles escenarios de accidentes y sus consecuencias.<\/p>\n\n\n\n<h2 class=\"wp-block-heading\" id=\"fuentes-de-informacion\">Fuentes de informaci\u00f3n<\/h2>\n\n\n\n<ul class=\"wp-block-list\"><li><a href=\"https:\/\/www.gob.mx\/profepa\/articulos\/manifestacion-de-impacto-ambiental-mia\" target=\"_blank\" rel=\"noreferrer noopener\">Manifestaci\u00f3n de Impacto Ambiental (MIA)<\/a><\/li><li><a href=\"https:\/\/caaff.com.mx\/noticias\/identificacion-y-valoracion-de-impactos\" target=\"_blank\" rel=\"noreferrer noopener\">Identificaci\u00f3n y valoraci\u00f3n de impactos<\/a><\/li><\/ul>\n\n\n\n<p class=\"wp-block-paragraph\"><\/p>\n","protected":false},"excerpt":{"rendered":"<p>Introducci\u00f3n Convertid un \u00e1rbol en le\u00f1a y arder\u00e1 para vosotros, pero no producir\u00e1 flores ni frutos para vuestros hijos Rabindranath Tagore Te doy la bienvenida a la sexta y \u00faltima clase digital de la UDA Impacto Ambiental, ahora revisaremos un tema muy importante, se trata del estudio de impacto ambiental y del estudio de an\u00e1lisis &#8230; <a title=\"Clase digital 6. Estudio de impacto ambiental y estudio de an\u00e1lisis de riesgo ambiental e industrial\" class=\"read-more\" href=\"https:\/\/blogs.ugto.mx\/rea\/clase-digital-6-estudio-de-impacto-ambiental-y-estudio-de-analisis-de-riesgo-ambiental-e-industrial\/\" aria-label=\"Leer m\u00e1s sobre Clase digital 6. Estudio de impacto ambiental y estudio de an\u00e1lisis de riesgo ambiental e industrial\">Leer m\u00e1s<\/a><\/p>\n","protected":false},"author":142,"featured_media":0,"comment_status":"closed","ping_status":"closed","sticky":false,"template":"","format":"standard","meta":{"_acf_changed":false,"_crdt_document":"","episode_type":"","audio_file":"","podmotor_file_id":"","podmotor_episode_id":"","cover_image":"","cover_image_id":"","duration":"","filesize":"","filesize_raw":"","date_recorded":"","explicit":"","block":"","itunes_episode_number":"","itunes_title":"","itunes_season_number":"","itunes_episode_type":"","footnotes":""},"categories":[2,506],"tags":[507,41,508],"class_list":["post-16137","post","type-post","status-publish","format-standard","hentry","category-ingenieria-mecanica","category-uda-impacto-ambiental","tag-amanda-enriqueta-violante","tag-clase-digital","tag-iili03065"],"acf":[],"jetpack_featured_media_url":"","_links":{"self":[{"href":"https:\/\/blogs.ugto.mx\/rea\/wp-json\/wp\/v2\/posts\/16137","targetHints":{"allow":["GET"]}}],"collection":[{"href":"https:\/\/blogs.ugto.mx\/rea\/wp-json\/wp\/v2\/posts"}],"about":[{"href":"https:\/\/blogs.ugto.mx\/rea\/wp-json\/wp\/v2\/types\/post"}],"author":[{"embeddable":true,"href":"https:\/\/blogs.ugto.mx\/rea\/wp-json\/wp\/v2\/users\/142"}],"replies":[{"embeddable":true,"href":"https:\/\/blogs.ugto.mx\/rea\/wp-json\/wp\/v2\/comments?post=16137"}],"version-history":[{"count":7,"href":"https:\/\/blogs.ugto.mx\/rea\/wp-json\/wp\/v2\/posts\/16137\/revisions"}],"predecessor-version":[{"id":19970,"href":"https:\/\/blogs.ugto.mx\/rea\/wp-json\/wp\/v2\/posts\/16137\/revisions\/19970"}],"wp:attachment":[{"href":"https:\/\/blogs.ugto.mx\/rea\/wp-json\/wp\/v2\/media?parent=16137"}],"wp:term":[{"taxonomy":"category","embeddable":true,"href":"https:\/\/blogs.ugto.mx\/rea\/wp-json\/wp\/v2\/categories?post=16137"},{"taxonomy":"post_tag","embeddable":true,"href":"https:\/\/blogs.ugto.mx\/rea\/wp-json\/wp\/v2\/tags?post=16137"}],"curies":[{"name":"wp","href":"https:\/\/api.w.org\/{rel}","templated":true}]}}