{"id":16593,"date":"2022-08-02T20:55:10","date_gmt":"2022-08-02T20:55:10","guid":{"rendered":"https:\/\/blogs.ugto.mx\/rea\/?p=16593"},"modified":"2022-10-20T13:48:31","modified_gmt":"2022-10-20T13:48:31","slug":"tema-5-derechos-de-igualdad","status":"publish","type":"post","link":"https:\/\/blogs.ugto.mx\/rea\/tema-5-derechos-de-igualdad\/","title":{"rendered":"Tema 5. Derechos de igualdad"},"content":{"rendered":"\n\n\n<div class=\"wp-block-cover is-light\" style=\"min-height:284px;aspect-ratio:unset;\"><span aria-hidden=\"true\" class=\"wp-block-cover__background has-background-dim-40 has-background-dim\"><\/span><img decoding=\"async\" class=\"wp-block-cover__image-background wp-image-16620\" alt=\"\" src=\"data:image\/gif;base64,R0lGODlhAQABAIAAAAAAAP\/\/\/yH5BAEAAAAALAAAAAABAAEAAAIBRAA7\" data-src=\"https:\/\/blogs.ugto.mx\/rea\/wp-content\/uploads\/sites\/71\/2022\/08\/3335805.jpg\" style=\"object-position:35% 0%\" data-object-fit=\"cover\" data-object-position=\"35% 0%\" \/><noscript><img loading=\"lazy\" decoding=\"async\" width=\"1280\" height=\"616\" class=\"wp-block-cover__image-background wp-image-16620\" alt=\"\" src=\"https:\/\/blogs.ugto.mx\/rea\/wp-content\/uploads\/sites\/71\/2022\/08\/3335805.jpg\" style=\"object-position:35% 0%\" data-object-fit=\"cover\" data-object-position=\"35% 0%\" srcset=\"https:\/\/blogs.ugto.mx\/rea\/wp-content\/uploads\/sites\/71\/2022\/08\/3335805.jpg 1280w, https:\/\/blogs.ugto.mx\/rea\/wp-content\/uploads\/sites\/71\/2022\/08\/3335805-300x144.jpg 300w, https:\/\/blogs.ugto.mx\/rea\/wp-content\/uploads\/sites\/71\/2022\/08\/3335805-1024x493.jpg 1024w, https:\/\/blogs.ugto.mx\/rea\/wp-content\/uploads\/sites\/71\/2022\/08\/3335805-768x370.jpg 768w\" sizes=\"auto, (max-width: 1280px) 100vw, 1280px\" \/><\/noscript><div class=\"wp-block-cover__inner-container is-layout-flow wp-block-cover-is-layout-flow\">\n<p class=\"has-text-align-center has-base-3-color has-text-color has-large-font-size wp-block-paragraph\"><strong><strong>Derechos de igualdad<\/strong><\/strong><\/p>\n<\/div><\/div>\n\n\n\n<h2 class=\"wp-block-heading\" id=\"desarrollo-del-tema\">Desarrollo del tema <\/h2>\n\n\n\n<p class=\"wp-block-paragraph\">Este tipo de derechos obligan al Estado a revisar el cumplimiento de los Derechos Humanos sin discriminaci\u00f3n por motivo alguno, incluidos los componentes de universalidad relatados anteriormente.<\/p>\n\n\n\n<p class=\"wp-block-paragraph\">Al igual que los derechos de libertad, este tipo de derechos tiene tres tipos de variaciones:<\/p>\n\n\n\n<ul class=\"wp-block-list\"><li><strong>Igualdad ante la ley o igualdad formal<\/strong>. Es la exigencia de que en la ley no existan tratos diferenciales, es decir, las normas deber\u00e1n ser generales y aplicarse de manera no arbitraria.<\/li><li><strong>Igualdad en la ley o igualdad sustancial<\/strong>. Es la aplicaci\u00f3n real y efectiva de la generalidad mencionada en el punto anterior y cuyos resultados sean igualitarios en la vida de las personas.<\/li><li><strong>Igualdad pol\u00edtica<\/strong>. Es la forma en c\u00f3mo se distribuye el poder pol\u00edtico en la sociedad, el voto es la manifestaci\u00f3n m\u00e1s evidente de este tipo de igualdad, tanto en la capacidad que tienen las personas de votar y de ser votadas.<\/li><\/ul>\n\n\n\n<p class=\"wp-block-paragraph\">Es importante resaltar que la igualdad siempre ata\u00f1e no a las caracter\u00edsticas de las personas sino a la regulaci\u00f3n del tipo de relaci\u00f3n que se da entre dos o m\u00e1s personas o situaciones. En otras palabras, para que exista una diferenciaci\u00f3n de trato debe haber una razonabilidad y justificaci\u00f3n objetiva como criterio b\u00e1sico para la producci\u00f3n normativa debiendo existir en todo momento una proporcionalidad entre los medios empleados y la finalidad perseguida.<\/p>\n\n\n\n<p class=\"wp-block-paragraph\">Algunos de los principales derechos de igualdad reconocidos en el ordenamiento jur\u00eddico mexicano son:<\/p>\n\n\n\n<div class=\"wp-block-columns is-layout-flex wp-container-core-columns-is-layout-8f761849 wp-block-columns-is-layout-flex\">\n<div class=\"wp-block-column is-layout-flow wp-block-column-is-layout-flow\" style=\"flex-basis:66.66%\">\n<div style=\"height:80px\" aria-hidden=\"true\" class=\"wp-block-spacer\"><\/div>\n\n\n\n<h3 class=\"has-text-align-center wp-block-heading\">Derecho a no ser sometido a violencia institucional<\/h3>\n\n\n\n<p class=\"wp-block-paragraph\">Derecho de todas las personas a recibir una atenci\u00f3n oportuna, eficiente y congruente a las funciones p\u00fablicas de la autoridad, evitando la dilaci\u00f3n, obstaculizaci\u00f3n y el impedimento del goce y ejercicio de sus derechos.<\/p>\n\n\n\n<p class=\"wp-block-paragraph\"><strong>Bien jur\u00eddico tutelado<\/strong><\/p>\n\n\n\n<ul class=\"wp-block-list\"><li>El trato digno.<\/li><\/ul>\n\n\n\n<p class=\"wp-block-paragraph\"><strong>Fundamentaci\u00f3n jur\u00eddica constitucional e internacional<\/strong><\/p>\n\n\n\n<ul class=\"wp-block-list\"><li>Art\u00edculo 1, p\u00e1rrafo tercero de la CPEUM.<\/li><li>Art\u00edculo 26 del Pacto Internacional de Derechos Civiles y Pol\u00edticos.<\/li><li>Art\u00edculo 24 de la Convenci\u00f3n Americana sobre Derechos Humanos.<\/li><\/ul>\n<\/div>\n\n\n\n<div class=\"wp-block-column is-layout-flow wp-block-column-is-layout-flow\" style=\"flex-basis:33.33%\">\n<figure class=\"wp-block-image size-large\"><img decoding=\"async\" src=\"data:image\/gif;base64,R0lGODlhAQABAIAAAAAAAP\/\/\/yH5BAEAAAAALAAAAAABAAEAAAIBRAA7\" data-src=\"https:\/\/blogs.ugto.mx\/rea\/wp-content\/uploads\/sites\/71\/2022\/08\/Violencia-institucional_Mesa-de-trabajo-1-678x1024.png\" alt=\"\" class=\"wp-image-16944\" \/><noscript><img loading=\"lazy\" decoding=\"async\" width=\"678\" height=\"1024\" src=\"https:\/\/blogs.ugto.mx\/rea\/wp-content\/uploads\/sites\/71\/2022\/08\/Violencia-institucional_Mesa-de-trabajo-1-678x1024.png\" alt=\"\" class=\"wp-image-16944\" srcset=\"https:\/\/blogs.ugto.mx\/rea\/wp-content\/uploads\/sites\/71\/2022\/08\/Violencia-institucional_Mesa-de-trabajo-1-678x1024.png 678w, https:\/\/blogs.ugto.mx\/rea\/wp-content\/uploads\/sites\/71\/2022\/08\/Violencia-institucional_Mesa-de-trabajo-1-199x300.png 199w, https:\/\/blogs.ugto.mx\/rea\/wp-content\/uploads\/sites\/71\/2022\/08\/Violencia-institucional_Mesa-de-trabajo-1-768x1159.png 768w, https:\/\/blogs.ugto.mx\/rea\/wp-content\/uploads\/sites\/71\/2022\/08\/Violencia-institucional_Mesa-de-trabajo-1.png 834w\" sizes=\"auto, (max-width: 678px) 100vw, 678px\" \/><\/noscript><\/figure>\n<\/div>\n<\/div>\n\n\n\n<div class=\"wp-block-columns is-layout-flex wp-container-core-columns-is-layout-8f761849 wp-block-columns-is-layout-flex\">\n<div class=\"wp-block-column is-layout-flow wp-block-column-is-layout-flow\" style=\"flex-basis:33.33%\">\n<figure class=\"wp-block-image size-large\"><img decoding=\"async\" src=\"data:image\/gif;base64,R0lGODlhAQABAIAAAAAAAP\/\/\/yH5BAEAAAAALAAAAAABAAEAAAIBRAA7\" data-src=\"https:\/\/blogs.ugto.mx\/rea\/wp-content\/uploads\/sites\/71\/2022\/08\/Discriminacio\u0301n_Mesa-de-trabajo-1-678x1024.png\" alt=\"\" class=\"wp-image-16935\" \/><noscript><img loading=\"lazy\" decoding=\"async\" width=\"678\" height=\"1024\" src=\"https:\/\/blogs.ugto.mx\/rea\/wp-content\/uploads\/sites\/71\/2022\/08\/Discriminacio\u0301n_Mesa-de-trabajo-1-678x1024.png\" alt=\"\" class=\"wp-image-16935\" srcset=\"https:\/\/blogs.ugto.mx\/rea\/wp-content\/uploads\/sites\/71\/2022\/08\/Discriminacio\u0301n_Mesa-de-trabajo-1-678x1024.png 678w, https:\/\/blogs.ugto.mx\/rea\/wp-content\/uploads\/sites\/71\/2022\/08\/Discriminacio\u0301n_Mesa-de-trabajo-1-199x300.png 199w, https:\/\/blogs.ugto.mx\/rea\/wp-content\/uploads\/sites\/71\/2022\/08\/Discriminacio\u0301n_Mesa-de-trabajo-1-768x1159.png 768w, https:\/\/blogs.ugto.mx\/rea\/wp-content\/uploads\/sites\/71\/2022\/08\/Discriminacio\u0301n_Mesa-de-trabajo-1.png 834w\" sizes=\"auto, (max-width: 678px) 100vw, 678px\" \/><\/noscript><\/figure>\n<\/div>\n\n\n\n<div class=\"wp-block-column is-layout-flow wp-block-column-is-layout-flow\" style=\"flex-basis:66.66%\">\n<div style=\"height:71px\" aria-hidden=\"true\" class=\"wp-block-spacer\"><\/div>\n\n\n\n<h3 class=\"has-text-align-center wp-block-heading\">Derecho a no ser discriminado<\/h3>\n\n\n\n<p class=\"wp-block-paragraph\">Derecho de toda persona a ser tratado en condiciones de igualdad, sin exclusi\u00f3n, restricci\u00f3n o preferencia motivada por origen \u00e9tnico o nacional, g\u00e9nero, edad, religi\u00f3n, opini\u00f3n pol\u00edtica, posici\u00f3n econ\u00f3mica o cualquier otra preferencia o condici\u00f3n que atente contra la dignidad humana, as\u00ed como los derechos y libertades fundamentales.<\/p>\n\n\n\n<p class=\"wp-block-paragraph\"><strong>Bien jur\u00eddico tutelado<\/strong><\/p>\n\n\n\n<ul class=\"wp-block-list\"><li>La igualdad entre las personas.<\/li><\/ul>\n\n\n\n<p class=\"wp-block-paragraph\"><strong>Fundamentaci\u00f3n jur\u00eddica constitucional e internacional<\/strong><\/p>\n\n\n\n<ul class=\"wp-block-list\"><li>Art\u00edculo 1, p\u00e1rrafo \u00faltimo de la CPEUM.<\/li><li>Art\u00edculos 2.1, 3 y 26 del Pacto Internacional de Derechos Civiles y Pol\u00edticos.<\/li><li>Art\u00edculos 1 y 24 de la Convenci\u00f3n Americana sobre Derechos Humanos.<\/li><\/ul>\n<\/div>\n<\/div>\n\n\n\n<div class=\"wp-block-columns is-layout-flex wp-container-core-columns-is-layout-8f761849 wp-block-columns-is-layout-flex\">\n<div class=\"wp-block-column is-layout-flow wp-block-column-is-layout-flow\" style=\"flex-basis:66.66%\">\n<div style=\"height:99px\" aria-hidden=\"true\" class=\"wp-block-spacer\"><\/div>\n\n\n\n<h3 class=\"has-text-align-center wp-block-heading\">Derecho a la igualdad de oportunidades<\/h3>\n\n\n\n<p class=\"wp-block-paragraph\">Derecho de toda persona a participar y disfrutar de los servicios y recursos que, en semejantes circunstancias, le permitan desarrollarse social y laboralmente, en particular de las personas cuyas capacidades se encuentren limitadas.<\/p>\n\n\n\n<p class=\"wp-block-paragraph\"><strong>Bien jur\u00eddico tutelado<\/strong><\/p>\n\n\n\n<ul class=\"wp-block-list\"><li>La igualdad entre las personas.<\/li><\/ul>\n\n\n\n<p class=\"wp-block-paragraph\"><strong>Fundamentaci\u00f3n jur\u00eddica constitucional e internacional<\/strong><\/p>\n\n\n\n<ul class=\"wp-block-list\"><li>Art\u00edculo 2, apartado A, fracci\u00f3n III de la CPEUM.<\/li><li>Art\u00edculos 1 y 2.1 de la Declaraci\u00f3n Universal de los Derechos Humanos.<\/li><li>Art\u00edculos 2.1 y 26 del Pacto Internacional de Derechos Civiles y Pol\u00edticos.<\/li><li>Art\u00edculo 24 de la Convenci\u00f3n Americana sobre Derechos Humanos.<\/li><\/ul>\n<\/div>\n\n\n\n<div class=\"wp-block-column is-layout-flow wp-block-column-is-layout-flow\" style=\"flex-basis:33.33%\">\n<figure class=\"wp-block-image size-large\"><img decoding=\"async\" src=\"data:image\/gif;base64,R0lGODlhAQABAIAAAAAAAP\/\/\/yH5BAEAAAAALAAAAAABAAEAAAIBRAA7\" data-src=\"https:\/\/blogs.ugto.mx\/rea\/wp-content\/uploads\/sites\/71\/2022\/08\/Igualdad_Mesa-de-trabajo-1-678x1024.png\" alt=\"\" class=\"wp-image-16932\" \/><noscript><img loading=\"lazy\" decoding=\"async\" width=\"678\" height=\"1024\" src=\"https:\/\/blogs.ugto.mx\/rea\/wp-content\/uploads\/sites\/71\/2022\/08\/Igualdad_Mesa-de-trabajo-1-678x1024.png\" alt=\"\" class=\"wp-image-16932\" srcset=\"https:\/\/blogs.ugto.mx\/rea\/wp-content\/uploads\/sites\/71\/2022\/08\/Igualdad_Mesa-de-trabajo-1-678x1024.png 678w, https:\/\/blogs.ugto.mx\/rea\/wp-content\/uploads\/sites\/71\/2022\/08\/Igualdad_Mesa-de-trabajo-1-199x300.png 199w, https:\/\/blogs.ugto.mx\/rea\/wp-content\/uploads\/sites\/71\/2022\/08\/Igualdad_Mesa-de-trabajo-1-768x1159.png 768w, https:\/\/blogs.ugto.mx\/rea\/wp-content\/uploads\/sites\/71\/2022\/08\/Igualdad_Mesa-de-trabajo-1.png 834w\" sizes=\"auto, (max-width: 678px) 100vw, 678px\" \/><\/noscript><\/figure>\n<\/div>\n<\/div>\n\n\n\n<div class=\"wp-block-columns is-layout-flex wp-container-core-columns-is-layout-8f761849 wp-block-columns-is-layout-flex\">\n<div class=\"wp-block-column is-layout-flow wp-block-column-is-layout-flow\" style=\"flex-basis:33.33%\">\n<figure class=\"wp-block-image size-large\"><img decoding=\"async\" src=\"data:image\/gif;base64,R0lGODlhAQABAIAAAAAAAP\/\/\/yH5BAEAAAAALAAAAAABAAEAAAIBRAA7\" data-src=\"https:\/\/blogs.ugto.mx\/rea\/wp-content\/uploads\/sites\/71\/2022\/08\/proyecto-de-vida_Mesa-de-trabajo-1-678x1024.png\" alt=\"\" class=\"wp-image-16945\" \/><noscript><img loading=\"lazy\" decoding=\"async\" width=\"678\" height=\"1024\" src=\"https:\/\/blogs.ugto.mx\/rea\/wp-content\/uploads\/sites\/71\/2022\/08\/proyecto-de-vida_Mesa-de-trabajo-1-678x1024.png\" alt=\"\" class=\"wp-image-16945\" srcset=\"https:\/\/blogs.ugto.mx\/rea\/wp-content\/uploads\/sites\/71\/2022\/08\/proyecto-de-vida_Mesa-de-trabajo-1-678x1024.png 678w, https:\/\/blogs.ugto.mx\/rea\/wp-content\/uploads\/sites\/71\/2022\/08\/proyecto-de-vida_Mesa-de-trabajo-1-199x300.png 199w, https:\/\/blogs.ugto.mx\/rea\/wp-content\/uploads\/sites\/71\/2022\/08\/proyecto-de-vida_Mesa-de-trabajo-1-768x1159.png 768w, https:\/\/blogs.ugto.mx\/rea\/wp-content\/uploads\/sites\/71\/2022\/08\/proyecto-de-vida_Mesa-de-trabajo-1.png 834w\" sizes=\"auto, (max-width: 678px) 100vw, 678px\" \/><\/noscript><\/figure>\n<\/div>\n\n\n\n<div class=\"wp-block-column is-layout-flow wp-block-column-is-layout-flow\" style=\"flex-basis:66.66%\">\n<div style=\"height:74px\" aria-hidden=\"true\" class=\"wp-block-spacer\"><\/div>\n\n\n\n<h3 class=\"has-text-align-center wp-block-heading\">Derecho al proyecto de vida<\/h3>\n\n\n\n<p class=\"wp-block-paragraph\">Derecho de toda persona a que se le proteja de cualquier acto u omisi\u00f3n que le impida realizarse acorde a su proyecto de vida personal y profesional, atendiendo a su vocaci\u00f3n, inter\u00e9s y libertad.<\/p>\n\n\n\n<p class=\"wp-block-paragraph\"><strong>Bien jur\u00eddico tutelado<\/strong><\/p>\n\n\n\n<ul class=\"wp-block-list\"><li>El futuro desarrollo personal y profesional.<\/li><\/ul>\n\n\n\n<p class=\"wp-block-paragraph\"><strong>Fundamentaci\u00f3n jur\u00eddica constitucional e internacional<\/strong><\/p>\n\n\n\n<ul class=\"wp-block-list\"><li>Art\u00edculos 27, fracci\u00f3n VI, p\u00e1rrafo segundo; y 62, fracciones IV y V de la Ley General de V\u00edctimas.<\/li><li>Art\u00edculo 3 de la Declaraci\u00f3n Universal de los Derechos Humanos.<\/li><li>Art\u00edculos 4.1 y 63 de la Convenci\u00f3n Americana sobre Derechos Humanos.<\/li><\/ul>\n<\/div>\n<\/div>\n\n\n\n<div class=\"wp-block-columns is-layout-flex wp-container-core-columns-is-layout-8f761849 wp-block-columns-is-layout-flex\">\n<div class=\"wp-block-column is-layout-flow wp-block-column-is-layout-flow\" style=\"flex-basis:66.66%\">\n<div style=\"height:83px\" aria-hidden=\"true\" class=\"wp-block-spacer\"><\/div>\n\n\n\n<h3 class=\"has-text-align-center wp-block-heading\">Derecho a la protecci\u00f3n de la familia<\/h3>\n\n\n\n<p class=\"wp-block-paragraph\">Derecho de toda persona a que se garanticen las medidas necesarias e igualitarias para la protecci\u00f3n y el desarrollo de su familia constituida ya sea por v\u00ednculos naturales o jur\u00eddicos.<\/p>\n\n\n\n<p class=\"wp-block-paragraph\"><strong>Bien jur\u00eddico tutelado<\/strong><\/p>\n\n\n\n<ul class=\"wp-block-list\"><li>Desarrollo personal y social.<\/li><\/ul>\n\n\n\n<p class=\"wp-block-paragraph\"><strong>Fundamentaci\u00f3n jur\u00eddica constitucional e internacional<\/strong><\/p>\n\n\n\n<ul class=\"wp-block-list\"><li>Art\u00edculo 4, p\u00e1rrafos primero y segundo de la CPEUM.<\/li><li>Art\u00edculo 16 de la Declaraci\u00f3n Universal de Derechos Humanos.<\/li><li>Art\u00edculos 17 y 19 de la Convenci\u00f3n Americana sobre Derechos Humanos.<\/li><\/ul>\n<\/div>\n\n\n\n<div class=\"wp-block-column is-layout-flow wp-block-column-is-layout-flow\" style=\"flex-basis:33.33%\">\n<figure class=\"wp-block-image size-large\"><img decoding=\"async\" src=\"data:image\/gif;base64,R0lGODlhAQABAIAAAAAAAP\/\/\/yH5BAEAAAAALAAAAAABAAEAAAIBRAA7\" data-src=\"https:\/\/blogs.ugto.mx\/rea\/wp-content\/uploads\/sites\/71\/2022\/08\/familia-papeles_Mesa-de-trabajo-1-678x1024.png\" alt=\"\" class=\"wp-image-16940\" \/><noscript><img loading=\"lazy\" decoding=\"async\" width=\"678\" height=\"1024\" src=\"https:\/\/blogs.ugto.mx\/rea\/wp-content\/uploads\/sites\/71\/2022\/08\/familia-papeles_Mesa-de-trabajo-1-678x1024.png\" alt=\"\" class=\"wp-image-16940\" srcset=\"https:\/\/blogs.ugto.mx\/rea\/wp-content\/uploads\/sites\/71\/2022\/08\/familia-papeles_Mesa-de-trabajo-1-678x1024.png 678w, https:\/\/blogs.ugto.mx\/rea\/wp-content\/uploads\/sites\/71\/2022\/08\/familia-papeles_Mesa-de-trabajo-1-199x300.png 199w, https:\/\/blogs.ugto.mx\/rea\/wp-content\/uploads\/sites\/71\/2022\/08\/familia-papeles_Mesa-de-trabajo-1-768x1159.png 768w, https:\/\/blogs.ugto.mx\/rea\/wp-content\/uploads\/sites\/71\/2022\/08\/familia-papeles_Mesa-de-trabajo-1.png 834w\" sizes=\"auto, (max-width: 678px) 100vw, 678px\" \/><\/noscript><\/figure>\n<\/div>\n<\/div>\n\n\n\n<div class=\"wp-block-columns is-layout-flex wp-container-core-columns-is-layout-8f761849 wp-block-columns-is-layout-flex\">\n<div class=\"wp-block-column is-layout-flow wp-block-column-is-layout-flow\" style=\"flex-basis:33.33%\">\n<figure class=\"wp-block-image size-large\"><img decoding=\"async\" src=\"data:image\/gif;base64,R0lGODlhAQABAIAAAAAAAP\/\/\/yH5BAEAAAAALAAAAAABAAEAAAIBRAA7\" data-src=\"https:\/\/blogs.ugto.mx\/rea\/wp-content\/uploads\/sites\/71\/2022\/10\/Copia-de-Igualdad_Mesa-de-trabajo-1-678x1024.png\" alt=\"\" class=\"wp-image-19848\" \/><noscript><img loading=\"lazy\" decoding=\"async\" width=\"678\" height=\"1024\" src=\"https:\/\/blogs.ugto.mx\/rea\/wp-content\/uploads\/sites\/71\/2022\/10\/Copia-de-Igualdad_Mesa-de-trabajo-1-678x1024.png\" alt=\"\" class=\"wp-image-19848\" srcset=\"https:\/\/blogs.ugto.mx\/rea\/wp-content\/uploads\/sites\/71\/2022\/10\/Copia-de-Igualdad_Mesa-de-trabajo-1-678x1024.png 678w, https:\/\/blogs.ugto.mx\/rea\/wp-content\/uploads\/sites\/71\/2022\/10\/Copia-de-Igualdad_Mesa-de-trabajo-1-199x300.png 199w, https:\/\/blogs.ugto.mx\/rea\/wp-content\/uploads\/sites\/71\/2022\/10\/Copia-de-Igualdad_Mesa-de-trabajo-1-768x1159.png 768w, https:\/\/blogs.ugto.mx\/rea\/wp-content\/uploads\/sites\/71\/2022\/10\/Copia-de-Igualdad_Mesa-de-trabajo-1.png 834w\" sizes=\"auto, (max-width: 678px) 100vw, 678px\" \/><\/noscript><\/figure>\n<\/div>\n\n\n\n<div class=\"wp-block-column is-layout-flow wp-block-column-is-layout-flow\" style=\"flex-basis:66.66%\">\n<div style=\"height:65px\" aria-hidden=\"true\" class=\"wp-block-spacer\"><\/div>\n\n\n\n<h3 class=\"has-text-align-center wp-block-heading\">A la igualdad de g\u00e9nero<\/h3>\n\n\n\n<p class=\"wp-block-paragraph\">Derecho que tiene toda persona a acceder, con justicia e imparcialidad, al uso, control y beneficio de los bienes y servicios de la sociedad, con la finalidad de lograr la participaci\u00f3n equitativa entre hombres y mujeres en la toma de decisiones, en todos los \u00e1mbitos de la vida: social, econ\u00f3mico, pol\u00edtico y cultural.<\/p>\n\n\n\n<p class=\"wp-block-paragraph\"><strong>Bien jur\u00eddico tutelado<\/strong><\/p>\n\n\n\n<ul class=\"wp-block-list\"><li>La igualdad de oportunidades entre hombres y mujeres.<\/li><\/ul>\n\n\n\n<p class=\"wp-block-paragraph\"><strong>Fundamentaci\u00f3n jur\u00eddica constitucional e internacional<\/strong><\/p>\n\n\n\n<ul class=\"wp-block-list\"><li>Art\u00edculo 4, p\u00e1rrafos primero y segundo de la CPEUM.<\/li><li>Art\u00edculos 1,2,7 y 10 de la Declaraci\u00f3n Universal de Derechos Humanos.<\/li><li>Art\u00edculos 3,6, 7; y 8, inciso c de la Convenci\u00f3n Interamericana para Prevenir, Sancionar y Erradicar la Violencia contra la Mujer \u201cBelem do Par\u00e1\u201d.<\/li><\/ul>\n<\/div>\n<\/div>\n\n\n\n<p class=\"has-text-align-right wp-block-paragraph\"><em>Derechos de libertad reconocidos en el ordenamiento jur\u00eddico mexicano.<\/em><\/p>\n","protected":false},"excerpt":{"rendered":"<p>Desarrollo del tema Este tipo de derechos obligan al Estado a revisar el cumplimiento de los Derechos Humanos sin discriminaci\u00f3n por motivo alguno, incluidos los componentes de universalidad relatados anteriormente. Al igual que los derechos de libertad, este tipo de derechos tiene tres tipos de variaciones: Igualdad ante la ley o igualdad formal. Es la &#8230; <a title=\"Tema 5. Derechos de igualdad\" class=\"read-more\" href=\"https:\/\/blogs.ugto.mx\/rea\/tema-5-derechos-de-igualdad\/\" aria-label=\"Leer m\u00e1s sobre Tema 5. Derechos de igualdad\">Leer m\u00e1s<\/a><\/p>\n","protected":false},"author":142,"featured_media":0,"comment_status":"closed","ping_status":"closed","sticky":false,"template":"","format":"standard","meta":{"_acf_changed":false,"_crdt_document":"","episode_type":"","audio_file":"","podmotor_file_id":"","podmotor_episode_id":"","cover_image":"","cover_image_id":"","duration":"","filesize":"","filesize_raw":"","date_recorded":"","explicit":"","block":"","itunes_episode_number":"","itunes_title":"","itunes_season_number":"","itunes_episode_type":"","footnotes":""},"categories":[180,188,486,485],"tags":[],"class_list":["post-16593","post","type-post","status-publish","format-standard","hentry","category-cideap","category-ciencias-sociales-periodismo-e-informacion","category-modulo-1-conceptualizacion-de-los-derechos-humanos","category-uda-derechos-humanos-genero-y-cultura-de-paz"],"acf":[],"jetpack_featured_media_url":"","_links":{"self":[{"href":"https:\/\/blogs.ugto.mx\/rea\/wp-json\/wp\/v2\/posts\/16593","targetHints":{"allow":["GET"]}}],"collection":[{"href":"https:\/\/blogs.ugto.mx\/rea\/wp-json\/wp\/v2\/posts"}],"about":[{"href":"https:\/\/blogs.ugto.mx\/rea\/wp-json\/wp\/v2\/types\/post"}],"author":[{"embeddable":true,"href":"https:\/\/blogs.ugto.mx\/rea\/wp-json\/wp\/v2\/users\/142"}],"replies":[{"embeddable":true,"href":"https:\/\/blogs.ugto.mx\/rea\/wp-json\/wp\/v2\/comments?post=16593"}],"version-history":[{"count":14,"href":"https:\/\/blogs.ugto.mx\/rea\/wp-json\/wp\/v2\/posts\/16593\/revisions"}],"predecessor-version":[{"id":19849,"href":"https:\/\/blogs.ugto.mx\/rea\/wp-json\/wp\/v2\/posts\/16593\/revisions\/19849"}],"wp:attachment":[{"href":"https:\/\/blogs.ugto.mx\/rea\/wp-json\/wp\/v2\/media?parent=16593"}],"wp:term":[{"taxonomy":"category","embeddable":true,"href":"https:\/\/blogs.ugto.mx\/rea\/wp-json\/wp\/v2\/categories?post=16593"},{"taxonomy":"post_tag","embeddable":true,"href":"https:\/\/blogs.ugto.mx\/rea\/wp-json\/wp\/v2\/tags?post=16593"}],"curies":[{"name":"wp","href":"https:\/\/api.w.org\/{rel}","templated":true}]}}