{"id":16595,"date":"2022-08-02T20:55:56","date_gmt":"2022-08-02T20:55:56","guid":{"rendered":"https:\/\/blogs.ugto.mx\/rea\/?p=16595"},"modified":"2022-08-05T14:05:33","modified_gmt":"2022-08-05T14:05:33","slug":"tema-6-derechos-de-legalidad","status":"publish","type":"post","link":"https:\/\/blogs.ugto.mx\/rea\/tema-6-derechos-de-legalidad\/","title":{"rendered":"Tema 6. Derechos de legalidad"},"content":{"rendered":"\n\n\n<div class=\"wp-block-cover\" style=\"min-height:284px;aspect-ratio:unset;\"><span aria-hidden=\"true\" class=\"wp-block-cover__background has-background-dim-40 has-background-dim\"><\/span><img decoding=\"async\" class=\"wp-block-cover__image-background wp-image-16788\" alt=\"\" src=\"data:image\/gif;base64,R0lGODlhAQABAIAAAAAAAP\/\/\/yH5BAEAAAAALAAAAAABAAEAAAIBRAA7\" data-src=\"https:\/\/blogs.ugto.mx\/rea\/wp-content\/uploads\/sites\/71\/2022\/08\/judge-and-gavel-in-court-scaled.jpg\" style=\"object-position:38% 65%\" data-object-fit=\"cover\" data-object-position=\"38% 65%\" \/><noscript><img loading=\"lazy\" decoding=\"async\" width=\"2560\" height=\"1707\" class=\"wp-block-cover__image-background wp-image-16788\" alt=\"\" src=\"https:\/\/blogs.ugto.mx\/rea\/wp-content\/uploads\/sites\/71\/2022\/08\/judge-and-gavel-in-court-scaled.jpg\" style=\"object-position:38% 65%\" data-object-fit=\"cover\" data-object-position=\"38% 65%\" srcset=\"https:\/\/blogs.ugto.mx\/rea\/wp-content\/uploads\/sites\/71\/2022\/08\/judge-and-gavel-in-court-scaled.jpg 2560w, https:\/\/blogs.ugto.mx\/rea\/wp-content\/uploads\/sites\/71\/2022\/08\/judge-and-gavel-in-court-300x200.jpg 300w, https:\/\/blogs.ugto.mx\/rea\/wp-content\/uploads\/sites\/71\/2022\/08\/judge-and-gavel-in-court-1024x683.jpg 1024w, https:\/\/blogs.ugto.mx\/rea\/wp-content\/uploads\/sites\/71\/2022\/08\/judge-and-gavel-in-court-768x512.jpg 768w, https:\/\/blogs.ugto.mx\/rea\/wp-content\/uploads\/sites\/71\/2022\/08\/judge-and-gavel-in-court-1536x1024.jpg 1536w, https:\/\/blogs.ugto.mx\/rea\/wp-content\/uploads\/sites\/71\/2022\/08\/judge-and-gavel-in-court-2048x1366.jpg 2048w, https:\/\/blogs.ugto.mx\/rea\/wp-content\/uploads\/sites\/71\/2022\/08\/judge-and-gavel-in-court-272x182.jpg 272w\" sizes=\"auto, (max-width: 2560px) 100vw, 2560px\" \/><\/noscript><div class=\"wp-block-cover__inner-container is-layout-flow wp-block-cover-is-layout-flow\">\n<p class=\"has-text-align-center has-base-3-color has-text-color has-large-font-size wp-block-paragraph\"><strong><strong><strong>Derechos de legalidad<\/strong><\/strong><\/strong><\/p>\n<\/div><\/div>\n\n\n\n<h2 class=\"wp-block-heading\" id=\"desarrollo-del-tema\">Desarrollo del tema <\/h2>\n\n\n\n<p class=\"wp-block-paragraph\">Los derechos de legalidad y seguridad jur\u00eddica regulan el tipo de actos derivados del poder p\u00fablico del Estado para que en caso de que estos sean perjudiciales para los derechos, bienes o posesiones de las personas estos sean realizados por una autoridad competente, debidamente fundados, motivados y acorde a las formalidades legales establecidas por el debido proceso.<\/p>\n\n\n\n<p class=\"wp-block-paragraph\">Por ende, la legalidad y seguridad jur\u00eddica tienen como objetivo dar certeza a las personas sobre las posibles consecuencias jur\u00eddicas de sus actos, adem\u00e1s, limitar y controlar el poder de las actuaciones de las autoridades con el prop\u00f3sito de evitar un uso arbitrario de sus atribuciones en la esfera jur\u00eddica de las personas.<\/p>\n\n\n\n<p class=\"has-text-align-left wp-block-paragraph\">En el ordenamiento jur\u00eddico mexicano algunos de los derechos de la legalidad contemplados son:<\/p>\n\n\n\n<div class=\"wp-block-columns is-layout-flex wp-container-core-columns-is-layout-8f761849 wp-block-columns-is-layout-flex\">\n<div class=\"wp-block-column is-layout-flow wp-block-column-is-layout-flow\" style=\"flex-basis:66.66%\">\n<div style=\"height:62px\" aria-hidden=\"true\" class=\"wp-block-spacer\"><\/div>\n\n\n\n<h3 class=\"has-text-align-center wp-block-heading\">Derecho al acceso a la justicia<\/h3>\n\n\n\n<p class=\"wp-block-paragraph\">Derecho de toda persona a acceder a tribunales e instancias p\u00fablicas para demandar el ejercicio de sus derechos y la satisfacci\u00f3n de sus pretensiones e intereses.<\/p>\n\n\n\n<p class=\"wp-block-paragraph\"><strong>Bien jur\u00eddico tutelado<\/strong><\/p>\n\n\n\n<ul class=\"wp-block-list\"><li>La seguridad jur\u00eddica<\/li><\/ul>\n\n\n\n<p class=\"wp-block-paragraph\"><strong>Fundamentaci\u00f3n jur\u00eddica constitucional e internacional<\/strong><\/p>\n\n\n\n<ul class=\"wp-block-list\"><li>Art\u00edculo 17, p\u00e1rrafo segundo de la CPEUM.<\/li><li>Art\u00edculos 3,5,7,8 y 10 de la Declaraci\u00f3n Universal de Derechos Humanos.<\/li><li>Art\u00edculos 9 y 14 del Pacto Internacional de Derechos Civiles y Pol\u00edticos.<\/li><li>Art\u00edculos 8 y 29 de la convenci\u00f3n Americana sobre Derechos Humanos<\/li><\/ul>\n<\/div>\n\n\n\n<div class=\"wp-block-column is-layout-flow wp-block-column-is-layout-flow\" style=\"flex-basis:33.33%\">\n<figure class=\"wp-block-image size-large\"><img decoding=\"async\" src=\"data:image\/gif;base64,R0lGODlhAQABAIAAAAAAAP\/\/\/yH5BAEAAAAALAAAAAABAAEAAAIBRAA7\" data-src=\"https:\/\/blogs.ugto.mx\/rea\/wp-content\/uploads\/sites\/71\/2022\/08\/Sin-ti\u0301tulo-6_Mesa-de-trabajo-1-683x1024.png\" alt=\"\" class=\"wp-image-16763\" \/><noscript><img loading=\"lazy\" decoding=\"async\" width=\"683\" height=\"1024\" src=\"https:\/\/blogs.ugto.mx\/rea\/wp-content\/uploads\/sites\/71\/2022\/08\/Sin-ti\u0301tulo-6_Mesa-de-trabajo-1-683x1024.png\" alt=\"\" class=\"wp-image-16763\" srcset=\"https:\/\/blogs.ugto.mx\/rea\/wp-content\/uploads\/sites\/71\/2022\/08\/Sin-ti\u0301tulo-6_Mesa-de-trabajo-1-683x1024.png 683w, https:\/\/blogs.ugto.mx\/rea\/wp-content\/uploads\/sites\/71\/2022\/08\/Sin-ti\u0301tulo-6_Mesa-de-trabajo-1-200x300.png 200w, https:\/\/blogs.ugto.mx\/rea\/wp-content\/uploads\/sites\/71\/2022\/08\/Sin-ti\u0301tulo-6_Mesa-de-trabajo-1-768x1151.png 768w, https:\/\/blogs.ugto.mx\/rea\/wp-content\/uploads\/sites\/71\/2022\/08\/Sin-ti\u0301tulo-6_Mesa-de-trabajo-1.png 834w\" sizes=\"auto, (max-width: 683px) 100vw, 683px\" \/><\/noscript><\/figure>\n<\/div>\n<\/div>\n\n\n\n<div class=\"wp-block-columns is-layout-flex wp-container-core-columns-is-layout-8f761849 wp-block-columns-is-layout-flex\">\n<div class=\"wp-block-column is-layout-flow wp-block-column-is-layout-flow\" style=\"flex-basis:33.33%\">\n<figure class=\"wp-block-image size-large\"><img decoding=\"async\" src=\"data:image\/gif;base64,R0lGODlhAQABAIAAAAAAAP\/\/\/yH5BAEAAAAALAAAAAABAAEAAAIBRAA7\" data-src=\"https:\/\/blogs.ugto.mx\/rea\/wp-content\/uploads\/sites\/71\/2022\/08\/Diligencia_Mesa-de-trabajo-1-683x1024.png\" alt=\"\" class=\"wp-image-16768\" \/><noscript><img loading=\"lazy\" decoding=\"async\" width=\"683\" height=\"1024\" src=\"https:\/\/blogs.ugto.mx\/rea\/wp-content\/uploads\/sites\/71\/2022\/08\/Diligencia_Mesa-de-trabajo-1-683x1024.png\" alt=\"\" class=\"wp-image-16768\" srcset=\"https:\/\/blogs.ugto.mx\/rea\/wp-content\/uploads\/sites\/71\/2022\/08\/Diligencia_Mesa-de-trabajo-1-683x1024.png 683w, https:\/\/blogs.ugto.mx\/rea\/wp-content\/uploads\/sites\/71\/2022\/08\/Diligencia_Mesa-de-trabajo-1-200x300.png 200w, https:\/\/blogs.ugto.mx\/rea\/wp-content\/uploads\/sites\/71\/2022\/08\/Diligencia_Mesa-de-trabajo-1-768x1151.png 768w, https:\/\/blogs.ugto.mx\/rea\/wp-content\/uploads\/sites\/71\/2022\/08\/Diligencia_Mesa-de-trabajo-1.png 834w\" sizes=\"auto, (max-width: 683px) 100vw, 683px\" \/><\/noscript><\/figure>\n<\/div>\n\n\n\n<div class=\"wp-block-column is-layout-flow wp-block-column-is-layout-flow\" style=\"flex-basis:66.66%\">\n<div style=\"height:35px\" aria-hidden=\"true\" class=\"wp-block-spacer\"><\/div>\n\n\n\n<h3 class=\"has-text-align-center wp-block-heading\">Derecho a la debida diligencia<\/h3>\n\n\n\n<p class=\"wp-block-paragraph\">Derecho de toda persona a que se le garantice la m\u00e1xima eficiencia y celeridad procedimental, para el aseguramiento de sus intereses y pretensiones.<\/p>\n\n\n\n<p class=\"wp-block-paragraph\"><strong>Bien jur\u00eddico tutelado<\/strong><\/p>\n\n\n\n<ul class=\"wp-block-list\"><li>La legalidad y la seguridad jur\u00eddica<\/li><\/ul>\n\n\n\n<p class=\"wp-block-paragraph\"><strong>Fundamentaci\u00f3n jur\u00eddica constitucional e internacional<\/strong><\/p>\n\n\n\n<ul class=\"wp-block-list\"><li>Art\u00edculo 1 de la CPEUM.<\/li><li>Art\u00edculos 6,8 y 28 de la Declaraci\u00f3n Universal de Derechos Humanos.<\/li><li>Art\u00edculos 1.1, 3 y 5 de la Convenci\u00f3n Americana sobre Derechos Humanos.<\/li><li>Art\u00edculos 9.1 y 10.1 del Pacto Internacional de Derechos Civiles y Pol\u00edticos.<\/li><\/ul>\n<\/div>\n<\/div>\n\n\n\n<div class=\"wp-block-columns is-layout-flex wp-container-core-columns-is-layout-8f761849 wp-block-columns-is-layout-flex\">\n<div class=\"wp-block-column is-layout-flow wp-block-column-is-layout-flow\" style=\"flex-basis:66.66%\">\n<div style=\"height:24px\" aria-hidden=\"true\" class=\"wp-block-spacer\"><\/div>\n\n\n\n<h3 class=\"has-text-align-center wp-block-heading\">Derecho a la garant\u00eda de audiencia<\/h3>\n\n\n\n<p class=\"wp-block-paragraph\">Derecho de toda persona para que de manera previa a la privaci\u00f3n de su libertad, posesiones o derechos, se le garantice el debido proceso ante tribunales o autoridades administrativas previamente establecidos de conformidad con las leyes y cumpliendo las formalidades esenciales de un procedimiento.<\/p>\n\n\n\n<p class=\"wp-block-paragraph\"><strong>Bien jur\u00eddico tutelado<\/strong><\/p>\n\n\n\n<ul class=\"wp-block-list\"><li>La seguridad jur\u00eddica<\/li><\/ul>\n\n\n\n<p class=\"wp-block-paragraph\"><strong>Fundamentaci\u00f3n jur\u00eddica constitucional e internacional<\/strong><\/p>\n\n\n\n<ul class=\"wp-block-list\"><li>Art\u00edculo 14 de la CPEUM.<\/li><li>Art\u00edculo 10 de la Declaraci\u00f3n Universal de Derechos Humanos.<\/li><li>Art\u00edculo 8.1 de la Convenci\u00f3n Americana sobre Derechos Humanos.<\/li><\/ul>\n<\/div>\n\n\n\n<div class=\"wp-block-column is-layout-flow wp-block-column-is-layout-flow\" style=\"flex-basis:33.33%\">\n<figure class=\"wp-block-image size-large\"><img decoding=\"async\" src=\"data:image\/gif;base64,R0lGODlhAQABAIAAAAAAAP\/\/\/yH5BAEAAAAALAAAAAABAAEAAAIBRAA7\" data-src=\"https:\/\/blogs.ugto.mx\/rea\/wp-content\/uploads\/sites\/71\/2022\/08\/Audiencia_Mesa-de-trabajo-1-683x1024.png\" alt=\"\" class=\"wp-image-16766\" \/><noscript><img loading=\"lazy\" decoding=\"async\" width=\"683\" height=\"1024\" src=\"https:\/\/blogs.ugto.mx\/rea\/wp-content\/uploads\/sites\/71\/2022\/08\/Audiencia_Mesa-de-trabajo-1-683x1024.png\" alt=\"\" class=\"wp-image-16766\" srcset=\"https:\/\/blogs.ugto.mx\/rea\/wp-content\/uploads\/sites\/71\/2022\/08\/Audiencia_Mesa-de-trabajo-1-683x1024.png 683w, https:\/\/blogs.ugto.mx\/rea\/wp-content\/uploads\/sites\/71\/2022\/08\/Audiencia_Mesa-de-trabajo-1-200x300.png 200w, https:\/\/blogs.ugto.mx\/rea\/wp-content\/uploads\/sites\/71\/2022\/08\/Audiencia_Mesa-de-trabajo-1-768x1151.png 768w, https:\/\/blogs.ugto.mx\/rea\/wp-content\/uploads\/sites\/71\/2022\/08\/Audiencia_Mesa-de-trabajo-1.png 834w\" sizes=\"auto, (max-width: 683px) 100vw, 683px\" \/><\/noscript><\/figure>\n<\/div>\n<\/div>\n\n\n\n<div class=\"wp-block-columns is-layout-flex wp-container-core-columns-is-layout-8f761849 wp-block-columns-is-layout-flex\">\n<div class=\"wp-block-column is-layout-flow wp-block-column-is-layout-flow\" style=\"flex-basis:33.33%\">\n<figure class=\"wp-block-image size-large\"><img decoding=\"async\" src=\"data:image\/gif;base64,R0lGODlhAQABAIAAAAAAAP\/\/\/yH5BAEAAAAALAAAAAABAAEAAAIBRAA7\" data-src=\"https:\/\/blogs.ugto.mx\/rea\/wp-content\/uploads\/sites\/71\/2022\/08\/Inocencia_Mesa-de-trabajo-1-683x1024.png\" alt=\"\" class=\"wp-image-16771\" \/><noscript><img loading=\"lazy\" decoding=\"async\" width=\"683\" height=\"1024\" src=\"https:\/\/blogs.ugto.mx\/rea\/wp-content\/uploads\/sites\/71\/2022\/08\/Inocencia_Mesa-de-trabajo-1-683x1024.png\" alt=\"\" class=\"wp-image-16771\" srcset=\"https:\/\/blogs.ugto.mx\/rea\/wp-content\/uploads\/sites\/71\/2022\/08\/Inocencia_Mesa-de-trabajo-1-683x1024.png 683w, https:\/\/blogs.ugto.mx\/rea\/wp-content\/uploads\/sites\/71\/2022\/08\/Inocencia_Mesa-de-trabajo-1-200x300.png 200w, https:\/\/blogs.ugto.mx\/rea\/wp-content\/uploads\/sites\/71\/2022\/08\/Inocencia_Mesa-de-trabajo-1-768x1151.png 768w, https:\/\/blogs.ugto.mx\/rea\/wp-content\/uploads\/sites\/71\/2022\/08\/Inocencia_Mesa-de-trabajo-1.png 834w\" sizes=\"auto, (max-width: 683px) 100vw, 683px\" \/><\/noscript><\/figure>\n<\/div>\n\n\n\n<div class=\"wp-block-column is-layout-flow wp-block-column-is-layout-flow\" style=\"flex-basis:66.66%\">\n<div style=\"height:68px\" aria-hidden=\"true\" class=\"wp-block-spacer\"><\/div>\n\n\n\n<h3 class=\"has-text-align-center wp-block-heading\">Derecho a la presunci\u00f3n de inocencia<\/h3>\n\n\n\n<p class=\"wp-block-paragraph\">Derecho de toda persona a que se le considere inocente hasta que no se establezca legalmente su culpabilidad, conforme a la normativa aplicable.<\/p>\n\n\n\n<p class=\"wp-block-paragraph\"><strong>Bien jur\u00eddico tutelado<\/strong><\/p>\n\n\n\n<ul class=\"wp-block-list\"><li>La legalidad y la seguridad jur\u00eddica<\/li><\/ul>\n\n\n\n<p class=\"wp-block-paragraph\"><strong>Fundamentaci\u00f3n jur\u00eddica constitucional e internacional<\/strong><\/p>\n\n\n\n<ul class=\"wp-block-list\"><li>Art\u00edculos 1; y 20, apartado B, fracci\u00f3n I de la CPEUM.<\/li><li>Art\u00edculo 11 de la declaraci\u00f3n Universal de Derechos Humanos.<\/li><li>Art\u00edculo 8.2 de la Convenci\u00f3n Americana sobre Derechos Humanos.<\/li><li>Art\u00edculo 14.2 del Pacto Internacional de Derechos Civiles y Pol\u00edticos.<\/li><\/ul>\n<\/div>\n<\/div>\n\n\n\n<div class=\"wp-block-columns is-layout-flex wp-container-core-columns-is-layout-8f761849 wp-block-columns-is-layout-flex\">\n<div class=\"wp-block-column is-layout-flow wp-block-column-is-layout-flow\" style=\"flex-basis:66.66%\">\n<div style=\"height:72px\" aria-hidden=\"true\" class=\"wp-block-spacer\"><\/div>\n\n\n\n<h3 class=\"has-text-align-center wp-block-heading\">Derecho a la irretroactividad de la ley<\/h3>\n\n\n\n<p class=\"wp-block-paragraph\">Derecho de toda persona a que no se le aplique en su perjuicio, de manera retroactiva, una ley.<\/p>\n\n\n\n<p class=\"wp-block-paragraph\"><strong>Bien jur\u00eddico tutelado<\/strong><\/p>\n\n\n\n<ul class=\"wp-block-list\"><li>La legalidad y seguridad jur\u00eddica<\/li><\/ul>\n\n\n\n<p class=\"wp-block-paragraph\"><strong>Fundamentaci\u00f3n jur\u00eddica constitucional e internacional<\/strong><\/p>\n\n\n\n<ul class=\"wp-block-list\"><li>Art\u00edculo 14, p\u00e1rrafo primero de la CPEUM.<\/li><li>Art\u00edculo 11.2 de la Declaraci\u00f3n Universal de Derechos Humanos.<\/li><li>Art\u00edculo 9 de la Convenci\u00f3n Americana sobre Derechos Humanos.<\/li><li>Art\u00edculo 15 del Pacto Internacional de Derechos Civiles y Pol\u00edticos.<\/li><\/ul>\n<\/div>\n\n\n\n<div class=\"wp-block-column is-layout-flow wp-block-column-is-layout-flow\" style=\"flex-basis:33.33%\">\n<figure class=\"wp-block-image size-large\"><img decoding=\"async\" src=\"data:image\/gif;base64,R0lGODlhAQABAIAAAAAAAP\/\/\/yH5BAEAAAAALAAAAAABAAEAAAIBRAA7\" data-src=\"https:\/\/blogs.ugto.mx\/rea\/wp-content\/uploads\/sites\/71\/2022\/08\/ley_Mesa-de-trabajo-1-683x1024.png\" alt=\"\" class=\"wp-image-16773\" \/><noscript><img loading=\"lazy\" decoding=\"async\" width=\"683\" height=\"1024\" src=\"https:\/\/blogs.ugto.mx\/rea\/wp-content\/uploads\/sites\/71\/2022\/08\/ley_Mesa-de-trabajo-1-683x1024.png\" alt=\"\" class=\"wp-image-16773\" srcset=\"https:\/\/blogs.ugto.mx\/rea\/wp-content\/uploads\/sites\/71\/2022\/08\/ley_Mesa-de-trabajo-1-683x1024.png 683w, https:\/\/blogs.ugto.mx\/rea\/wp-content\/uploads\/sites\/71\/2022\/08\/ley_Mesa-de-trabajo-1-200x300.png 200w, https:\/\/blogs.ugto.mx\/rea\/wp-content\/uploads\/sites\/71\/2022\/08\/ley_Mesa-de-trabajo-1-768x1151.png 768w, https:\/\/blogs.ugto.mx\/rea\/wp-content\/uploads\/sites\/71\/2022\/08\/ley_Mesa-de-trabajo-1.png 834w\" sizes=\"auto, (max-width: 683px) 100vw, 683px\" \/><\/noscript><\/figure>\n<\/div>\n<\/div>\n\n\n\n<div class=\"wp-block-columns is-layout-flex wp-container-core-columns-is-layout-8f761849 wp-block-columns-is-layout-flex\">\n<div class=\"wp-block-column is-layout-flow wp-block-column-is-layout-flow\" style=\"flex-basis:33.33%\">\n<figure class=\"wp-block-image size-large\"><img decoding=\"async\" src=\"data:image\/gif;base64,R0lGODlhAQABAIAAAAAAAP\/\/\/yH5BAEAAAAALAAAAAABAAEAAAIBRAA7\" data-src=\"https:\/\/blogs.ugto.mx\/rea\/wp-content\/uploads\/sites\/71\/2022\/08\/Defensa-adecuada_Mesa-de-trabajo-1-683x1024.png\" alt=\"\" class=\"wp-image-16774\" \/><noscript><img loading=\"lazy\" decoding=\"async\" width=\"683\" height=\"1024\" src=\"https:\/\/blogs.ugto.mx\/rea\/wp-content\/uploads\/sites\/71\/2022\/08\/Defensa-adecuada_Mesa-de-trabajo-1-683x1024.png\" alt=\"\" class=\"wp-image-16774\" srcset=\"https:\/\/blogs.ugto.mx\/rea\/wp-content\/uploads\/sites\/71\/2022\/08\/Defensa-adecuada_Mesa-de-trabajo-1-683x1024.png 683w, https:\/\/blogs.ugto.mx\/rea\/wp-content\/uploads\/sites\/71\/2022\/08\/Defensa-adecuada_Mesa-de-trabajo-1-200x300.png 200w, https:\/\/blogs.ugto.mx\/rea\/wp-content\/uploads\/sites\/71\/2022\/08\/Defensa-adecuada_Mesa-de-trabajo-1-768x1151.png 768w, https:\/\/blogs.ugto.mx\/rea\/wp-content\/uploads\/sites\/71\/2022\/08\/Defensa-adecuada_Mesa-de-trabajo-1.png 834w\" sizes=\"auto, (max-width: 683px) 100vw, 683px\" \/><\/noscript><\/figure>\n<\/div>\n\n\n\n<div class=\"wp-block-column is-layout-flow wp-block-column-is-layout-flow\" style=\"flex-basis:66.66%\">\n<div style=\"height:26px\" aria-hidden=\"true\" class=\"wp-block-spacer\"><\/div>\n\n\n\n<h3 class=\"has-text-align-center wp-block-heading\">Derecho a una defensa adecuada<\/h3>\n\n\n\n<p class=\"wp-block-paragraph\">Derecho de toda persona a contar con un defensor profesional para que la asesore y represente legalmente respecto de los cargos que se le atribuyen, con la finalidad de mantener el equilibrio procesal de las partes y de asegurar la defensa de sus intereses.<\/p>\n\n\n\n<p class=\"wp-block-paragraph\"><strong>Bien jur\u00eddico tutelado<\/strong><\/p>\n\n\n\n<ul class=\"wp-block-list\"><li>La seguridad jur\u00eddica<\/li><\/ul>\n\n\n\n<p class=\"wp-block-paragraph\"><strong>Fundamentaci\u00f3n jur\u00eddica constitucional e internacional<\/strong><\/p>\n\n\n\n<ul class=\"wp-block-list\"><li>Art\u00edculos 1; y 20, apartado B, fracciones VI y VII de la CPEUM.<\/li><li>Art\u00edculo 11.1 de la Declaraci\u00f3n Universal de Derechos Humanos.<\/li><li>Art\u00edculo 8.2, incisos d y e de la Convenci\u00f3n Americana sobre Derechos Humanos.<\/li><li>Art\u00edculo 14.3, incisos b y d del Pacto Internacional de Derechos Civiles y Pol\u00edticos.<\/li><\/ul>\n<\/div>\n<\/div>\n\n\n\n<div class=\"wp-block-columns is-layout-flex wp-container-core-columns-is-layout-8f761849 wp-block-columns-is-layout-flex\">\n<div class=\"wp-block-column is-layout-flow wp-block-column-is-layout-flow\" style=\"flex-basis:66.66%\">\n<div style=\"height:38px\" aria-hidden=\"true\" class=\"wp-block-spacer\"><\/div>\n\n\n\n<h3 class=\"wp-block-heading\">Derecho a la verdad<\/h3>\n\n\n\n<p class=\"wp-block-paragraph\">Derecho de las personas a conocer los hechos constitutivos de delito y las violaciones a derechos humanos de las que fueron objeto, la identidad de las personas responsables, las circunstancias que hayan propiciado su comisi\u00f3n y, en los casos de personas desaparecidas, ausentes, no localizadas, extraviadas o fallecidas, a conocer su destino o paradero.<\/p>\n\n\n\n<p class=\"wp-block-paragraph\"><strong>Bien jur\u00eddico tutelado<\/strong><\/p>\n\n\n\n<ul class=\"wp-block-list\"><li>El acceso a la informaci\u00f3n y la seguridad jur\u00eddica<\/li><\/ul>\n\n\n\n<p class=\"wp-block-paragraph\"><strong>Fundamentaci\u00f3n jur\u00eddica constitucional e internacional<\/strong><\/p>\n\n\n\n<ul class=\"wp-block-list\"><li>Art\u00edculo 20, apartado c de la CPEUM.<\/li><li>Art\u00edculos 3,8 y 19 de la Declaraci\u00f3n Universal de Derechos Humanos.<\/li><li>Art\u00edculos 8,13 y 25 de la Convenci\u00f3n Americana sobre Derechos Humanos.<\/li><\/ul>\n<\/div>\n\n\n\n<div class=\"wp-block-column is-layout-flow wp-block-column-is-layout-flow\" style=\"flex-basis:33.33%\">\n<figure class=\"wp-block-image size-large\"><img decoding=\"async\" src=\"data:image\/gif;base64,R0lGODlhAQABAIAAAAAAAP\/\/\/yH5BAEAAAAALAAAAAABAAEAAAIBRAA7\" data-src=\"https:\/\/blogs.ugto.mx\/rea\/wp-content\/uploads\/sites\/71\/2022\/08\/verdad_Mesa-de-trabajo-1-683x1024.png\" alt=\"\" class=\"wp-image-16775\" \/><noscript><img loading=\"lazy\" decoding=\"async\" width=\"683\" height=\"1024\" src=\"https:\/\/blogs.ugto.mx\/rea\/wp-content\/uploads\/sites\/71\/2022\/08\/verdad_Mesa-de-trabajo-1-683x1024.png\" alt=\"\" class=\"wp-image-16775\" srcset=\"https:\/\/blogs.ugto.mx\/rea\/wp-content\/uploads\/sites\/71\/2022\/08\/verdad_Mesa-de-trabajo-1-683x1024.png 683w, https:\/\/blogs.ugto.mx\/rea\/wp-content\/uploads\/sites\/71\/2022\/08\/verdad_Mesa-de-trabajo-1-200x300.png 200w, https:\/\/blogs.ugto.mx\/rea\/wp-content\/uploads\/sites\/71\/2022\/08\/verdad_Mesa-de-trabajo-1-768x1151.png 768w, https:\/\/blogs.ugto.mx\/rea\/wp-content\/uploads\/sites\/71\/2022\/08\/verdad_Mesa-de-trabajo-1.png 834w\" sizes=\"auto, (max-width: 683px) 100vw, 683px\" \/><\/noscript><\/figure>\n<\/div>\n<\/div>\n\n\n\n<p class=\"has-text-align-right wp-block-paragraph\"><em>Derechos de legalidad reconocidos en el ordenamiento jur\u00eddico mexicano<\/em><\/p>\n","protected":false},"excerpt":{"rendered":"<p>Desarrollo del tema Los derechos de legalidad y seguridad jur\u00eddica regulan el tipo de actos derivados del poder p\u00fablico del Estado para que en caso de que estos sean perjudiciales para los derechos, bienes o posesiones de las personas estos sean realizados por una autoridad competente, debidamente fundados, motivados y acorde a las formalidades legales &#8230; <a title=\"Tema 6. Derechos de legalidad\" class=\"read-more\" href=\"https:\/\/blogs.ugto.mx\/rea\/tema-6-derechos-de-legalidad\/\" aria-label=\"Leer m\u00e1s sobre Tema 6. Derechos de legalidad\">Leer m\u00e1s<\/a><\/p>\n","protected":false},"author":142,"featured_media":0,"comment_status":"closed","ping_status":"closed","sticky":false,"template":"","format":"standard","meta":{"_acf_changed":false,"_crdt_document":"","episode_type":"","audio_file":"","podmotor_file_id":"","podmotor_episode_id":"","cover_image":"","cover_image_id":"","duration":"","filesize":"","filesize_raw":"","date_recorded":"","explicit":"","block":"","itunes_episode_number":"","itunes_title":"","itunes_season_number":"","itunes_episode_type":"","footnotes":""},"categories":[180,188,486,485],"tags":[],"class_list":["post-16595","post","type-post","status-publish","format-standard","hentry","category-cideap","category-ciencias-sociales-periodismo-e-informacion","category-modulo-1-conceptualizacion-de-los-derechos-humanos","category-uda-derechos-humanos-genero-y-cultura-de-paz"],"acf":[],"jetpack_featured_media_url":"","_links":{"self":[{"href":"https:\/\/blogs.ugto.mx\/rea\/wp-json\/wp\/v2\/posts\/16595","targetHints":{"allow":["GET"]}}],"collection":[{"href":"https:\/\/blogs.ugto.mx\/rea\/wp-json\/wp\/v2\/posts"}],"about":[{"href":"https:\/\/blogs.ugto.mx\/rea\/wp-json\/wp\/v2\/types\/post"}],"author":[{"embeddable":true,"href":"https:\/\/blogs.ugto.mx\/rea\/wp-json\/wp\/v2\/users\/142"}],"replies":[{"embeddable":true,"href":"https:\/\/blogs.ugto.mx\/rea\/wp-json\/wp\/v2\/comments?post=16595"}],"version-history":[{"count":10,"href":"https:\/\/blogs.ugto.mx\/rea\/wp-json\/wp\/v2\/posts\/16595\/revisions"}],"predecessor-version":[{"id":16790,"href":"https:\/\/blogs.ugto.mx\/rea\/wp-json\/wp\/v2\/posts\/16595\/revisions\/16790"}],"wp:attachment":[{"href":"https:\/\/blogs.ugto.mx\/rea\/wp-json\/wp\/v2\/media?parent=16595"}],"wp:term":[{"taxonomy":"category","embeddable":true,"href":"https:\/\/blogs.ugto.mx\/rea\/wp-json\/wp\/v2\/categories?post=16595"},{"taxonomy":"post_tag","embeddable":true,"href":"https:\/\/blogs.ugto.mx\/rea\/wp-json\/wp\/v2\/tags?post=16595"}],"curies":[{"name":"wp","href":"https:\/\/api.w.org\/{rel}","templated":true}]}}