{"id":16669,"date":"2022-08-03T21:46:38","date_gmt":"2022-08-03T21:46:38","guid":{"rendered":"https:\/\/blogs.ugto.mx\/rea\/?p=16669"},"modified":"2022-08-05T15:04:37","modified_gmt":"2022-08-05T15:04:37","slug":"tema-3-genero","status":"publish","type":"post","link":"https:\/\/blogs.ugto.mx\/rea\/tema-3-genero\/","title":{"rendered":"Tema 3. G\u00e9nero"},"content":{"rendered":"\n\n\n<div class=\"wp-block-cover is-light\" style=\"min-height:284px;aspect-ratio:unset;\"><span aria-hidden=\"true\" class=\"wp-block-cover__background has-background-dim-40 has-background-dim\"><\/span><img decoding=\"async\" class=\"wp-block-cover__image-background wp-image-16811\" alt=\"\" src=\"data:image\/gif;base64,R0lGODlhAQABAIAAAAAAAP\/\/\/yH5BAEAAAAALAAAAAABAAEAAAIBRAA7\" data-src=\"https:\/\/blogs.ugto.mx\/rea\/wp-content\/uploads\/sites\/71\/2022\/08\/paper-dolls-against-sky.jpg\" style=\"object-position:42% 40%\" data-object-fit=\"cover\" data-object-position=\"42% 40%\" \/><noscript><img loading=\"lazy\" decoding=\"async\" width=\"1000\" height=\"667\" class=\"wp-block-cover__image-background wp-image-16811\" alt=\"\" src=\"https:\/\/blogs.ugto.mx\/rea\/wp-content\/uploads\/sites\/71\/2022\/08\/paper-dolls-against-sky.jpg\" style=\"object-position:42% 40%\" data-object-fit=\"cover\" data-object-position=\"42% 40%\" srcset=\"https:\/\/blogs.ugto.mx\/rea\/wp-content\/uploads\/sites\/71\/2022\/08\/paper-dolls-against-sky.jpg 1000w, https:\/\/blogs.ugto.mx\/rea\/wp-content\/uploads\/sites\/71\/2022\/08\/paper-dolls-against-sky-300x200.jpg 300w, https:\/\/blogs.ugto.mx\/rea\/wp-content\/uploads\/sites\/71\/2022\/08\/paper-dolls-against-sky-768x512.jpg 768w, https:\/\/blogs.ugto.mx\/rea\/wp-content\/uploads\/sites\/71\/2022\/08\/paper-dolls-against-sky-272x182.jpg 272w\" sizes=\"auto, (max-width: 1000px) 100vw, 1000px\" \/><\/noscript><div class=\"wp-block-cover__inner-container is-layout-flow wp-block-cover-is-layout-flow\">\n<p class=\"has-text-align-center has-base-3-color has-text-color has-large-font-size wp-block-paragraph\"><strong><strong><strong><strong><strong>G\u00e9nero<\/strong><\/strong><\/strong><\/strong><\/strong><\/p>\n<\/div><\/div>\n\n\n\n<h2 class=\"wp-block-heading\" id=\"desarrollo-del-tema\">Desarrollo del tema <\/h2>\n\n\n\n<p class=\"wp-block-paragraph\">El contexto de discriminaci\u00f3n y desigualdad social ha generado una marginaci\u00f3n y negaci\u00f3n de los derechos humanos de una serie de grupos sociales, en este tema ahondaremos espec\u00edficamente la violencia de g\u00e9nero que sufren las mujeres.<\/p>\n\n\n\n<p class=\"wp-block-paragraph\">Para empezar el tema partamos por definir qu\u00e9 se entiende por g\u00e9nero. De acuerdo con el glosario de g\u00e9nero realizado por el Instituto Nacional de las Mujeres (INMUJERES) en el 2017 se entiende como:<\/p>\n\n\n\n<blockquote class=\"wp-block-quote is-layout-flow wp-block-quote-is-layout-flow\"><p>\u201cAquella categor\u00eda que analiza c\u00f3mo se definen, representan y simbolizan las diferencias sexuales en una determinada sociedad. Alude a las formas hist\u00f3ricas y socioculturales en que mujeres y hombres construyen su identidad, interact\u00faan y organizan sus funciones.\u201d<\/p><\/blockquote>\n\n\n\n<p class=\"wp-block-paragraph\">Ahora bien \u00bfqu\u00e9 podemos entender por violencia de g\u00e9nero? De acuerdo con el art\u00edculo 1\u00ba de la Declaraci\u00f3n sobre la Eliminaci\u00f3n de la Violencia contra la Mujer realizada por la Organizaci\u00f3n de las Naciones Unidas en 1993 podemos entender a la violencia de g\u00e9nero como:<\/p>\n\n\n\n<blockquote class=\"wp-block-quote is-layout-flow wp-block-quote-is-layout-flow\"><p>\u201ctodo acto de violencia basado en la pertenencia al sexo femenino que tenga o pueda tener como resultado un da\u00f1o o sufrimiento f\u00edsico, sexual o psicol\u00f3gico para la mujer, as\u00ed como las amenazas de tales actos, la coacc\u00f3n o la privaci\u00f3n arbitraria de la libertad, tanto si se producen en la vida p\u00fablica como en la vida privada\u201d.<\/p><\/blockquote>\n\n\n\n<p class=\"wp-block-paragraph\">En M\u00e9xico, la violencia por razones de g\u00e9nero ha existido desde tiempos inmemoriales y responde a una cultura predominantemente machista que se ha transmitido de manera acr\u00edtica de generaci\u00f3n en generaci\u00f3n, al bajo nivel educativo, a la exposici\u00f3n al maltrato infantil, a la vivencia de la violencia en en el seno familiar, al trastorno de personalidad antisocial, al consumo nocivo de alcohol y a las actitudes de aceptaci\u00f3n de la violencia.<\/p>\n\n\n\n<p class=\"wp-block-paragraph\">A partir de la d\u00e9cada de los noventa, en M\u00e9xico se comenzaron a recabar datos e informaci\u00f3n para visibilizar el contexto nacional sobre la violencia de g\u00e9nero. A finales de 2019, el Instituto Nacional de Estad\u00edstica y Geograf\u00eda (INEGI) report\u00f3 un porcentaje de 66.1% de mujeres mayores de 15 a\u00f1os (30.7 millones) que fueron violentadas de alguna manera (siendo el m\u00e1s alto \u00edndice, de 43.9%, ejercida por su esposo o pareja actual). En 2018 se registraron 3,752 defunciones por homicidio de mujeres, el m\u00e1s alto registrado en los \u00faltimos 29 a\u00f1os (1990-2018), lo que en promedio significa que fallecieron 10 mujeres diariamente por agresiones intencionales.<\/p>\n\n\n<div class=\"wp-block-image\">\n<figure class=\"aligncenter size-full\"><img decoding=\"async\" src=\"data:image\/gif;base64,R0lGODlhAQABAIAAAAAAAP\/\/\/yH5BAEAAAAALAAAAAABAAEAAAIBRAA7\" data-src=\"https:\/\/blogs.ugto.mx\/rea\/wp-content\/uploads\/sites\/71\/2022\/08\/pexels-karolina-grabowska-4379912.jpg\" alt=\"\" class=\"wp-image-16809\" \/><noscript><img loading=\"lazy\" decoding=\"async\" width=\"640\" height=\"427\" src=\"https:\/\/blogs.ugto.mx\/rea\/wp-content\/uploads\/sites\/71\/2022\/08\/pexels-karolina-grabowska-4379912.jpg\" alt=\"\" class=\"wp-image-16809\" srcset=\"https:\/\/blogs.ugto.mx\/rea\/wp-content\/uploads\/sites\/71\/2022\/08\/pexels-karolina-grabowska-4379912.jpg 640w, https:\/\/blogs.ugto.mx\/rea\/wp-content\/uploads\/sites\/71\/2022\/08\/pexels-karolina-grabowska-4379912-300x200.jpg 300w, https:\/\/blogs.ugto.mx\/rea\/wp-content\/uploads\/sites\/71\/2022\/08\/pexels-karolina-grabowska-4379912-272x182.jpg 272w\" sizes=\"auto, (max-width: 640px) 100vw, 640px\" \/><\/noscript><figcaption><strong>Imagen 1. <\/strong>La violencia de genero, ha existido desde tiempos inmemoriales y responde a una cultura predominantemente machista que se ha transmitido de  generaci\u00f3n en generaci\u00f3n.<\/figcaption><\/figure>\n<\/div>\n\n\n<p class=\"wp-block-paragraph\">En el pa\u00eds el esfuerzo de diversas organizaciones de la sociedad civil mediante la realizaci\u00f3n de una serie de protestas p\u00fablicas por abusos o muertes de mujeres y el despliegue de marchas para incentivar la denuncia y fortalecer la seguridad de las mujeres por parte del Estado y de la sociedad, han evidenciado la existencia de esta problem\u00e1tica y puesto presi\u00f3n a las instituciones p\u00fablicas para la atenci\u00f3n y respuesta a ella.<\/p>\n\n\n\n<p class=\"wp-block-paragraph\">A su vez, este tipo de presiones sociales ha ayudado a mediatizar la problem\u00e1tica en redes sociales y medios de comunicaci\u00f3n masiva, que por su parte han puesto presi\u00f3n en las instituciones p\u00fablicas para la respuesta mediante acciones, como la tipificaci\u00f3n del delito de feminicidio, la creaci\u00f3n de leyes particulares en pro de la protecci\u00f3n, garant\u00eda y defensa de los derechos humanos de las mujeres, el establecimiento de instituciones p\u00fablicas a nivel nacional y local encargadas del seguimiento, atenci\u00f3n y denuncia de los actos relativos a la violencia de g\u00e9nero, entre otras.<\/p>\n\n\n\n<p class=\"wp-block-paragraph\">No obstante, el proceso de generar condiciones de igualdad y equidad de g\u00e9nero en el pa\u00eds sigue en proceso de adopci\u00f3n por la sociedad, una tarea y reto pendiente para las organizaciones estatales.<\/p>\n","protected":false},"excerpt":{"rendered":"<p>Desarrollo del tema El contexto de discriminaci\u00f3n y desigualdad social ha generado una marginaci\u00f3n y negaci\u00f3n de los derechos humanos de una serie de grupos sociales, en este tema ahondaremos espec\u00edficamente la violencia de g\u00e9nero que sufren las mujeres. Para empezar el tema partamos por definir qu\u00e9 se entiende por g\u00e9nero. De acuerdo con el &#8230; <a title=\"Tema 3. G\u00e9nero\" class=\"read-more\" href=\"https:\/\/blogs.ugto.mx\/rea\/tema-3-genero\/\" aria-label=\"Leer m\u00e1s sobre Tema 3. G\u00e9nero\">Leer m\u00e1s<\/a><\/p>\n","protected":false},"author":142,"featured_media":0,"comment_status":"closed","ping_status":"closed","sticky":false,"template":"","format":"standard","meta":{"_acf_changed":false,"_crdt_document":"","episode_type":"","audio_file":"","podmotor_file_id":"","podmotor_episode_id":"","cover_image":"","cover_image_id":"","duration":"","filesize":"","filesize_raw":"","date_recorded":"","explicit":"","block":"","itunes_episode_number":"","itunes_title":"","itunes_season_number":"","itunes_episode_type":"","footnotes":""},"categories":[180,188,486,485],"tags":[],"class_list":["post-16669","post","type-post","status-publish","format-standard","hentry","category-cideap","category-ciencias-sociales-periodismo-e-informacion","category-modulo-1-conceptualizacion-de-los-derechos-humanos","category-uda-derechos-humanos-genero-y-cultura-de-paz"],"acf":[],"jetpack_featured_media_url":"","_links":{"self":[{"href":"https:\/\/blogs.ugto.mx\/rea\/wp-json\/wp\/v2\/posts\/16669","targetHints":{"allow":["GET"]}}],"collection":[{"href":"https:\/\/blogs.ugto.mx\/rea\/wp-json\/wp\/v2\/posts"}],"about":[{"href":"https:\/\/blogs.ugto.mx\/rea\/wp-json\/wp\/v2\/types\/post"}],"author":[{"embeddable":true,"href":"https:\/\/blogs.ugto.mx\/rea\/wp-json\/wp\/v2\/users\/142"}],"replies":[{"embeddable":true,"href":"https:\/\/blogs.ugto.mx\/rea\/wp-json\/wp\/v2\/comments?post=16669"}],"version-history":[{"count":4,"href":"https:\/\/blogs.ugto.mx\/rea\/wp-json\/wp\/v2\/posts\/16669\/revisions"}],"predecessor-version":[{"id":16812,"href":"https:\/\/blogs.ugto.mx\/rea\/wp-json\/wp\/v2\/posts\/16669\/revisions\/16812"}],"wp:attachment":[{"href":"https:\/\/blogs.ugto.mx\/rea\/wp-json\/wp\/v2\/media?parent=16669"}],"wp:term":[{"taxonomy":"category","embeddable":true,"href":"https:\/\/blogs.ugto.mx\/rea\/wp-json\/wp\/v2\/categories?post=16669"},{"taxonomy":"post_tag","embeddable":true,"href":"https:\/\/blogs.ugto.mx\/rea\/wp-json\/wp\/v2\/tags?post=16669"}],"curies":[{"name":"wp","href":"https:\/\/api.w.org\/{rel}","templated":true}]}}