{"id":16685,"date":"2022-08-03T21:57:26","date_gmt":"2022-08-03T21:57:26","guid":{"rendered":"https:\/\/blogs.ugto.mx\/rea\/?p=16685"},"modified":"2022-08-19T20:31:16","modified_gmt":"2022-08-19T20:31:16","slug":"tema-3-debida-diligencia","status":"publish","type":"post","link":"https:\/\/blogs.ugto.mx\/rea\/tema-3-debida-diligencia\/","title":{"rendered":"Tema 3. Debida diligencia"},"content":{"rendered":"\n\n\n<div class=\"wp-block-cover is-light\" style=\"min-height:284px;aspect-ratio:unset;\"><span aria-hidden=\"true\" class=\"wp-block-cover__background has-background-dim-40 has-background-dim\"><\/span><img decoding=\"async\" class=\"wp-block-cover__image-background wp-image-16831\" alt=\"\" src=\"data:image\/gif;base64,R0lGODlhAQABAIAAAAAAAP\/\/\/yH5BAEAAAAALAAAAAABAAEAAAIBRAA7\" data-src=\"https:\/\/blogs.ugto.mx\/rea\/wp-content\/uploads\/sites\/71\/2022\/08\/pexels-karolina-grabowska-7876051.jpg\" style=\"object-position:44% 44%\" data-object-fit=\"cover\" data-object-position=\"44% 44%\" \/><noscript><img loading=\"lazy\" decoding=\"async\" width=\"1279\" height=\"853\" class=\"wp-block-cover__image-background wp-image-16831\" alt=\"\" src=\"https:\/\/blogs.ugto.mx\/rea\/wp-content\/uploads\/sites\/71\/2022\/08\/pexels-karolina-grabowska-7876051.jpg\" style=\"object-position:44% 44%\" data-object-fit=\"cover\" data-object-position=\"44% 44%\" srcset=\"https:\/\/blogs.ugto.mx\/rea\/wp-content\/uploads\/sites\/71\/2022\/08\/pexels-karolina-grabowska-7876051.jpg 1279w, https:\/\/blogs.ugto.mx\/rea\/wp-content\/uploads\/sites\/71\/2022\/08\/pexels-karolina-grabowska-7876051-300x200.jpg 300w, https:\/\/blogs.ugto.mx\/rea\/wp-content\/uploads\/sites\/71\/2022\/08\/pexels-karolina-grabowska-7876051-1024x683.jpg 1024w, https:\/\/blogs.ugto.mx\/rea\/wp-content\/uploads\/sites\/71\/2022\/08\/pexels-karolina-grabowska-7876051-768x512.jpg 768w, https:\/\/blogs.ugto.mx\/rea\/wp-content\/uploads\/sites\/71\/2022\/08\/pexels-karolina-grabowska-7876051-272x182.jpg 272w\" sizes=\"auto, (max-width: 1279px) 100vw, 1279px\" \/><\/noscript><div class=\"wp-block-cover__inner-container is-layout-flow wp-block-cover-is-layout-flow\">\n<p class=\"has-text-align-center has-base-3-color has-text-color has-large-font-size wp-block-paragraph\"><strong><strong><strong><strong><strong>Debida diligencia<\/strong><\/strong><\/strong><\/strong><\/strong><\/p>\n<\/div><\/div>\n\n\n\n<h2 class=\"wp-block-heading\" id=\"desarrollo-del-tema\">Desarrollo del tema <\/h2>\n\n\n\n<p class=\"wp-block-paragraph\">De alguna manera, cuando hablamos del debido proceso nos referimos a que la autoridad cumpla y act\u00fae conforme a la reglas establecidas por el sistema jur\u00eddico, pero cuando escuchamos que la autoridad debe actuar con la debida diligencia <strong>\u00bfde qu\u00e9 estamos hablando?<\/strong><\/p>\n\n\n\n<p class=\"wp-block-paragraph\">Nos referimos a que la autoridad tiene la obligaci\u00f3n de actuar de forma prudente y razonable, apegada a derecho, conforme a las circunstancias del caso. En otras palabras, esta debida diligencia no culmina con el cumplimiento de cualquier procedimiento general, sino que requiere que su actuaci\u00f3n realice los ajustes razonables considerados o apegados a protocolos o lineamientos espec\u00edficos.<\/p>\n\n\n\n<div class=\"wp-block-columns is-layout-flex wp-container-core-columns-is-layout-8f761849 wp-block-columns-is-layout-flex\">\n<div class=\"wp-block-column is-layout-flow wp-block-column-is-layout-flow\" style=\"flex-basis:33.33%\">\n<div style=\"height:29px\" aria-hidden=\"true\" class=\"wp-block-spacer\"><\/div>\n\n\n<div class=\"wp-block-image\">\n<figure class=\"aligncenter size-full is-resized\"><img loading=\"lazy\" decoding=\"async\" src=\"data:image\/gif;base64,R0lGODlhAQABAIAAAAAAAP\/\/\/yH5BAEAAAAALAAAAAABAAEAAAIBRAA7\" data-src=\"https:\/\/blogs.ugto.mx\/rea\/wp-content\/uploads\/sites\/71\/2022\/06\/bombilla-7.png\" alt=\"\" class=\"wp-image-15136\" width=\"214\" height=\"214\" \/><noscript><img loading=\"lazy\" decoding=\"async\" src=\"https:\/\/blogs.ugto.mx\/rea\/wp-content\/uploads\/sites\/71\/2022\/06\/bombilla-7.png\" alt=\"\" class=\"wp-image-15136\" width=\"214\" height=\"214\" srcset=\"https:\/\/blogs.ugto.mx\/rea\/wp-content\/uploads\/sites\/71\/2022\/06\/bombilla-7.png 512w, https:\/\/blogs.ugto.mx\/rea\/wp-content\/uploads\/sites\/71\/2022\/06\/bombilla-7-300x300.png 300w, https:\/\/blogs.ugto.mx\/rea\/wp-content\/uploads\/sites\/71\/2022\/06\/bombilla-7-150x150.png 150w\" sizes=\"auto, (max-width: 214px) 100vw, 214px\" \/><\/noscript><\/figure>\n<\/div><\/div>\n\n\n\n<div class=\"wp-block-column is-layout-flow wp-block-column-is-layout-flow\" style=\"flex-basis:66.66%\">\n<h4 class=\"has-text-align-center wp-block-heading\">Reflexionemos <\/h4>\n\n\n\n<p class=\"wp-block-paragraph\">De acuerdo con las reglas generales del proceso penal, una vez que una persona presenta una denuncia ante el Ministerio P\u00fablico por la posible comisi\u00f3n de un delito, \u00e9ste debe comenzar la investigaci\u00f3n. Sin embargo, dichas reglas no establecen plazos para que el Ministerio P\u00fablico realice sus actuaciones. Si el delito que se denuncia es por desaparici\u00f3n forzada, la b\u00fasqueda de la persona debe ser de manera inmediata; y si quien lo denunciara fuera una persona perteneciente a un pueblo y\/o comunidad ind\u00edgena, ser\u00eda indispensable que la fiscal\u00eda le proporcione inmediatamente a un traductor e int\u00e9rprete, ya que en caso contrario, la fiscal\u00eda no estar\u00eda actuando con la diligencia debida.<\/p>\n<\/div>\n<\/div>\n\n\n\n<p class=\"wp-block-paragraph\"><\/p>\n","protected":false},"excerpt":{"rendered":"<p>Desarrollo del tema De alguna manera, cuando hablamos del debido proceso nos referimos a que la autoridad cumpla y act\u00fae conforme a la reglas establecidas por el sistema jur\u00eddico, pero cuando escuchamos que la autoridad debe actuar con la debida diligencia \u00bfde qu\u00e9 estamos hablando? Nos referimos a que la autoridad tiene la obligaci\u00f3n de &#8230; <a title=\"Tema 3. Debida diligencia\" class=\"read-more\" href=\"https:\/\/blogs.ugto.mx\/rea\/tema-3-debida-diligencia\/\" aria-label=\"Leer m\u00e1s sobre Tema 3. Debida diligencia\">Leer m\u00e1s<\/a><\/p>\n","protected":false},"author":142,"featured_media":0,"comment_status":"closed","ping_status":"closed","sticky":false,"template":"","format":"standard","meta":{"_acf_changed":false,"_crdt_document":"","episode_type":"","audio_file":"","podmotor_file_id":"","podmotor_episode_id":"","cover_image":"","cover_image_id":"","duration":"","filesize":"","filesize_raw":"","date_recorded":"","explicit":"","block":"","itunes_episode_number":"","itunes_title":"","itunes_season_number":"","itunes_episode_type":"","footnotes":""},"categories":[180,188,486,485],"tags":[],"class_list":["post-16685","post","type-post","status-publish","format-standard","hentry","category-cideap","category-ciencias-sociales-periodismo-e-informacion","category-modulo-1-conceptualizacion-de-los-derechos-humanos","category-uda-derechos-humanos-genero-y-cultura-de-paz"],"acf":[],"jetpack_featured_media_url":"","_links":{"self":[{"href":"https:\/\/blogs.ugto.mx\/rea\/wp-json\/wp\/v2\/posts\/16685","targetHints":{"allow":["GET"]}}],"collection":[{"href":"https:\/\/blogs.ugto.mx\/rea\/wp-json\/wp\/v2\/posts"}],"about":[{"href":"https:\/\/blogs.ugto.mx\/rea\/wp-json\/wp\/v2\/types\/post"}],"author":[{"embeddable":true,"href":"https:\/\/blogs.ugto.mx\/rea\/wp-json\/wp\/v2\/users\/142"}],"replies":[{"embeddable":true,"href":"https:\/\/blogs.ugto.mx\/rea\/wp-json\/wp\/v2\/comments?post=16685"}],"version-history":[{"count":5,"href":"https:\/\/blogs.ugto.mx\/rea\/wp-json\/wp\/v2\/posts\/16685\/revisions"}],"predecessor-version":[{"id":18372,"href":"https:\/\/blogs.ugto.mx\/rea\/wp-json\/wp\/v2\/posts\/16685\/revisions\/18372"}],"wp:attachment":[{"href":"https:\/\/blogs.ugto.mx\/rea\/wp-json\/wp\/v2\/media?parent=16685"}],"wp:term":[{"taxonomy":"category","embeddable":true,"href":"https:\/\/blogs.ugto.mx\/rea\/wp-json\/wp\/v2\/categories?post=16685"},{"taxonomy":"post_tag","embeddable":true,"href":"https:\/\/blogs.ugto.mx\/rea\/wp-json\/wp\/v2\/tags?post=16685"}],"curies":[{"name":"wp","href":"https:\/\/api.w.org\/{rel}","templated":true}]}}