{"id":16695,"date":"2022-08-04T15:03:53","date_gmt":"2022-08-04T15:03:53","guid":{"rendered":"https:\/\/blogs.ugto.mx\/rea\/?p=16695"},"modified":"2022-08-05T17:09:37","modified_gmt":"2022-08-05T17:09:37","slug":"tema-1-derechos-academicos","status":"publish","type":"post","link":"https:\/\/blogs.ugto.mx\/rea\/tema-1-derechos-academicos\/","title":{"rendered":"Tema 1. Derechos acad\u00e9micos"},"content":{"rendered":"\n\n\n<div class=\"wp-block-cover is-light\" style=\"min-height:284px;aspect-ratio:unset;\"><span aria-hidden=\"true\" class=\"wp-block-cover__background has-background-dim-40 has-background-dim\"><\/span><img decoding=\"async\" class=\"wp-block-cover__image-background wp-image-16844\" alt=\"\" src=\"data:image\/gif;base64,R0lGODlhAQABAIAAAAAAAP\/\/\/yH5BAEAAAAALAAAAAABAAEAAAIBRAA7\" data-src=\"https:\/\/blogs.ugto.mx\/rea\/wp-content\/uploads\/sites\/71\/2022\/08\/grad-cap-diploma-and-stacked-books-scaled.jpg\" style=\"object-position:46% 43%\" data-object-fit=\"cover\" data-object-position=\"46% 43%\" \/><noscript><img loading=\"lazy\" decoding=\"async\" width=\"2560\" height=\"1706\" class=\"wp-block-cover__image-background wp-image-16844\" alt=\"\" src=\"https:\/\/blogs.ugto.mx\/rea\/wp-content\/uploads\/sites\/71\/2022\/08\/grad-cap-diploma-and-stacked-books-scaled.jpg\" style=\"object-position:46% 43%\" data-object-fit=\"cover\" data-object-position=\"46% 43%\" srcset=\"https:\/\/blogs.ugto.mx\/rea\/wp-content\/uploads\/sites\/71\/2022\/08\/grad-cap-diploma-and-stacked-books-scaled.jpg 2560w, https:\/\/blogs.ugto.mx\/rea\/wp-content\/uploads\/sites\/71\/2022\/08\/grad-cap-diploma-and-stacked-books-300x200.jpg 300w, https:\/\/blogs.ugto.mx\/rea\/wp-content\/uploads\/sites\/71\/2022\/08\/grad-cap-diploma-and-stacked-books-1024x683.jpg 1024w, https:\/\/blogs.ugto.mx\/rea\/wp-content\/uploads\/sites\/71\/2022\/08\/grad-cap-diploma-and-stacked-books-768x512.jpg 768w, https:\/\/blogs.ugto.mx\/rea\/wp-content\/uploads\/sites\/71\/2022\/08\/grad-cap-diploma-and-stacked-books-1536x1024.jpg 1536w, https:\/\/blogs.ugto.mx\/rea\/wp-content\/uploads\/sites\/71\/2022\/08\/grad-cap-diploma-and-stacked-books-2048x1365.jpg 2048w, https:\/\/blogs.ugto.mx\/rea\/wp-content\/uploads\/sites\/71\/2022\/08\/grad-cap-diploma-and-stacked-books-272x182.jpg 272w\" sizes=\"auto, (max-width: 2560px) 100vw, 2560px\" \/><\/noscript><div class=\"wp-block-cover__inner-container is-layout-flow wp-block-cover-is-layout-flow\">\n<p class=\"has-text-align-center has-base-3-color has-text-color has-large-font-size wp-block-paragraph\"><strong><strong><strong><strong><strong>Derechos acad\u00e9micos<\/strong><\/strong><\/strong><\/strong><\/strong><\/p>\n<\/div><\/div>\n\n\n\n<h2 class=\"wp-block-heading\" id=\"desarrollo-del-tema\">Desarrollo del tema <\/h2>\n\n\n\n<p class=\"wp-block-paragraph\">Las y los estudiantes tienen derecho a recibir una formaci\u00f3n libre de cualquier forma de discriminaci\u00f3n y violencia, es decir, acceder a la educaci\u00f3n no debe poner en riesgo otros derechos como la vida, la dignidad, la seguridad, la libertad, la integridad f\u00edsica o emocional. A su vez, el Reglamento Acad\u00e9mico de la Universidad de Guanajuato en su art\u00edculo 12 establece un listado de derechos acad\u00e9micos que es importante que recuerdes:<\/p>\n\n\n\n<div class=\"wp-block-columns is-layout-flex wp-container-core-columns-is-layout-8f761849 wp-block-columns-is-layout-flex\">\n<div class=\"wp-block-column is-layout-flow wp-block-column-is-layout-flow\" style=\"flex-basis:33.33%\">\n<figure class=\"wp-block-image size-large\"><img decoding=\"async\" src=\"data:image\/gif;base64,R0lGODlhAQABAIAAAAAAAP\/\/\/yH5BAEAAAAALAAAAAABAAEAAAIBRAA7\" data-src=\"https:\/\/blogs.ugto.mx\/rea\/wp-content\/uploads\/sites\/71\/2022\/08\/Educacio\u0301n-1_Mesa-de-trabajo-1_Mesa-de-trabajo-1-830x1024.png\" alt=\"\" class=\"wp-image-16870\" \/><noscript><img loading=\"lazy\" decoding=\"async\" width=\"830\" height=\"1024\" src=\"https:\/\/blogs.ugto.mx\/rea\/wp-content\/uploads\/sites\/71\/2022\/08\/Educacio\u0301n-1_Mesa-de-trabajo-1_Mesa-de-trabajo-1-830x1024.png\" alt=\"\" class=\"wp-image-16870\" srcset=\"https:\/\/blogs.ugto.mx\/rea\/wp-content\/uploads\/sites\/71\/2022\/08\/Educacio\u0301n-1_Mesa-de-trabajo-1_Mesa-de-trabajo-1-830x1024.png 830w, https:\/\/blogs.ugto.mx\/rea\/wp-content\/uploads\/sites\/71\/2022\/08\/Educacio\u0301n-1_Mesa-de-trabajo-1_Mesa-de-trabajo-1-243x300.png 243w, https:\/\/blogs.ugto.mx\/rea\/wp-content\/uploads\/sites\/71\/2022\/08\/Educacio\u0301n-1_Mesa-de-trabajo-1_Mesa-de-trabajo-1-768x948.png 768w, https:\/\/blogs.ugto.mx\/rea\/wp-content\/uploads\/sites\/71\/2022\/08\/Educacio\u0301n-1_Mesa-de-trabajo-1_Mesa-de-trabajo-1.png 834w\" sizes=\"auto, (max-width: 830px) 100vw, 830px\" \/><\/noscript><\/figure>\n<\/div>\n\n\n\n<div class=\"wp-block-column is-layout-flow wp-block-column-is-layout-flow\" style=\"flex-basis:66.66%\">\n<div style=\"height:56px\" aria-hidden=\"true\" class=\"wp-block-spacer\"><\/div>\n\n\n\n<p class=\"wp-block-paragraph\"><strong>I. <\/strong>Participar en las actividades de educaci\u00f3n, investigaci\u00f3n y extensi\u00f3n conforme a la naturaleza de los programas y proyectos espec\u00edficos.<br><strong>II. <\/strong>Recibir, en la primera semana de clases, los programas de estudios de las unidades de aprendizaje, as\u00ed como los criterios de evaluaci\u00f3n y acreditaci\u00f3n que correspondan.<br><strong>III. <\/strong>Ser evaluadas y evaluados progresivamente a lo largo del periodo escolar a trav\u00e9s de diversos mecanismos, instrumentos y criterios definidos en el plan y el programa de estudios correspondientes.<br><strong>IV.<\/strong> Conocer el resultado de las diferentes evaluaciones a que se sometan y recibir de manera oportuna y continua la informaci\u00f3n que les permita saber en qu\u00e9 aspectos pueden mejorar.<br><strong>V. <\/strong>Participar en los procedimientos para obtener las becas y est\u00edmulos que otorgue la Universidad, conforme a la normatividad aplicable y recibir respaldo para acceder a las que ofrezcan en otros organismos.<\/p>\n<\/div>\n<\/div>\n\n\n\n<div class=\"wp-block-columns is-layout-flex wp-container-core-columns-is-layout-8f761849 wp-block-columns-is-layout-flex\">\n<div class=\"wp-block-column is-layout-flow wp-block-column-is-layout-flow\" style=\"flex-basis:66.66%\">\n<div style=\"height:56px\" aria-hidden=\"true\" class=\"wp-block-spacer\"><\/div>\n\n\n\n<p class=\"wp-block-paragraph\"><strong>VI. <\/strong>Participar en programas educativos en otras instituciones nacionales o extranjeras con las que la Universidad tenga acuerdos o convenios, as\u00ed como en entidades acad\u00e9micas de la propia Universidad distintas a las de su adscripci\u00f3n original.<br><strong>VII.<\/strong> Elegir, ser electas o electos y desempe\u00f1ar los cargos de representaci\u00f3n que les hayan sido conferidos, de conformidad con la normatividad universitaria.<br><strong>VIII.<\/strong> Asociarse libremente, sin m\u00e1s restricciones que el apego a la normativa universitaria. Los \u00f3rganos colegiados de gobierno y las autoridades ejecutivas mantendr\u00e1n independencia respecto a las agrupaciones estudiantiles, estableciendo con ellas relaciones de respeto mutuo y cooperaci\u00f3n para los fines de la Universidad y los propios de las asociaciones.<br><strong>IX.<\/strong> Presentar ante las instancias universitarias iniciativas destinadas a mejorar su desarrollo educativo.<br><strong>X.<\/strong> Acceder a los servicios que preste la Universidad y contribuyan a mejorar su calidad de vida.<br><strong>XI. <\/strong>Los dem\u00e1s derivados de la normatividad universitaria y otras disposiciones aplicables.<\/p>\n<\/div>\n\n\n\n<div class=\"wp-block-column is-layout-flow wp-block-column-is-layout-flow\" style=\"flex-basis:33.33%\">\n<figure class=\"wp-block-image size-large\"><img decoding=\"async\" src=\"data:image\/gif;base64,R0lGODlhAQABAIAAAAAAAP\/\/\/yH5BAEAAAAALAAAAAABAAEAAAIBRAA7\" data-src=\"https:\/\/blogs.ugto.mx\/rea\/wp-content\/uploads\/sites\/71\/2022\/08\/Educacio\u0301n-2_Mesa-de-trabajo-1-830x1024.png\" alt=\"\" class=\"wp-image-16881\" \/><noscript><img loading=\"lazy\" decoding=\"async\" width=\"830\" height=\"1024\" src=\"https:\/\/blogs.ugto.mx\/rea\/wp-content\/uploads\/sites\/71\/2022\/08\/Educacio\u0301n-2_Mesa-de-trabajo-1-830x1024.png\" alt=\"\" class=\"wp-image-16881\" srcset=\"https:\/\/blogs.ugto.mx\/rea\/wp-content\/uploads\/sites\/71\/2022\/08\/Educacio\u0301n-2_Mesa-de-trabajo-1-830x1024.png 830w, https:\/\/blogs.ugto.mx\/rea\/wp-content\/uploads\/sites\/71\/2022\/08\/Educacio\u0301n-2_Mesa-de-trabajo-1-243x300.png 243w, https:\/\/blogs.ugto.mx\/rea\/wp-content\/uploads\/sites\/71\/2022\/08\/Educacio\u0301n-2_Mesa-de-trabajo-1-768x948.png 768w, https:\/\/blogs.ugto.mx\/rea\/wp-content\/uploads\/sites\/71\/2022\/08\/Educacio\u0301n-2_Mesa-de-trabajo-1.png 834w\" sizes=\"auto, (max-width: 830px) 100vw, 830px\" \/><\/noscript><\/figure>\n<\/div>\n<\/div>\n\n\n\n<p class=\"wp-block-paragraph\">Para ver el Reglamento Acad\u00e9mico completo, puedes dar clic en el siguiente bot\u00f3n:<\/p>\n\n\n\n<div class=\"wp-block-buttons is-layout-flex wp-block-buttons-is-layout-flex\">\n<div class=\"wp-block-button aligncenter\"><a class=\"wp-block-button__link has-background\" href=\"\/\/www.ugto.mx\/images\/reglamentacion\/reglamento-academico-ug-2018-.pdf\" style=\"background:linear-gradient(135deg,rgb(55,202,236) 2%,rgb(173,217,216) 100%)\" target=\"_blank\" rel=\"noreferrer noopener\"><strong>Reglamento Acad\u00e9mico<\/strong><\/a><\/div>\n<\/div>\n\n\n\n<p class=\"wp-block-paragraph\">Si bien el mismo Reglamento Acad\u00e9mico establece un listado de obligaciones y responsabilidades para las y los estudiantes, los derechos universitarios, en tanto derechos, no son intercambiables ni se encuentran condicionados. En otras palabras, estos derechos deben ser siempre respetados al margen del cumplimiento o no de las obligaciones. Esto \u00faltimo bajo el entendimiento de que el incumplimiento de alguna obligaci\u00f3n o responsabilidad puede acarrear la apertura de alg\u00fan procedimiento y el establecimiento de alguna sanci\u00f3n.<\/p>\n\n\n\n<p class=\"wp-block-paragraph\">Adicionalmente, el C\u00f3digo de \u00c9tica se\u00f1ala una serie de principios transversales de actuaci\u00f3n que deben seguir todas y todos los integrantes de la comunidad universitaria, cons\u00faltalo dando clic en el siguiente bot\u00f3n:<\/p>\n\n\n\n<div class=\"wp-block-buttons is-layout-flex wp-block-buttons-is-layout-flex\">\n<div class=\"wp-block-button aligncenter\"><a class=\"wp-block-button__link has-background\" href=\"\/\/www.ugto.mx\/images\/reglamentacion\/codigo-etica-ug-2018-.pdf\" style=\"background:linear-gradient(135deg,rgb(55,202,236) 0%,rgb(173,217,216) 100%)\" target=\"_blank\" rel=\"noreferrer noopener\"><strong>C\u00f3digo de \u00c9tica<\/strong><\/a><\/div>\n<\/div>\n","protected":false},"excerpt":{"rendered":"<p>Desarrollo del tema Las y los estudiantes tienen derecho a recibir una formaci\u00f3n libre de cualquier forma de discriminaci\u00f3n y violencia, es decir, acceder a la educaci\u00f3n no debe poner en riesgo otros derechos como la vida, la dignidad, la seguridad, la libertad, la integridad f\u00edsica o emocional. A su vez, el Reglamento Acad\u00e9mico de &#8230; <a title=\"Tema 1. Derechos acad\u00e9micos\" class=\"read-more\" href=\"https:\/\/blogs.ugto.mx\/rea\/tema-1-derechos-academicos\/\" aria-label=\"Leer m\u00e1s sobre Tema 1. Derechos acad\u00e9micos\">Leer m\u00e1s<\/a><\/p>\n","protected":false},"author":142,"featured_media":0,"comment_status":"closed","ping_status":"closed","sticky":false,"template":"","format":"standard","meta":{"_acf_changed":false,"_crdt_document":"","episode_type":"","audio_file":"","podmotor_file_id":"","podmotor_episode_id":"","cover_image":"","cover_image_id":"","duration":"","filesize":"","filesize_raw":"","date_recorded":"","explicit":"","block":"","itunes_episode_number":"","itunes_title":"","itunes_season_number":"","itunes_episode_type":"","footnotes":""},"categories":[180,188,486,485],"tags":[],"class_list":["post-16695","post","type-post","status-publish","format-standard","hentry","category-cideap","category-ciencias-sociales-periodismo-e-informacion","category-modulo-1-conceptualizacion-de-los-derechos-humanos","category-uda-derechos-humanos-genero-y-cultura-de-paz"],"acf":[],"jetpack_featured_media_url":"","_links":{"self":[{"href":"https:\/\/blogs.ugto.mx\/rea\/wp-json\/wp\/v2\/posts\/16695","targetHints":{"allow":["GET"]}}],"collection":[{"href":"https:\/\/blogs.ugto.mx\/rea\/wp-json\/wp\/v2\/posts"}],"about":[{"href":"https:\/\/blogs.ugto.mx\/rea\/wp-json\/wp\/v2\/types\/post"}],"author":[{"embeddable":true,"href":"https:\/\/blogs.ugto.mx\/rea\/wp-json\/wp\/v2\/users\/142"}],"replies":[{"embeddable":true,"href":"https:\/\/blogs.ugto.mx\/rea\/wp-json\/wp\/v2\/comments?post=16695"}],"version-history":[{"count":10,"href":"https:\/\/blogs.ugto.mx\/rea\/wp-json\/wp\/v2\/posts\/16695\/revisions"}],"predecessor-version":[{"id":16882,"href":"https:\/\/blogs.ugto.mx\/rea\/wp-json\/wp\/v2\/posts\/16695\/revisions\/16882"}],"wp:attachment":[{"href":"https:\/\/blogs.ugto.mx\/rea\/wp-json\/wp\/v2\/media?parent=16695"}],"wp:term":[{"taxonomy":"category","embeddable":true,"href":"https:\/\/blogs.ugto.mx\/rea\/wp-json\/wp\/v2\/categories?post=16695"},{"taxonomy":"post_tag","embeddable":true,"href":"https:\/\/blogs.ugto.mx\/rea\/wp-json\/wp\/v2\/tags?post=16695"}],"curies":[{"name":"wp","href":"https:\/\/api.w.org\/{rel}","templated":true}]}}