{"id":16697,"date":"2022-08-04T15:04:33","date_gmt":"2022-08-04T15:04:33","guid":{"rendered":"https:\/\/blogs.ugto.mx\/rea\/?p=16697"},"modified":"2022-08-19T20:32:28","modified_gmt":"2022-08-19T20:32:28","slug":"tema-2-violaciones-a-los-derechos-humanos","status":"publish","type":"post","link":"https:\/\/blogs.ugto.mx\/rea\/tema-2-violaciones-a-los-derechos-humanos\/","title":{"rendered":"Tema 2. Violaciones a los Derechos Humanos"},"content":{"rendered":"\n\n\n<div class=\"wp-block-cover is-light\" style=\"min-height:284px;aspect-ratio:unset;\"><span aria-hidden=\"true\" class=\"wp-block-cover__background has-background-dim-40 has-background-dim\"><\/span><img decoding=\"async\" class=\"wp-block-cover__image-background wp-image-16891\" alt=\"\" src=\"data:image\/gif;base64,R0lGODlhAQABAIAAAAAAAP\/\/\/yH5BAEAAAAALAAAAAABAAEAAAIBRAA7\" data-src=\"https:\/\/blogs.ugto.mx\/rea\/wp-content\/uploads\/sites\/71\/2022\/08\/pexels-thirdman-7659453.jpg\" style=\"object-position:45% 55%\" data-object-fit=\"cover\" data-object-position=\"45% 55%\" \/><noscript><img loading=\"lazy\" decoding=\"async\" width=\"1280\" height=\"853\" class=\"wp-block-cover__image-background wp-image-16891\" alt=\"\" src=\"https:\/\/blogs.ugto.mx\/rea\/wp-content\/uploads\/sites\/71\/2022\/08\/pexels-thirdman-7659453.jpg\" style=\"object-position:45% 55%\" data-object-fit=\"cover\" data-object-position=\"45% 55%\" srcset=\"https:\/\/blogs.ugto.mx\/rea\/wp-content\/uploads\/sites\/71\/2022\/08\/pexels-thirdman-7659453.jpg 1280w, https:\/\/blogs.ugto.mx\/rea\/wp-content\/uploads\/sites\/71\/2022\/08\/pexels-thirdman-7659453-300x200.jpg 300w, https:\/\/blogs.ugto.mx\/rea\/wp-content\/uploads\/sites\/71\/2022\/08\/pexels-thirdman-7659453-1024x682.jpg 1024w, https:\/\/blogs.ugto.mx\/rea\/wp-content\/uploads\/sites\/71\/2022\/08\/pexels-thirdman-7659453-768x512.jpg 768w, https:\/\/blogs.ugto.mx\/rea\/wp-content\/uploads\/sites\/71\/2022\/08\/pexels-thirdman-7659453-272x182.jpg 272w\" sizes=\"auto, (max-width: 1280px) 100vw, 1280px\" \/><\/noscript><div class=\"wp-block-cover__inner-container is-layout-flow wp-block-cover-is-layout-flow\">\n<p class=\"has-text-align-center has-base-3-color has-text-color has-large-font-size wp-block-paragraph\"><strong><strong><strong><strong><strong>Violaciones a los Derechos Humanos<\/strong><\/strong><\/strong><\/strong><\/strong><\/p>\n<\/div><\/div>\n\n\n\n<h2 class=\"wp-block-heading\" id=\"desarrollo-del-tema\">Desarrollo del tema <\/h2>\n\n\n\n<p class=\"wp-block-paragraph\">Para evitar cualquier violaci\u00f3n a los Derechos Humanos, es indispensable que las autoridades asuman las obligaciones generales de promover, proteger, respetar y garantizar dichos derechos. Estas obligaciones deben ser ejecutadas a la luz de los principios que hemos estudiado con anterioridad.<\/p>\n\n\n\n<div class=\"wp-block-columns is-layout-flex wp-container-core-columns-is-layout-8f761849 wp-block-columns-is-layout-flex\">\n<div class=\"wp-block-column is-layout-flow wp-block-column-is-layout-flow\" style=\"flex-basis:33.33%\">\n<figure class=\"wp-block-image size-full\"><img decoding=\"async\" src=\"data:image\/gif;base64,R0lGODlhAQABAIAAAAAAAP\/\/\/yH5BAEAAAAALAAAAAABAAEAAAIBRAA7\" data-src=\"https:\/\/blogs.ugto.mx\/rea\/wp-content\/uploads\/sites\/71\/2022\/08\/Obligaciones_Mesa-de-trabajo-1-1.png\" alt=\"\" class=\"wp-image-16914\" \/><noscript><img loading=\"lazy\" decoding=\"async\" width=\"835\" height=\"928\" src=\"https:\/\/blogs.ugto.mx\/rea\/wp-content\/uploads\/sites\/71\/2022\/08\/Obligaciones_Mesa-de-trabajo-1-1.png\" alt=\"\" class=\"wp-image-16914\" srcset=\"https:\/\/blogs.ugto.mx\/rea\/wp-content\/uploads\/sites\/71\/2022\/08\/Obligaciones_Mesa-de-trabajo-1-1.png 835w, https:\/\/blogs.ugto.mx\/rea\/wp-content\/uploads\/sites\/71\/2022\/08\/Obligaciones_Mesa-de-trabajo-1-1-270x300.png 270w, https:\/\/blogs.ugto.mx\/rea\/wp-content\/uploads\/sites\/71\/2022\/08\/Obligaciones_Mesa-de-trabajo-1-1-768x854.png 768w\" sizes=\"auto, (max-width: 835px) 100vw, 835px\" \/><\/noscript><\/figure>\n<\/div>\n\n\n\n<div class=\"wp-block-column is-layout-flow wp-block-column-is-layout-flow\" style=\"flex-basis:66.66%\">\n<div style=\"height:57px\" aria-hidden=\"true\" class=\"wp-block-spacer\"><\/div>\n\n\n\n<ul class=\"wp-block-list\" id=\"block-baed847a-289c-4bb0-a6d8-fcc9962784e8\"><li><strong>Obligaci\u00f3n de promover.<\/strong> Adoptar medidas encaminadas a lograr una cultura basada en el respeto de los Derechos Humanos a trav\u00e9s de cambios de conciencia p\u00fablica.<\/li><li><strong>Obligaci\u00f3n de proteger.<\/strong> Debe asegurar que las personas no sufran violaciones a los Derechos Humanos, es decir, debe hacer que se respeten los derechos y que se impidan las violaciones.<\/li><li><strong>Obligaci\u00f3n de respetar.<\/strong> Las autoridades deben abstenerse de llevar a cabo acciones que vulneren derechos y\/o que impidan u obstaculicen el goce de los derechos.<\/li><li><strong>Obligaci\u00f3n de garantizar.<\/strong> Adoptar medidas que creen las condiciones necesarias para el goce efectivo de los derechos. Estas condiciones deben ser institucionales, materiales y siempre desde un car\u00e1cter progresivo.<\/li><\/ul>\n<\/div>\n<\/div>\n\n\n\n<p class=\"wp-block-paragraph\">A su vez, existen deberes espec\u00edficos con relaci\u00f3n a la obligaci\u00f3n de garant\u00eda de los Derechos Humanos: prevenir, investigar, sancionar y reparar las violaciones a los Derechos Humanos.<\/p>\n\n\n\n<ul class=\"wp-block-list\"><li><strong>Prevenir<\/strong>. Supone que las autoridades deben asegurar las condiciones que inhiban las conductas violatorias de los derechos humanos; tomar medidas de protecci\u00f3n a grupos en mayor situaci\u00f3n de vulnerabilidad y riesgo; e implementar medidas para evitar cualquier forma de revictimizaci\u00f3n.<\/li><li><strong>Investigar.<\/strong> Supone la obligaci\u00f3n de investigar cualquier situaci\u00f3n en la que se hayan vulnerado derechos, sea por autoridades o por particulares.<\/li><li><strong>Sancionar y reparar.<\/strong> Se trata de la responsabilidad de resarcir el da\u00f1o sufrido por la violaci\u00f3n de los derechos a la v\u00edctima y de contar con mecanismos que impongan alguna responsabilidad o sanci\u00f3n a quienes las hayan causado.<\/li><\/ul>\n\n\n\n<p class=\"wp-block-paragraph\">Para conocer un poco m\u00e1s sobre las obligaciones el Estado, te invito a revisar el siguiente documento:<\/p>\n\n\n\n<div class=\"wp-block-buttons is-layout-flex wp-block-buttons-is-layout-flex\">\n<div class=\"wp-block-button aligncenter\"><a class=\"wp-block-button__link has-background\" href=\"https:\/\/archivos.juridicas.unam.mx\/www\/bjv\/libros\/8\/3815\/11.pdf\" style=\"background:linear-gradient(135deg,rgb(55,202,236) 0%,rgb(173,217,216) 93%)\" target=\"_blank\" rel=\"noreferrer noopener\"><strong>Obligaciones del Estado<\/strong><\/a><\/div>\n<\/div>\n","protected":false},"excerpt":{"rendered":"<p>Desarrollo del tema Para evitar cualquier violaci\u00f3n a los Derechos Humanos, es indispensable que las autoridades asuman las obligaciones generales de promover, proteger, respetar y garantizar dichos derechos. Estas obligaciones deben ser ejecutadas a la luz de los principios que hemos estudiado con anterioridad. Obligaci\u00f3n de promover. Adoptar medidas encaminadas a lograr una cultura basada &#8230; <a title=\"Tema 2. Violaciones a los Derechos Humanos\" class=\"read-more\" href=\"https:\/\/blogs.ugto.mx\/rea\/tema-2-violaciones-a-los-derechos-humanos\/\" aria-label=\"Leer m\u00e1s sobre Tema 2. Violaciones a los Derechos Humanos\">Leer m\u00e1s<\/a><\/p>\n","protected":false},"author":142,"featured_media":0,"comment_status":"closed","ping_status":"closed","sticky":false,"template":"","format":"standard","meta":{"_acf_changed":false,"_crdt_document":"","episode_type":"","audio_file":"","podmotor_file_id":"","podmotor_episode_id":"","cover_image":"","cover_image_id":"","duration":"","filesize":"","filesize_raw":"","date_recorded":"","explicit":"","block":"","itunes_episode_number":"","itunes_title":"","itunes_season_number":"","itunes_episode_type":"","footnotes":""},"categories":[180,188,486,485],"tags":[],"class_list":["post-16697","post","type-post","status-publish","format-standard","hentry","category-cideap","category-ciencias-sociales-periodismo-e-informacion","category-modulo-1-conceptualizacion-de-los-derechos-humanos","category-uda-derechos-humanos-genero-y-cultura-de-paz"],"acf":[],"jetpack_featured_media_url":"","_links":{"self":[{"href":"https:\/\/blogs.ugto.mx\/rea\/wp-json\/wp\/v2\/posts\/16697","targetHints":{"allow":["GET"]}}],"collection":[{"href":"https:\/\/blogs.ugto.mx\/rea\/wp-json\/wp\/v2\/posts"}],"about":[{"href":"https:\/\/blogs.ugto.mx\/rea\/wp-json\/wp\/v2\/types\/post"}],"author":[{"embeddable":true,"href":"https:\/\/blogs.ugto.mx\/rea\/wp-json\/wp\/v2\/users\/142"}],"replies":[{"embeddable":true,"href":"https:\/\/blogs.ugto.mx\/rea\/wp-json\/wp\/v2\/comments?post=16697"}],"version-history":[{"count":9,"href":"https:\/\/blogs.ugto.mx\/rea\/wp-json\/wp\/v2\/posts\/16697\/revisions"}],"predecessor-version":[{"id":18373,"href":"https:\/\/blogs.ugto.mx\/rea\/wp-json\/wp\/v2\/posts\/16697\/revisions\/18373"}],"wp:attachment":[{"href":"https:\/\/blogs.ugto.mx\/rea\/wp-json\/wp\/v2\/media?parent=16697"}],"wp:term":[{"taxonomy":"category","embeddable":true,"href":"https:\/\/blogs.ugto.mx\/rea\/wp-json\/wp\/v2\/categories?post=16697"},{"taxonomy":"post_tag","embeddable":true,"href":"https:\/\/blogs.ugto.mx\/rea\/wp-json\/wp\/v2\/tags?post=16697"}],"curies":[{"name":"wp","href":"https:\/\/api.w.org\/{rel}","templated":true}]}}