{"id":16699,"date":"2022-08-04T15:05:06","date_gmt":"2022-08-04T15:05:06","guid":{"rendered":"https:\/\/blogs.ugto.mx\/rea\/?p=16699"},"modified":"2022-08-05T17:27:59","modified_gmt":"2022-08-05T17:27:59","slug":"tema-3-instancias-encargadas-de-la-prevencion-atencion-sancion-y-reparacion","status":"publish","type":"post","link":"https:\/\/blogs.ugto.mx\/rea\/tema-3-instancias-encargadas-de-la-prevencion-atencion-sancion-y-reparacion\/","title":{"rendered":"Tema 3. Instancias encargadas de la prevenci\u00f3n, atenci\u00f3n, sanci\u00f3n y reparaci\u00f3n"},"content":{"rendered":"\n\n\n<div class=\"wp-block-cover is-light\" style=\"min-height:284px;aspect-ratio:unset;\"><span aria-hidden=\"true\" class=\"wp-block-cover__background has-background-dim-40 has-background-dim\"><\/span><img decoding=\"async\" class=\"wp-block-cover__image-background wp-image-16899\" alt=\"\" src=\"data:image\/gif;base64,R0lGODlhAQABAIAAAAAAAP\/\/\/yH5BAEAAAAALAAAAAABAAEAAAIBRAA7\" data-src=\"https:\/\/blogs.ugto.mx\/rea\/wp-content\/uploads\/sites\/71\/2022\/08\/pexels-shvets-production-7176319.jpg\" style=\"object-position:35% 31%\" data-object-fit=\"cover\" data-object-position=\"35% 31%\" \/><noscript><img loading=\"lazy\" decoding=\"async\" width=\"1280\" height=\"853\" class=\"wp-block-cover__image-background wp-image-16899\" alt=\"\" src=\"https:\/\/blogs.ugto.mx\/rea\/wp-content\/uploads\/sites\/71\/2022\/08\/pexels-shvets-production-7176319.jpg\" style=\"object-position:35% 31%\" data-object-fit=\"cover\" data-object-position=\"35% 31%\" srcset=\"https:\/\/blogs.ugto.mx\/rea\/wp-content\/uploads\/sites\/71\/2022\/08\/pexels-shvets-production-7176319.jpg 1280w, https:\/\/blogs.ugto.mx\/rea\/wp-content\/uploads\/sites\/71\/2022\/08\/pexels-shvets-production-7176319-300x200.jpg 300w, https:\/\/blogs.ugto.mx\/rea\/wp-content\/uploads\/sites\/71\/2022\/08\/pexels-shvets-production-7176319-1024x682.jpg 1024w, https:\/\/blogs.ugto.mx\/rea\/wp-content\/uploads\/sites\/71\/2022\/08\/pexels-shvets-production-7176319-768x512.jpg 768w, https:\/\/blogs.ugto.mx\/rea\/wp-content\/uploads\/sites\/71\/2022\/08\/pexels-shvets-production-7176319-272x182.jpg 272w\" sizes=\"auto, (max-width: 1280px) 100vw, 1280px\" \/><\/noscript><div class=\"wp-block-cover__inner-container is-layout-flow wp-block-cover-is-layout-flow\">\n<p class=\"has-text-align-center has-base-3-color has-text-color has-large-font-size wp-block-paragraph\"><strong><strong><strong><strong><strong>Instancias encargadas de la prevenci\u00f3n, atenci\u00f3n, sanci\u00f3n y reparaci\u00f3n<\/strong><\/strong><\/strong><\/strong><\/strong><\/p>\n<\/div><\/div>\n\n\n\n<h2 class=\"wp-block-heading\" id=\"desarrollo-del-tema\">Desarrollo del tema <\/h2>\n\n\n\n<p class=\"wp-block-paragraph\">Como lo hemos dicho con anterioridad, estas obligaciones y deberes deben ser asumidas por todas las instituciones y autoridades en cualquier entorno de la vida de las personas. En este sentido, la Universidad de Guanajuato cuenta con distintas instancias encargadas de la prevenci\u00f3n, atenci\u00f3n, sanci\u00f3n y reparaci\u00f3n, en caso de que alg\u00fan derecho de la comunidad universitaria sea vulnerado. Entre ellas destacan:<\/p>\n\n\n\n<div class=\"wp-block-columns is-layout-flex wp-container-core-columns-is-layout-8f761849 wp-block-columns-is-layout-flex\">\n<div class=\"wp-block-column is-layout-flow wp-block-column-is-layout-flow\"><div class=\"wp-block-image\">\n<figure class=\"aligncenter size-full is-resized\"><img loading=\"lazy\" decoding=\"async\" src=\"data:image\/gif;base64,R0lGODlhAQABAIAAAAAAAP\/\/\/yH5BAEAAAAALAAAAAABAAEAAAIBRAA7\" data-src=\"https:\/\/blogs.ugto.mx\/rea\/wp-content\/uploads\/sites\/71\/2022\/08\/unnamed.png\" alt=\"\" class=\"wp-image-16714\" width=\"245\" height=\"119\" \/><noscript><img loading=\"lazy\" decoding=\"async\" src=\"https:\/\/blogs.ugto.mx\/rea\/wp-content\/uploads\/sites\/71\/2022\/08\/unnamed.png\" alt=\"\" class=\"wp-image-16714\" width=\"245\" height=\"119\" \/><\/noscript><\/figure>\n<\/div>\n\n\n<p class=\"has-text-align-center wp-block-paragraph\">\u00d3rgano independiente, dotado de autonom\u00eda t\u00e9cnica en el ejercicio de nuestras funciones y que tiene como finalidad garantizar el respeto, la promoci\u00f3n y la defensa de los Derechos Humanos universitarios de quienes integran la comunidad universitaria.<\/p>\n\n\n\n<div style=\"height:30px\" aria-hidden=\"true\" class=\"wp-block-spacer\"><\/div>\n\n\n\n<p class=\"has-text-align-center wp-block-paragraph\">Para conocer m\u00e1s, accede al sitio web:<\/p>\n\n\n\n<div class=\"wp-block-buttons is-layout-flex wp-block-buttons-is-layout-flex\">\n<div class=\"wp-block-button aligncenter\"><a class=\"wp-block-button__link has-background\" href=\"https:\/\/www3.ugto.mx\/defensoria\/\" style=\"background:linear-gradient(135deg,rgb(55,202,236) 0%,rgb(173,217,216) 100%)\" target=\"_blank\" rel=\"noreferrer noopener\"><strong>Sitio web<\/strong><\/a><\/div>\n<\/div>\n<\/div>\n\n\n\n<div class=\"wp-block-column is-layout-flow wp-block-column-is-layout-flow\"><div class=\"wp-block-image\">\n<figure class=\"aligncenter size-full\"><img decoding=\"async\" src=\"data:image\/gif;base64,R0lGODlhAQABAIAAAAAAAP\/\/\/yH5BAEAAAAALAAAAAABAAEAAAIBRAA7\" data-src=\"https:\/\/blogs.ugto.mx\/rea\/wp-content\/uploads\/sites\/71\/2022\/08\/UGe\u0301nero.png\" alt=\"\" class=\"wp-image-16716\" \/><noscript><img loading=\"lazy\" decoding=\"async\" width=\"234\" height=\"97\" src=\"https:\/\/blogs.ugto.mx\/rea\/wp-content\/uploads\/sites\/71\/2022\/08\/UGe\u0301nero.png\" alt=\"\" class=\"wp-image-16716\" \/><\/noscript><\/figure>\n<\/div>\n\n\n<p class=\"has-text-align-center wp-block-paragraph\">Es un programa cuyo objetivo es la incorporaci\u00f3n de la perspectiva de g\u00e9nero y el enfoque de Derechos Humanos como ejes rectores en las diferentes instancias, dimensiones y pr\u00e1cticas institucionales de la Universidad de Guanajuato. Adem\u00e1s, cuenta con una ventanilla de atenci\u00f3n para reportar casos de violencia de g\u00e9nero.<\/p>\n\n\n\n<p class=\"has-text-align-center wp-block-paragraph\">Para conocer m\u00e1s, accede al sitio web:<\/p>\n\n\n\n<div class=\"wp-block-buttons is-layout-flex wp-block-buttons-is-layout-flex\">\n<div class=\"wp-block-button aligncenter\"><a class=\"wp-block-button__link has-background\" href=\"https:\/\/www3.ugto.mx\/ugenero\/\" style=\"background:linear-gradient(135deg,rgb(55,202,236) 0%,rgb(173,217,216) 100%)\" target=\"_blank\" rel=\"noreferrer noopener\"><strong>Sitio web<\/strong><\/a><\/div>\n<\/div>\n<\/div>\n\n\n\n<div class=\"wp-block-column is-layout-flow wp-block-column-is-layout-flow\"><div class=\"wp-block-image\">\n<figure class=\"aligncenter size-full is-resized\"><img loading=\"lazy\" decoding=\"async\" src=\"data:image\/gif;base64,R0lGODlhAQABAIAAAAAAAP\/\/\/yH5BAEAAAAALAAAAAABAAEAAAIBRAA7\" data-src=\"https:\/\/blogs.ugto.mx\/rea\/wp-content\/uploads\/sites\/71\/2022\/08\/unnamed-1.png\" alt=\"\" class=\"wp-image-16722\" width=\"270\" height=\"99\" \/><noscript><img loading=\"lazy\" decoding=\"async\" src=\"https:\/\/blogs.ugto.mx\/rea\/wp-content\/uploads\/sites\/71\/2022\/08\/unnamed-1.png\" alt=\"\" class=\"wp-image-16722\" width=\"270\" height=\"99\" \/><\/noscript><\/figure>\n<\/div>\n\n\n<p class=\"has-text-align-center wp-block-paragraph\">Es un equipo de trabajo que forma parte de la Secretar\u00eda General, preparado para acompa\u00f1ar a integrantes de la comunidad universitaria que experimentan una controversia o conflicto a encontrar, a trav\u00e9s de un di\u00e1logo confidencial, seguro, voluntario y \u00e1gil, soluciones que atienden a sus intereses.<\/p>\n\n\n\n<p class=\"has-text-align-center wp-block-paragraph\">Para conocer m\u00e1s, accede al sitio web:<\/p>\n\n\n\n<div class=\"wp-block-buttons is-layout-flex wp-block-buttons-is-layout-flex\">\n<div class=\"wp-block-button aligncenter\"><a class=\"wp-block-button__link has-background\" href=\"https:\/\/www3.ugto.mx\/mediacionyconciliacion\/\" style=\"background:linear-gradient(135deg,rgb(55,202,236) 0%,rgb(173,217,216) 100%)\" target=\"_blank\" rel=\"noreferrer noopener\"><strong>Sitio web<\/strong><\/a><\/div>\n<\/div>\n<\/div>\n<\/div>\n\n\n\n<p class=\"wp-block-paragraph\">Recuerda que los esfuerzos est\u00e1n dirigidos para proteger tus derechos, si t\u00fa o alguna persona de la comunidad acad\u00e9mica se encuentra en alguna situaci\u00f3n de violaci\u00f3n a sus derechos pueden acercarse a estas instancias y activar los mecanismos que consideren pertienentes y necesarios.<\/p>\n","protected":false},"excerpt":{"rendered":"<p>Desarrollo del tema Como lo hemos dicho con anterioridad, estas obligaciones y deberes deben ser asumidas por todas las instituciones y autoridades en cualquier entorno de la vida de las personas. En este sentido, la Universidad de Guanajuato cuenta con distintas instancias encargadas de la prevenci\u00f3n, atenci\u00f3n, sanci\u00f3n y reparaci\u00f3n, en caso de que alg\u00fan &#8230; <a title=\"Tema 3. Instancias encargadas de la prevenci\u00f3n, atenci\u00f3n, sanci\u00f3n y reparaci\u00f3n\" class=\"read-more\" href=\"https:\/\/blogs.ugto.mx\/rea\/tema-3-instancias-encargadas-de-la-prevencion-atencion-sancion-y-reparacion\/\" aria-label=\"Leer m\u00e1s sobre Tema 3. Instancias encargadas de la prevenci\u00f3n, atenci\u00f3n, sanci\u00f3n y reparaci\u00f3n\">Leer m\u00e1s<\/a><\/p>\n","protected":false},"author":142,"featured_media":0,"comment_status":"closed","ping_status":"closed","sticky":false,"template":"","format":"standard","meta":{"_acf_changed":false,"_crdt_document":"","episode_type":"","audio_file":"","podmotor_file_id":"","podmotor_episode_id":"","cover_image":"","cover_image_id":"","duration":"","filesize":"","filesize_raw":"","date_recorded":"","explicit":"","block":"","itunes_episode_number":"","itunes_title":"","itunes_season_number":"","itunes_episode_type":"","footnotes":""},"categories":[180,188,486,485],"tags":[],"class_list":["post-16699","post","type-post","status-publish","format-standard","hentry","category-cideap","category-ciencias-sociales-periodismo-e-informacion","category-modulo-1-conceptualizacion-de-los-derechos-humanos","category-uda-derechos-humanos-genero-y-cultura-de-paz"],"acf":[],"jetpack_featured_media_url":"","_links":{"self":[{"href":"https:\/\/blogs.ugto.mx\/rea\/wp-json\/wp\/v2\/posts\/16699","targetHints":{"allow":["GET"]}}],"collection":[{"href":"https:\/\/blogs.ugto.mx\/rea\/wp-json\/wp\/v2\/posts"}],"about":[{"href":"https:\/\/blogs.ugto.mx\/rea\/wp-json\/wp\/v2\/types\/post"}],"author":[{"embeddable":true,"href":"https:\/\/blogs.ugto.mx\/rea\/wp-json\/wp\/v2\/users\/142"}],"replies":[{"embeddable":true,"href":"https:\/\/blogs.ugto.mx\/rea\/wp-json\/wp\/v2\/comments?post=16699"}],"version-history":[{"count":13,"href":"https:\/\/blogs.ugto.mx\/rea\/wp-json\/wp\/v2\/posts\/16699\/revisions"}],"predecessor-version":[{"id":16906,"href":"https:\/\/blogs.ugto.mx\/rea\/wp-json\/wp\/v2\/posts\/16699\/revisions\/16906"}],"wp:attachment":[{"href":"https:\/\/blogs.ugto.mx\/rea\/wp-json\/wp\/v2\/media?parent=16699"}],"wp:term":[{"taxonomy":"category","embeddable":true,"href":"https:\/\/blogs.ugto.mx\/rea\/wp-json\/wp\/v2\/categories?post=16699"},{"taxonomy":"post_tag","embeddable":true,"href":"https:\/\/blogs.ugto.mx\/rea\/wp-json\/wp\/v2\/tags?post=16699"}],"curies":[{"name":"wp","href":"https:\/\/api.w.org\/{rel}","templated":true}]}}