{"id":17029,"date":"2022-08-07T00:02:47","date_gmt":"2022-08-07T00:02:47","guid":{"rendered":"https:\/\/blogs.ugto.mx\/rea\/?p=17029"},"modified":"2022-10-11T14:02:23","modified_gmt":"2022-10-11T14:02:23","slug":"clase-digital-1-conceptualizacion-de-los-derechos-humanos-dhs","status":"publish","type":"post","link":"https:\/\/blogs.ugto.mx\/rea\/clase-digital-1-conceptualizacion-de-los-derechos-humanos-dhs\/","title":{"rendered":"Clase digital 1. Conceptualizaci\u00f3n de los Derechos Humanos (DHS)"},"content":{"rendered":"\n\n\n<div class=\"wp-block-cover\" style=\"min-height:284px;aspect-ratio:unset;\"><span aria-hidden=\"true\" class=\"wp-block-cover__background has-background-dim-40 has-background-dim\"><\/span><img decoding=\"async\" class=\"wp-block-cover__image-background wp-image-19428\" alt=\"\" src=\"data:image\/gif;base64,R0lGODlhAQABAIAAAAAAAP\/\/\/yH5BAEAAAAALAAAAAABAAEAAAIBRAA7\" data-src=\"https:\/\/blogs.ugto.mx\/rea\/wp-content\/uploads\/sites\/71\/2022\/10\/clay-banks-LjqARJaJotc-unsplash-1.jpg\" style=\"object-position:45% 54%\" data-object-fit=\"cover\" data-object-position=\"45% 54%\" \/><noscript><img loading=\"lazy\" decoding=\"async\" width=\"1920\" height=\"1440\" class=\"wp-block-cover__image-background wp-image-19428\" alt=\"\" src=\"https:\/\/blogs.ugto.mx\/rea\/wp-content\/uploads\/sites\/71\/2022\/10\/clay-banks-LjqARJaJotc-unsplash-1.jpg\" style=\"object-position:45% 54%\" data-object-fit=\"cover\" data-object-position=\"45% 54%\" srcset=\"https:\/\/blogs.ugto.mx\/rea\/wp-content\/uploads\/sites\/71\/2022\/10\/clay-banks-LjqARJaJotc-unsplash-1.jpg 1920w, https:\/\/blogs.ugto.mx\/rea\/wp-content\/uploads\/sites\/71\/2022\/10\/clay-banks-LjqARJaJotc-unsplash-1-300x225.jpg 300w, https:\/\/blogs.ugto.mx\/rea\/wp-content\/uploads\/sites\/71\/2022\/10\/clay-banks-LjqARJaJotc-unsplash-1-1024x768.jpg 1024w, https:\/\/blogs.ugto.mx\/rea\/wp-content\/uploads\/sites\/71\/2022\/10\/clay-banks-LjqARJaJotc-unsplash-1-768x576.jpg 768w, https:\/\/blogs.ugto.mx\/rea\/wp-content\/uploads\/sites\/71\/2022\/10\/clay-banks-LjqARJaJotc-unsplash-1-1536x1152.jpg 1536w\" sizes=\"auto, (max-width: 1920px) 100vw, 1920px\" \/><\/noscript><div class=\"wp-block-cover__inner-container is-layout-flow wp-block-cover-is-layout-flow\">\n<p class=\"has-text-align-center has-base-3-color has-text-color has-large-font-size wp-block-paragraph\"><strong>Conceptualizaci\u00f3n de los Derechos Humanos (DHS)<\/strong><\/p>\n<\/div><\/div>\n\n\n\n<h2 class=\"wp-block-heading\" id=\"introduccion\">Introducci\u00f3n<\/h2>\n\n\n\n<p class=\"wp-block-paragraph\">Bienvenido al curso de Derechos Humanos y G\u00e9nero. En esta primera sesi\u00f3n centraremos la reflexi\u00f3n en la realidad que se vive en nuestro pa\u00eds respecto a los derechos humanos analizados desde una perspectiva de g\u00e9nero. Con preocupaci\u00f3n se constata c\u00f3mo en situaciones cr\u00edticas, los gobiernos tienden a violar los DH de manera sistem\u00e1tica, no obstante, los pactos, tratados, legislaciones, declaraciones, acuerdos, acciones urgentes por defenderlos, entre otros.<\/p>\n\n\n\n<p class=\"wp-block-paragraph\">En ocasiones se politizan, justificando cualquier reivindicaci\u00f3n. Algunos medios los abordan con una banalizaci\u00f3n y trivializaci\u00f3n que incomoda. No siempre se admite la universalidad de estos. Por otra parte, por doquier observamos situaciones que atentan contra la dignidad humana, especialmente contra la de las mujeres, tales como, la pobreza extrema, la inseguridad, el fortalecimiento del crimen organizado, la exclusi\u00f3n, el feminicidio, la violencia, entre otros. Esto nos plantea la urgencia de fortalecer una cultura de respeto a los derechos humanos, por lo cual, la finalidad de esta clase es la de que profundices sobre su concepto, fundamentos y principios y sobre todo vayas reforzando habilidades que te comprometan a asumirlos como un desafi\u00f3 y clamor si de verdad aspiras a vivir en un mundo digno para todas y todos. \u201cHoy es innegable la hegemon\u00eda de los derechos humanos como lenguaje de la dignidad humana.\u201d (Goodale, 2013: 7).<\/p>\n\n\n\n<p class=\"wp-block-paragraph\">Los temas para abordar son:<\/p>\n\n\n\n<p class=\"wp-block-paragraph\">1.1. Derechos Humanos desde el enfoque constructivista.<br>1.2. Revisi\u00f3n cr\u00edtica de los fundamentos hist\u00f3ricos, culturales y antropol\u00f3gicos del concepto de DHS.<br>1.3. Principios de DHS: Universalidad, interdependencia, progresividad.<br>1.4. Reconocimiento de los Derechos humanos: Principios y normas.<\/p>\n\n\n\n<p class=\"wp-block-paragraph\">Con esta visi\u00f3n general, estamos listos para comenzar.<\/p>\n\n\n\n<h2 class=\"wp-block-heading\" id=\"desarrollo-del-tema\">Desarrollo del tema <\/h2>\n\n\n\n<h3 class=\"wp-block-heading\">\u00bfQu\u00e9 son los derechos humanos?<\/h3>\n\n\n\n<p class=\"wp-block-paragraph\">Son:<\/p>\n\n\n\n<div class=\"wp-block-columns has-base-background-color has-background is-layout-flex wp-container-core-columns-is-layout-8f761849 wp-block-columns-is-layout-flex\">\n<div class=\"wp-block-column is-layout-flow wp-block-column-is-layout-flow\" style=\"flex-basis:66.66%\">\n<div style=\"height:42px\" aria-hidden=\"true\" class=\"wp-block-spacer\"><\/div>\n\n\n\n<ul class=\"wp-block-list\"><li>Una necesidad de la convivencia social y pol\u00edtica, son una necesidad sociobiol\u00f3gica y pol\u00edtico-biol\u00f3gica, sin la que se hace inviable la especie y el modo social y pol\u00edtico, en que la especie humana debe desenvolverse.<\/li><li>Una exigencia, f\u00edsica antes que moral, no tanto de una naturaleza humana, abstracta e individual, sino de una esencia f\u00edsica, individual y espec\u00edfica, y del conjunto real de toda la humanidad y no del concepto de una humanidad abstracta.<\/li><li>Un producto hist\u00f3rico, resultado de una praxis hist\u00f3rica determinada, reflejada en una conciencia colectiva, que los asume como rectores de la conducta p\u00fablica.<\/li><li>Aspiraciones naturales que se van actualizando hist\u00f3ricamente, seg\u00fan la actualizaci\u00f3n de posibilidades y capacidades que se van dando desigualmente en distintos sectores de la humanidad, seg\u00fan vaya siendo su edad hist\u00f3rica.<\/li><li>Prescripciones \u00e9ticas, obligantes en conciencia y que humanizan o deshumanizan a individuos, grupos o pueblos, seg\u00fan sea la habitud y la actitud respecto de ellos, as\u00ed como de su cumplimiento o incumplimiento actuales.<\/li><\/ul>\n<\/div>\n\n\n\n<div class=\"wp-block-column is-vertically-aligned-center is-layout-flow wp-block-column-is-layout-flow\" style=\"flex-basis:33.33%\"><div class=\"wp-block-image\">\n<figure class=\"aligncenter size-large\"><img decoding=\"async\" src=\"data:image\/gif;base64,R0lGODlhAQABAIAAAAAAAP\/\/\/yH5BAEAAAAALAAAAAABAAEAAAIBRAA7\" data-src=\"https:\/\/blogs.ugto.mx\/rea\/wp-content\/uploads\/sites\/71\/2022\/10\/Captura-de-Pantalla-2022-10-05-a-las-10.03.31-758x1024.png\" alt=\"\" class=\"wp-image-19430\" \/><noscript><img loading=\"lazy\" decoding=\"async\" width=\"758\" height=\"1024\" src=\"https:\/\/blogs.ugto.mx\/rea\/wp-content\/uploads\/sites\/71\/2022\/10\/Captura-de-Pantalla-2022-10-05-a-las-10.03.31-758x1024.png\" alt=\"\" class=\"wp-image-19430\" srcset=\"https:\/\/blogs.ugto.mx\/rea\/wp-content\/uploads\/sites\/71\/2022\/10\/Captura-de-Pantalla-2022-10-05-a-las-10.03.31-758x1024.png 758w, https:\/\/blogs.ugto.mx\/rea\/wp-content\/uploads\/sites\/71\/2022\/10\/Captura-de-Pantalla-2022-10-05-a-las-10.03.31-222x300.png 222w, https:\/\/blogs.ugto.mx\/rea\/wp-content\/uploads\/sites\/71\/2022\/10\/Captura-de-Pantalla-2022-10-05-a-las-10.03.31-768x1038.png 768w, https:\/\/blogs.ugto.mx\/rea\/wp-content\/uploads\/sites\/71\/2022\/10\/Captura-de-Pantalla-2022-10-05-a-las-10.03.31.png 783w\" sizes=\"auto, (max-width: 758px) 100vw, 758px\" \/><\/noscript><\/figure>\n<\/div><\/div>\n<\/div>\n\n\n\n<div class=\"wp-block-columns has-base-background-color has-background is-layout-flex wp-container-core-columns-is-layout-8f761849 wp-block-columns-is-layout-flex\">\n<div class=\"wp-block-column is-layout-flow wp-block-column-is-layout-flow\" style=\"flex-basis:33.33%\"><div class=\"wp-block-image\">\n<figure class=\"aligncenter size-large\"><img decoding=\"async\" src=\"data:image\/gif;base64,R0lGODlhAQABAIAAAAAAAP\/\/\/yH5BAEAAAAALAAAAAABAAEAAAIBRAA7\" data-src=\"https:\/\/blogs.ugto.mx\/rea\/wp-content\/uploads\/sites\/71\/2022\/10\/Captura-de-Pantalla-2022-10-05-a-las-10.07.29-764x1024.png\" alt=\"\" class=\"wp-image-19431\" \/><noscript><img loading=\"lazy\" decoding=\"async\" width=\"764\" height=\"1024\" src=\"https:\/\/blogs.ugto.mx\/rea\/wp-content\/uploads\/sites\/71\/2022\/10\/Captura-de-Pantalla-2022-10-05-a-las-10.07.29-764x1024.png\" alt=\"\" class=\"wp-image-19431\" srcset=\"https:\/\/blogs.ugto.mx\/rea\/wp-content\/uploads\/sites\/71\/2022\/10\/Captura-de-Pantalla-2022-10-05-a-las-10.07.29-764x1024.png 764w, https:\/\/blogs.ugto.mx\/rea\/wp-content\/uploads\/sites\/71\/2022\/10\/Captura-de-Pantalla-2022-10-05-a-las-10.07.29-224x300.png 224w, https:\/\/blogs.ugto.mx\/rea\/wp-content\/uploads\/sites\/71\/2022\/10\/Captura-de-Pantalla-2022-10-05-a-las-10.07.29-768x1029.png 768w, https:\/\/blogs.ugto.mx\/rea\/wp-content\/uploads\/sites\/71\/2022\/10\/Captura-de-Pantalla-2022-10-05-a-las-10.07.29.png 785w\" sizes=\"auto, (max-width: 764px) 100vw, 764px\" \/><\/noscript><\/figure>\n<\/div><\/div>\n\n\n\n<div class=\"wp-block-column is-layout-flow wp-block-column-is-layout-flow\" style=\"flex-basis:66.66%\">\n<div style=\"height:31px\" aria-hidden=\"true\" class=\"wp-block-spacer\"><\/div>\n\n\n\n<ul class=\"wp-block-list\"><li>Valores que la colectividad (en su extrema, la humanidad) va estimando como algo indiscutible, que se da por aceptado, al menos en su significado te\u00f3rico.<\/li><li>Ideales ut\u00f3picos que presentan algunos individuos, grupos o pueblos, como motores de una permanente humanizaci\u00f3n del individuo y de la humanidad.<\/li><li>Momentos ideol\u00f3gicos de una determinada praxis, que pueden convertirse en momentos ideologizados cuando ocultan o protegen intereses y privilegios minoritarios.<\/li><li>Derechos positivos, otorgados y sancionados por las instancias capaces de hacerlo, especialmente los estados e instituciones internacionales.<\/li><li>Convenciones y contratos sociales y pol\u00edticos, que hacen los individuos entre s\u00ed y con el Estado, y los estados entre ellos. Fuente: Ellacur\u00eda, I. (2001a). Hacia una conceptualizaci\u00f3n de los derechos humanos. En Escritos Filos\u00f3ficos (Tomo III). UCA Editores, pp. 431-432.<\/li><\/ul>\n<\/div>\n<\/div>\n\n\n\n<p class=\"wp-block-paragraph\">Los Derechos Humanos son el conjunto de prerrogativas sustentadas en la dignidad humana, cuya realizaci\u00f3n efectiva resulta indispensable para el desarrollo integral de la persona. Este conjunto de prerrogativas se encuentra establecido dentro del orden jur\u00eddico nacional, en nuestra Constituci\u00f3n Pol\u00edtica, tratados internacionales y las leyes.<\/p>\n\n\n\n<p class=\"wp-block-paragraph\">Para diversos autores los derechos humanos son el conjunto de atribuciones reconocidas en los instrumentos internacionales y en las Constituciones para hacer efectiva la idea de la dignidad de todas las personas y, en consecuencia, que puedan conducir una existencia realmente humana desde los \u00e1mbitos m\u00e1s diversos, los que se imbrican, como el individual, el social, el pol\u00edtico, el econ\u00f3mico y el cultural.<\/p>\n\n\n\n<p class=\"wp-block-paragraph\">Ejemplos de derechos humanos En la esfera de los derechos civiles y pol\u00edticos:<\/p>\n\n\n\n<ul class=\"wp-block-list\"><li>El derecho a la vida<\/li><li>El derecho a no sufrir torturas ni tratos o penas crueles, inhumanos o degradantes<\/li><li>El derecho a no ser sometido a esclavitud, servidumbre o trabajos forzosos<\/li><li>El derecho a la libertad y la seguridad de la persona<\/li><li>El derecho de las personas detenidas a ser tratadas humanamente<\/li><li>La libertad de circulaci\u00f3n<\/li><li>El derecho a un juicio imparcial<\/li><li>El derecho a la vida privada<\/li><li>La libertad de pensamiento, conciencia y religi\u00f3n<\/li><\/ul>\n\n\n\n<h3 class=\"wp-block-heading\">Fundamentos hist\u00f3ricos de los derechos humanos (l\u00ednea del tiempo)<\/h3>\n\n\n\n<p class=\"wp-block-paragraph\">Con las siguientes l\u00edneas del tiempo se pretende dar una visi\u00f3n muy general de los antecedentes y fundamentos hist\u00f3ricos de los derechos humanos:<\/p>\n\n\n<div class=\"wp-block-image\">\n<figure class=\"aligncenter size-full\"><img decoding=\"async\" src=\"data:image\/gif;base64,R0lGODlhAQABAIAAAAAAAP\/\/\/yH5BAEAAAAALAAAAAABAAEAAAIBRAA7\" data-src=\"https:\/\/blogs.ugto.mx\/rea\/wp-content\/uploads\/sites\/71\/2022\/10\/Captura-de-Pantalla-2022-10-07-a-las-14.51.01.png\" alt=\"\" class=\"wp-image-19492\" \/><noscript><img loading=\"lazy\" decoding=\"async\" width=\"1565\" height=\"807\" src=\"https:\/\/blogs.ugto.mx\/rea\/wp-content\/uploads\/sites\/71\/2022\/10\/Captura-de-Pantalla-2022-10-07-a-las-14.51.01.png\" alt=\"\" class=\"wp-image-19492\" srcset=\"https:\/\/blogs.ugto.mx\/rea\/wp-content\/uploads\/sites\/71\/2022\/10\/Captura-de-Pantalla-2022-10-07-a-las-14.51.01.png 1565w, https:\/\/blogs.ugto.mx\/rea\/wp-content\/uploads\/sites\/71\/2022\/10\/Captura-de-Pantalla-2022-10-07-a-las-14.51.01-300x155.png 300w, https:\/\/blogs.ugto.mx\/rea\/wp-content\/uploads\/sites\/71\/2022\/10\/Captura-de-Pantalla-2022-10-07-a-las-14.51.01-1024x528.png 1024w, https:\/\/blogs.ugto.mx\/rea\/wp-content\/uploads\/sites\/71\/2022\/10\/Captura-de-Pantalla-2022-10-07-a-las-14.51.01-768x396.png 768w, https:\/\/blogs.ugto.mx\/rea\/wp-content\/uploads\/sites\/71\/2022\/10\/Captura-de-Pantalla-2022-10-07-a-las-14.51.01-1536x792.png 1536w\" sizes=\"auto, (max-width: 1565px) 100vw, 1565px\" \/><\/noscript><figcaption><strong>Diagrama 1<\/strong>. Tania Vivas<\/figcaption><\/figure>\n<\/div>\n\n<div class=\"wp-block-image\">\n<figure class=\"aligncenter size-full\"><img decoding=\"async\" src=\"data:image\/gif;base64,R0lGODlhAQABAIAAAAAAAP\/\/\/yH5BAEAAAAALAAAAAABAAEAAAIBRAA7\" data-src=\"https:\/\/blogs.ugto.mx\/rea\/wp-content\/uploads\/sites\/71\/2022\/10\/Captura-de-Pantalla-2022-10-07-a-las-14.51.55.png\" alt=\"\" class=\"wp-image-19494\" \/><noscript><img loading=\"lazy\" decoding=\"async\" width=\"1562\" height=\"552\" src=\"https:\/\/blogs.ugto.mx\/rea\/wp-content\/uploads\/sites\/71\/2022\/10\/Captura-de-Pantalla-2022-10-07-a-las-14.51.55.png\" alt=\"\" class=\"wp-image-19494\" srcset=\"https:\/\/blogs.ugto.mx\/rea\/wp-content\/uploads\/sites\/71\/2022\/10\/Captura-de-Pantalla-2022-10-07-a-las-14.51.55.png 1562w, https:\/\/blogs.ugto.mx\/rea\/wp-content\/uploads\/sites\/71\/2022\/10\/Captura-de-Pantalla-2022-10-07-a-las-14.51.55-300x106.png 300w, https:\/\/blogs.ugto.mx\/rea\/wp-content\/uploads\/sites\/71\/2022\/10\/Captura-de-Pantalla-2022-10-07-a-las-14.51.55-1024x362.png 1024w, https:\/\/blogs.ugto.mx\/rea\/wp-content\/uploads\/sites\/71\/2022\/10\/Captura-de-Pantalla-2022-10-07-a-las-14.51.55-768x271.png 768w, https:\/\/blogs.ugto.mx\/rea\/wp-content\/uploads\/sites\/71\/2022\/10\/Captura-de-Pantalla-2022-10-07-a-las-14.51.55-1536x543.png 1536w\" sizes=\"auto, (max-width: 1562px) 100vw, 1562px\" \/><\/noscript><figcaption><strong>Diagrama 2. <\/strong>Tania Vivas<br><\/figcaption><\/figure>\n<\/div>\n\n<div class=\"wp-block-image\">\n<figure class=\"aligncenter size-full\"><img decoding=\"async\" src=\"data:image\/gif;base64,R0lGODlhAQABAIAAAAAAAP\/\/\/yH5BAEAAAAALAAAAAABAAEAAAIBRAA7\" data-src=\"https:\/\/blogs.ugto.mx\/rea\/wp-content\/uploads\/sites\/71\/2022\/10\/Captura-de-Pantalla-2022-10-07-a-las-14.52.44.png\" alt=\"\" class=\"wp-image-19495\" \/><noscript><img loading=\"lazy\" decoding=\"async\" width=\"1401\" height=\"810\" src=\"https:\/\/blogs.ugto.mx\/rea\/wp-content\/uploads\/sites\/71\/2022\/10\/Captura-de-Pantalla-2022-10-07-a-las-14.52.44.png\" alt=\"\" class=\"wp-image-19495\" srcset=\"https:\/\/blogs.ugto.mx\/rea\/wp-content\/uploads\/sites\/71\/2022\/10\/Captura-de-Pantalla-2022-10-07-a-las-14.52.44.png 1401w, https:\/\/blogs.ugto.mx\/rea\/wp-content\/uploads\/sites\/71\/2022\/10\/Captura-de-Pantalla-2022-10-07-a-las-14.52.44-300x173.png 300w, https:\/\/blogs.ugto.mx\/rea\/wp-content\/uploads\/sites\/71\/2022\/10\/Captura-de-Pantalla-2022-10-07-a-las-14.52.44-1024x592.png 1024w, https:\/\/blogs.ugto.mx\/rea\/wp-content\/uploads\/sites\/71\/2022\/10\/Captura-de-Pantalla-2022-10-07-a-las-14.52.44-768x444.png 768w\" sizes=\"auto, (max-width: 1401px) 100vw, 1401px\" \/><\/noscript><figcaption><strong>Diagrama 3<\/strong>. Tania Vivas<\/figcaption><\/figure>\n<\/div>\n\n\n<p class=\"wp-block-paragraph\">Las tres generaciones de los derechos humanos:<\/p>\n\n\n<div class=\"wp-block-image\">\n<figure class=\"aligncenter size-full\"><img decoding=\"async\" src=\"data:image\/gif;base64,R0lGODlhAQABAIAAAAAAAP\/\/\/yH5BAEAAAAALAAAAAABAAEAAAIBRAA7\" data-src=\"https:\/\/blogs.ugto.mx\/rea\/wp-content\/uploads\/sites\/71\/2022\/10\/Captura-de-Pantalla-2022-10-07-a-las-14.54.20.png\" alt=\"\" class=\"wp-image-19496\" \/><noscript><img loading=\"lazy\" decoding=\"async\" width=\"1036\" height=\"663\" src=\"https:\/\/blogs.ugto.mx\/rea\/wp-content\/uploads\/sites\/71\/2022\/10\/Captura-de-Pantalla-2022-10-07-a-las-14.54.20.png\" alt=\"\" class=\"wp-image-19496\" srcset=\"https:\/\/blogs.ugto.mx\/rea\/wp-content\/uploads\/sites\/71\/2022\/10\/Captura-de-Pantalla-2022-10-07-a-las-14.54.20.png 1036w, https:\/\/blogs.ugto.mx\/rea\/wp-content\/uploads\/sites\/71\/2022\/10\/Captura-de-Pantalla-2022-10-07-a-las-14.54.20-300x192.png 300w, https:\/\/blogs.ugto.mx\/rea\/wp-content\/uploads\/sites\/71\/2022\/10\/Captura-de-Pantalla-2022-10-07-a-las-14.54.20-1024x655.png 1024w, https:\/\/blogs.ugto.mx\/rea\/wp-content\/uploads\/sites\/71\/2022\/10\/Captura-de-Pantalla-2022-10-07-a-las-14.54.20-768x491.png 768w\" sizes=\"auto, (max-width: 1036px) 100vw, 1036px\" \/><\/noscript><figcaption>D<strong>iagrama 4.<\/strong> Unknown. (2015, 16 noviembre). Generaciones de los derechos humanos. [Gr\u00e1fico.]. \u00c9tica virtual. http:\/\/eticavirtualcbtis205.blogspot.com\/2015\/11\/generaciones-de-los-derechos-humanos.html<\/figcaption><\/figure>\n<\/div>\n\n\n<h3 class=\"wp-block-heading\">Fundamentos culturales de los derechos humanos<\/h3>\n\n\n\n<ul class=\"wp-block-list\"><li>El principio de la universalidad de los derechos humanos es de los m\u00e1s importantes que menciona el derecho internacional durante el siglo XX. Es la idea central de la Declaraci\u00f3n Universal de los Derechos Humanos y un aspecto fundamental de todo el sistema de derechos. Este principio se vincula estrechamente a la interdependencia, indivisibilidad, igualdad y dignidad. Por tanto, es el principal fundamento de los derechos culturales que son componentes vitales de la universalidad. Esta es esencial para proteger los fundamentos de los derechos culturales: el auge de la diversidad cultural, el mestizaje y la apertura cultural y el derecho de todos y todas a participar en una vida cultural din\u00e1mica sin discriminaci\u00f3n.<\/li><\/ul>\n\n\n\n<ul class=\"wp-block-list\"><li>Por otra parte, La Declaraci\u00f3n Universal de los Derechos Humanos, define a los seres humanos como seres sociales, culturales. Con base en esto, ser seres culturales implica vivir la propia cultura, experimentar, aprender y conocer el propio patrimonio cultural y vivenciar la vida cultural de los dem\u00e1s. Proteger nuestras contribuciones a esta vida, obras literarias, art\u00edsticas o cient\u00edficas; apropiarnos del progreso cient\u00edfico, accediendo legalmente y no de forma discriminatoria. Todo esto protegido a trav\u00e9s de leyes efectivas de patentes y derechos de autor.<\/li><\/ul>\n\n\n\n<ul class=\"wp-block-list\"><li>Por ser un pa\u00eds intercultural y multicultural, la participaci\u00f3n en la vida cultural nos da derecho a asociar las culturas que imponen deberes a los humanos hacia la naturaleza, como las que protegen a la Pachamama (Madre Tierra). Integrar culturas que valoren los v\u00ednculos entre individuos de la misma comunidad nacional, como sugiere la palabra zul\u00fa Ubuntu = a humanidad com\u00fan, t\u00e9rmino de Sud\u00e1frica; Chiltack = a amigo, palaba tzeltal de Chiapas. Es un imperativo \u00e9tico, reconciliar el universalismo de los derechos humanos con el pluralismo de las culturas. Estos son los caminos que conducen a la humanizaci\u00f3n rec\u00edproca.<\/li><\/ul>\n\n\n<div class=\"wp-block-image\">\n<figure class=\"aligncenter size-large is-resized\"><img loading=\"lazy\" decoding=\"async\" src=\"data:image\/gif;base64,R0lGODlhAQABAIAAAAAAAP\/\/\/yH5BAEAAAAALAAAAAABAAEAAAIBRAA7\" data-src=\"https:\/\/blogs.ugto.mx\/rea\/wp-content\/uploads\/sites\/71\/2022\/10\/Captura-de-Pantalla-2022-10-05-a-las-10.19.39-1024x675.png\" alt=\"\" class=\"wp-image-19432\" width=\"623\" height=\"409\" \/><noscript><img loading=\"lazy\" decoding=\"async\" src=\"https:\/\/blogs.ugto.mx\/rea\/wp-content\/uploads\/sites\/71\/2022\/10\/Captura-de-Pantalla-2022-10-05-a-las-10.19.39-1024x675.png\" alt=\"\" class=\"wp-image-19432\" width=\"623\" height=\"409\" srcset=\"https:\/\/blogs.ugto.mx\/rea\/wp-content\/uploads\/sites\/71\/2022\/10\/Captura-de-Pantalla-2022-10-05-a-las-10.19.39-300x198.png 300w, https:\/\/blogs.ugto.mx\/rea\/wp-content\/uploads\/sites\/71\/2022\/10\/Captura-de-Pantalla-2022-10-05-a-las-10.19.39-768x506.png 768w\" sizes=\"auto, (max-width: 623px) 100vw, 623px\" \/><\/noscript><figcaption><strong>Imagen 1.<\/strong> Integrar culturas que valoren los v\u00ednculos entre individuos de la misma comunidad nacional.<\/figcaption><\/figure>\n<\/div>\n\n\n<h3 class=\"wp-block-heading\">Fundamentos antropol\u00f3gicos del concepto de derechos humanos<\/h3>\n\n\n\n<ul class=\"wp-block-list\"><li>Por la dignidad humana, accedemos a un terreno com\u00fan que nos une como humanidad y nos permite adquirir conocimientos m\u00e1s all\u00e1 de lo que est\u00e1 regulado en el derecho interno concreto. Esto nos da la posibilidad de movernos en el \u00e1rea de la ley \u201csuperpositiva\u201d, es decir, en el \u00e1rea de la ley no escrita que precede a toda ley \u201cpositiva\u201d escrita. En este sentido, el fundamento antropol\u00f3gico nos proporciona el est\u00e1ndar de lo que podemos reconocer como \u201cderecho correcto\u201d (Rudolf Stammier, 2015) en los sistemas legales nacionales.<\/li><li>La dignidad es intr\u00ednseca a cada ser humano \u2013sin excepci\u00f3n alguna- y reclama una igualdad fundamental entre todos los hombres; lo que es lo mismo decir que todos los hombres son id\u00e9nticos entre s\u00ed en su naturaleza y, por tanto, todos son id\u00e9nticos en dignidad y en derechos humanos inherentes a la propia esencia del hombre. Por tanto, la persona humana, es por s\u00ed misma, el fundamento antropol\u00f3gico de los derechos humanos. (Baluarte, A. 2019).<\/li><\/ul>\n\n\n\n<h4 class=\"wp-block-heading\">Principios de los derechos Humanos<\/h4>\n\n\n\n<p class=\"wp-block-paragraph\">Los principios de los derechos humanos tienen como funci\u00f3n primordial justificar acciones y actitudes, as\u00ed como, evitar el riesgo de incurrir en inconsistencias pragm\u00e1ticas.<\/p>\n\n\n\n<p class=\"wp-block-paragraph\">Entre los principales est\u00e1n:<\/p>\n\n\n<div class=\"wp-block-image\">\n<figure class=\"aligncenter size-full\"><img decoding=\"async\" src=\"data:image\/gif;base64,R0lGODlhAQABAIAAAAAAAP\/\/\/yH5BAEAAAAALAAAAAABAAEAAAIBRAA7\" data-src=\"https:\/\/blogs.ugto.mx\/rea\/wp-content\/uploads\/sites\/71\/2022\/10\/Captura-de-Pantalla-2022-10-07-a-las-15.03.47.png\" alt=\"\" class=\"wp-image-19497\" \/><noscript><img loading=\"lazy\" decoding=\"async\" width=\"1277\" height=\"739\" src=\"https:\/\/blogs.ugto.mx\/rea\/wp-content\/uploads\/sites\/71\/2022\/10\/Captura-de-Pantalla-2022-10-07-a-las-15.03.47.png\" alt=\"\" class=\"wp-image-19497\" srcset=\"https:\/\/blogs.ugto.mx\/rea\/wp-content\/uploads\/sites\/71\/2022\/10\/Captura-de-Pantalla-2022-10-07-a-las-15.03.47.png 1277w, https:\/\/blogs.ugto.mx\/rea\/wp-content\/uploads\/sites\/71\/2022\/10\/Captura-de-Pantalla-2022-10-07-a-las-15.03.47-300x174.png 300w, https:\/\/blogs.ugto.mx\/rea\/wp-content\/uploads\/sites\/71\/2022\/10\/Captura-de-Pantalla-2022-10-07-a-las-15.03.47-1024x593.png 1024w, https:\/\/blogs.ugto.mx\/rea\/wp-content\/uploads\/sites\/71\/2022\/10\/Captura-de-Pantalla-2022-10-07-a-las-15.03.47-768x444.png 768w\" sizes=\"auto, (max-width: 1277px) 100vw, 1277px\" \/><\/noscript><figcaption><strong>Diagrama 5.<\/strong> Fuente: elaboraci\u00f3n propia con la informaci\u00f3n de: Fundaci\u00f3n Juan Vives Suri\u00e1 &#8211; Compilador\/a o Editor\/a. (2010). Derechos humanos: historia y conceptos b\u00e1sicos. Serie Derechos Humanos no. 1. Caracas: Defensor\u00eda del Pueblo. Recuperado de:\u00bbhttp:\/\/biblio<\/figcaption><\/figure>\n<\/div>\n\n<div class=\"wp-block-image\">\n<figure class=\"aligncenter size-full\"><img decoding=\"async\" src=\"data:image\/gif;base64,R0lGODlhAQABAIAAAAAAAP\/\/\/yH5BAEAAAAALAAAAAABAAEAAAIBRAA7\" data-src=\"https:\/\/blogs.ugto.mx\/rea\/wp-content\/uploads\/sites\/71\/2022\/10\/Captura-de-Pantalla-2022-10-07-a-las-15.06.14.png\" alt=\"\" class=\"wp-image-19498\" \/><noscript><img loading=\"lazy\" decoding=\"async\" width=\"1357\" height=\"759\" src=\"https:\/\/blogs.ugto.mx\/rea\/wp-content\/uploads\/sites\/71\/2022\/10\/Captura-de-Pantalla-2022-10-07-a-las-15.06.14.png\" alt=\"\" class=\"wp-image-19498\" srcset=\"https:\/\/blogs.ugto.mx\/rea\/wp-content\/uploads\/sites\/71\/2022\/10\/Captura-de-Pantalla-2022-10-07-a-las-15.06.14.png 1357w, https:\/\/blogs.ugto.mx\/rea\/wp-content\/uploads\/sites\/71\/2022\/10\/Captura-de-Pantalla-2022-10-07-a-las-15.06.14-300x168.png 300w, https:\/\/blogs.ugto.mx\/rea\/wp-content\/uploads\/sites\/71\/2022\/10\/Captura-de-Pantalla-2022-10-07-a-las-15.06.14-1024x573.png 1024w, https:\/\/blogs.ugto.mx\/rea\/wp-content\/uploads\/sites\/71\/2022\/10\/Captura-de-Pantalla-2022-10-07-a-las-15.06.14-768x430.png 768w\" sizes=\"auto, (max-width: 1357px) 100vw, 1357px\" \/><\/noscript><figcaption><strong>Diagrama 6.<\/strong> Fuente: elaboraci\u00f3n propia con la informaci\u00f3n de: Fundaci\u00f3n Juan Vives Suri\u00e1 &#8211; Compilador\/a o Editor\/a. (2010). Derechos humanos: historia y conceptos b\u00e1sicos. Serie Derechos Humanos no. 1. Caracas: Defensor\u00eda del Pueblo. Recuperado de:\u201d http:\/\/biblio<\/figcaption><\/figure>\n<\/div>\n\n\n<p class=\"wp-block-paragraph\">La interdependencia de los derechos humanos alude a que existen relaciones rec\u00edprocas entre ellos. O sea, que para disfrutar de un derecho concreto o un grupo de derechos se requiere que existan otros u otro que est\u00e9n garantizados. Por ejemplo, para que se cumpla el derecho a la salud se requiere un buen salario para garantizar la alimentaci\u00f3n y el acceso a los servicios.<\/p>\n\n\n<div class=\"wp-block-image\">\n<figure class=\"aligncenter size-large\"><img decoding=\"async\" src=\"data:image\/gif;base64,R0lGODlhAQABAIAAAAAAAP\/\/\/yH5BAEAAAAALAAAAAABAAEAAAIBRAA7\" data-src=\"https:\/\/blogs.ugto.mx\/rea\/wp-content\/uploads\/sites\/71\/2022\/10\/Captura-de-Pantalla-2022-10-07-a-las-15.08.02-1024x184.png\" alt=\"\" class=\"wp-image-19499\" \/><noscript><img loading=\"lazy\" decoding=\"async\" width=\"1024\" height=\"184\" src=\"https:\/\/blogs.ugto.mx\/rea\/wp-content\/uploads\/sites\/71\/2022\/10\/Captura-de-Pantalla-2022-10-07-a-las-15.08.02-1024x184.png\" alt=\"\" class=\"wp-image-19499\" srcset=\"https:\/\/blogs.ugto.mx\/rea\/wp-content\/uploads\/sites\/71\/2022\/10\/Captura-de-Pantalla-2022-10-07-a-las-15.08.02-1024x184.png 1024w, https:\/\/blogs.ugto.mx\/rea\/wp-content\/uploads\/sites\/71\/2022\/10\/Captura-de-Pantalla-2022-10-07-a-las-15.08.02-300x54.png 300w, https:\/\/blogs.ugto.mx\/rea\/wp-content\/uploads\/sites\/71\/2022\/10\/Captura-de-Pantalla-2022-10-07-a-las-15.08.02-768x138.png 768w, https:\/\/blogs.ugto.mx\/rea\/wp-content\/uploads\/sites\/71\/2022\/10\/Captura-de-Pantalla-2022-10-07-a-las-15.08.02.png 1397w\" sizes=\"auto, (max-width: 1024px) 100vw, 1024px\" \/><\/noscript><figcaption><strong>Diagrama 7. <\/strong>Elaboraci\u00f3n propia con la informaci\u00f3n de: Fundaci\u00f3n Juan Vives Suri\u00e1 &#8211; Compilador\/a o Editor\/a. (2010). Derechos humanos: historia y conceptos b\u00e1sicos. Serie Derechos Humanos no. 1. Caracas: Defensor\u00eda del Pueblo. Recuperado de:\u00bbhttp:\/\/biblioteca.clacso.edu.ar\/Venezuela\/fundavives\/20170102055815\/pdf_132.pdf\u00bb<\/figcaption><\/figure>\n<\/div>\n\n\n<h3 class=\"wp-block-heading\">Material complementario:<\/h3>\n\n\n\n<ul class=\"wp-block-list\"><li><a href=\"https:\/\/www.scielo.org.mx\/scielo.php?script=sci_arttext&amp;pid=S1405-91932011000200001\" target=\"_blank\" rel=\"noreferrer noopener\">Los principios de universalidad, interdependencia, indivisibilidad y progresividad de los derechos humanos<\/a>.<\/li><li><a href=\"https:\/\/www.youtube.com\/watch?v=PPeRECua5CQ\" target=\"_blank\" rel=\"noreferrer noopener\">\u00bfQu\u00e9 son los Derechos Humanos? Organizaci\u00f3n Unidos por los Derechos Humanos<\/a><\/li><\/ul>\n\n\n\n<h2 class=\"wp-block-heading\" id=\"conclusion\">Conclusi\u00f3n<\/h2>\n\n\n\n<p class=\"wp-block-paragraph\">Fortalecer la cultura de los derechos humanos es tarea de todos: gobernantes y gobernados, poderes pol\u00edticos, instituciones educativas, econ\u00f3micas, estudiantes de todos los niveles\u2026 y ciudadan\u00eda. Es necesario difundirlos y divulgarlos. Es importante que formen parte de la cultura, socializaci\u00f3n y educaci\u00f3n.<\/p>\n\n\n\n<p class=\"wp-block-paragraph\">Asimismo, a lo largo de la sesi\u00f3n te diste cuenta de que es importante conocer nuestros derechos para hacerlos exigibles. Es necesario fortalecer una cultura jur\u00eddica sobre estos, en todos los \u00e1mbitos de nuestro entorno y en la sociedad en general, con la finalidad de avanzar hasta lograr el respeto de la dignidad, la no discriminaci\u00f3n y alcanzar la igualdad sustantiva.<\/p>\n\n\n\n<p class=\"wp-block-paragraph\">Felicidades, ahora s\u00f3lo te resta realizar las actividades y consignas que se te sugieren con la intenci\u00f3n de reforzar los conocimientos.<\/p>\n\n\n\n<h2 class=\"wp-block-heading\" id=\"fuentes-de-informacion\">Fuentes de informaci\u00f3n<\/h2>\n\n\n\n<ul class=\"wp-block-list\"><li>Baluarte, A. (2019, diciembre). LA PERSONA HUMANA: FUNDAMENTO ANTROPOL\u00d3GICO DE LOS DERECHOS HUMANOS. PHAINOMENON. https:\/\/www.google.com\/search?q=LA+PERSONA+HUMANA%3A+FUNDAMENTO+ANTROPOL%C3%93GICO+DE+LOS+DERECHOS+HUMANOS&amp;rlz=1C1EJFA_enMX788MX816&amp;oq=LA+PERSONA+HUMANA%3A+FUNDAMENTO+ANTROPOL%C3%93GICO+DE+LOS+DERECHOS+HUMANOS&amp;aqs=chrome.69i57.1246j0j7&amp;sourceid=chrome&amp;ie=UTF-8<\/li><li>Eichholz, R. (2018, 25 de julio). Fundamentos Antropol\u00f3gicos de la Inclusi\u00f3n. Bidok, Universitat Innsbruck. http:\/\/bidok.uibk.ac.at\/library\/inkl-01-15-eichholz-grundlagen.html<\/li><li>Friedrich Neumann Foundation, &amp; Freedom, F. (2021, 16 julio). Declaraci\u00f3n de Derechos Humanos. [Ilustraci\u00f3n]. Friedrich Neumann Foundation. https:\/\/www.freiheit.org\/es\/latin-america\/declaracion-de-derechos-humanos<\/li><li>Fundaci\u00f3n Juan Vives Suri\u00e1 &#8211; Compilador\/a o Editor\/a. (2010). Derechos humanos: historia y conceptos b\u00e1sicos. Serie Derechos Humanos no. 1. Caracas: Defensor\u00eda del Pueblo. Recuperado de:<\/li><li>\u201chttp:\/\/biblioteca.clacso.edu.ar\/Venezuela\/fundavives\/20170102055815\/pdf_132.pdf\u201d<\/li><li>Gonz\u00e1lez Galv\u00e1n, Jorge Alberto (2013). Educaci\u00f3n jur\u00eddica, investigaci\u00f3n y Derechos Humanos inteligentes. Bolet\u00edn Mexicano de Derecho Comparado, XLVI (137), 499-527. [fecha de Consulta 28 de enero de 2022]. ISSN: 0041-8633. Disponible<\/li><li>en: https:\/\/www.redalyc.org\/articulo.oa?id=42728283003<\/li><li>ONU. (s. f.). Human rights and gender [Fotograf\u00eda]. La ONU y el ESTADO DE DERECHO. https:\/\/www.un.org\/ruleoflaw\/thematic-areas\/human-rights-and-gender\/<\/li><li>Universidad Cat\u00f3lica del Salvador. (s. f.). Valores y principios fundamentales de la vida social. [Ilustraci\u00f3n]. \u00c9tica Social.<\/li><li>https:\/\/miguelsantillano12.wixsite.com\/eticasocial2015\/single-post\/2015\/11\/04\/2-valores-y-principios-fundamentales-de-la-vida-social<\/li><\/ul>\n","protected":false},"excerpt":{"rendered":"<p>Introducci\u00f3n Bienvenido al curso de Derechos Humanos y G\u00e9nero. En esta primera sesi\u00f3n centraremos la reflexi\u00f3n en la realidad que se vive en nuestro pa\u00eds respecto a los derechos humanos analizados desde una perspectiva de g\u00e9nero. Con preocupaci\u00f3n se constata c\u00f3mo en situaciones cr\u00edticas, los gobiernos tienden a violar los DH de manera sistem\u00e1tica, no &#8230; <a title=\"Clase digital 1. Conceptualizaci\u00f3n de los Derechos Humanos (DHS)\" class=\"read-more\" href=\"https:\/\/blogs.ugto.mx\/rea\/clase-digital-1-conceptualizacion-de-los-derechos-humanos-dhs\/\" aria-label=\"Leer m\u00e1s sobre Clase digital 1. Conceptualizaci\u00f3n de los Derechos Humanos (DHS)\">Leer m\u00e1s<\/a><\/p>\n","protected":false},"author":142,"featured_media":0,"comment_status":"closed","ping_status":"closed","sticky":false,"template":"","format":"standard","meta":{"_acf_changed":false,"_crdt_document":"","episode_type":"","audio_file":"","podmotor_file_id":"","podmotor_episode_id":"","cover_image":"","cover_image_id":"","duration":"","filesize":"","filesize_raw":"","date_recorded":"","explicit":"","block":"","itunes_episode_number":"","itunes_title":"","itunes_season_number":"","itunes_episode_type":"","footnotes":""},"categories":[15,487],"tags":[41,488],"class_list":["post-17029","post","type-post","status-publish","format-standard","hentry","category-ingenieria-en-biotecnologia","category-uda-derechos-humanos-y-genero","tag-clase-digital","tag-maria-teresa-rosillo-garcia"],"acf":[],"jetpack_featured_media_url":"","_links":{"self":[{"href":"https:\/\/blogs.ugto.mx\/rea\/wp-json\/wp\/v2\/posts\/17029","targetHints":{"allow":["GET"]}}],"collection":[{"href":"https:\/\/blogs.ugto.mx\/rea\/wp-json\/wp\/v2\/posts"}],"about":[{"href":"https:\/\/blogs.ugto.mx\/rea\/wp-json\/wp\/v2\/types\/post"}],"author":[{"embeddable":true,"href":"https:\/\/blogs.ugto.mx\/rea\/wp-json\/wp\/v2\/users\/142"}],"replies":[{"embeddable":true,"href":"https:\/\/blogs.ugto.mx\/rea\/wp-json\/wp\/v2\/comments?post=17029"}],"version-history":[{"count":12,"href":"https:\/\/blogs.ugto.mx\/rea\/wp-json\/wp\/v2\/posts\/17029\/revisions"}],"predecessor-version":[{"id":19572,"href":"https:\/\/blogs.ugto.mx\/rea\/wp-json\/wp\/v2\/posts\/17029\/revisions\/19572"}],"wp:attachment":[{"href":"https:\/\/blogs.ugto.mx\/rea\/wp-json\/wp\/v2\/media?parent=17029"}],"wp:term":[{"taxonomy":"category","embeddable":true,"href":"https:\/\/blogs.ugto.mx\/rea\/wp-json\/wp\/v2\/categories?post=17029"},{"taxonomy":"post_tag","embeddable":true,"href":"https:\/\/blogs.ugto.mx\/rea\/wp-json\/wp\/v2\/tags?post=17029"}],"curies":[{"name":"wp","href":"https:\/\/api.w.org\/{rel}","templated":true}]}}