{"id":18741,"date":"2022-08-30T18:52:00","date_gmt":"2022-08-30T18:52:00","guid":{"rendered":"https:\/\/blogs.ugto.mx\/rea\/?p=18741"},"modified":"2022-10-20T16:06:08","modified_gmt":"2022-10-20T16:06:08","slug":"tema-1-cultura-de-paz-y-no-violencia-de-la-individualidad-a-la-colectividad","status":"publish","type":"post","link":"https:\/\/blogs.ugto.mx\/rea\/tema-1-cultura-de-paz-y-no-violencia-de-la-individualidad-a-la-colectividad\/","title":{"rendered":"Tema 1. Cultura de paz y no violencia: de la individualidad a la colectividad"},"content":{"rendered":"\n\n\n<div class=\"wp-block-cover is-light\" style=\"min-height:284px;aspect-ratio:unset;\"><span aria-hidden=\"true\" class=\"wp-block-cover__background has-background-dim-40 has-background-dim\"><\/span><img decoding=\"async\" class=\"wp-block-cover__image-background wp-image-18782\" alt=\"\" src=\"data:image\/gif;base64,R0lGODlhAQABAIAAAAAAAP\/\/\/yH5BAEAAAAALAAAAAABAAEAAAIBRAA7\" data-src=\"https:\/\/blogs.ugto.mx\/rea\/wp-content\/uploads\/sites\/71\/2022\/09\/two-fingers-gesture-group-of-feminist-women-have-protest-for-their-rights-outdoors.jpg\" style=\"object-position:45% 33%\" data-object-fit=\"cover\" data-object-position=\"45% 33%\" \/><noscript><img loading=\"lazy\" decoding=\"async\" width=\"1500\" height=\"1001\" class=\"wp-block-cover__image-background wp-image-18782\" alt=\"\" src=\"https:\/\/blogs.ugto.mx\/rea\/wp-content\/uploads\/sites\/71\/2022\/09\/two-fingers-gesture-group-of-feminist-women-have-protest-for-their-rights-outdoors.jpg\" style=\"object-position:45% 33%\" data-object-fit=\"cover\" data-object-position=\"45% 33%\" srcset=\"https:\/\/blogs.ugto.mx\/rea\/wp-content\/uploads\/sites\/71\/2022\/09\/two-fingers-gesture-group-of-feminist-women-have-protest-for-their-rights-outdoors.jpg 1500w, https:\/\/blogs.ugto.mx\/rea\/wp-content\/uploads\/sites\/71\/2022\/09\/two-fingers-gesture-group-of-feminist-women-have-protest-for-their-rights-outdoors-300x200.jpg 300w, https:\/\/blogs.ugto.mx\/rea\/wp-content\/uploads\/sites\/71\/2022\/09\/two-fingers-gesture-group-of-feminist-women-have-protest-for-their-rights-outdoors-1024x683.jpg 1024w, https:\/\/blogs.ugto.mx\/rea\/wp-content\/uploads\/sites\/71\/2022\/09\/two-fingers-gesture-group-of-feminist-women-have-protest-for-their-rights-outdoors-768x513.jpg 768w, https:\/\/blogs.ugto.mx\/rea\/wp-content\/uploads\/sites\/71\/2022\/09\/two-fingers-gesture-group-of-feminist-women-have-protest-for-their-rights-outdoors-272x182.jpg 272w\" sizes=\"auto, (max-width: 1500px) 100vw, 1500px\" \/><\/noscript><div class=\"wp-block-cover__inner-container is-layout-flow wp-block-cover-is-layout-flow\">\n<p class=\"has-text-align-center has-base-3-color has-text-color has-large-font-size wp-block-paragraph\">Cultura de paz y no violencia: de la individualidad a la colectividad<\/p>\n<\/div><\/div>\n\n\n\n<h2 class=\"wp-block-heading\" id=\"desarrollo-del-tema\">Desarrollo del tema <\/h2>\n\n\n\n<p class=\"wp-block-paragraph\">La paz es un concepto que generalmente ha sido entendido como la ausencia de un conflicto b\u00e9lico o armado de por medio, no obstante, hoy en d\u00eda la paz es un concepto m\u00e1s complejo, cuyo alcance se entiende como un proceso gradual y de esfuerzos permanentes en las sociedades en las que se instaura.<\/p>\n\n\n\n<p class=\"wp-block-paragraph\">Por tanto, la paz implica el reconocimiento, anticipaci\u00f3n y planificaci\u00f3n de posibles futuros conflictos mediante la generaci\u00f3n de pr\u00e1cticas y acciones que sean capaces de transformar y atender de manera cercana a las diversas realidades sociales. En funci\u00f3n del cumplimiento de ese prop\u00f3sito, la paz se entiende como el alcance de la suma de objetivos divididos en tres tipos de paces (Tuvilla, 2004, p.391):<\/p>\n\n\n<div class=\"h5p-iframe-wrapper\"><iframe id=\"h5p-iframe-325\" class=\"h5p-iframe\" data-content-id=\"325\" style=\"height:1px\" src=\"about:blank\" frameBorder=\"0\" scrolling=\"no\" title=\"Objetivos divididos en tres tipos de paces\"><\/iframe><\/div>\n\n\n\n<p class=\"wp-block-paragraph\"><\/p>\n\n\n\n<p class=\"wp-block-paragraph\">Ahora bien, la <strong>cultura de paz<\/strong>, seg\u00fan la resoluci\u00f3n A\/52\/13 de las Naciones Unidas del a\u00f1o 1998, es entendida como una serie de valores, actitudes y comportamientos que rechazan la violencia y previenen los conflictos tratando de atacar sus causas para solucionar los problemas mediante el di\u00e1logo y la negociaci\u00f3n entre las personas, los grupos y las naciones. Por su parte, la <em>Ley para una convivencia libre de violencia en el entorno escolar para el Estado de Guanajuato<\/em> <em>y sus municipios<\/em> define la cultura de paz en la fracci\u00f3n III, art. 3\u00ba como <em>\u201c<\/em>el conjunto de valores, actitudes y comportamientos, modos de vida y acciones que, inspir\u00e1ndose en ella, reflejan el respeto de la vida, de la persona humana, de su dignidad y sus derechos, el rechazo de la violencia, comprendidas todas formas de terrorismo, y la adhesi\u00f3n a los principios de libertad, justicia, solidaridad, tolerancia y entendimiento, tanto en los pueblos como entre los grupos y las personas\u201d.<\/p>\n\n\n\n<div class=\"wp-block-buttons is-layout-flex wp-block-buttons-is-layout-flex\">\n<div class=\"wp-block-button aligncenter is-style-fill\"><a class=\"wp-block-button__link has-background\" href=\"https:\/\/unesdoc.unesco.org\/ark:\/48223\/pf0000113034_spa#:~:text=En%20su%20Resoluci%C3%B3n%2052%2F13,sobre%20una%20cultura%20de%20paz.\" style=\"border-radius:100px;background:linear-gradient(135deg,rgb(55,202,236) 12%,rgb(173,217,216) 100%)\" target=\"_blank\" rel=\"noreferrer noopener\"><strong>Resoluci\u00f3n A\/52\/13 de las Naciones Unidas<\/strong><\/a><\/div>\n<\/div>\n\n\n\n<p class=\"wp-block-paragraph\">Te invitamos a poner atenci\u00f3n al siguiente video en el que Enrique Chaux, Profesor de Psicolog\u00eda de la Universidad de Los Andes, comparte una serie de estrategias para crear una cultura de paz aun en medio de entornos de violencia:<\/p>\n\n\n\n<p class=\"wp-block-paragraph\"><\/p>\n\n\n\n<figure class=\"wp-block-embed is-type-video is-provider-youtube wp-block-embed-youtube wp-embed-aspect-16-9 wp-has-aspect-ratio\"><div class=\"wp-block-embed__wrapper\">\n<iframe loading=\"lazy\" title=\"Aprender paz en medio de violencia | Enrique Chaux | TEDxCaliSalon\" width=\"1200\" height=\"675\" src=\"https:\/\/www.youtube.com\/embed\/IcgXrjjGdco?feature=oembed\" frameborder=\"0\" allow=\"accelerometer; autoplay; clipboard-write; encrypted-media; gyroscope; picture-in-picture\" allowfullscreen><\/iframe>\n<\/div><\/figure>\n\n\n\n<p class=\"wp-block-paragraph\"><\/p>\n\n\n\n<p class=\"wp-block-paragraph\">La Declaraci\u00f3n y el Programa de Acci\u00f3n sobre una Cultura de Paz de las Naciones Unidas de 1999 identific\u00f3 y deleg\u00f3 ocho \u00e1mbitos de acci\u00f3n para los gobiernos y actores a nivel local, estatal e internacional:<\/p>\n\n\n\n<div class=\"wp-block-columns is-layout-flex wp-container-core-columns-is-layout-8f761849 wp-block-columns-is-layout-flex\">\n<div class=\"wp-block-column is-layout-flow wp-block-column-is-layout-flow\" style=\"flex-basis:33.33%\">\n<figure class=\"wp-block-gallery has-nested-images columns-default is-cropped wp-block-gallery-1 is-layout-flex wp-block-gallery-is-layout-flex\">\n<figure class=\"wp-block-image size-full\"><img decoding=\"async\" data-id=\"18779\" src=\"data:image\/gif;base64,R0lGODlhAQABAIAAAAAAAP\/\/\/yH5BAEAAAAALAAAAAABAAEAAAIBRAA7\" data-src=\"https:\/\/blogs.ugto.mx\/rea\/wp-content\/uploads\/sites\/71\/2022\/09\/derechos-humanos.png\" alt=\"\" class=\"wp-image-18779\" \/><noscript><img loading=\"lazy\" decoding=\"async\" width=\"834\" height=\"999\" data-id=\"18779\" src=\"https:\/\/blogs.ugto.mx\/rea\/wp-content\/uploads\/sites\/71\/2022\/09\/derechos-humanos.png\" alt=\"\" class=\"wp-image-18779\" srcset=\"https:\/\/blogs.ugto.mx\/rea\/wp-content\/uploads\/sites\/71\/2022\/09\/derechos-humanos.png 834w, https:\/\/blogs.ugto.mx\/rea\/wp-content\/uploads\/sites\/71\/2022\/09\/derechos-humanos-250x300.png 250w, https:\/\/blogs.ugto.mx\/rea\/wp-content\/uploads\/sites\/71\/2022\/09\/derechos-humanos-768x920.png 768w\" sizes=\"auto, (max-width: 834px) 100vw, 834px\" \/><\/noscript><\/figure>\n<\/figure>\n<\/div>\n\n\n\n<div class=\"wp-block-column is-layout-flow wp-block-column-is-layout-flow\" style=\"flex-basis:66.66%\">\n<div style=\"height:105px\" aria-hidden=\"true\" class=\"wp-block-spacer\"><\/div>\n\n\n\n<ol class=\"wp-block-list\"><li>Promover una cultura de paz mediante la <strong>educaci\u00f3n<\/strong>.&nbsp;<\/li><li>Promover el <strong>desarrollo econ\u00f3mico y social sostenible<\/strong>.&nbsp;<\/li><li>Promover el <strong>respeto de todos los derechos humanos<\/strong>.&nbsp;<\/li><li>Garantizar la <strong>igualdad entre hombres y mujeres<\/strong>.&nbsp;<\/li><li>Promover la <strong>participaci\u00f3n democr\u00e1tica<\/strong>.&nbsp;<\/li><li>Promover la<strong> comprensi\u00f3n, la tolerancia y la solidaridad.<\/strong>&nbsp;<\/li><li>Apoyar la <strong>comunicaci\u00f3n participativa y la libre circulaci\u00f3n de informaci\u00f3n y conocimientos<\/strong>.&nbsp;<\/li><li>Promover la <strong>paz y la seguridad internacional<\/strong>.<\/li><\/ol>\n<\/div>\n<\/div>\n\n\n\n<p class=\"wp-block-paragraph\">Es importante recalcar que para la consolidaci\u00f3n de una cultura de paz es necesario un modelo de educaci\u00f3n colectiva basado en la dignidad y los derechos de todas las personas, la resoluci\u00f3n de conflictos de manera pac\u00edfica tomando como herramientas clave el di\u00e1logo constructivo, la solidaridad y la cooperaci\u00f3n entre todas las personas.&nbsp;<\/p>\n\n\n\n<p class=\"wp-block-paragraph\">Por otra parte, la <strong>no violencia<\/strong> se entiende como aquella actitud de vida que busca la coherencia en \u00e1mbitos pol\u00edticos y personales, al tiempo que pretende la unidad entre pensamientos, sentimientos y acciones como forma de resolver conflictos y como estrategia pol\u00edtica para la transformaci\u00f3n de la sociedad. En un sentido amplio, puede considerarse como una ideolog\u00eda, sin embargo, en un sentido estricto se trata de una forma de actuar ante los conflictos, la cual es caracter\u00edstica de movimientos sociales como el pacifismo.<\/p>\n\n\n\n<p class=\"wp-block-paragraph\">La no violencia se caracteriza por la cooperaci\u00f3n, el no uso de la fuerza y la b\u00fasqueda de la resoluci\u00f3n de conflictos mediante acciones como la desobediencia civil, la manifestaci\u00f3n, la huelga, el boicot y la denuncia de pr\u00e1cticas violentas y abusivas.&nbsp;<\/p>\n\n\n\n<p class=\"wp-block-paragraph\">Para afianzar una cultura de paz y no violencia, se requiere trabajar de manera colectiva y con objetivos comunes entre todas las y los actores integrantes de una sociedad, de modo que se puedan lograr alianzas, dialogar y relacionarse con respeto mutuo sin importar los diferentes \u00e1mbitos, contextos o circunstancias de las personas.<\/p>\n\n\n\n<p class=\"wp-block-paragraph\">Ante este reto todas y todos tenemos una funci\u00f3n importante que realizar. Podemos asumir un rol activo en la construcci\u00f3n de culturas de paz y no violencia ya sea mediante la investigaci\u00f3n, educaci\u00f3n, entretenimiento, pr\u00e1ctica, activismo o el desarrollo y promoci\u00f3n de pol\u00edticas de transformaci\u00f3n cultural.&nbsp;<\/p>\n","protected":false},"excerpt":{"rendered":"<p>Desarrollo del tema La paz es un concepto que generalmente ha sido entendido como la ausencia de un conflicto b\u00e9lico o armado de por medio, no obstante, hoy en d\u00eda la paz es un concepto m\u00e1s complejo, cuyo alcance se entiende como un proceso gradual y de esfuerzos permanentes en las sociedades en las que &#8230; <a title=\"Tema 1. Cultura de paz y no violencia: de la individualidad a la colectividad\" class=\"read-more\" href=\"https:\/\/blogs.ugto.mx\/rea\/tema-1-cultura-de-paz-y-no-violencia-de-la-individualidad-a-la-colectividad\/\" aria-label=\"Leer m\u00e1s sobre Tema 1. Cultura de paz y no violencia: de la individualidad a la colectividad\">Leer m\u00e1s<\/a><\/p>\n","protected":false},"author":142,"featured_media":0,"comment_status":"closed","ping_status":"closed","sticky":false,"template":"","format":"standard","meta":{"_acf_changed":false,"_crdt_document":"","episode_type":"","audio_file":"","podmotor_file_id":"","podmotor_episode_id":"","cover_image":"","cover_image_id":"","duration":"","filesize":"","filesize_raw":"","date_recorded":"","explicit":"","block":"","itunes_episode_number":"","itunes_title":"","itunes_season_number":"","itunes_episode_type":"","footnotes":""},"categories":[180,518,485],"tags":[519],"class_list":["post-18741","post","type-post","status-publish","format-standard","hentry","category-cideap","category-modulo-iii-cultura-de-paz-y-no-violencia","category-uda-derechos-humanos-genero-y-cultura-de-paz","tag-edsh01580"],"acf":[],"jetpack_featured_media_url":"","_links":{"self":[{"href":"https:\/\/blogs.ugto.mx\/rea\/wp-json\/wp\/v2\/posts\/18741","targetHints":{"allow":["GET"]}}],"collection":[{"href":"https:\/\/blogs.ugto.mx\/rea\/wp-json\/wp\/v2\/posts"}],"about":[{"href":"https:\/\/blogs.ugto.mx\/rea\/wp-json\/wp\/v2\/types\/post"}],"author":[{"embeddable":true,"href":"https:\/\/blogs.ugto.mx\/rea\/wp-json\/wp\/v2\/users\/142"}],"replies":[{"embeddable":true,"href":"https:\/\/blogs.ugto.mx\/rea\/wp-json\/wp\/v2\/comments?post=18741"}],"version-history":[{"count":13,"href":"https:\/\/blogs.ugto.mx\/rea\/wp-json\/wp\/v2\/posts\/18741\/revisions"}],"predecessor-version":[{"id":19874,"href":"https:\/\/blogs.ugto.mx\/rea\/wp-json\/wp\/v2\/posts\/18741\/revisions\/19874"}],"wp:attachment":[{"href":"https:\/\/blogs.ugto.mx\/rea\/wp-json\/wp\/v2\/media?parent=18741"}],"wp:term":[{"taxonomy":"category","embeddable":true,"href":"https:\/\/blogs.ugto.mx\/rea\/wp-json\/wp\/v2\/categories?post=18741"},{"taxonomy":"post_tag","embeddable":true,"href":"https:\/\/blogs.ugto.mx\/rea\/wp-json\/wp\/v2\/tags?post=18741"}],"curies":[{"name":"wp","href":"https:\/\/api.w.org\/{rel}","templated":true}]}}