{"id":18745,"date":"2022-08-30T18:54:09","date_gmt":"2022-08-30T18:54:09","guid":{"rendered":"https:\/\/blogs.ugto.mx\/rea\/?p=18745"},"modified":"2022-09-13T15:35:29","modified_gmt":"2022-09-13T15:35:29","slug":"tema-1-las-relaciones-humanas-armonicas-como-estrategia-para-una-cultura-de-paz","status":"publish","type":"post","link":"https:\/\/blogs.ugto.mx\/rea\/tema-1-las-relaciones-humanas-armonicas-como-estrategia-para-una-cultura-de-paz\/","title":{"rendered":"Tema 1. Las relaciones humanas arm\u00f3nicas como estrategia para una cultura de paz"},"content":{"rendered":"\n\n\n<div class=\"wp-block-cover is-light\" style=\"min-height:284px;aspect-ratio:unset;\"><span aria-hidden=\"true\" class=\"wp-block-cover__background has-background-dim-40 has-background-dim\"><\/span><img decoding=\"async\" class=\"wp-block-cover__image-background wp-image-18900\" alt=\"\" src=\"data:image\/gif;base64,R0lGODlhAQABAIAAAAAAAP\/\/\/yH5BAEAAAAALAAAAAABAAEAAAIBRAA7\" data-src=\"https:\/\/blogs.ugto.mx\/rea\/wp-content\/uploads\/sites\/71\/2022\/09\/pexels-andrea-piacquadio-3760069-1.jpg\" style=\"object-position:44% 39%\" data-object-fit=\"cover\" data-object-position=\"44% 39%\" \/><noscript><img loading=\"lazy\" decoding=\"async\" width=\"1280\" height=\"853\" class=\"wp-block-cover__image-background wp-image-18900\" alt=\"\" src=\"https:\/\/blogs.ugto.mx\/rea\/wp-content\/uploads\/sites\/71\/2022\/09\/pexels-andrea-piacquadio-3760069-1.jpg\" style=\"object-position:44% 39%\" data-object-fit=\"cover\" data-object-position=\"44% 39%\" srcset=\"https:\/\/blogs.ugto.mx\/rea\/wp-content\/uploads\/sites\/71\/2022\/09\/pexels-andrea-piacquadio-3760069-1.jpg 1280w, https:\/\/blogs.ugto.mx\/rea\/wp-content\/uploads\/sites\/71\/2022\/09\/pexels-andrea-piacquadio-3760069-1-300x200.jpg 300w, https:\/\/blogs.ugto.mx\/rea\/wp-content\/uploads\/sites\/71\/2022\/09\/pexels-andrea-piacquadio-3760069-1-1024x682.jpg 1024w, https:\/\/blogs.ugto.mx\/rea\/wp-content\/uploads\/sites\/71\/2022\/09\/pexels-andrea-piacquadio-3760069-1-768x512.jpg 768w, https:\/\/blogs.ugto.mx\/rea\/wp-content\/uploads\/sites\/71\/2022\/09\/pexels-andrea-piacquadio-3760069-1-272x182.jpg 272w\" sizes=\"auto, (max-width: 1280px) 100vw, 1280px\" \/><\/noscript><div class=\"wp-block-cover__inner-container is-layout-flow wp-block-cover-is-layout-flow\">\n<p class=\"has-text-align-center has-base-3-color has-text-color has-large-font-size wp-block-paragraph\">Las relaciones humanas arm\u00f3nicas como estrategia para una cultura de paz<\/p>\n<\/div><\/div>\n\n\n\n<h2 class=\"wp-block-heading\" id=\"desarrollo-del-tema\">Desarrollo del tema <\/h2>\n\n\n\n<p class=\"wp-block-paragraph\">Como ya vimos en los temas que anteceden, la cultura de paz y la no violencia no es factible sin que, por una parte, el Estado garantice los derechos de todas las personas a una vida en condiciones dignas, igualitarias y libres de violencia, y, por otra parte, la sociedad tome un rol activo en la adopci\u00f3n del discurso planteado y utilice el di\u00e1logo y la cooperaci\u00f3n como herramientas para la b\u00fasqueda y alcance de acuerdos en la resoluci\u00f3n de las discrepancias, conflictos o choques de ideales e intereses posibles y emergentes.<\/p>\n\n\n\n<div class=\"wp-block-columns has-base-background-color has-background is-layout-flex wp-container-core-columns-is-layout-8f761849 wp-block-columns-is-layout-flex\">\n<div class=\"wp-block-column is-layout-flow wp-block-column-is-layout-flow\" style=\"flex-basis:66.66%\">\n<div style=\"height:119px\" aria-hidden=\"true\" class=\"wp-block-spacer\"><\/div>\n\n\n\n<p class=\"wp-block-paragraph\">Para exponer y ejemplificar algunas de las acciones concretas que impulsar\u00edan relaciones humanas en armon\u00eda con los objetivos de la cultura de paz y no violencia, tomaremos como referencia los par\u00e1metros expuestos en el manifiesto creado en el a\u00f1o 2000 por la Organizaci\u00f3n de las Naciones Unidas para la Educaci\u00f3n, la Ciencia y la Cultura, o por sus siglas en ingl\u00e9s UNESCO:<\/p>\n<\/div>\n\n\n\n<div class=\"wp-block-column is-layout-flow wp-block-column-is-layout-flow\" style=\"flex-basis:33.33%\">\n<figure class=\"wp-block-image size-full\"><img decoding=\"async\" src=\"data:image\/gif;base64,R0lGODlhAQABAIAAAAAAAP\/\/\/yH5BAEAAAAALAAAAAABAAEAAAIBRAA7\" data-src=\"https:\/\/blogs.ugto.mx\/rea\/wp-content\/uploads\/sites\/71\/2022\/09\/Captura-de-Pantalla-2022-09-07-a-las-13.58.40.png\" alt=\"\" class=\"wp-image-18899\" \/><noscript><img loading=\"lazy\" decoding=\"async\" width=\"689\" height=\"723\" src=\"https:\/\/blogs.ugto.mx\/rea\/wp-content\/uploads\/sites\/71\/2022\/09\/Captura-de-Pantalla-2022-09-07-a-las-13.58.40.png\" alt=\"\" class=\"wp-image-18899\" srcset=\"https:\/\/blogs.ugto.mx\/rea\/wp-content\/uploads\/sites\/71\/2022\/09\/Captura-de-Pantalla-2022-09-07-a-las-13.58.40.png 689w, https:\/\/blogs.ugto.mx\/rea\/wp-content\/uploads\/sites\/71\/2022\/09\/Captura-de-Pantalla-2022-09-07-a-las-13.58.40-286x300.png 286w\" sizes=\"auto, (max-width: 689px) 100vw, 689px\" \/><\/noscript><\/figure>\n<\/div>\n<\/div>\n\n\n\n<ul class=\"wp-block-list\"><li>Respetar la vida y la dignidad de cada persona, sin discriminaci\u00f3n ni perjuicios.&nbsp;<\/li><li>Practicar la no violencia activa, rechazando la violencia en todas sus formas: f\u00edsica, sexual, psicol\u00f3gica, econ\u00f3mica y social, en particular hacia las personas m\u00e1s d\u00e9biles y vulnerables, como las ni\u00f1as, ni\u00f1os y adolescentes.&nbsp;<\/li><li>Compartir mi tiempo y mis recursos materiales, cultivando la generosidad con el fin de terminar con la exclusi\u00f3n, la injusticia y la opresi\u00f3n pol\u00edtica y econ\u00f3mica.&nbsp;<\/li><li>Defender la libertad de expresi\u00f3n y la diversidad cultural, privilegiando siempre la escucha y el di\u00e1logo, sin ceder al fanatismo, ni a la maledicencia y el rechazo del pr\u00f3jimo.&nbsp;<\/li><li>Promover un consumo responsable y un modo de desarrollo que tenga en cuenta la importancia de todas las formas de vida y el equilibrio de los recursos naturales del planeta.&nbsp;<\/li><li>Contribuir al desarrollo de mi comunidad, propiciando la plena participaci\u00f3n de las mujeres y el respeto de los principios democr\u00e1ticos con el fin de crear nuevas formas de solidaridad.<\/li><\/ul>\n\n\n\n<p class=\"wp-block-paragraph\">Esta serie de par\u00e1metros son enunciativos para el encauzamiento de las relaciones humanas en la b\u00fasqueda colectiva de un mundo m\u00e1s justo, solidario, libre, digno, armonioso y con mejor prosperidad, no obstante, su puesta en pr\u00e1ctica es el factor principal de todo y, por ello, te invitamos a desarrollarlos en tu interacci\u00f3n con las personas de tu comunidad.<\/p>\n","protected":false},"excerpt":{"rendered":"<p>Desarrollo del tema Como ya vimos en los temas que anteceden, la cultura de paz y la no violencia no es factible sin que, por una parte, el Estado garantice los derechos de todas las personas a una vida en condiciones dignas, igualitarias y libres de violencia, y, por otra parte, la sociedad tome un &#8230; <a title=\"Tema 1. Las relaciones humanas arm\u00f3nicas como estrategia para una cultura de paz\" class=\"read-more\" href=\"https:\/\/blogs.ugto.mx\/rea\/tema-1-las-relaciones-humanas-armonicas-como-estrategia-para-una-cultura-de-paz\/\" aria-label=\"Leer m\u00e1s sobre Tema 1. Las relaciones humanas arm\u00f3nicas como estrategia para una cultura de paz\">Leer m\u00e1s<\/a><\/p>\n","protected":false},"author":142,"featured_media":0,"comment_status":"closed","ping_status":"closed","sticky":false,"template":"","format":"standard","meta":{"_acf_changed":false,"_crdt_document":"","episode_type":"","audio_file":"","podmotor_file_id":"","podmotor_episode_id":"","cover_image":"","cover_image_id":"","duration":"","filesize":"","filesize_raw":"","date_recorded":"","explicit":"","block":"","itunes_episode_number":"","itunes_title":"","itunes_season_number":"","itunes_episode_type":"","footnotes":""},"categories":[180,518,485],"tags":[41,519],"class_list":["post-18745","post","type-post","status-publish","format-standard","hentry","category-cideap","category-modulo-iii-cultura-de-paz-y-no-violencia","category-uda-derechos-humanos-genero-y-cultura-de-paz","tag-clase-digital","tag-edsh01580"],"acf":[],"jetpack_featured_media_url":"","_links":{"self":[{"href":"https:\/\/blogs.ugto.mx\/rea\/wp-json\/wp\/v2\/posts\/18745","targetHints":{"allow":["GET"]}}],"collection":[{"href":"https:\/\/blogs.ugto.mx\/rea\/wp-json\/wp\/v2\/posts"}],"about":[{"href":"https:\/\/blogs.ugto.mx\/rea\/wp-json\/wp\/v2\/types\/post"}],"author":[{"embeddable":true,"href":"https:\/\/blogs.ugto.mx\/rea\/wp-json\/wp\/v2\/users\/142"}],"replies":[{"embeddable":true,"href":"https:\/\/blogs.ugto.mx\/rea\/wp-json\/wp\/v2\/comments?post=18745"}],"version-history":[{"count":6,"href":"https:\/\/blogs.ugto.mx\/rea\/wp-json\/wp\/v2\/posts\/18745\/revisions"}],"predecessor-version":[{"id":19016,"href":"https:\/\/blogs.ugto.mx\/rea\/wp-json\/wp\/v2\/posts\/18745\/revisions\/19016"}],"wp:attachment":[{"href":"https:\/\/blogs.ugto.mx\/rea\/wp-json\/wp\/v2\/media?parent=18745"}],"wp:term":[{"taxonomy":"category","embeddable":true,"href":"https:\/\/blogs.ugto.mx\/rea\/wp-json\/wp\/v2\/categories?post=18745"},{"taxonomy":"post_tag","embeddable":true,"href":"https:\/\/blogs.ugto.mx\/rea\/wp-json\/wp\/v2\/tags?post=18745"}],"curies":[{"name":"wp","href":"https:\/\/api.w.org\/{rel}","templated":true}]}}