{"id":18803,"date":"2022-09-05T18:09:38","date_gmt":"2022-09-05T18:09:38","guid":{"rendered":"https:\/\/blogs.ugto.mx\/rea\/?p=18803"},"modified":"2022-09-30T15:47:17","modified_gmt":"2022-09-30T15:47:17","slug":"tema-3-la-justicia-restaurativa","status":"publish","type":"post","link":"https:\/\/blogs.ugto.mx\/rea\/tema-3-la-justicia-restaurativa\/","title":{"rendered":"Tema 3. La justicia restaurativa"},"content":{"rendered":"\n\n\n<div class=\"wp-block-cover\" style=\"min-height:284px;aspect-ratio:unset;\"><span aria-hidden=\"true\" class=\"wp-block-cover__background has-background-dim-40 has-background-dim\"><\/span><img decoding=\"async\" class=\"wp-block-cover__image-background wp-image-18952\" alt=\"\" src=\"data:image\/gif;base64,R0lGODlhAQABAIAAAAAAAP\/\/\/yH5BAEAAAAALAAAAAABAAEAAAIBRAA7\" data-src=\"https:\/\/blogs.ugto.mx\/rea\/wp-content\/uploads\/sites\/71\/2022\/09\/pexels-ekaterina-bolovtsova-6077447-2.jpg\" style=\"object-position:46% 84%\" data-object-fit=\"cover\" data-object-position=\"46% 84%\" \/><noscript><img loading=\"lazy\" decoding=\"async\" width=\"1280\" height=\"853\" class=\"wp-block-cover__image-background wp-image-18952\" alt=\"\" src=\"https:\/\/blogs.ugto.mx\/rea\/wp-content\/uploads\/sites\/71\/2022\/09\/pexels-ekaterina-bolovtsova-6077447-2.jpg\" style=\"object-position:46% 84%\" data-object-fit=\"cover\" data-object-position=\"46% 84%\" srcset=\"https:\/\/blogs.ugto.mx\/rea\/wp-content\/uploads\/sites\/71\/2022\/09\/pexels-ekaterina-bolovtsova-6077447-2.jpg 1280w, https:\/\/blogs.ugto.mx\/rea\/wp-content\/uploads\/sites\/71\/2022\/09\/pexels-ekaterina-bolovtsova-6077447-2-300x200.jpg 300w, https:\/\/blogs.ugto.mx\/rea\/wp-content\/uploads\/sites\/71\/2022\/09\/pexels-ekaterina-bolovtsova-6077447-2-1024x682.jpg 1024w, https:\/\/blogs.ugto.mx\/rea\/wp-content\/uploads\/sites\/71\/2022\/09\/pexels-ekaterina-bolovtsova-6077447-2-768x512.jpg 768w, https:\/\/blogs.ugto.mx\/rea\/wp-content\/uploads\/sites\/71\/2022\/09\/pexels-ekaterina-bolovtsova-6077447-2-272x182.jpg 272w\" sizes=\"auto, (max-width: 1280px) 100vw, 1280px\" \/><\/noscript><div class=\"wp-block-cover__inner-container is-layout-flow wp-block-cover-is-layout-flow\">\n<p class=\"has-text-align-center has-base-3-color has-text-color has-large-font-size wp-block-paragraph\"> La justicia restaurativa<\/p>\n<\/div><\/div>\n\n\n\n<h2 class=\"wp-block-heading\" id=\"desarrollo-del-tema\">Desarrollo del tema <\/h2>\n\n\n\n<p class=\"wp-block-paragraph\">La justicia restaurativa representa un cambio de enfoque y una nueva visi\u00f3n sobre los conflictos y su soluci\u00f3n con la participaci\u00f3n activa de la comunidad, al tiempo que los acuerdos alcanzados entre las partes son razonables y proporcionales al da\u00f1o.<\/p>\n\n\n\n<p class=\"wp-block-paragraph\"><br>Tedd Wachtel (1999, citado en McCold, 2013), uno de los precursores de la justicia restaurativa, se\u00f1ala que la sociedad suele moverse en un esquema lineal a la hora de establecer disciplina, ya sea en la familia, escuela, organizaciones e instituciones en su manejo de personal e incluso en los sistemas de justicia. Este esquema lineal lo denomin\u00f3 <strong><em>espectro punitivo-permisivo<\/em><\/strong>. El t\u00e9rmino <em>punitivo<\/em> se refiere al castigo como respuesta; por su parte, el t\u00e9rmino <em>permisivo<\/em> se refiere a la ausencia de dicho castigo. En nuestra cultura, hemos sido educadas y educados a trav\u00e9s del castigo y, por el contrario, quienes no act\u00faan de esa forma son considerados d\u00e9biles o con escasa autoridad.<\/p>\n\n\n\n<div class=\"wp-block-columns has-base-background-color has-background is-layout-flex wp-container-core-columns-is-layout-8f761849 wp-block-columns-is-layout-flex\">\n<div class=\"wp-block-column is-layout-flow wp-block-column-is-layout-flow\" style=\"flex-basis:33.33%\"><div class=\"wp-block-image\">\n<figure class=\"aligncenter size-full\"><img decoding=\"async\" src=\"data:image\/gif;base64,R0lGODlhAQABAIAAAAAAAP\/\/\/yH5BAEAAAAALAAAAAABAAEAAAIBRAA7\" data-src=\"https:\/\/blogs.ugto.mx\/rea\/wp-content\/uploads\/sites\/71\/2022\/09\/Captura-de-Pantalla-2022-09-08-a-las-15.53.07.png\" alt=\"\" class=\"wp-image-18974\" \/><noscript><img loading=\"lazy\" decoding=\"async\" width=\"592\" height=\"633\" src=\"https:\/\/blogs.ugto.mx\/rea\/wp-content\/uploads\/sites\/71\/2022\/09\/Captura-de-Pantalla-2022-09-08-a-las-15.53.07.png\" alt=\"\" class=\"wp-image-18974\" srcset=\"https:\/\/blogs.ugto.mx\/rea\/wp-content\/uploads\/sites\/71\/2022\/09\/Captura-de-Pantalla-2022-09-08-a-las-15.53.07.png 592w, https:\/\/blogs.ugto.mx\/rea\/wp-content\/uploads\/sites\/71\/2022\/09\/Captura-de-Pantalla-2022-09-08-a-las-15.53.07-281x300.png 281w\" sizes=\"auto, (max-width: 592px) 100vw, 592px\" \/><\/noscript><\/figure>\n<\/div><\/div>\n\n\n\n<div class=\"wp-block-column is-layout-flow wp-block-column-is-layout-flow\" style=\"flex-basis:66.66%\">\n<div style=\"height:44px\" aria-hidden=\"true\" class=\"wp-block-spacer\"><\/div>\n\n\n\n<p class=\"wp-block-paragraph\">Bajo este esquema, vemos que el concepto que se tiene de justicia est\u00e1 muy asociado con el castigo y, a medida que este sea m\u00e1s severo, podemos decir que se ha hecho m\u00e1s justicia; sin embargo, esto no siempre es as\u00ed. En los procesos restaurativos muchas veces hay mejores resultados cuando se opta por el di\u00e1logo, la comprensi\u00f3n y el apoyo <em>versus<\/em> el castigo. Esto es lo que nos lleva a pensar en la importancia de un cambio de paradigma en la manera de impartir justicia.<\/p>\n\n\n\n<p class=\"wp-block-paragraph\">Para Brito (2010), la justicia restaurativa es una \u201cjusticia de arraigo comunitario, que entiende que el delito y los conflictos suceden en el contexto social, y que por ende sus consecuencias y claves para la b\u00fasqueda de resoluci\u00f3n est\u00e1n en la comunidad misma\u201d.<\/p>\n<\/div>\n<\/div>\n\n\n\n<p class=\"wp-block-paragraph\">Podemos distinguir algunos elementos esenciales de la justicia restaurativa:<\/p>\n\n\n\n<ol class=\"wp-block-list\"><li>Formas diversas de respuesta al delito o a cualquier conducta que causa una afectaci\u00f3n en cualquier esfera.<\/li><li>Reparaci\u00f3n del da\u00f1o a la v\u00edctima.<\/li><li>No se limita a encuentros y fomenta la participaci\u00f3n de la comunidad.<\/li><li>Busca que la persona ofensora se responsabilice y participe activamente.<\/li><\/ol>\n\n\n\n<p class=\"wp-block-paragraph\">Aplicada a cuestiones penales, este tipo de justicia representa un cambio de paradigma a las convencionalidades planteadas. La justicia restaurativa busca una humanizaci\u00f3n de la justicia penal y, a diferencia de la justicia tradicional, en esta se analiza a cada caso, no como un mero expediente, sino con un enfoque centrado en las personas v\u00edctimas que sufren y necesitan apoyo y atenci\u00f3n, y de la misma forma, en el planteamiento de posibles formas de fomentar la responsabilizaci\u00f3n de las personas infractoras mediante un castigo constructivo que ayude a la no reincidencia.<\/p>\n\n\n\n<div class=\"wp-block-columns has-base-background-color has-background is-layout-flex wp-container-core-columns-is-layout-8f761849 wp-block-columns-is-layout-flex\">\n<div class=\"wp-block-column is-layout-flow wp-block-column-is-layout-flow\" style=\"flex-basis:66.66%\">\n<div style=\"height:23px\" aria-hidden=\"true\" class=\"wp-block-spacer\"><\/div>\n\n\n\n<p class=\"wp-block-paragraph\">De acuerdo con el Reglamento de Mecanismos Alternativos de Soluci\u00f3n de Controversias de la Universidad de Guanajuato, en la fracci\u00f3n III del art\u00edculo 2, la conciliaci\u00f3n se define como:<\/p>\n\n\n\n<p class=\"wp-block-paragraph\">\u201cun enfoque de justicia, mediante el cual las personas intervinientes, con la asistencia de una persona facilitadora, participan y se involucran activamente para identificar y atender colectivamente las consecuencias de un hecho o conducta generadora de un da\u00f1o, que atiende las necesidades y responsabilidades de cada una de las personas involucradas, con el prop\u00f3sito de atender las necesidades de las personas intervinientes, propiciar su reintegraci\u00f3n a la comunidad, permitir la recomposici\u00f3n del tejido social, as\u00ed como la garant\u00eda de no repetici\u00f3n del acto y la reparaci\u00f3n del da\u00f1o o perjuicio causado a la v\u00edctima, dentro del \u00e1mbito de competencia de la instituci\u00f3n.\u201d<\/p>\n<\/div>\n\n\n\n<div class=\"wp-block-column is-layout-flow wp-block-column-is-layout-flow\" style=\"flex-basis:33.33%\"><div class=\"wp-block-image\">\n<figure class=\"aligncenter size-full\"><img decoding=\"async\" src=\"data:image\/gif;base64,R0lGODlhAQABAIAAAAAAAP\/\/\/yH5BAEAAAAALAAAAAABAAEAAAIBRAA7\" data-src=\"https:\/\/blogs.ugto.mx\/rea\/wp-content\/uploads\/sites\/71\/2022\/09\/Captura-de-Pantalla-2022-09-08-a-las-14.37.05.png\" alt=\"\" class=\"wp-image-18955\" \/><noscript><img loading=\"lazy\" decoding=\"async\" width=\"713\" height=\"709\" src=\"https:\/\/blogs.ugto.mx\/rea\/wp-content\/uploads\/sites\/71\/2022\/09\/Captura-de-Pantalla-2022-09-08-a-las-14.37.05.png\" alt=\"\" class=\"wp-image-18955\" srcset=\"https:\/\/blogs.ugto.mx\/rea\/wp-content\/uploads\/sites\/71\/2022\/09\/Captura-de-Pantalla-2022-09-08-a-las-14.37.05.png 713w, https:\/\/blogs.ugto.mx\/rea\/wp-content\/uploads\/sites\/71\/2022\/09\/Captura-de-Pantalla-2022-09-08-a-las-14.37.05-300x298.png 300w, https:\/\/blogs.ugto.mx\/rea\/wp-content\/uploads\/sites\/71\/2022\/09\/Captura-de-Pantalla-2022-09-08-a-las-14.37.05-150x150.png 150w\" sizes=\"auto, (max-width: 713px) 100vw, 713px\" \/><\/noscript><\/figure>\n<\/div><\/div>\n<\/div>\n\n\n\n<p class=\"wp-block-paragraph\">Este tipo de justicia busca reforzar una serie de valores que fomentan la sensibilidad, la apertura, la confianza, la esperanza, la empat\u00eda, la responsabilidad, el respeto, la humanidad y la sanaci\u00f3n. Desde la perspectiva integral de este concepto, se contemplan como actores no solo a las personas infractoras y a las v\u00edctimas, sino que se dimensiona de manera integral el tipo de injerencia que tiene la comunidad en este tipo de sucesos.<\/p>\n\n\n\n<p class=\"wp-block-paragraph\">Esta justicia se centra en dar respuesta a las preguntas \u00bfQui\u00e9n fue da\u00f1ado? \u00bfCu\u00e1les son las necesidades del da\u00f1ado? \u00bfQui\u00e9n tiene la obligaci\u00f3n de satisfacer estas necesidades? La primera pregunta, va m\u00e1s all\u00e1 de si una norma ha sido vulnerada, llegando al punto de ver cu\u00e1nto da\u00f1o se ha causado. La segunda traslada el foco de atenci\u00f3n a la persona acusada y a las personas da\u00f1adas (v\u00edctimas). La tercera reitera la oportunidad de la persona infractora de asumir su responsabilidad por el da\u00f1o y repararlo. Una respuesta justa hace las cosas correctas.<\/p>\n\n\n\n<p class=\"wp-block-paragraph\">En t\u00e9rminos generales, los MASC y pr\u00e1cticas de justicia restaurativa que contempla la Universidad de Guanajuato se desarrollan de la siguiente manera:<\/p>\n\n\n<div class=\"h5p-iframe-wrapper\"><iframe id=\"h5p-iframe-336\" class=\"h5p-iframe\" data-content-id=\"336\" style=\"height:1px\" src=\"about:blank\" frameBorder=\"0\" scrolling=\"no\" title=\"T\u00e9rminos generales, los MASC y pr\u00e1cticas de justicia\"><\/iframe><\/div>\n\n\n\n<p class=\"wp-block-paragraph\"><\/p>\n\n\n\n<h2 class=\"wp-block-heading\" id=\"conclusion\">Conclusi\u00f3n<\/h2>\n\n\n\n<p class=\"wp-block-paragraph\">Como pudiste observar, la cultura de paz y no violencia propicia las condiciones para el aumento de los niveles de justicia y de respeto a los Derechos Humanos; el fortalecimiento de la cohesi\u00f3n social, la erradicaci\u00f3n de la violencia y la formaci\u00f3n del capital social que sustentan la democracia, la seguridad y el desarrollo humano.<\/p>\n\n\n\n<p class=\"wp-block-paragraph\">El establecimiento de la paz y la erradicaci\u00f3n de la violencia encuentra muchos retos y quiz\u00e1s el m\u00e1s importante sea aceptar la diversidad y multiculturalidad de ideas, pensamientos, creencias e intereses en la sociedad, as\u00ed como abordar los conflictos inevitables mediante la pr\u00e1ctica continua del di\u00e1logo y el logro de consensos.<\/p>\n\n\n\n<p class=\"wp-block-paragraph\">Es por esto que de nueva cuenta te invitamos a tomar un rol activo en la configuraci\u00f3n de una sociedad que priorice la convivencia arm\u00f3nica y pac\u00edfica entre las diversas relaciones de las personas que la integran, ya sea con la implementaci\u00f3n de alg\u00fan mecanismo alterno de resoluci\u00f3n de conflictos, con la puesta en pr\u00e1ctica de una cultura de paz y no violencia en tu d\u00eda a d\u00eda, o bien una mezcla de ambas.<\/p>\n\n\n\n<p class=\"wp-block-paragraph\"><\/p>\n","protected":false},"excerpt":{"rendered":"<p>Desarrollo del tema La justicia restaurativa representa un cambio de enfoque y una nueva visi\u00f3n sobre los conflictos y su soluci\u00f3n con la participaci\u00f3n activa de la comunidad, al tiempo que los acuerdos alcanzados entre las partes son razonables y proporcionales al da\u00f1o. Tedd Wachtel (1999, citado en McCold, 2013), uno de los precursores de &#8230; <a title=\"Tema 3. La justicia restaurativa\" class=\"read-more\" href=\"https:\/\/blogs.ugto.mx\/rea\/tema-3-la-justicia-restaurativa\/\" aria-label=\"Leer m\u00e1s sobre Tema 3. La justicia restaurativa\">Leer m\u00e1s<\/a><\/p>\n","protected":false},"author":142,"featured_media":0,"comment_status":"closed","ping_status":"closed","sticky":false,"template":"","format":"standard","meta":{"_acf_changed":false,"_crdt_document":"","episode_type":"","audio_file":"","podmotor_file_id":"","podmotor_episode_id":"","cover_image":"","cover_image_id":"","duration":"","filesize":"","filesize_raw":"","date_recorded":"","explicit":"","block":"","itunes_episode_number":"","itunes_title":"","itunes_season_number":"","itunes_episode_type":"","footnotes":""},"categories":[180,518,485],"tags":[519],"class_list":["post-18803","post","type-post","status-publish","format-standard","hentry","category-cideap","category-modulo-iii-cultura-de-paz-y-no-violencia","category-uda-derechos-humanos-genero-y-cultura-de-paz","tag-edsh01580"],"acf":[],"jetpack_featured_media_url":"","_links":{"self":[{"href":"https:\/\/blogs.ugto.mx\/rea\/wp-json\/wp\/v2\/posts\/18803","targetHints":{"allow":["GET"]}}],"collection":[{"href":"https:\/\/blogs.ugto.mx\/rea\/wp-json\/wp\/v2\/posts"}],"about":[{"href":"https:\/\/blogs.ugto.mx\/rea\/wp-json\/wp\/v2\/types\/post"}],"author":[{"embeddable":true,"href":"https:\/\/blogs.ugto.mx\/rea\/wp-json\/wp\/v2\/users\/142"}],"replies":[{"embeddable":true,"href":"https:\/\/blogs.ugto.mx\/rea\/wp-json\/wp\/v2\/comments?post=18803"}],"version-history":[{"count":6,"href":"https:\/\/blogs.ugto.mx\/rea\/wp-json\/wp\/v2\/posts\/18803\/revisions"}],"predecessor-version":[{"id":18975,"href":"https:\/\/blogs.ugto.mx\/rea\/wp-json\/wp\/v2\/posts\/18803\/revisions\/18975"}],"wp:attachment":[{"href":"https:\/\/blogs.ugto.mx\/rea\/wp-json\/wp\/v2\/media?parent=18803"}],"wp:term":[{"taxonomy":"category","embeddable":true,"href":"https:\/\/blogs.ugto.mx\/rea\/wp-json\/wp\/v2\/categories?post=18803"},{"taxonomy":"post_tag","embeddable":true,"href":"https:\/\/blogs.ugto.mx\/rea\/wp-json\/wp\/v2\/tags?post=18803"}],"curies":[{"name":"wp","href":"https:\/\/api.w.org\/{rel}","templated":true}]}}