{"id":19057,"date":"2022-09-18T15:13:35","date_gmt":"2022-09-18T15:13:35","guid":{"rendered":"https:\/\/blogs.ugto.mx\/rea\/?p=19057"},"modified":"2022-10-01T15:05:44","modified_gmt":"2022-10-01T15:05:44","slug":"guia-didactica-del-taller-para-la-digitalizacion-de-experiencias-de-aprendizaje","status":"publish","type":"post","link":"https:\/\/blogs.ugto.mx\/rea\/guia-didactica-del-taller-para-la-digitalizacion-de-experiencias-de-aprendizaje\/","title":{"rendered":"Gu\u00eda did\u00e1ctica del Taller para la digitalizaci\u00f3n de experiencias de aprendizaje"},"content":{"rendered":"\n\n\n<div class=\"wp-block-cover is-light\" style=\"min-height:284px;aspect-ratio:unset;\"><span aria-hidden=\"true\" class=\"wp-block-cover__background has-contrast-background-color has-background-dim-40 has-background-dim\"><\/span><img decoding=\"async\" class=\"wp-block-cover__image-background wp-image-19085\" alt=\"Young lady typing on keyboard of laptop in living room\" src=\"data:image\/gif;base64,R0lGODlhAQABAIAAAAAAAP\/\/\/yH5BAEAAAAALAAAAAABAAEAAAIBRAA7\" data-src=\"https:\/\/blogs.ugto.mx\/rea\/wp-content\/uploads\/sites\/71\/2022\/09\/4050315.jpg\" style=\"object-position:61% 69%\" data-object-fit=\"cover\" data-object-position=\"61% 69%\" \/><noscript><img loading=\"lazy\" decoding=\"async\" width=\"1600\" height=\"1067\" class=\"wp-block-cover__image-background wp-image-19085\" alt=\"Young lady typing on keyboard of laptop in living room\" src=\"https:\/\/blogs.ugto.mx\/rea\/wp-content\/uploads\/sites\/71\/2022\/09\/4050315.jpg\" style=\"object-position:61% 69%\" data-object-fit=\"cover\" data-object-position=\"61% 69%\" srcset=\"https:\/\/blogs.ugto.mx\/rea\/wp-content\/uploads\/sites\/71\/2022\/09\/4050315.jpg 1600w, https:\/\/blogs.ugto.mx\/rea\/wp-content\/uploads\/sites\/71\/2022\/09\/4050315-300x200.jpg 300w, https:\/\/blogs.ugto.mx\/rea\/wp-content\/uploads\/sites\/71\/2022\/09\/4050315-1024x683.jpg 1024w, https:\/\/blogs.ugto.mx\/rea\/wp-content\/uploads\/sites\/71\/2022\/09\/4050315-768x512.jpg 768w, https:\/\/blogs.ugto.mx\/rea\/wp-content\/uploads\/sites\/71\/2022\/09\/4050315-1536x1024.jpg 1536w, https:\/\/blogs.ugto.mx\/rea\/wp-content\/uploads\/sites\/71\/2022\/09\/4050315-272x182.jpg 272w\" sizes=\"auto, (max-width: 1600px) 100vw, 1600px\" \/><\/noscript><div class=\"wp-block-cover__inner-container is-layout-flow wp-block-cover-is-layout-flow\">\n<p class=\"has-text-align-center has-base-3-color has-text-color has-large-font-size wp-block-paragraph\">Taller para la digitalizaci\u00f3n de experiencias de aprendizaje<\/p>\n<\/div><\/div>\n\n\n\n<h2 class=\"wp-block-heading\" id=\"fundamentacion\">Fundamentaci\u00f3n <\/h2>\n\n\n\n<p class=\"wp-block-paragraph\">La integraci\u00f3n de las tecnolog\u00edas de la informaci\u00f3n y comunicaci\u00f3n (TIC) en la educaci\u00f3n se ha dado como un proceso continuo y constante. Diversas universidades ya tienen en su haber una oferta de educaci\u00f3n en l\u00ednea, sin embargo, una parte importante de los programas educativos siguen siendo impartidos de manera tradicional, sobre todo debido a la resistencia que se encuentra entre las y los docentes, ya sea por desconocimiento del tema o porque este se concibe como un proceso complicado.<\/p>\n\n\n\n<p class=\"wp-block-paragraph\">La evoluci\u00f3n de la TIC en la educaci\u00f3n ha dejado entrever que la tecnolog\u00eda no es el \u00fanico factor involucrado en el tema: la construcci\u00f3n de materiales did\u00e1cticos y dise\u00f1o instruccional cuidados es fundamental para la consolidaci\u00f3n de la educaci\u00f3n digital.<\/p>\n\n\n\n<p class=\"wp-block-paragraph\">Por estas razones surge este taller, para proveer a las y los docentes de la Universidad de Guanajuato las herramientas necesarias para dise\u00f1ar una experiencia de aprendizaje digital; adem\u00e1s de brindar a las y los estudiantes productos educativos armonizados con el contexto actual y con el potencial de flexibilizar su participaci\u00f3n.<\/p>\n\n\n\n<h2 class=\"wp-block-heading\" id=\"competencia-general\">Competencia general<\/h2>\n\n\n\n<p class=\"wp-block-paragraph\">Desarrollar los contenidos did\u00e1cticos de una experiencia de aprendizaje en formato digital bajo los criterios metodol\u00f3gicos del Sistema de Educaci\u00f3n Digital, en un contexto de respeto intelectual y apertura para el intercambio del conocimiento.<\/p>\n\n\n\n<h2 class=\"wp-block-heading\" id=\"contenidos-tematicos\">Contenidos tem\u00e1ticos<\/h2>\n\n\n\n<ol class=\"wp-block-list\"><li>Introducci\u00f3n a la digitalizaci\u00f3n de unidades de aprendizaje<\/li><li>Elaboraci\u00f3n de gu\u00eda did\u00e1ctica<\/li><li>Dise\u00f1o de experiencias de aprendizaje a trav\u00e9s de la curadur\u00eda de contenidos<\/li><li>Creaci\u00f3n consignas y ex\u00e1menes<\/li><li>Estrategias para la integraci\u00f3n y selecci\u00f3n de contenidos did\u00e1cticos<\/li><li>Actividades de aprendizaje sugeridas por niveles de dominio<\/li><li>C\u00f3mo adaptar las evaluaciones o consignas empleando H5P<\/li><li>Presentaci\u00f3n de producto final<\/li><\/ol>\n\n\n\n<h2 class=\"wp-block-heading\">Metodolog\u00eda del trabajo<\/h2>\n\n\n\n<p class=\"wp-block-paragraph\">Para el trabajo a distancia mediante la plataforma del Campus Digital, se deber\u00e1 considerar lo siguiente:<\/p>\n\n\n\n<ul class=\"wp-block-list\"><li><strong>Materiales<\/strong>: se encontrar\u00e1n en el ambiente digital de aprendizaje referencia a lecturas, videos y otros recursos did\u00e1cticos complementarios.<\/li><li><strong>Interacci\u00f3n en plataforma<\/strong>: se podr\u00e1n utilizar herramientas de comunicaci\u00f3n como foros para el an\u00e1lisis de las tem\u00e1ticas planteadas.<\/li><li><strong>Actividades<\/strong>: se establecer\u00e1n consignas en cada clase que servir\u00e1n de evidencia de los aprendizajes de las y los estudiantes.<\/li><li><strong>Seguimiento de las y los estudiantes<\/strong>: el seguimiento ser\u00e1 constante, con el objetivo de acompa\u00f1ar y sostener el aprendizaje.<\/li><\/ul>\n\n\n\n<h2 class=\"wp-block-heading\" id=\"criterios-de-evaluacion\">Criterios de evaluaci\u00f3n<\/h2>\n\n\n\n<p class=\"wp-block-paragraph\">Los criterios de evaluaci\u00f3n son los siguientes:<\/p>\n\n\n\n<ul class=\"wp-block-list\"><li>Claridad en la expresi\u00f3n evitando sobre y malos entendidos.<\/li><li>Se observar\u00e1 el nivel de pertinencia del participante, sus posibilidades para aportar conceptos, dudas y comentarios.<\/li><li>Se prestar\u00e1 especial inter\u00e9s al nivel de disposici\u00f3n a la tarea y compromiso con el aprendizaje.<\/li><li>La evaluaci\u00f3n mantendr\u00e1 un enfoque hol\u00edstico que involucre lo cuantitativo y cualitativo.<\/li><li>El 100% de la calificaci\u00f3n se basar\u00e1 en el desempe\u00f1o, entregables y las pruebas de conocimiento.<\/li><\/ul>\n\n\n\n<p class=\"wp-block-paragraph\">Para aprobar es necesario cumplir en tiempo y forma los siguientes requisitos durante el desarrollo del curso:<\/p>\n\n\n\n<ul class=\"wp-block-list\"><li>Lectura reflexiva de los materiales.<\/li><li>Participaci\u00f3n activa y pertinente en las actividades que as\u00ed lo especifiquen.<\/li><li>Resoluci\u00f3n de las pruebas te\u00f3ricas que apliquen.<\/li><\/ul>\n\n\n\n<figure class=\"wp-block-table\"><table class=\"has-fixed-layout\"><thead><tr><th class=\"has-text-align-center\" data-align=\"center\">Evidencias<\/th><th class=\"has-text-align-center\" data-align=\"center\">Ponderaciones<\/th><\/tr><\/thead><tbody><tr><td class=\"has-text-align-center\" data-align=\"center\">Entregas parciales<\/td><td class=\"has-text-align-center\" data-align=\"center\">20%<\/td><\/tr><tr><td class=\"has-text-align-center\" data-align=\"center\">Pruebas de conocimiento<\/td><td class=\"has-text-align-center\" data-align=\"center\">10%<\/td><\/tr><tr><td class=\"has-text-align-center\" data-align=\"center\">Producto integrador<\/td><td class=\"has-text-align-center\" data-align=\"center\">70%<\/td><\/tr><tr><td class=\"has-text-align-center\" data-align=\"center\">Total:<\/td><td class=\"has-text-align-center\" data-align=\"center\">100%<\/td><\/tr><\/tbody><\/table><\/figure>\n\n\n\n<p class=\"wp-block-paragraph\">El cronograma de sesiones y entregables quedar\u00e1 distribuido de la siguiente forma:<\/p>\n\n\n\n<figure class=\"wp-block-table\"><table><thead><tr><th>Semana<\/th><th>Lectura<\/th><th>Actividades<\/th><\/tr><\/thead><tbody><tr><td>1<\/td><td>Introducci\u00f3n a la digitalizaci\u00f3n de experiencias de aprendizaje<\/td><td>Examen<\/td><\/tr><tr><td>1<\/td><td>Elaboraci\u00f3n de gu\u00eda did\u00e1ctica<\/td><td>Creaci\u00f3n de gu\u00eda did\u00e1ctica<\/td><\/tr><tr><td>2 &#8211; 3 <\/td><td>-Dise\u00f1o de experiencias de aprendizaje a trav\u00e9s de la curadur\u00eda de contenidos<\/td><td>Dise\u00f1o de clases digitales<\/td><\/tr><tr><td>4<\/td><td>&#8211; Creaci\u00f3n consignas y ex\u00e1menes<\/td><td>Dise\u00f1o de consignas y ex\u00e1menes<\/td><\/tr><tr><td>5<\/td><td>Presentaci\u00f3n de producto final<\/td><td>Entrega de experiencia de aprendizaje digitalizada<\/td><\/tr><\/tbody><\/table><\/figure>\n\n\n\n<h2 class=\"wp-block-heading\" id=\"creditos\">Cr\u00e9ditos <\/h2>\n\n\n\n<figure class=\"wp-block-table\"><table class=\"has-fixed-layout\"><thead><tr><th class=\"has-text-align-center\" data-align=\"center\"><strong>DESARROLLO Y PRODUCCI\u00d3N<\/strong><\/th><\/tr><\/thead><tbody><tr><td class=\"has-text-align-center\" data-align=\"center\">SEDigital<strong><br><\/strong>(Sistema de Educaci\u00f3n Digital)<\/td><\/tr><\/tbody><\/table><\/figure>\n\n\n\n<p class=\"wp-block-paragraph\"><\/p>\n","protected":false},"excerpt":{"rendered":"<p>Fundamentaci\u00f3n La integraci\u00f3n de las tecnolog\u00edas de la informaci\u00f3n y comunicaci\u00f3n (TIC) en la educaci\u00f3n se ha dado como un proceso continuo y constante. Diversas universidades ya tienen en su haber una oferta de educaci\u00f3n en l\u00ednea, sin embargo, una parte importante de los programas educativos siguen siendo impartidos de manera tradicional, sobre todo debido &#8230; <a title=\"Gu\u00eda did\u00e1ctica del Taller para la digitalizaci\u00f3n de experiencias de aprendizaje\" class=\"read-more\" href=\"https:\/\/blogs.ugto.mx\/rea\/guia-didactica-del-taller-para-la-digitalizacion-de-experiencias-de-aprendizaje\/\" aria-label=\"Leer m\u00e1s sobre Gu\u00eda did\u00e1ctica del Taller para la digitalizaci\u00f3n de experiencias de aprendizaje\">Leer m\u00e1s<\/a><\/p>\n","protected":false},"author":142,"featured_media":0,"comment_status":"closed","ping_status":"closed","sticky":false,"template":"","format":"standard","meta":{"_acf_changed":false,"_crdt_document":"","episode_type":"","audio_file":"","podmotor_file_id":"","podmotor_episode_id":"","cover_image":"","cover_image_id":"","duration":"","filesize":"","filesize_raw":"","date_recorded":"","explicit":"","block":"","itunes_episode_number":"","itunes_title":"","itunes_season_number":"","itunes_episode_type":"","footnotes":""},"categories":[180,422],"tags":[526,39],"class_list":["post-19057","post","type-post","status-publish","format-standard","hentry","category-cideap","category-taller-de-digitalizacion-de-unidades-de-aprendizaje","tag-edsh02583","tag-guia-didactica"],"acf":[],"jetpack_featured_media_url":"","_links":{"self":[{"href":"https:\/\/blogs.ugto.mx\/rea\/wp-json\/wp\/v2\/posts\/19057","targetHints":{"allow":["GET"]}}],"collection":[{"href":"https:\/\/blogs.ugto.mx\/rea\/wp-json\/wp\/v2\/posts"}],"about":[{"href":"https:\/\/blogs.ugto.mx\/rea\/wp-json\/wp\/v2\/types\/post"}],"author":[{"embeddable":true,"href":"https:\/\/blogs.ugto.mx\/rea\/wp-json\/wp\/v2\/users\/142"}],"replies":[{"embeddable":true,"href":"https:\/\/blogs.ugto.mx\/rea\/wp-json\/wp\/v2\/comments?post=19057"}],"version-history":[{"count":5,"href":"https:\/\/blogs.ugto.mx\/rea\/wp-json\/wp\/v2\/posts\/19057\/revisions"}],"predecessor-version":[{"id":19120,"href":"https:\/\/blogs.ugto.mx\/rea\/wp-json\/wp\/v2\/posts\/19057\/revisions\/19120"}],"wp:attachment":[{"href":"https:\/\/blogs.ugto.mx\/rea\/wp-json\/wp\/v2\/media?parent=19057"}],"wp:term":[{"taxonomy":"category","embeddable":true,"href":"https:\/\/blogs.ugto.mx\/rea\/wp-json\/wp\/v2\/categories?post=19057"},{"taxonomy":"post_tag","embeddable":true,"href":"https:\/\/blogs.ugto.mx\/rea\/wp-json\/wp\/v2\/tags?post=19057"}],"curies":[{"name":"wp","href":"https:\/\/api.w.org\/{rel}","templated":true}]}}