{"id":19533,"date":"2022-10-09T17:48:04","date_gmt":"2022-10-09T17:48:04","guid":{"rendered":"https:\/\/blogs.ugto.mx\/rea\/?p=19533"},"modified":"2022-10-14T15:17:09","modified_gmt":"2022-10-14T15:17:09","slug":"guia-didactica-modulo-vi-el-registro-publico-de-la-propiedad","status":"publish","type":"post","link":"https:\/\/blogs.ugto.mx\/rea\/guia-didactica-modulo-vi-el-registro-publico-de-la-propiedad\/","title":{"rendered":"Gu\u00eda did\u00e1ctica M\u00f3dulo VI. El Registro p\u00fablico de la propiedad"},"content":{"rendered":"\n\n\n<div class=\"wp-block-cover is-light\" style=\"min-height:284px;aspect-ratio:unset;\"><span aria-hidden=\"true\" class=\"wp-block-cover__background has-contrast-background-color has-background-dim-40 has-background-dim\"><\/span><img decoding=\"async\" class=\"wp-block-cover__image-background wp-image-19538\" alt=\"white and black concrete house near green trees under white sky during daytime\" src=\"data:image\/gif;base64,R0lGODlhAQABAIAAAAAAAP\/\/\/yH5BAEAAAAALAAAAAABAAEAAAIBRAA7\" data-src=\"https:\/\/blogs.ugto.mx\/rea\/wp-content\/uploads\/sites\/71\/2022\/10\/8l7gviejci0.jpg\" style=\"object-position:62% 64%\" data-object-fit=\"cover\" data-object-position=\"62% 64%\" \/><noscript><img loading=\"lazy\" decoding=\"async\" width=\"1600\" height=\"1067\" class=\"wp-block-cover__image-background wp-image-19538\" alt=\"white and black concrete house near green trees under white sky during daytime\" src=\"https:\/\/blogs.ugto.mx\/rea\/wp-content\/uploads\/sites\/71\/2022\/10\/8l7gviejci0.jpg\" style=\"object-position:62% 64%\" data-object-fit=\"cover\" data-object-position=\"62% 64%\" srcset=\"https:\/\/blogs.ugto.mx\/rea\/wp-content\/uploads\/sites\/71\/2022\/10\/8l7gviejci0.jpg 1600w, https:\/\/blogs.ugto.mx\/rea\/wp-content\/uploads\/sites\/71\/2022\/10\/8l7gviejci0-300x200.jpg 300w, https:\/\/blogs.ugto.mx\/rea\/wp-content\/uploads\/sites\/71\/2022\/10\/8l7gviejci0-1024x683.jpg 1024w, https:\/\/blogs.ugto.mx\/rea\/wp-content\/uploads\/sites\/71\/2022\/10\/8l7gviejci0-768x512.jpg 768w, https:\/\/blogs.ugto.mx\/rea\/wp-content\/uploads\/sites\/71\/2022\/10\/8l7gviejci0-1536x1024.jpg 1536w, https:\/\/blogs.ugto.mx\/rea\/wp-content\/uploads\/sites\/71\/2022\/10\/8l7gviejci0-272x182.jpg 272w\" sizes=\"auto, (max-width: 1600px) 100vw, 1600px\" \/><\/noscript><div class=\"wp-block-cover__inner-container is-layout-flow wp-block-cover-is-layout-flow\">\n<p class=\"has-text-align-center has-base-3-color has-text-color has-large-font-size wp-block-paragraph\">El Registro p\u00fablico de la propiedad<\/p>\n<\/div><\/div>\n\n\n\n<h2 class=\"wp-block-heading\" id=\"fundamentacion\">Fundamentaci\u00f3n <\/h2>\n\n\n\n<p class=\"wp-block-paragraph\">El Derecho registral es el conjunto de normas jur\u00eddicas que tienen por objeto la organizaci\u00f3n del registro p\u00fablico de la propiedad, abarcando el procedimiento de inscripci\u00f3n y los efectos de los derechos inscritos.<\/p>\n\n\n\n<p class=\"wp-block-paragraph\">Resulta indispensable en la funci\u00f3n notarial, conocer las facultades de la instituci\u00f3n del Registro P\u00fablico de la Propiedad, sus funciones y procesos de registro, que le permitan brindar una orientaci\u00f3n asertiva ante las consultas que le sean solicitadas por los particulares.<\/p>\n\n\n\n<h2 class=\"wp-block-heading\" id=\"competencia-general\">Objetivo<\/h2>\n\n\n\n<p class=\"wp-block-paragraph\">Conocer el fundamento del derecho registral, su operaci\u00f3n a trav\u00e9s del Registro p\u00fablico de la propiedad, el sistema utilizado en el Estado; los principios y procedimientos registrales; as\u00ed como los requisitos para inconformarse ante un acto registral.<\/p>\n\n\n\n<h2 class=\"wp-block-heading\" id=\"contenidos-tematicos\">Contenidos tem\u00e1ticos<\/h2>\n\n\n\n<ol class=\"wp-block-list\"><li>Del derecho registral<\/li><li>Registro p\u00fablico de la propiedad que regula el C\u00f3digo Civil<\/li><li>Sistemas registrales<\/li><li>Principios que rigen al sistema registral<\/li><li>Del procedimiento registral<\/li><li>Recurso de inconformidad<\/li><\/ol>\n\n\n\n<h2 class=\"wp-block-heading\" id=\"criterios-de-evaluacion\">Criterios de evaluaci\u00f3n<\/h2>\n\n\n\n<p class=\"wp-block-paragraph\">Para aprobar es necesario cumplir en tiempo y forma los siguientes requisitos durante el desarrollo de la unidad de aprendizaje:<\/p>\n\n\n\n<ul class=\"wp-block-list\"><li>Lectura reflexiva de los materiales.<\/li><li>Participaci\u00f3n pertinente en las actividades que as\u00ed lo especifiquen.<\/li><li>Resoluci\u00f3n de las pruebas te\u00f3ricas que apliquen.<\/li><\/ul>\n\n\n\n<p class=\"wp-block-paragraph\">Las ponderaciones en el proceso de evaluaci\u00f3n se basar\u00e1n en los siguientes porcentajes:<\/p>\n\n\n\n<figure class=\"wp-block-table\"><table class=\"has-fixed-layout\"><thead><tr><th class=\"has-text-align-center\" data-align=\"center\">Evidencia<\/th><th class=\"has-text-align-center\" data-align=\"center\">Ponderaci\u00f3n<\/th><\/tr><\/thead><tbody><tr><td class=\"has-text-align-center\" data-align=\"center\">Prueba general de conocimiento<\/td><td class=\"has-text-align-center\" data-align=\"center\">100%<\/td><\/tr><tr><td class=\"has-text-align-center\" data-align=\"center\">Total:<\/td><td class=\"has-text-align-center\" data-align=\"center\">100%<\/td><\/tr><\/tbody><\/table><\/figure>\n\n\n\n<h2 class=\"wp-block-heading\" id=\"creditos\">Cr\u00e9ditos <\/h2>\n\n\n\n<h4 class=\"wp-block-heading\">Presentaci\u00f3n del autora del m\u00f3dulo<\/h4>\n\n\n\n<p class=\"wp-block-paragraph\"><strong>Rodolfo Gerardo V\u00e1zquez Alvarado<\/strong><\/p>\n\n\n\n<p class=\"wp-block-paragraph\">Es Licenciado en Derecho, con estudios de Especialidad en Notario P\u00fablico y Maestr\u00eda en Administraci\u00f3n P\u00fablica por la Universidad de Guanajuato; de Especialidad en Justicia Administrativa por el Tribunal de lo Contencioso Administrativo del Estado de Guanajuato y de Especialidad en Derecho Tributario por la Universidad de Castilla-La Mancha, Espa\u00f1a.<\/p>\n\n\n\n<p class=\"wp-block-paragraph\">Ha desempe\u00f1ado los cargos de Director General de Auditor\u00eda Fiscal, Secretario Particular del C. Secretario, Director de Ingresos y Difusi\u00f3n Fiscal y Jefe del Departamento de Licencias y Permisos en la Secretar\u00eda de Finanzas y Administraci\u00f3n del Gobierno del Estado de Guanajuato. Director de Responsabilidades e Inconformidades en la Secretar\u00eda de la Gesti\u00f3n P\u00fablica del Gobierno del Estado; Consejero Propietario Municipal de Villagr\u00e1n en el Instituto Electoral del Estado de Guanajuato; Director de Asuntos Jur\u00eddicos del SIMAPAG y Director de Investigaciones, Quejas, Denuncias y Sugerencias en la Contralor\u00eda Municipal de Guanajuato.<\/p>\n\n\n\n<p class=\"wp-block-paragraph\">Actualmente es Profesor de las materias de Derecho Procesal Fiscal, Derecho Aduanero y Derecho Registral en la Licenciatura en Derecho de la Divisi\u00f3n de Derecho, Pol\u00edtica y Gobierno de la Universidad de Guanajuato; y Titular de la Notar\u00eda P\u00fablica n\u00famero 5 del Partido Judicial de Cortazar, Guanajuato. con residencia en Villagr\u00e1n.<\/p>\n\n\n\n<h4 class=\"wp-block-heading\">Fuentes de informaci\u00f3n<\/h4>\n\n\n\n<ul class=\"wp-block-list\"><li><a href=\"https:\/\/drive.google.com\/file\/d\/1pVEb1bkJQZSnkuv6-6ahu3reXqxIyBwG\/view\" target=\"_blank\" rel=\"noreferrer noopener\">Reglamento del Registro P\u00fablico de la Propiedad<\/a><\/li><li><a href=\"https:\/\/drive.google.com\/file\/d\/142cwnAqOgIJhEqWZ4Ln3yQ2L8DvxCPyy\/view\" target=\"_blank\" rel=\"noreferrer noopener\">Ley del Notariado para el Estado de Guanajuato<\/a><\/li><\/ul>\n","protected":false},"excerpt":{"rendered":"<p>Fundamentaci\u00f3n El Derecho registral es el conjunto de normas jur\u00eddicas que tienen por objeto la organizaci\u00f3n del registro p\u00fablico de la propiedad, abarcando el procedimiento de inscripci\u00f3n y los efectos de los derechos inscritos. Resulta indispensable en la funci\u00f3n notarial, conocer las facultades de la instituci\u00f3n del Registro P\u00fablico de la Propiedad, sus funciones y &#8230; <a title=\"Gu\u00eda did\u00e1ctica M\u00f3dulo VI. El Registro p\u00fablico de la propiedad\" class=\"read-more\" href=\"https:\/\/blogs.ugto.mx\/rea\/guia-didactica-modulo-vi-el-registro-publico-de-la-propiedad\/\" aria-label=\"Leer m\u00e1s sobre Gu\u00eda did\u00e1ctica M\u00f3dulo VI. El Registro p\u00fablico de la propiedad\">Leer m\u00e1s<\/a><\/p>\n","protected":false},"author":142,"featured_media":0,"comment_status":"closed","ping_status":"closed","sticky":false,"template":"","format":"standard","meta":{"_acf_changed":false,"_crdt_document":"","episode_type":"","audio_file":"","podmotor_file_id":"","podmotor_episode_id":"","cover_image":"","cover_image_id":"","duration":"","filesize":"","filesize_raw":"","date_recorded":"","explicit":"","block":"","itunes_episode_number":"","itunes_title":"","itunes_season_number":"","itunes_episode_type":"","footnotes":""},"categories":[512,538],"tags":[514,39,535],"class_list":["post-19533","post","type-post","status-publish","format-standard","hentry","category-diplomado-actualizacion-en-temas-notariales","category-modulo-vi-el-registro-publico-de-la-propiedad","tag-edsh04577","tag-guia-didactica","tag-rodolfo-gerardo-vazquez-alvarado"],"acf":[],"jetpack_featured_media_url":"","_links":{"self":[{"href":"https:\/\/blogs.ugto.mx\/rea\/wp-json\/wp\/v2\/posts\/19533","targetHints":{"allow":["GET"]}}],"collection":[{"href":"https:\/\/blogs.ugto.mx\/rea\/wp-json\/wp\/v2\/posts"}],"about":[{"href":"https:\/\/blogs.ugto.mx\/rea\/wp-json\/wp\/v2\/types\/post"}],"author":[{"embeddable":true,"href":"https:\/\/blogs.ugto.mx\/rea\/wp-json\/wp\/v2\/users\/142"}],"replies":[{"embeddable":true,"href":"https:\/\/blogs.ugto.mx\/rea\/wp-json\/wp\/v2\/comments?post=19533"}],"version-history":[{"count":2,"href":"https:\/\/blogs.ugto.mx\/rea\/wp-json\/wp\/v2\/posts\/19533\/revisions"}],"predecessor-version":[{"id":19539,"href":"https:\/\/blogs.ugto.mx\/rea\/wp-json\/wp\/v2\/posts\/19533\/revisions\/19539"}],"wp:attachment":[{"href":"https:\/\/blogs.ugto.mx\/rea\/wp-json\/wp\/v2\/media?parent=19533"}],"wp:term":[{"taxonomy":"category","embeddable":true,"href":"https:\/\/blogs.ugto.mx\/rea\/wp-json\/wp\/v2\/categories?post=19533"},{"taxonomy":"post_tag","embeddable":true,"href":"https:\/\/blogs.ugto.mx\/rea\/wp-json\/wp\/v2\/tags?post=19533"}],"curies":[{"name":"wp","href":"https:\/\/api.w.org\/{rel}","templated":true}]}}