{"id":22693,"date":"2023-05-19T14:48:40","date_gmt":"2023-05-19T14:48:40","guid":{"rendered":"https:\/\/blogs.ugto.mx\/rea\/?p=22693"},"modified":"2023-05-19T14:49:08","modified_gmt":"2023-05-19T14:49:08","slug":"guia-didactica-bases-teoricas-y-fundamentos-de-la-fisioterapia-y-terapia-ocupacional","status":"publish","type":"post","link":"https:\/\/blogs.ugto.mx\/rea\/guia-didactica-bases-teoricas-y-fundamentos-de-la-fisioterapia-y-terapia-ocupacional\/","title":{"rendered":"Gu\u00eda did\u00e1ctica Bases te\u00f3ricas y Fundamentos de la fisioterapia y Terapia ocupacional"},"content":{"rendered":"\n\n\n<div class=\"wp-block-cover is-light\" style=\"min-height:284px;aspect-ratio:unset;\"><span aria-hidden=\"true\" class=\"wp-block-cover__background has-contrast-background-color has-background-dim-40 has-background-dim\"><\/span><img decoding=\"async\" class=\"wp-block-cover__image-background wp-image-23014\" alt=\"hands, massage, treatment\" src=\"data:image\/gif;base64,R0lGODlhAQABAIAAAAAAAP\/\/\/yH5BAEAAAAALAAAAAABAAEAAAIBRAA7\" data-src=\"https:\/\/blogs.ugto.mx\/rea\/wp-content\/uploads\/sites\/71\/2023\/01\/1327811.jpg\" style=\"object-position:49% 49%\" data-object-fit=\"cover\" data-object-position=\"49% 49%\" \/><noscript><img loading=\"lazy\" decoding=\"async\" width=\"1280\" height=\"850\" class=\"wp-block-cover__image-background wp-image-23014\" alt=\"hands, massage, treatment\" src=\"https:\/\/blogs.ugto.mx\/rea\/wp-content\/uploads\/sites\/71\/2023\/01\/1327811.jpg\" style=\"object-position:49% 49%\" data-object-fit=\"cover\" data-object-position=\"49% 49%\" srcset=\"https:\/\/blogs.ugto.mx\/rea\/wp-content\/uploads\/sites\/71\/2023\/01\/1327811.jpg 1280w, https:\/\/blogs.ugto.mx\/rea\/wp-content\/uploads\/sites\/71\/2023\/01\/1327811-300x199.jpg 300w, https:\/\/blogs.ugto.mx\/rea\/wp-content\/uploads\/sites\/71\/2023\/01\/1327811-1024x680.jpg 1024w, https:\/\/blogs.ugto.mx\/rea\/wp-content\/uploads\/sites\/71\/2023\/01\/1327811-768x510.jpg 768w, https:\/\/blogs.ugto.mx\/rea\/wp-content\/uploads\/sites\/71\/2023\/01\/1327811-272x182.jpg 272w\" sizes=\"auto, (max-width: 1280px) 100vw, 1280px\" \/><\/noscript><div class=\"wp-block-cover__inner-container is-layout-flow wp-block-cover-is-layout-flow\">\n<p class=\"has-text-align-center has-base-3-color has-text-color has-large-font-size wp-block-paragraph\">Bases te\u00f3ricas y Fundamentos de la fisioterapia y Terapia ocupacional<\/p>\n<\/div><\/div>\n\n\n\n<h2 class=\"wp-block-heading\" id=\"fundamentacion\">Fundamentaci\u00f3n <\/h2>\n\n\n\n<p class=\"wp-block-paragraph\">Esta Unidad de aprendizaje reside en que el alumno identifica y aborda contenidos hist\u00f3ricos y te\u00f3ricos de la Fisioterapia y Terapia Ocupacional para su posterior aplicaci\u00f3n en las dem\u00e1s unidades de aprendizajes. El alumno identificar\u00e1 y conocer\u00e1 el concepto de Fisioterapia y Terapia Ocupacional basada en la evidencia y manejar\u00e1 las herramientas y recursos b\u00e1sicos de la misma.<\/p>\n\n\n\n<p class=\"wp-block-paragraph\">Es relevante para el desarrollo de las competencias espec\u00edficas del Programa Educativo que se\u00f1ala que el estudiante \u201cReconoce las bases te\u00f3ricas y fundamentos de la fisioterapia y su relaci\u00f3n con otras disciplinas con un pensamiento cr\u00edtico e innovador\u201d e \u201cIntegra el conocimiento de las ciencias en el ejercicio y desarrollo de su profesi\u00f3n\u201d. Va dirigida a los estudiantes de primer semestre de la Licenciatura en Fisioterapia.<\/p>\n\n\n\n<h2 class=\"wp-block-heading\" id=\"competencia-general\">Competencia general<\/h2>\n\n\n\n<p class=\"wp-block-paragraph\">Identifica los marcos conceptuales te\u00f3ricos y principios de la Fisioterapia y Terapia Ocupacional, as\u00ed como el manejo de las herramientas y recursos b\u00e1sicos de la misma, en las distintas metodolog\u00edas de la investigaci\u00f3n en la que se sustenta la Fisioterapia y la Terapia Ocupacional para su aplicaci\u00f3n.<\/p>\n\n\n\n<h2 class=\"wp-block-heading\" id=\"contenidos-tematicos\">Contenidos tem\u00e1ticos<\/h2>\n\n\n\n<ol class=\"wp-block-list\">\n<li>Introducci\u00f3n\n<ul class=\"wp-block-list\">\n<li>Conceptos:\n<ul class=\"wp-block-list\">\n<li>Principios de la clasificaci\u00f3n internacional del funcionamiento de la Discapacidad y de la Salud (C.I.F)<\/li>\n\n\n\n<li>Rehabilitaci\u00f3n m\u00e9dica<\/li>\n\n\n\n<li>Rehabilitaci\u00f3n Social<\/li>\n\n\n\n<li>Rehabilitaci\u00f3n Profesional<\/li>\n\n\n\n<li>Fisioterapia<\/li>\n\n\n\n<li>Terapia Ocupacional<\/li>\n\n\n\n<li>Discapacidad<\/li>\n<\/ul>\n<\/li>\n<\/ul>\n<\/li>\n\n\n\n<li>Antecedentes hist\u00f3ricos de la Fisioterapia\n<ul class=\"wp-block-list\">\n<li>Antecedentes hist\u00f3ricos de la Terapia Ocupacional<\/li>\n\n\n\n<li>Introducci\u00f3n a la Fisioterapia, Terapia Ocupacional en M\u00e9xico<\/li>\n<\/ul>\n<\/li>\n\n\n\n<li>La Fisioterapia y Terapia Ocupacional como ciencia\n<ul class=\"wp-block-list\">\n<li>Conocimiento cient\u00edfico<\/li>\n\n\n\n<li>Caracter\u00edsticas de disciplina cient\u00edfica<\/li>\n\n\n\n<li>M\u00e9todo cient\u00edfico<\/li>\n\n\n\n<li>Conocimiento adquirido de la pr\u00e1ctica<\/li>\n\n\n\n<li>Fundamentos conceptuales como capas conc\u00e9ntricas del conocimiento<\/li>\n\n\n\n<li>Art\u00edculo cient\u00edfico<\/li>\n<\/ul>\n<\/li>\n\n\n\n<li>Fundamentos de la investigaci\u00f3n en Fisioterapia y Terapia Ocupacional\n<ul class=\"wp-block-list\">\n<li>Conocimiento cient\u00edfico<\/li>\n\n\n\n<li>Paradigma y principales enfoques metodol\u00f3gicos de investigaci\u00f3n<\/li>\n\n\n\n<li>Modelos conceptuales de la pr\u00e1ctica<\/li>\n\n\n\n<li>Conocimiento relacionado<\/li>\n\n\n\n<li>M\u00e9todos de investigaci\u00f3n que se deben aplicar en Fisioterapia<\/li>\n<\/ul>\n<\/li>\n\n\n\n<li>Marcos te\u00f3ricos de la Fisioterapia\n<ul class=\"wp-block-list\">\n<li>Teor\u00edas generales<\/li>\n\n\n\n<li>Teor\u00edas b\u00e1sicas<\/li>\n\n\n\n<li>Teor\u00edas propias de la fisioterapia<\/li>\n\n\n\n<li>Marco conceptual.<\/li>\n<\/ul>\n<\/li>\n\n\n\n<li>Principios B\u00e1sicos de la Terapia Ocupacional\n<ul class=\"wp-block-list\">\n<li>Base conceptual de la Terapia Ocupacional<\/li>\n\n\n\n<li>Marcos de referencias Te\u00f3ricos<\/li>\n<\/ul>\n<\/li>\n\n\n\n<li>El m\u00e9todo de intervenci\u00f3n de la fisioterapia\n<ul class=\"wp-block-list\">\n<li>CIF<\/li>\n\n\n\n<li>Valoraci\u00f3n<\/li>\n\n\n\n<li>An\u00e1lisis de datos<\/li>\n\n\n\n<li>Formulaci\u00f3n del plan de tratamiento<\/li>\n\n\n\n<li>Aplicaci\u00f3n del tratamiento<\/li>\n\n\n\n<li>Evaluaci\u00f3n<\/li>\n\n\n\n<li>Registro de documentos<\/li>\n<\/ul>\n<\/li>\n<\/ol>\n\n\n\n<h2 class=\"wp-block-heading\">Metodolog\u00eda del trabajo<\/h2>\n\n\n\n<p class=\"wp-block-paragraph\">Para el trabajo a distancia mediante la plataforma de educaci\u00f3n se deber\u00e1 considerar lo siguiente:<\/p>\n\n\n\n<ul class=\"wp-block-list\">\n<li><strong>Materiales:<\/strong> se encontrar\u00e1n en el ambiente digital de aprendizaje referencia a lecturas, videos y otros recursos did\u00e1cticos complementarios.<\/li>\n\n\n\n<li><strong>Interacci\u00f3n en plataforma:<\/strong> se podr\u00e1n utilizar herramientas de comunicaci\u00f3n como foros para el an\u00e1lisis de las tem\u00e1ticas planteadas.<\/li>\n\n\n\n<li><strong>Actividades:<\/strong> se establecer\u00e1n consignas que servir\u00e1n de evidencia de los aprendizajes del estudiante.<\/li>\n\n\n\n<li><strong>Seguimiento del participante:<\/strong> el seguimiento ser\u00e1 constante, con el objetivo de acompa\u00f1ar y sostener el aprendizaje.<\/li>\n<\/ul>\n\n\n\n<h2 class=\"wp-block-heading\" id=\"criterios-de-evaluacion\">Criterios de evaluaci\u00f3n<\/h2>\n\n\n\n<p class=\"wp-block-paragraph\">Los criterios de evaluaci\u00f3n son los siguientes:<\/p>\n\n\n\n<ul class=\"wp-block-list\">\n<li>Claridad en la expresi\u00f3n evitando sobre y malos entendidos.<\/li>\n\n\n\n<li>Se observar\u00e1 el nivel de pertinencia del participante, sus posibilidades para aportar conceptos, dudas y comentarios.<\/li>\n\n\n\n<li>Se prestar\u00e1 especial inter\u00e9s al nivel de disposici\u00f3n a la tarea y compromiso con el aprendizaje.<\/li>\n\n\n\n<li>La evaluaci\u00f3n mantendr\u00e1 un enfoque hol\u00edstico que involucre lo cuantitativo y cualitativo.<\/li>\n\n\n\n<li>El 100% de la calificaci\u00f3n se basar\u00e1 en el desempe\u00f1o, entregables y las pruebas de conocimiento.<\/li>\n<\/ul>\n\n\n\n<p class=\"wp-block-paragraph\">Para aprobar es necesario cumplir en tiempo y forma los siguientes requisitos durante el desarrollo del curso:<\/p>\n\n\n\n<ul class=\"wp-block-list\">\n<li>Lectura reflexiva de los materiales.<\/li>\n\n\n\n<li>Participaci\u00f3n activa y pertinente en las actividades que as\u00ed lo especifiquen.<\/li>\n\n\n\n<li>Resoluci\u00f3n de las pruebas te\u00f3ricas que apliquen.<\/li>\n<\/ul>\n\n\n\n<h2 class=\"wp-block-heading\" id=\"creditos\">Cr\u00e9ditos <\/h2>\n\n\n\n<figure class=\"wp-block-table\"><table class=\"has-fixed-layout\"><thead><tr><th class=\"has-text-align-center\" data-align=\"center\">Autora<\/th><th class=\"has-text-align-center\" data-align=\"center\"><strong>DESARROLLO Y PRODUCCI\u00d3N<\/strong><\/th><\/tr><\/thead><tbody><tr><td class=\"has-text-align-center\" data-align=\"center\">Mar\u00eda Guadalupe Mart\u00ednez Lemus<\/td><td class=\"has-text-align-center\" data-align=\"center\">SEDigital<strong><br><\/strong>(Sistema de Educaci\u00f3n Digital)<\/td><\/tr><\/tbody><\/table><\/figure>\n","protected":false},"excerpt":{"rendered":"<p>Fundamentaci\u00f3n Esta Unidad de aprendizaje reside en que el alumno identifica y aborda contenidos hist\u00f3ricos y te\u00f3ricos de la Fisioterapia y Terapia Ocupacional para su posterior aplicaci\u00f3n en las dem\u00e1s unidades de aprendizajes. El alumno identificar\u00e1 y conocer\u00e1 el concepto de Fisioterapia y Terapia Ocupacional basada en la evidencia y manejar\u00e1 las herramientas y recursos &#8230; <a title=\"Gu\u00eda did\u00e1ctica Bases te\u00f3ricas y Fundamentos de la fisioterapia y Terapia ocupacional\" class=\"read-more\" href=\"https:\/\/blogs.ugto.mx\/rea\/guia-didactica-bases-teoricas-y-fundamentos-de-la-fisioterapia-y-terapia-ocupacional\/\" aria-label=\"Leer m\u00e1s sobre Gu\u00eda did\u00e1ctica Bases te\u00f3ricas y Fundamentos de la fisioterapia y Terapia ocupacional\">Leer m\u00e1s<\/a><\/p>\n","protected":false},"author":142,"featured_media":0,"comment_status":"closed","ping_status":"closed","sticky":false,"template":"","format":"standard","meta":{"_acf_changed":false,"_crdt_document":"","episode_type":"","audio_file":"","podmotor_file_id":"","podmotor_episode_id":"","cover_image":"","cover_image_id":"","duration":"","filesize":"","filesize_raw":"","date_recorded":"","explicit":"","block":"","itunes_episode_number":"","itunes_title":"","itunes_season_number":"","itunes_episode_type":"","footnotes":""},"categories":[611,612],"tags":[39,614,613],"class_list":["post-22693","post","type-post","status-publish","format-standard","hentry","category-licenciatura-en-fisioterapia","category-uda-bases-teoricas-y-fundamentos-de-la-fisioterapia-y-terapia-ocupacional","tag-guia-didactica","tag-maria-guadalupe-martinez-lemus","tag-scli03053"],"acf":[],"jetpack_featured_media_url":"","_links":{"self":[{"href":"https:\/\/blogs.ugto.mx\/rea\/wp-json\/wp\/v2\/posts\/22693","targetHints":{"allow":["GET"]}}],"collection":[{"href":"https:\/\/blogs.ugto.mx\/rea\/wp-json\/wp\/v2\/posts"}],"about":[{"href":"https:\/\/blogs.ugto.mx\/rea\/wp-json\/wp\/v2\/types\/post"}],"author":[{"embeddable":true,"href":"https:\/\/blogs.ugto.mx\/rea\/wp-json\/wp\/v2\/users\/142"}],"replies":[{"embeddable":true,"href":"https:\/\/blogs.ugto.mx\/rea\/wp-json\/wp\/v2\/comments?post=22693"}],"version-history":[{"count":5,"href":"https:\/\/blogs.ugto.mx\/rea\/wp-json\/wp\/v2\/posts\/22693\/revisions"}],"predecessor-version":[{"id":23898,"href":"https:\/\/blogs.ugto.mx\/rea\/wp-json\/wp\/v2\/posts\/22693\/revisions\/23898"}],"wp:attachment":[{"href":"https:\/\/blogs.ugto.mx\/rea\/wp-json\/wp\/v2\/media?parent=22693"}],"wp:term":[{"taxonomy":"category","embeddable":true,"href":"https:\/\/blogs.ugto.mx\/rea\/wp-json\/wp\/v2\/categories?post=22693"},{"taxonomy":"post_tag","embeddable":true,"href":"https:\/\/blogs.ugto.mx\/rea\/wp-json\/wp\/v2\/tags?post=22693"}],"curies":[{"name":"wp","href":"https:\/\/api.w.org\/{rel}","templated":true}]}}