{"id":2274,"date":"2021-11-27T22:29:58","date_gmt":"2021-11-27T22:29:58","guid":{"rendered":"https:\/\/blogs.ugto.mx\/rea\/?p=2274"},"modified":"2022-02-08T20:51:12","modified_gmt":"2022-02-08T20:51:12","slug":"clase-digital-5-principio-de-estado-de-equilibrio-estable","status":"publish","type":"post","link":"https:\/\/blogs.ugto.mx\/rea\/clase-digital-5-principio-de-estado-de-equilibrio-estable\/","title":{"rendered":"Clase digital 5: Principio de estado de equilibrio estable"},"content":{"rendered":"\n\n\n<div class=\"wp-block-cover\" style=\"min-height:284px;aspect-ratio:unset;\"><span aria-hidden=\"true\" class=\"has-background-dim-40 wp-block-cover__gradient-background has-background-dim\"><\/span><img decoding=\"async\" class=\"wp-block-cover__image-background wp-image-2275\" alt=\"\" src=\"data:image\/gif;base64,R0lGODlhAQABAIAAAAAAAP\/\/\/yH5BAEAAAAALAAAAAABAAEAAAIBRAA7\" data-src=\"https:\/\/blogs.ugto.mx\/rea\/wp-content\/uploads\/sites\/71\/2021\/11\/gyrrwzwqm5y.jpg\" style=\"object-position:60% 48%\" data-object-fit=\"cover\" data-object-position=\"60% 48%\" \/><noscript><img loading=\"lazy\" decoding=\"async\" width=\"960\" height=\"1200\" class=\"wp-block-cover__image-background wp-image-2275\" alt=\"\" src=\"https:\/\/blogs.ugto.mx\/rea\/wp-content\/uploads\/sites\/71\/2021\/11\/gyrrwzwqm5y.jpg\" style=\"object-position:60% 48%\" data-object-fit=\"cover\" data-object-position=\"60% 48%\" srcset=\"https:\/\/blogs.ugto.mx\/rea\/wp-content\/uploads\/sites\/71\/2021\/11\/gyrrwzwqm5y.jpg 960w, https:\/\/blogs.ugto.mx\/rea\/wp-content\/uploads\/sites\/71\/2021\/11\/gyrrwzwqm5y-240x300.jpg 240w, https:\/\/blogs.ugto.mx\/rea\/wp-content\/uploads\/sites\/71\/2021\/11\/gyrrwzwqm5y-819x1024.jpg 819w, https:\/\/blogs.ugto.mx\/rea\/wp-content\/uploads\/sites\/71\/2021\/11\/gyrrwzwqm5y-768x960.jpg 768w\" sizes=\"auto, (max-width: 960px) 100vw, 960px\" \/><\/noscript><div class=\"wp-block-cover__inner-container is-layout-flow wp-block-cover-is-layout-flow\">\n<p class=\"has-text-align-center has-base-3-color has-text-color has-large-font-size wp-block-paragraph\">Principio de estado de equilibrio estable<\/p>\n<\/div><\/div>\n\n\n\n<h2 class=\"wp-block-heading\" id=\"introduccion\">Introducci\u00f3n<\/h2>\n\n\n\n<p class=\"wp-block-paragraph\">\u00a1Hola!<\/p>\n\n\n\n<p class=\"wp-block-paragraph\">Me siento muy feliz al saber que sigues aprovechando este curso, espero que lo sigas disfrutando, por lo tanto te invito a comenzar nuestra quinta clase con el tema: Principio de estado de equilibrio estable.<\/p>\n\n\n\n<p class=\"wp-block-paragraph\">En la clase digital 2, se revis\u00f3 el principio de estado. Se mencion\u00f3 que para conocer el estado termodin\u00e1mico de una sustancia se requieren al menos dos propiedades independientes. Por otro lado, en la clase digital 1 se mencion\u00f3 la existencia de las escalas de temperatura y se habl\u00f3 de manera superficial sobre los tipos de presi\u00f3n y su definici\u00f3n. En esta quinta sesi\u00f3n, se revisar\u00e1 a fondo el tema de la presi\u00f3n y temperatura y se plantear\u00e1 una metodolog\u00eda para la soluci\u00f3n de ejercicios para el c\u00e1lculo de la presi\u00f3n en man\u00f3metros.<\/p>\n\n\n\n<p class=\"wp-block-paragraph\">Tambi\u00e9n se revisar\u00e1 el concepto de temperatura y c\u00f3mo influye esta variable en algunos procesos termodin\u00e1micos. Tanto la presi\u00f3n como la temperatura son variables intensivas independientes y son las m\u00e1s utilizadas para la determinaci\u00f3n de propiedades termof\u00edsicas de manera experimental. Par\u00e1metros como volumen espec\u00edfico, energ\u00eda interna, entalp\u00eda y entrop\u00eda, est\u00e1n en funci\u00f3n de estas dos variables intensivas. La determinaci\u00f3n de propiedades se puede realizar mediante el uso de Tablas Termodin\u00e1mica o de un software especializado, considerando por lo general temperatura y presi\u00f3n.&nbsp;<\/p>\n\n\n\n<p class=\"wp-block-paragraph\">Finalmente, se revisar\u00e1 el concepto de potencial termodin\u00e1mico y se mostrar\u00e1 su definici\u00f3n a partir de una f\u00f3rmula y las variables naturales que est\u00e1n asociadas a \u00e9ste. Esta quinta sesi\u00f3n tiene como principal objetivo que el estudiante se familiarice con las variables de temperatura y presi\u00f3n y con ello comprenda el alcance que tienen para el planteamiento y soluci\u00f3n de problemas que demandan el c\u00e1lculo de estados termodin\u00e1micos. Es as\u00ed que, como parte del complemento para esta clase, se dejar\u00e1 como consigna, que revises el uso de software especializado para la determinaci\u00f3n de propiedades termof\u00edsicas.<\/p>\n\n\n\n<p class=\"wp-block-paragraph\">Una vez revisado lo anterior, \u00bfqu\u00e9 te parece s\u00ed entramos en materia?<\/p>\n\n\n\n<h2 class=\"wp-block-heading\" id=\"desarrollo-del-tema\">Desarrollo del tema <\/h2>\n\n\n\n<p class=\"wp-block-paragraph\">En Termodin\u00e1mica, uno de los aspectos fundamentales a considerar es que se trabaja con estados de equilibrio. El equilibrio se define como un estado de balance, es decir, donde no se experimentan cambios cuando el sistema es aislado de sus alrededores.<\/p>\n\n\n\n<p class=\"wp-block-paragraph\">Existen diversos tipos de equilibrio como lo son el equilibrio t\u00e9rmico, el equilibrio mec\u00e1nico, el equilibrio qu\u00edmico, por mencionar algunos. A continuaci\u00f3n, se menciona la definici\u00f3n de cada uno de estos tipos de equilibrio.<\/p>\n\n\n\n<ul class=\"wp-block-list\"><li><strong>Equilibrio t\u00e9rmico<\/strong>: Este tipo de equilibrio se da cuando el sistema tiene una temperatura homog\u00e9nea.<\/li><li><strong>Equilibrio mec\u00e1nico<\/strong>: El equilibrio mec\u00e1nico se relaciona con la presi\u00f3n, y un sistema que tiene equilibrio mec\u00e1nico cuando transcurre el tiempo, no presenta cambio en la presi\u00f3n en ninguno de sus puntos, es decir, mantiene presi\u00f3n homog\u00e9nea.<\/li><li><strong>Equilibrio qu\u00edmico<\/strong>: Se dice que un sistema est\u00e1 en equilibrio qu\u00edmico, si su composici\u00f3n qu\u00edmica no cambia con el tiempo, es decir, si mantiene composici\u00f3n qu\u00edmica homog\u00e9nea invariable con el tiempo.<\/li><\/ul>\n\n\n\n<h4 class=\"wp-block-heading\" id=\"principio-de-estado-y-relacion-y-relacion-fundamental\">Principio de estado y relaci\u00f3n y relaci\u00f3n fundamental<\/h4>\n\n\n\n<p class=\"wp-block-paragraph\">Como se mencion\u00f3 en la introducci\u00f3n de esta quinta sesi\u00f3n, ya se revis\u00f3 previamente el principio de estado termodin\u00e1mico en la clase 2 de este curso, por lo cual en este apartado se abordar\u00e1 \u00fanicamente la relaci\u00f3n fundamental para no repetir informaci\u00f3n.<\/p>\n\n\n\n<p class=\"wp-block-paragraph\">En Termodin\u00e1mica, la relaci\u00f3n fundamental se expresa generalmente como cambio microsc\u00f3pico de la energ\u00eda interna en t\u00e9rminos de cambios microsc\u00f3picos de entrop\u00eda y de volumen de un sistema cerrado en equilibrio t\u00e9rmico de la manera siguiente:<\/p>\n\n\n\n<div class=\"wp-block-image\"><figure class=\"aligncenter size-full\"><img decoding=\"async\" src=\"data:image\/gif;base64,R0lGODlhAQABAIAAAAAAAP\/\/\/yH5BAEAAAAALAAAAAABAAEAAAIBRAA7\" data-src=\"https:\/\/blogs.ugto.mx\/rea\/wp-content\/uploads\/sites\/71\/2021\/11\/Captura-de-Pantalla-2021-11-26-a-las-10.10.38.png\" alt=\"\" class=\"wp-image-2276\" \/><noscript><img loading=\"lazy\" decoding=\"async\" width=\"915\" height=\"38\" src=\"https:\/\/blogs.ugto.mx\/rea\/wp-content\/uploads\/sites\/71\/2021\/11\/Captura-de-Pantalla-2021-11-26-a-las-10.10.38.png\" alt=\"\" class=\"wp-image-2276\" srcset=\"https:\/\/blogs.ugto.mx\/rea\/wp-content\/uploads\/sites\/71\/2021\/11\/Captura-de-Pantalla-2021-11-26-a-las-10.10.38.png 915w, https:\/\/blogs.ugto.mx\/rea\/wp-content\/uploads\/sites\/71\/2021\/11\/Captura-de-Pantalla-2021-11-26-a-las-10.10.38-300x12.png 300w, https:\/\/blogs.ugto.mx\/rea\/wp-content\/uploads\/sites\/71\/2021\/11\/Captura-de-Pantalla-2021-11-26-a-las-10.10.38-768x32.png 768w\" sizes=\"auto, (max-width: 915px) 100vw, 915px\" \/><\/noscript><\/figure><\/div>\n\n\n\n<p class=\"wp-block-paragraph\"><em><strong>Aqu\u00ed:<\/strong><\/em><\/p>\n\n\n\n<p class=\"wp-block-paragraph\"><strong>U<\/strong>&nbsp;es la energ\u00eda interna<br><strong>T<\/strong>&nbsp;es la temperatura absoluta<br><strong>S<\/strong>&nbsp;es la entrop\u00eda<br><strong>P<\/strong>&nbsp;es la presi\u00f3n y<br><strong>V<\/strong>&nbsp;es el volumen<\/p>\n\n\n\n<h4 class=\"wp-block-heading\" id=\"temperatura\">Temperatura<\/h4>\n\n\n\n<p class=\"wp-block-paragraph\">La temperatura de un cuerpo est\u00e1 asociada con su energ\u00eda t\u00e9rmica. As\u00ed, cuando un objeto est\u00e1 muy caliente, se dice que tiene temperatura elevada, por el contrario, si el objeto est\u00e1 muy fr\u00edo, entonces se sabe que est\u00e1 a baja temperatura. Por lo anterior, esta variable podr\u00eda definirse como la cantidad de energ\u00eda de un cuerpo, sin embargo, se debe recordar que la energ\u00eda se mide en Joules y, por el contrario, la temperatura tiene diferentes escalas de medida. Es as\u00ed que, asociar un concepto como el de la temperatura con la energ\u00eda resulta un poco confuso, por lo que una definici\u00f3n sin tanta confusi\u00f3n podr\u00eda ser la siguiente.<\/p>\n\n\n\n<p class=\"wp-block-paragraph\">La temperatura es el grado de energ\u00eda t\u00e9rmica que tiene un cuerpo u objeto. Existen diferentes escalas de temperatura, mismas que se vieron ya en la clase digital 1 y por obvias razones, no se volver\u00e1n a revisar aqu\u00ed.<\/p>\n\n\n\n<h4 class=\"wp-block-heading\" id=\"presion\">Presi\u00f3n<\/h4>\n\n\n\n<p class=\"wp-block-paragraph\">Otra de las variables intensivas independientes que permiten determinar el estado termodin\u00e1mico de una sustancia es la presi\u00f3n. En la clase digital 1 se mencion\u00f3 un poco sobre esta variable y aqu\u00ed se ahondar\u00e1 un poco m\u00e1s sobre este concepto.<\/p>\n\n\n\n<p class=\"wp-block-paragraph\">La presi\u00f3n se puede medir con un man\u00f3metro o sensor de presi\u00f3n, cuando se mide esta variable en un fluido con un aparato para medir presi\u00f3n, se dice que se est\u00e1 midiendo la presi\u00f3n manom\u00e9trica, es decir, la presi\u00f3n que mide el equipo en tiempo real es la presi\u00f3n manom\u00e9trica.<\/p>\n\n\n\n<p class=\"wp-block-paragraph\">Adem\u00e1s de la presi\u00f3n manom\u00e9trica existe la presi\u00f3n absoluta, la cual se defini\u00f3 en la clase digital 1. Otro tipo de presi\u00f3n es la presi\u00f3n atmosf\u00e9rica, la cual es la que se tiene en el ambiente. La presi\u00f3n por debajo de la atmosf\u00e9rica se le conoce como presi\u00f3n de vac\u00edo. Por lo general, la presi\u00f3n atmosf\u00e9rica no var\u00eda mucho sobre el nivel del mar y la Tabla 1 muestra valores muy espec\u00edficos de esta variable y que se pueden utilizar a menudo.<\/p>\n\n\n\n<div class=\"wp-block-image\"><figure class=\"aligncenter size-full\"><img decoding=\"async\" src=\"data:image\/gif;base64,R0lGODlhAQABAIAAAAAAAP\/\/\/yH5BAEAAAAALAAAAAABAAEAAAIBRAA7\" data-src=\"https:\/\/blogs.ugto.mx\/rea\/wp-content\/uploads\/sites\/71\/2021\/11\/Captura-de-Pantalla-2021-11-26-a-las-10.12.45.png\" alt=\"\" class=\"wp-image-2277\" \/><noscript><img loading=\"lazy\" decoding=\"async\" width=\"917\" height=\"182\" src=\"https:\/\/blogs.ugto.mx\/rea\/wp-content\/uploads\/sites\/71\/2021\/11\/Captura-de-Pantalla-2021-11-26-a-las-10.12.45.png\" alt=\"\" class=\"wp-image-2277\" srcset=\"https:\/\/blogs.ugto.mx\/rea\/wp-content\/uploads\/sites\/71\/2021\/11\/Captura-de-Pantalla-2021-11-26-a-las-10.12.45.png 917w, https:\/\/blogs.ugto.mx\/rea\/wp-content\/uploads\/sites\/71\/2021\/11\/Captura-de-Pantalla-2021-11-26-a-las-10.12.45-300x60.png 300w, https:\/\/blogs.ugto.mx\/rea\/wp-content\/uploads\/sites\/71\/2021\/11\/Captura-de-Pantalla-2021-11-26-a-las-10.12.45-768x152.png 768w\" sizes=\"auto, (max-width: 917px) 100vw, 917px\" \/><\/noscript><figcaption>Tabla 1. Valores t\u00edpicos de la presi\u00f3n atmosf\u00e9rica.<\/figcaption><\/figure><\/div>\n\n\n\n<p class=\"wp-block-paragraph\">La presi\u00f3n arterial se mide en mmHg. A los valores que tomamos en un aparato para medir la presi\u00f3n arterial se le llaman sist\u00f3lica (valor m\u00e1s alto) y diast\u00f3lica (valor m\u00e1s bajo). La Tabla 2 muestra valores de presi\u00f3n arterial, as\u00ed como la categor\u00eda en la que se encontrar\u00eda una persona que presenta los valores de dicha tabla.<\/p>\n\n\n\n<div class=\"wp-block-image\"><figure class=\"aligncenter size-full\"><img decoding=\"async\" src=\"data:image\/gif;base64,R0lGODlhAQABAIAAAAAAAP\/\/\/yH5BAEAAAAALAAAAAABAAEAAAIBRAA7\" data-src=\"https:\/\/blogs.ugto.mx\/rea\/wp-content\/uploads\/sites\/71\/2021\/11\/Captura-de-Pantalla-2021-11-26-a-las-10.13.30.png\" alt=\"\" class=\"wp-image-2278\" \/><noscript><img loading=\"lazy\" decoding=\"async\" width=\"918\" height=\"173\" src=\"https:\/\/blogs.ugto.mx\/rea\/wp-content\/uploads\/sites\/71\/2021\/11\/Captura-de-Pantalla-2021-11-26-a-las-10.13.30.png\" alt=\"\" class=\"wp-image-2278\" srcset=\"https:\/\/blogs.ugto.mx\/rea\/wp-content\/uploads\/sites\/71\/2021\/11\/Captura-de-Pantalla-2021-11-26-a-las-10.13.30.png 918w, https:\/\/blogs.ugto.mx\/rea\/wp-content\/uploads\/sites\/71\/2021\/11\/Captura-de-Pantalla-2021-11-26-a-las-10.13.30-300x57.png 300w, https:\/\/blogs.ugto.mx\/rea\/wp-content\/uploads\/sites\/71\/2021\/11\/Captura-de-Pantalla-2021-11-26-a-las-10.13.30-768x145.png 768w\" sizes=\"auto, (max-width: 918px) 100vw, 918px\" \/><\/noscript><figcaption>Tabla 2. Categor\u00edas de la presi\u00f3n arterial (McDermott, 2018).<\/figcaption><\/figure><\/div>\n\n\n\n<p class=\"wp-block-paragraph\">El principio que caracteriza la presi\u00f3n en un sistema es conocido como el principio de Pascal, el cual dice lo siguiente:<\/p>\n\n\n\n<p class=\"has-text-align-center wp-block-paragraph\"><em>La presi\u00f3n ejercida sobre un fluido incompresible dentro de un recipiente r\u00edgido se transmite \u00edntegramente a todos los puntos del mismo con el mismo valor.<\/em><\/p>\n\n\n\n<p class=\"wp-block-paragraph\">Este principio se puede expresar a manera de ecuaci\u00f3n mediante:<\/p>\n\n\n\n<div class=\"wp-block-image\"><figure class=\"aligncenter size-full\"><img decoding=\"async\" src=\"data:image\/gif;base64,R0lGODlhAQABAIAAAAAAAP\/\/\/yH5BAEAAAAALAAAAAABAAEAAAIBRAA7\" data-src=\"https:\/\/blogs.ugto.mx\/rea\/wp-content\/uploads\/sites\/71\/2021\/11\/Captura-de-Pantalla-2021-11-26-a-las-10.14.16.png\" alt=\"\" class=\"wp-image-2279\" \/><noscript><img loading=\"lazy\" decoding=\"async\" width=\"916\" height=\"50\" src=\"https:\/\/blogs.ugto.mx\/rea\/wp-content\/uploads\/sites\/71\/2021\/11\/Captura-de-Pantalla-2021-11-26-a-las-10.14.16.png\" alt=\"\" class=\"wp-image-2279\" srcset=\"https:\/\/blogs.ugto.mx\/rea\/wp-content\/uploads\/sites\/71\/2021\/11\/Captura-de-Pantalla-2021-11-26-a-las-10.14.16.png 916w, https:\/\/blogs.ugto.mx\/rea\/wp-content\/uploads\/sites\/71\/2021\/11\/Captura-de-Pantalla-2021-11-26-a-las-10.14.16-300x16.png 300w, https:\/\/blogs.ugto.mx\/rea\/wp-content\/uploads\/sites\/71\/2021\/11\/Captura-de-Pantalla-2021-11-26-a-las-10.14.16-768x42.png 768w\" sizes=\"auto, (max-width: 916px) 100vw, 916px\" \/><\/noscript><\/figure><\/div>\n\n\n\n<p class=\"wp-block-paragraph\">O bien,<\/p>\n\n\n\n<div class=\"wp-block-image\"><figure class=\"aligncenter size-full\"><img decoding=\"async\" src=\"data:image\/gif;base64,R0lGODlhAQABAIAAAAAAAP\/\/\/yH5BAEAAAAALAAAAAABAAEAAAIBRAA7\" data-src=\"https:\/\/blogs.ugto.mx\/rea\/wp-content\/uploads\/sites\/71\/2021\/11\/Captura-de-Pantalla-2021-11-26-a-las-10.14.44.png\" alt=\"\" class=\"wp-image-2280\" \/><noscript><img loading=\"lazy\" decoding=\"async\" width=\"920\" height=\"61\" src=\"https:\/\/blogs.ugto.mx\/rea\/wp-content\/uploads\/sites\/71\/2021\/11\/Captura-de-Pantalla-2021-11-26-a-las-10.14.44.png\" alt=\"\" class=\"wp-image-2280\" srcset=\"https:\/\/blogs.ugto.mx\/rea\/wp-content\/uploads\/sites\/71\/2021\/11\/Captura-de-Pantalla-2021-11-26-a-las-10.14.44.png 920w, https:\/\/blogs.ugto.mx\/rea\/wp-content\/uploads\/sites\/71\/2021\/11\/Captura-de-Pantalla-2021-11-26-a-las-10.14.44-300x20.png 300w, https:\/\/blogs.ugto.mx\/rea\/wp-content\/uploads\/sites\/71\/2021\/11\/Captura-de-Pantalla-2021-11-26-a-las-10.14.44-768x51.png 768w\" sizes=\"auto, (max-width: 920px) 100vw, 920px\" \/><\/noscript><\/figure><\/div>\n\n\n\n<h4 class=\"wp-block-heading\" id=\"determinacion-de-propiedades-termodinamicas\">Determinaci\u00f3n de propiedades termodin\u00e1micas<\/h4>\n\n\n\n<p class=\"wp-block-paragraph\">El uso de tablas termodin\u00e1micas se hace para la determinaci\u00f3n de propiedades termof\u00edsicas, a partir de un estado termodin\u00e1mico de presi\u00f3n y temperatura.<\/p>\n\n\n\n<p class=\"wp-block-paragraph\">Existen en las tablas termodin\u00e1micas valores como volumen espec\u00edfico, entalp\u00eda espec\u00edfica, entrop\u00eda espec\u00edfica y energ\u00eda interna espec\u00edfica, como l\u00edquido saturado (en las tablas se expresa con un sub\u00edndice f), volumen espec\u00edfico como vapor saturado (en las tablas se expresa con un sub\u00edndice g) o como mezcla (en las tablas se expresa como fg). Tambi\u00e9n hay tablas para vapor sobrecalentado y para l\u00edquido subenfriado.<\/p>\n\n\n\n<p class=\"wp-block-paragraph\">Otra herramienta para el c\u00e1lculo de las propiedades termof\u00edsicas es el uso de un software especializado. Aqu\u00ed hay diferentes tipos, pero todos ellos tienen la misma caracter\u00edstica y es que, para obtener una propiedad, es necesario alimentar el software con dos valores de propiedades intensivas independientes tal y como lo marca el principio de estado revisado con anterioridad.&nbsp;<\/p>\n\n\n\n<h4 class=\"wp-block-heading\" id=\"manometros\">Man\u00f3metros<\/h4>\n\n\n\n<p class=\"wp-block-paragraph\">Para el c\u00e1lculo de la presi\u00f3n mediante man\u00f3metros, es importante aclarar que, en un man\u00f3metro, la altura del fluido marcar\u00e1 un equilibrio est\u00e1tico y por tanto, la presi\u00f3n en el fluido se determina como:<\/p>\n\n\n\n<div class=\"wp-block-image\"><figure class=\"aligncenter size-full\"><img decoding=\"async\" src=\"data:image\/gif;base64,R0lGODlhAQABAIAAAAAAAP\/\/\/yH5BAEAAAAALAAAAAABAAEAAAIBRAA7\" data-src=\"https:\/\/blogs.ugto.mx\/rea\/wp-content\/uploads\/sites\/71\/2021\/11\/Captura-de-Pantalla-2021-11-26-a-las-10.15.59.png\" alt=\"\" class=\"wp-image-2281\" \/><noscript><img loading=\"lazy\" decoding=\"async\" width=\"921\" height=\"52\" src=\"https:\/\/blogs.ugto.mx\/rea\/wp-content\/uploads\/sites\/71\/2021\/11\/Captura-de-Pantalla-2021-11-26-a-las-10.15.59.png\" alt=\"\" class=\"wp-image-2281\" srcset=\"https:\/\/blogs.ugto.mx\/rea\/wp-content\/uploads\/sites\/71\/2021\/11\/Captura-de-Pantalla-2021-11-26-a-las-10.15.59.png 921w, https:\/\/blogs.ugto.mx\/rea\/wp-content\/uploads\/sites\/71\/2021\/11\/Captura-de-Pantalla-2021-11-26-a-las-10.15.59-300x17.png 300w, https:\/\/blogs.ugto.mx\/rea\/wp-content\/uploads\/sites\/71\/2021\/11\/Captura-de-Pantalla-2021-11-26-a-las-10.15.59-768x43.png 768w\" sizes=\"auto, (max-width: 921px) 100vw, 921px\" \/><\/noscript><\/figure><\/div>\n\n\n\n<p class=\"wp-block-paragraph\">En el caso de que el man\u00f3metro tenga m\u00e1s fluidos con diferentes densidades, entonces la presi\u00f3n se determina como:<\/p>\n\n\n\n<div class=\"wp-block-image\"><figure class=\"aligncenter size-full\"><img decoding=\"async\" src=\"data:image\/gif;base64,R0lGODlhAQABAIAAAAAAAP\/\/\/yH5BAEAAAAALAAAAAABAAEAAAIBRAA7\" data-src=\"https:\/\/blogs.ugto.mx\/rea\/wp-content\/uploads\/sites\/71\/2021\/11\/Captura-de-Pantalla-2021-11-26-a-las-10.16.32.png\" alt=\"\" class=\"wp-image-2283\" \/><noscript><img loading=\"lazy\" decoding=\"async\" width=\"919\" height=\"48\" src=\"https:\/\/blogs.ugto.mx\/rea\/wp-content\/uploads\/sites\/71\/2021\/11\/Captura-de-Pantalla-2021-11-26-a-las-10.16.32.png\" alt=\"\" class=\"wp-image-2283\" srcset=\"https:\/\/blogs.ugto.mx\/rea\/wp-content\/uploads\/sites\/71\/2021\/11\/Captura-de-Pantalla-2021-11-26-a-las-10.16.32.png 919w, https:\/\/blogs.ugto.mx\/rea\/wp-content\/uploads\/sites\/71\/2021\/11\/Captura-de-Pantalla-2021-11-26-a-las-10.16.32-300x16.png 300w, https:\/\/blogs.ugto.mx\/rea\/wp-content\/uploads\/sites\/71\/2021\/11\/Captura-de-Pantalla-2021-11-26-a-las-10.16.32-768x40.png 768w\" sizes=\"auto, (max-width: 919px) 100vw, 919px\" \/><\/noscript><\/figure><\/div>\n\n\n\n<h4 class=\"wp-block-heading\" id=\"potenciales-totales\">Potenciales totales<\/h4>\n\n\n\n<p class=\"wp-block-paragraph\">En Termodin\u00e1mica, un potencial termodin\u00e1mico es una variable de estado asociada a un sistema termodin\u00e1mico que tiene dimensiones de energ\u00eda. El adjetivo de \u00abpotencial\u00bb se debe a que en cierto sentido describe la cantidad de energ\u00eda potencial disponible en el sistema termodin\u00e1mico sujeta a ciertas restricciones (relaciones con las variables naturales del potencial). Adem\u00e1s, los potenciales sirven para predecir bajo las restricciones impuestas qu\u00e9 cambios termodin\u00e1micos ser\u00e1n espont\u00e1neos y cu\u00e1les necesitar\u00e1n un aporte energ\u00e9tico.<\/p>\n\n\n\n<p class=\"wp-block-paragraph\">Los potenciales corresponden a diferentes tipos de restricciones sobre el sistema. Los cuatro potenciales m\u00e1s comunes se enlistan en la tabla 3.<\/p>\n\n\n\n<div class=\"wp-block-image\"><figure class=\"aligncenter size-full\"><img decoding=\"async\" src=\"data:image\/gif;base64,R0lGODlhAQABAIAAAAAAAP\/\/\/yH5BAEAAAAALAAAAAABAAEAAAIBRAA7\" data-src=\"https:\/\/blogs.ugto.mx\/rea\/wp-content\/uploads\/sites\/71\/2021\/11\/Captura-de-Pantalla-2021-11-26-a-las-10.17.21.png\" alt=\"\" class=\"wp-image-2284\" \/><noscript><img loading=\"lazy\" decoding=\"async\" width=\"916\" height=\"129\" src=\"https:\/\/blogs.ugto.mx\/rea\/wp-content\/uploads\/sites\/71\/2021\/11\/Captura-de-Pantalla-2021-11-26-a-las-10.17.21.png\" alt=\"\" class=\"wp-image-2284\" srcset=\"https:\/\/blogs.ugto.mx\/rea\/wp-content\/uploads\/sites\/71\/2021\/11\/Captura-de-Pantalla-2021-11-26-a-las-10.17.21.png 916w, https:\/\/blogs.ugto.mx\/rea\/wp-content\/uploads\/sites\/71\/2021\/11\/Captura-de-Pantalla-2021-11-26-a-las-10.17.21-300x42.png 300w, https:\/\/blogs.ugto.mx\/rea\/wp-content\/uploads\/sites\/71\/2021\/11\/Captura-de-Pantalla-2021-11-26-a-las-10.17.21-768x108.png 768w\" sizes=\"auto, (max-width: 916px) 100vw, 916px\" \/><\/noscript><figcaption>Tabla 3. Potenciales m\u00e1s comunes.<\/figcaption><\/figure><\/div>\n\n\n\n<p class=\"wp-block-paragraph\"><strong><em>D\u00f3nde:<\/em><\/strong><\/p>\n\n\n\n<p class=\"wp-block-paragraph\"><strong>T<\/strong>&nbsp;= Temperatura<br><strong>S<\/strong>&nbsp;= Entrop\u00eda<br><strong>P<\/strong>&nbsp;= Presi\u00f3n<br><strong>V<\/strong>&nbsp;= Volumen<br><strong>Ni<\/strong>&nbsp;= Es el n\u00famero de part\u00edculas&nbsp;<\/p>\n\n\n\n<p class=\"wp-block-paragraph\">A manera de complemento revisa los siguientes documentos:<\/p>\n\n\n\n<ul class=\"wp-block-list\"><li><a href=\"https:\/\/blogs.ugto.mx\/rea\/wp-content\/uploads\/sites\/71\/2021\/11\/Potenciales-termodina\u0301micos-y-propiedades.pdf\" target=\"_blank\" rel=\"noreferrer noopener\">Potenciales termodina\u0301micos y propiedades<\/a><\/li><li><a href=\"https:\/\/blogs.ugto.mx\/rea\/wp-content\/uploads\/sites\/71\/2021\/11\/Potenciales-y-modelos.pdf\" target=\"_blank\" rel=\"noreferrer noopener\">Potenciales y modelos<\/a><\/li><\/ul>\n\n\n\n<p class=\"wp-block-paragraph\">Ahora consulta el siguiente enlace:<\/p>\n\n\n\n<ul class=\"wp-block-list\"><li><a href=\"https:\/\/www.carel.es\/pressure-and-temperature\" target=\"_blank\" rel=\"noreferrer noopener\">Presi\u00f3n y temperatura<\/a><\/li><\/ul>\n\n\n\n<p class=\"wp-block-paragraph\">Finalmente, ve el siguiente video:&nbsp;<\/p>\n\n\n\n<figure class=\"wp-block-embed is-type-video is-provider-youtube wp-block-embed-youtube wp-embed-aspect-16-9 wp-has-aspect-ratio\"><div class=\"wp-block-embed__wrapper\">\n<iframe loading=\"lazy\" title=\"Implosi\u00f3n de una Lata. Experimento de Presi\u00f3n y Temperatura.\" width=\"1200\" height=\"675\" src=\"https:\/\/www.youtube.com\/embed\/_fgmWfA999o?feature=oembed\" frameborder=\"0\" allow=\"accelerometer; autoplay; clipboard-write; encrypted-media; gyroscope; picture-in-picture\" allowfullscreen><\/iframe>\n<\/div><\/figure>\n\n\n\n<h2 class=\"wp-block-heading\" id=\"conclusion\">Conclusi\u00f3n<\/h2>\n\n\n\n<p class=\"wp-block-paragraph\">En resumen, en esta quinta clase se abordaron temas como el equilibrio, la temperatura, la presi\u00f3n y los potenciales totales. Se revis\u00f3 cada uno de estos elementos a detalle a manera de complemento, por ejemplo, para la clase digital 1, donde se hab\u00edan visto con anterioridad los conceptos de Temperatura y Presi\u00f3n.<\/p>\n\n\n\n<p class=\"wp-block-paragraph\">Se revis\u00f3 la importancia de estas dos \u00faltimas variables para el c\u00e1lculo de propiedades termof\u00edsicas y se presentaron las herramientas que se pueden utilizar para calcular una propiedad termof\u00edsica a partir de la aplicaci\u00f3n del principio de estado.<\/p>\n\n\n\n<p class=\"wp-block-paragraph\">Se revisaron los diferentes tipos de presiones y se mostr\u00f3 una tabla con valores de la presi\u00f3n atmosf\u00e9rica para diferentes unidades. Tambi\u00e9n se mencion\u00f3 sobre la presi\u00f3n arterial y las unidades de medida.<\/p>\n\n\n\n<p class=\"wp-block-paragraph\">Es importante mencionar que, con relaci\u00f3n a los potenciales totales, se deben tomar en cuenta las variables con las cuales se definen dichos potenciales, ya que, si no est\u00e1n claras, puede prestarse a una confusi\u00f3n.<\/p>\n\n\n\n<p class=\"wp-block-paragraph\">Por lo anterior, esta quinta clase digital dej\u00f3 aprendizajes nuevos y es importante que vayas haciendo un formulario de las ecuaciones que utilizar\u00e1s, as\u00ed como de algunas equivalencias, mismas que fueron mostradas en esta sesi\u00f3n.<\/p>\n\n\n\n<p class=\"wp-block-paragraph\">La invitaci\u00f3n contin\u00faa abierta para que sigas indagando m\u00e1s acerca de las variables termof\u00edsicas empleadas en la soluci\u00f3n de problemas relacionados a sistemas termodin\u00e1micos.&nbsp;<\/p>\n\n\n\n<p class=\"wp-block-paragraph\">Es as\u00ed como se concluye pues con esta quinta sesi\u00f3n. \u00a1Felicitaciones por tu esfuerzo y dedicaci\u00f3n! Recuerda que lo revisado aqu\u00ed, servir\u00e1 como base para las sesiones futuras, tomando siempre en cuenta las unidades de medida en las que se est\u00e1 resolviendo determinado problema. No olvides realizar y mandar en tiempo y forma tu tarea, hasta luego.<\/p>\n\n\n\n<h2 class=\"wp-block-heading\" id=\"fuentes-de-informacion\">Fuentes de informaci\u00f3n <\/h2>\n\n\n\n<ul class=\"wp-block-list\"><li>Cengel, Y. A., A. Boles A. M. &amp; Mehmet, K. (2019). Termodin\u00e1mica, (9a ed.). McGraw Hill Editores.<\/li><li>Moran, J. M., &amp; Shapiro, N. H. (2008). Fundamentals of Engineering Thermodynamics. (6a ed.). John Willey &amp; Sons, Inc<\/li><li><a href=\"https:\/\/www.healthline.com\/health\/es\/tabla-de-presion-arterial\" target=\"_blank\" rel=\"noreferrer noopener\">C\u00f3mo leer una tabla de presi\u00f3n arterial para determinar tu riesgo de hipertensi\u00f3n.<\/a><\/li><\/ul>\n","protected":false},"excerpt":{"rendered":"<p>Introducci\u00f3n \u00a1Hola! Me siento muy feliz al saber que sigues aprovechando este curso, espero que lo sigas disfrutando, por lo tanto te invito a comenzar nuestra quinta clase con el tema: Principio de estado de equilibrio estable. En la clase digital 2, se revis\u00f3 el principio de estado. Se mencion\u00f3 que para conocer el estado &#8230; <a title=\"Clase digital 5: Principio de estado de equilibrio estable\" class=\"read-more\" href=\"https:\/\/blogs.ugto.mx\/rea\/clase-digital-5-principio-de-estado-de-equilibrio-estable\/\" aria-label=\"Leer m\u00e1s sobre Clase digital 5: Principio de estado de equilibrio estable\">Leer m\u00e1s<\/a><\/p>\n","protected":false},"author":142,"featured_media":0,"comment_status":"closed","ping_status":"closed","sticky":false,"template":"","format":"standard","meta":{"_acf_changed":false,"_crdt_document":"","episode_type":"","audio_file":"","podmotor_file_id":"","podmotor_episode_id":"","cover_image":"","cover_image_id":"","duration":"","filesize":"","filesize_raw":"","date_recorded":"","explicit":"","block":"","itunes_episode_number":"","itunes_title":"","itunes_season_number":"","itunes_episode_type":"","footnotes":""},"categories":[6,7],"tags":[41,102,103],"class_list":["post-2274","post","type-post","status-publish","format-standard","hentry","category-ingenieria-mecatronica","category-uda-termodinamica","tag-clase-digital","tag-iili06130","tag-vicente-perez-garcia"],"acf":[],"jetpack_featured_media_url":"","_links":{"self":[{"href":"https:\/\/blogs.ugto.mx\/rea\/wp-json\/wp\/v2\/posts\/2274","targetHints":{"allow":["GET"]}}],"collection":[{"href":"https:\/\/blogs.ugto.mx\/rea\/wp-json\/wp\/v2\/posts"}],"about":[{"href":"https:\/\/blogs.ugto.mx\/rea\/wp-json\/wp\/v2\/types\/post"}],"author":[{"embeddable":true,"href":"https:\/\/blogs.ugto.mx\/rea\/wp-json\/wp\/v2\/users\/142"}],"replies":[{"embeddable":true,"href":"https:\/\/blogs.ugto.mx\/rea\/wp-json\/wp\/v2\/comments?post=2274"}],"version-history":[{"count":3,"href":"https:\/\/blogs.ugto.mx\/rea\/wp-json\/wp\/v2\/posts\/2274\/revisions"}],"predecessor-version":[{"id":7326,"href":"https:\/\/blogs.ugto.mx\/rea\/wp-json\/wp\/v2\/posts\/2274\/revisions\/7326"}],"wp:attachment":[{"href":"https:\/\/blogs.ugto.mx\/rea\/wp-json\/wp\/v2\/media?parent=2274"}],"wp:term":[{"taxonomy":"category","embeddable":true,"href":"https:\/\/blogs.ugto.mx\/rea\/wp-json\/wp\/v2\/categories?post=2274"},{"taxonomy":"post_tag","embeddable":true,"href":"https:\/\/blogs.ugto.mx\/rea\/wp-json\/wp\/v2\/tags?post=2274"}],"curies":[{"name":"wp","href":"https:\/\/api.w.org\/{rel}","templated":true}]}}