{"id":23319,"date":"2023-03-28T18:30:45","date_gmt":"2023-03-28T18:30:45","guid":{"rendered":"https:\/\/blogs.ugto.mx\/rea\/?p=23319"},"modified":"2023-03-28T18:30:46","modified_gmt":"2023-03-28T18:30:46","slug":"clase-digital-5-diferencia-de-potencial-electrico","status":"publish","type":"post","link":"https:\/\/blogs.ugto.mx\/rea\/clase-digital-5-diferencia-de-potencial-electrico\/","title":{"rendered":"Clase digital 5. Diferencia de potencial el\u00e9ctrico"},"content":{"rendered":"\n\n\n<div class=\"wp-block-cover\" style=\"min-height:284px;aspect-ratio:unset;\"><span aria-hidden=\"true\" class=\"wp-block-cover__background has-background-dim-40 has-background-dim\"><\/span><img decoding=\"async\" class=\"wp-block-cover__image-background wp-image-23394\" alt=\"\" src=\"data:image\/gif;base64,R0lGODlhAQABAIAAAAAAAP\/\/\/yH5BAEAAAAALAAAAAABAAEAAAIBRAA7\" data-src=\"https:\/\/blogs.ugto.mx\/rea\/wp-content\/uploads\/sites\/71\/2023\/03\/pexels-brett-sayles-3970096-scaled.jpg\" data-object-fit=\"cover\" \/><noscript><img loading=\"lazy\" decoding=\"async\" width=\"2560\" height=\"1703\" class=\"wp-block-cover__image-background wp-image-23394\" alt=\"\" src=\"https:\/\/blogs.ugto.mx\/rea\/wp-content\/uploads\/sites\/71\/2023\/03\/pexels-brett-sayles-3970096-scaled.jpg\" data-object-fit=\"cover\" srcset=\"https:\/\/blogs.ugto.mx\/rea\/wp-content\/uploads\/sites\/71\/2023\/03\/pexels-brett-sayles-3970096-scaled.jpg 2560w, https:\/\/blogs.ugto.mx\/rea\/wp-content\/uploads\/sites\/71\/2023\/03\/pexels-brett-sayles-3970096-300x200.jpg 300w, https:\/\/blogs.ugto.mx\/rea\/wp-content\/uploads\/sites\/71\/2023\/03\/pexels-brett-sayles-3970096-1024x681.jpg 1024w, https:\/\/blogs.ugto.mx\/rea\/wp-content\/uploads\/sites\/71\/2023\/03\/pexels-brett-sayles-3970096-768x511.jpg 768w, https:\/\/blogs.ugto.mx\/rea\/wp-content\/uploads\/sites\/71\/2023\/03\/pexels-brett-sayles-3970096-1536x1022.jpg 1536w, https:\/\/blogs.ugto.mx\/rea\/wp-content\/uploads\/sites\/71\/2023\/03\/pexels-brett-sayles-3970096-2048x1363.jpg 2048w, https:\/\/blogs.ugto.mx\/rea\/wp-content\/uploads\/sites\/71\/2023\/03\/pexels-brett-sayles-3970096-272x182.jpg 272w\" sizes=\"auto, (max-width: 2560px) 100vw, 2560px\" \/><\/noscript><div class=\"wp-block-cover__inner-container is-layout-flow wp-block-cover-is-layout-flow\">\n<p class=\"has-text-align-center has-base-3-color has-text-color has-large-font-size wp-block-paragraph\">Diferencia de potencial el\u00e9ctrico<\/p>\n<\/div><\/div>\n\n\n\n<h2 class=\"wp-block-heading\" id=\"introduccion\">Introducci\u00f3n<\/h2>\n\n\n\n<p class=\"wp-block-paragraph\">En est\u00e1 lecci\u00f3n aprenderemos el concepto de diferencia de potencial, conocimiento que resulta \u00fatil para calcular el trabajo necesario para mover una carga el\u00e9ctrica conocida desde un punto A hasta otro punto B en un campo el\u00e9ctrico creado por una o varias cargas puntuales.<\/p>\n\n\n\n<p class=\"wp-block-paragraph\">Asimismo, aprender\u00e1s y aplicar\u00e1s la relaci\u00f3n que existe entre la intensidad del campo el\u00e9ctrico, la diferencia de potencial y la separaci\u00f3n de placas paralelas de carga igual pero opuesta en signo.<\/p>\n\n\n\n<p class=\"wp-block-paragraph\">En cuanto al campo el\u00e9ctrico constante entre dos placas comprender\u00e1s que a las unidades de V\/m se le conoce tambi\u00e9n como gradiente de potencial y que las unidades de V\/m para el campo el\u00e9ctrico son equivalentes a J\/C.<\/p>\n\n\n\n<h2 class=\"wp-block-heading\" id=\"desarrollo-del-tema\">Desarrollo del tema <\/h2>\n\n\n\n<h3 class=\"wp-block-heading\">Diferencia de potencial<\/h3>\n\n\n\n<p class=\"wp-block-paragraph\">En la Electricidad pr\u00e1ctica es deseable conocer el trabajo necesario para mover cargas entre dos puntos, lo cual conduce al concepto de diferencia de potencial.<\/p>\n\n\n\n<p class=\"wp-block-paragraph\">La diferencia de potencial entre dos puntos es el trabajo por unidad de carga positiva que realizan fuerzas el\u00e9ctricas para mover una peque\u00f1a carga de prueba desde el punto de mayor potencial al punto de menor potencial. (Tippens, P. E., 2011:504)<\/p>\n\n\n\n<p class=\"wp-block-paragraph\">As\u00ed, de manera general, el trabajo realizado por un campo el\u00e9ctrico, o <strong>trabajo el\u00e9ctrico<\/strong>, para transportar una carga q desde un punto A a un punto B se puede determinar por la f\u00f3rmula:<\/p>\n\n\n<div class=\"wp-block-image\">\n<figure class=\"aligncenter size-full is-resized\"><img loading=\"lazy\" decoding=\"async\" src=\"data:image\/gif;base64,R0lGODlhAQABAIAAAAAAAP\/\/\/yH5BAEAAAAALAAAAAABAAEAAAIBRAA7\" data-src=\"https:\/\/blogs.ugto.mx\/rea\/wp-content\/uploads\/sites\/71\/2023\/03\/Captura-de-Pantalla-2023-03-03-a-las-11.35.18.png\" alt=\"\" class=\"wp-image-23388\" width=\"614\" height=\"49\" \/><noscript><img loading=\"lazy\" decoding=\"async\" src=\"https:\/\/blogs.ugto.mx\/rea\/wp-content\/uploads\/sites\/71\/2023\/03\/Captura-de-Pantalla-2023-03-03-a-las-11.35.18.png\" alt=\"\" class=\"wp-image-23388\" width=\"614\" height=\"49\" srcset=\"https:\/\/blogs.ugto.mx\/rea\/wp-content\/uploads\/sites\/71\/2023\/03\/Captura-de-Pantalla-2023-03-03-a-las-11.35.18.png 614w, https:\/\/blogs.ugto.mx\/rea\/wp-content\/uploads\/sites\/71\/2023\/03\/Captura-de-Pantalla-2023-03-03-a-las-11.35.18-300x24.png 300w\" sizes=\"auto, (max-width: 614px) 100vw, 614px\" \/><\/noscript><\/figure>\n<\/div>\n\n\n<p class=\"wp-block-paragraph\">Los siguientes videos aplican las f\u00f3rmulas para resolver algunos problemas:<\/p>\n\n\n\n<ol class=\"wp-block-list\">\n<li>Diferencia de potencial entre dos puntos (6:31):<\/li>\n<\/ol>\n\n\n\n<figure class=\"wp-block-embed is-type-video is-provider-youtube wp-block-embed-youtube wp-embed-aspect-16-9 wp-has-aspect-ratio\"><div class=\"wp-block-embed__wrapper\">\n<iframe loading=\"lazy\" title=\"Potencial El\u00e9ctrico | Diferencia de Potencial entre Dos Puntos\" width=\"1200\" height=\"675\" src=\"https:\/\/www.youtube.com\/embed\/iyMrodMiapU?feature=oembed\" frameborder=\"0\" allow=\"accelerometer; autoplay; clipboard-write; encrypted-media; gyroscope; picture-in-picture; web-share\" allowfullscreen><\/iframe>\n<\/div><\/figure>\n\n\n\n<p class=\"wp-block-paragraph\">Potencial el\u00e9ctrico y diferencia de potencial (17:09):<\/p>\n\n\n\n<figure class=\"wp-block-embed is-type-video is-provider-youtube wp-block-embed-youtube wp-embed-aspect-16-9 wp-has-aspect-ratio\"><div class=\"wp-block-embed__wrapper\">\n<iframe loading=\"lazy\" title=\"POTENCIAL EL\u00c9CTRICO Y DIFERENCIA DE POTENCIAL -FORMULAS Y EJERCICIOS\" width=\"1200\" height=\"675\" src=\"https:\/\/www.youtube.com\/embed\/4T16Ph7YGfY?feature=oembed\" frameborder=\"0\" allow=\"accelerometer; autoplay; clipboard-write; encrypted-media; gyroscope; picture-in-picture; web-share\" allowfullscreen><\/iframe>\n<\/div><\/figure>\n\n\n\n<h3 class=\"wp-block-heading\">Diferencia de potencial entre dos placas<\/h3>\n\n\n\n<p class=\"wp-block-paragraph\">Regresa ahora al estudio del campo el\u00e9ctrico constante <strong>E<\/strong> que se genera entre dos placas igualmente cargadas pero de signos contrarios. Como se aprecia en la figura, las placas est\u00e1n separadas una distancia d.<\/p>\n\n\n<div class=\"wp-block-image\">\n<figure class=\"aligncenter size-full\"><img decoding=\"async\" src=\"data:image\/gif;base64,R0lGODlhAQABAIAAAAAAAP\/\/\/yH5BAEAAAAALAAAAAABAAEAAAIBRAA7\" data-src=\"https:\/\/blogs.ugto.mx\/rea\/wp-content\/uploads\/sites\/71\/2023\/03\/Captura-de-Pantalla-2023-03-03-a-las-11.37.31.png\" alt=\"\" class=\"wp-image-23389\" \/><noscript><img loading=\"lazy\" decoding=\"async\" width=\"309\" height=\"266\" src=\"https:\/\/blogs.ugto.mx\/rea\/wp-content\/uploads\/sites\/71\/2023\/03\/Captura-de-Pantalla-2023-03-03-a-las-11.37.31.png\" alt=\"\" class=\"wp-image-23389\" srcset=\"https:\/\/blogs.ugto.mx\/rea\/wp-content\/uploads\/sites\/71\/2023\/03\/Captura-de-Pantalla-2023-03-03-a-las-11.37.31.png 309w, https:\/\/blogs.ugto.mx\/rea\/wp-content\/uploads\/sites\/71\/2023\/03\/Captura-de-Pantalla-2023-03-03-a-las-11.37.31-300x258.png 300w\" sizes=\"auto, (max-width: 309px) 100vw, 309px\" \/><\/noscript><figcaption class=\"wp-element-caption\">Potencial el\u00e9ctrico entre dos placas con cargas opuestas.<\/figcaption><\/figure>\n<\/div>\n\n\n<p class=\"wp-block-paragraph\">Si colocamos una carga q en la regi\u00f3n comprendida entre las dos placas, la fuerza que actuar\u00e1 sobre ella est\u00e1 dada por la f\u00f3rmula.<\/p>\n\n\n<div class=\"wp-block-image\">\n<figure class=\"aligncenter size-full\"><img decoding=\"async\" src=\"data:image\/gif;base64,R0lGODlhAQABAIAAAAAAAP\/\/\/yH5BAEAAAAALAAAAAABAAEAAAIBRAA7\" data-src=\"https:\/\/blogs.ugto.mx\/rea\/wp-content\/uploads\/sites\/71\/2023\/03\/Captura-de-Pantalla-2023-03-03-a-las-11.38.46.png\" alt=\"\" class=\"wp-image-23390\" \/><noscript><img loading=\"lazy\" decoding=\"async\" width=\"915\" height=\"55\" src=\"https:\/\/blogs.ugto.mx\/rea\/wp-content\/uploads\/sites\/71\/2023\/03\/Captura-de-Pantalla-2023-03-03-a-las-11.38.46.png\" alt=\"\" class=\"wp-image-23390\" srcset=\"https:\/\/blogs.ugto.mx\/rea\/wp-content\/uploads\/sites\/71\/2023\/03\/Captura-de-Pantalla-2023-03-03-a-las-11.38.46.png 915w, https:\/\/blogs.ugto.mx\/rea\/wp-content\/uploads\/sites\/71\/2023\/03\/Captura-de-Pantalla-2023-03-03-a-las-11.38.46-300x18.png 300w, https:\/\/blogs.ugto.mx\/rea\/wp-content\/uploads\/sites\/71\/2023\/03\/Captura-de-Pantalla-2023-03-03-a-las-11.38.46-768x46.png 768w\" sizes=\"auto, (max-width: 915px) 100vw, 915px\" \/><\/noscript><\/figure>\n<\/div>\n\n\n<p class=\"wp-block-paragraph\">El trabajo que realiza la fuerza F para desplazar la carga q desde la placa A a la B se puede calcular mediante.<\/p>\n\n\n<div class=\"wp-block-image\">\n<figure class=\"aligncenter size-full\"><img decoding=\"async\" src=\"data:image\/gif;base64,R0lGODlhAQABAIAAAAAAAP\/\/\/yH5BAEAAAAALAAAAAABAAEAAAIBRAA7\" data-src=\"https:\/\/blogs.ugto.mx\/rea\/wp-content\/uploads\/sites\/71\/2023\/03\/Captura-de-Pantalla-2023-03-03-a-las-11.39.27.png\" alt=\"\" class=\"wp-image-23391\" \/><noscript><img loading=\"lazy\" decoding=\"async\" width=\"924\" height=\"57\" src=\"https:\/\/blogs.ugto.mx\/rea\/wp-content\/uploads\/sites\/71\/2023\/03\/Captura-de-Pantalla-2023-03-03-a-las-11.39.27.png\" alt=\"\" class=\"wp-image-23391\" srcset=\"https:\/\/blogs.ugto.mx\/rea\/wp-content\/uploads\/sites\/71\/2023\/03\/Captura-de-Pantalla-2023-03-03-a-las-11.39.27.png 924w, https:\/\/blogs.ugto.mx\/rea\/wp-content\/uploads\/sites\/71\/2023\/03\/Captura-de-Pantalla-2023-03-03-a-las-11.39.27-300x19.png 300w, https:\/\/blogs.ugto.mx\/rea\/wp-content\/uploads\/sites\/71\/2023\/03\/Captura-de-Pantalla-2023-03-03-a-las-11.39.27-768x47.png 768w\" sizes=\"auto, (max-width: 924px) 100vw, 924px\" \/><\/noscript><\/figure>\n<\/div>\n\n\n<p class=\"wp-block-paragraph\">Pero como ya aprendimos en la lecci\u00f3n 4, el trabajo tambi\u00e9n es igual al producto de la carga por la diferencia de potencial, por lo que podemos escribir.<\/p>\n\n\n<div class=\"wp-block-image\">\n<figure class=\"aligncenter size-full is-resized\"><img loading=\"lazy\" decoding=\"async\" src=\"data:image\/gif;base64,R0lGODlhAQABAIAAAAAAAP\/\/\/yH5BAEAAAAALAAAAAABAAEAAAIBRAA7\" data-src=\"https:\/\/blogs.ugto.mx\/rea\/wp-content\/uploads\/sites\/71\/2023\/03\/Captura-de-Pantalla-2023-03-03-a-las-11.39.55.png\" alt=\"\" class=\"wp-image-23392\" width=\"915\" height=\"58\" \/><noscript><img loading=\"lazy\" decoding=\"async\" src=\"https:\/\/blogs.ugto.mx\/rea\/wp-content\/uploads\/sites\/71\/2023\/03\/Captura-de-Pantalla-2023-03-03-a-las-11.39.55.png\" alt=\"\" class=\"wp-image-23392\" width=\"915\" height=\"58\" srcset=\"https:\/\/blogs.ugto.mx\/rea\/wp-content\/uploads\/sites\/71\/2023\/03\/Captura-de-Pantalla-2023-03-03-a-las-11.39.55.png 915w, https:\/\/blogs.ugto.mx\/rea\/wp-content\/uploads\/sites\/71\/2023\/03\/Captura-de-Pantalla-2023-03-03-a-las-11.39.55-300x19.png 300w, https:\/\/blogs.ugto.mx\/rea\/wp-content\/uploads\/sites\/71\/2023\/03\/Captura-de-Pantalla-2023-03-03-a-las-11.39.55-768x49.png 768w\" sizes=\"auto, (max-width: 915px) 100vw, 915px\" \/><\/noscript><\/figure>\n<\/div>\n\n\n<p class=\"wp-block-paragraph\">Simplificando la expresi\u00f3n anterior la diferencia de potencial, representada mediante la letra V, queda representada como.<\/p>\n\n\n<div class=\"wp-block-image\">\n<figure class=\"aligncenter size-full\"><img decoding=\"async\" src=\"data:image\/gif;base64,R0lGODlhAQABAIAAAAAAAP\/\/\/yH5BAEAAAAALAAAAAABAAEAAAIBRAA7\" data-src=\"https:\/\/blogs.ugto.mx\/rea\/wp-content\/uploads\/sites\/71\/2023\/03\/Captura-de-Pantalla-2023-03-03-a-las-11.42.39.png\" alt=\"\" class=\"wp-image-23393\" \/><noscript><img loading=\"lazy\" decoding=\"async\" width=\"911\" height=\"63\" src=\"https:\/\/blogs.ugto.mx\/rea\/wp-content\/uploads\/sites\/71\/2023\/03\/Captura-de-Pantalla-2023-03-03-a-las-11.42.39.png\" alt=\"\" class=\"wp-image-23393\" srcset=\"https:\/\/blogs.ugto.mx\/rea\/wp-content\/uploads\/sites\/71\/2023\/03\/Captura-de-Pantalla-2023-03-03-a-las-11.42.39.png 911w, https:\/\/blogs.ugto.mx\/rea\/wp-content\/uploads\/sites\/71\/2023\/03\/Captura-de-Pantalla-2023-03-03-a-las-11.42.39-300x21.png 300w, https:\/\/blogs.ugto.mx\/rea\/wp-content\/uploads\/sites\/71\/2023\/03\/Captura-de-Pantalla-2023-03-03-a-las-11.42.39-768x53.png 768w\" sizes=\"auto, (max-width: 911px) 100vw, 911px\" \/><\/noscript><\/figure>\n<\/div>\n\n\n<p class=\"wp-block-paragraph\">Por lo tanto,&nbsp;<\/p>\n\n\n\n<p class=\"wp-block-paragraph\">La diferencia de potencial el\u00e9ctrico entre dos placas con cargas opuestas es igual al producto de la intensidad del campo por la separaci\u00f3n de las placas. (Tippens, P. E., 2011:505).<\/p>\n\n\n\n<p class=\"wp-block-paragraph\">Estudia los siguientes videos para reafirmar el concepto:<\/p>\n\n\n\n<ol class=\"wp-block-list\">\n<li>Diferencia de potencial el\u00e9ctrico.<\/li>\n<\/ol>\n\n\n\n<figure class=\"wp-block-embed is-type-video is-provider-youtube wp-block-embed-youtube wp-embed-aspect-16-9 wp-has-aspect-ratio\"><div class=\"wp-block-embed__wrapper\">\n<iframe loading=\"lazy\" title=\"Voltaje. Diferencia de potencial el\u00e9ctrico. Curso de Electricidad - Clase 7\" width=\"1200\" height=\"675\" src=\"https:\/\/www.youtube.com\/embed\/lmWafsJ-3ec?feature=oembed\" frameborder=\"0\" allow=\"accelerometer; autoplay; clipboard-write; encrypted-media; gyroscope; picture-in-picture; web-share\" allowfullscreen><\/iframe>\n<\/div><\/figure>\n\n\n\n<p class=\"wp-block-paragraph\">2. Diferencia de potencial entre dos placas.<\/p>\n\n\n\n<h2 class=\"wp-block-heading\" id=\"conclusion\">Conclusi\u00f3n<\/h2>\n\n\n\n<p class=\"wp-block-paragraph\">Hemos aprendido en esta lecci\u00f3n que la diferencia de potencial el\u00e9ctrico entre dos puntos es igual al trabajo por cada unidad de carga que realiza el campo el\u00e9ctrico mediante las fuerzas el\u00e9ctricas para mover una carga de prueba desde el punto de mayor potencial al de menor potencial el\u00e9ctrico, d\u00e1ndonos una idea clara de la capacidad que posee el campo el\u00e9ctrico para movilizar por s\u00ed mismo las cargas el\u00e9ctricas, condici\u00f3n que resulta perfectamente deseable para su distribuci\u00f3n.<\/p>\n\n\n\n<p class=\"wp-block-paragraph\">Tambi\u00e9n aprendimos a calcular el campo el\u00e9ctrico, la fuerza, la distancia entre placas y la diferencia de potencial en el caso de un campo el\u00e9ctrico constante. Sabemos tambi\u00e9n que la magnitud del campo el\u00e9ctrico entre dos placas puede expresarse en J\/C o bien en V\/m, tambi\u00e9n conocido este \u00faltimo como gradiente de potencial.<\/p>\n\n\n\n<p class=\"wp-block-paragraph\">En las fuentes de informaci\u00f3n de apoyo te he colgado un archivo que te ser\u00e1 \u00fatil para profundizar en la teor\u00eda, para repasar algunos conceptos mediante la soluci\u00f3n de problemas y para profundizar en tu aprendizaje. Te invito a leer el material y tomar tus apuntes como una acci\u00f3n que facilita y promueve tu aprendizaje mediante una actitud activa y aut\u00f3noma.&nbsp;<\/p>\n\n\n\n<p class=\"wp-block-paragraph\">Hemos llegado al final de nuestra lecci\u00f3n. Espero que te sientas c\u00f3modo con lo aprendido hasta ahora. Te recuerdo que siempre tienes la posibilidad de acudir con tu asesor en busca de disipar tus dudas. \u00a1\u00c1nimo! El curso transcurre con buen ritmo y espero que vayas a la par del curso. Resuelve y entrega tu consigna de esta lecci\u00f3n. Te veo en la siguiente lecci\u00f3n. \u00a1Adelante!<\/p>\n\n\n\n<h2 class=\"wp-block-heading\" id=\"fuentes-de-informacion\">Fuentes de informaci\u00f3n<\/h2>\n\n\n\n<p class=\"wp-block-paragraph\">Tippens, P. (2011). Potencial el\u00e9ctrico. En Edamsa Impresiones (Ed.), <a href=\"https:\/\/drive.google.com\/file\/d\/1pA1o9ZS7s5Suv17LAC68Vrs9NjP4b7Sl\/view?usp=sharing\" target=\"_blank\" rel=\"noreferrer noopener nofollow\">F\u00edsica Conceptos y aplicaciones<\/a>, (p.496-508). Mc Graw Hill.<\/p>\n","protected":false},"excerpt":{"rendered":"<p>Introducci\u00f3n En est\u00e1 lecci\u00f3n aprenderemos el concepto de diferencia de potencial, conocimiento que resulta \u00fatil para calcular el trabajo necesario para mover una carga el\u00e9ctrica conocida desde un punto A hasta otro punto B en un campo el\u00e9ctrico creado por una o varias cargas puntuales. Asimismo, aprender\u00e1s y aplicar\u00e1s la relaci\u00f3n que existe entre la &#8230; <a title=\"Clase digital 5. Diferencia de potencial el\u00e9ctrico\" class=\"read-more\" href=\"https:\/\/blogs.ugto.mx\/rea\/clase-digital-5-diferencia-de-potencial-electrico\/\" aria-label=\"Leer m\u00e1s sobre Clase digital 5. Diferencia de potencial el\u00e9ctrico\">Leer m\u00e1s<\/a><\/p>\n","protected":false},"author":142,"featured_media":0,"comment_status":"closed","ping_status":"closed","sticky":false,"template":"","format":"standard","meta":{"_acf_changed":false,"_crdt_document":"","episode_type":"","audio_file":"","podmotor_file_id":"","podmotor_episode_id":"","cover_image":"","cover_image_id":"","duration":"","filesize":"","filesize_raw":"","date_recorded":"","explicit":"","block":"","itunes_episode_number":"","itunes_title":"","itunes_season_number":"","itunes_episode_type":"","footnotes":""},"categories":[339,617],"tags":[41,451,621],"class_list":["post-23319","post","type-post","status-publish","format-standard","hentry","category-bachillerato-plan-de-estudios-2020","category-uda-electromagnetismo-bachillerato-plan-de-estudios-2020","tag-clase-digital","tag-juan-tinoco-villagomez-2","tag-neba04012"],"acf":[],"jetpack_featured_media_url":"","_links":{"self":[{"href":"https:\/\/blogs.ugto.mx\/rea\/wp-json\/wp\/v2\/posts\/23319","targetHints":{"allow":["GET"]}}],"collection":[{"href":"https:\/\/blogs.ugto.mx\/rea\/wp-json\/wp\/v2\/posts"}],"about":[{"href":"https:\/\/blogs.ugto.mx\/rea\/wp-json\/wp\/v2\/types\/post"}],"author":[{"embeddable":true,"href":"https:\/\/blogs.ugto.mx\/rea\/wp-json\/wp\/v2\/users\/142"}],"replies":[{"embeddable":true,"href":"https:\/\/blogs.ugto.mx\/rea\/wp-json\/wp\/v2\/comments?post=23319"}],"version-history":[{"count":4,"href":"https:\/\/blogs.ugto.mx\/rea\/wp-json\/wp\/v2\/posts\/23319\/revisions"}],"predecessor-version":[{"id":23571,"href":"https:\/\/blogs.ugto.mx\/rea\/wp-json\/wp\/v2\/posts\/23319\/revisions\/23571"}],"wp:attachment":[{"href":"https:\/\/blogs.ugto.mx\/rea\/wp-json\/wp\/v2\/media?parent=23319"}],"wp:term":[{"taxonomy":"category","embeddable":true,"href":"https:\/\/blogs.ugto.mx\/rea\/wp-json\/wp\/v2\/categories?post=23319"},{"taxonomy":"post_tag","embeddable":true,"href":"https:\/\/blogs.ugto.mx\/rea\/wp-json\/wp\/v2\/tags?post=23319"}],"curies":[{"name":"wp","href":"https:\/\/api.w.org\/{rel}","templated":true}]}}