{"id":24578,"date":"2023-06-28T17:05:14","date_gmt":"2023-06-28T17:05:14","guid":{"rendered":"https:\/\/blogs.ugto.mx\/rea\/?p=24578"},"modified":"2023-09-21T17:28:53","modified_gmt":"2023-09-21T17:28:53","slug":"clase-digital-5-presentacion-de-declaraciones-de-situacion-patrimonial-de-intereses-y-constancia-de-presentacion-de-declaracion-fiscal","status":"publish","type":"post","link":"https:\/\/blogs.ugto.mx\/rea\/clase-digital-5-presentacion-de-declaraciones-de-situacion-patrimonial-de-intereses-y-constancia-de-presentacion-de-declaracion-fiscal\/","title":{"rendered":"Clase digital 5. Presentaci\u00f3n de declaraciones de situaci\u00f3n patrimonial, de intereses y constancia de presentaci\u00f3n de declaraci\u00f3n fiscal"},"content":{"rendered":"\n\n\n<div class=\"wp-block-cover is-light\" style=\"min-height:284px;aspect-ratio:unset;\"><span aria-hidden=\"true\" class=\"wp-block-cover__background has-background-dim-40 has-background-dim\"><\/span><img decoding=\"async\" class=\"wp-block-cover__image-background wp-image-25921\" alt=\"\" src=\"data:image\/gif;base64,R0lGODlhAQABAIAAAAAAAP\/\/\/yH5BAEAAAAALAAAAAABAAEAAAIBRAA7\" data-src=\"https:\/\/blogs.ugto.mx\/rea\/wp-content\/uploads\/sites\/71\/2023\/06\/Captura-de-Pantalla-2023-06-30-a-las-15.11.50.png\" data-object-fit=\"cover\" \/><noscript><img loading=\"lazy\" decoding=\"async\" width=\"1234\" height=\"610\" class=\"wp-block-cover__image-background wp-image-25921\" alt=\"\" src=\"https:\/\/blogs.ugto.mx\/rea\/wp-content\/uploads\/sites\/71\/2023\/06\/Captura-de-Pantalla-2023-06-30-a-las-15.11.50.png\" data-object-fit=\"cover\" srcset=\"https:\/\/blogs.ugto.mx\/rea\/wp-content\/uploads\/sites\/71\/2023\/06\/Captura-de-Pantalla-2023-06-30-a-las-15.11.50.png 1234w, https:\/\/blogs.ugto.mx\/rea\/wp-content\/uploads\/sites\/71\/2023\/06\/Captura-de-Pantalla-2023-06-30-a-las-15.11.50-300x148.png 300w, https:\/\/blogs.ugto.mx\/rea\/wp-content\/uploads\/sites\/71\/2023\/06\/Captura-de-Pantalla-2023-06-30-a-las-15.11.50-1024x506.png 1024w, https:\/\/blogs.ugto.mx\/rea\/wp-content\/uploads\/sites\/71\/2023\/06\/Captura-de-Pantalla-2023-06-30-a-las-15.11.50-768x380.png 768w\" sizes=\"auto, (max-width: 1234px) 100vw, 1234px\" \/><\/noscript><div class=\"wp-block-cover__inner-container is-layout-flow wp-block-cover-is-layout-flow\">\n<p class=\"has-text-align-center has-base-3-color has-text-color has-large-font-size wp-block-paragraph\">Presentaci\u00f3n de declaraciones de situaci\u00f3n patrimonial, de intereses y constancia de presentaci\u00f3n de declaraci\u00f3n fiscal<\/p>\n<\/div><\/div>\n\n\n\n<h2 class=\"wp-block-heading\" id=\"introduccion\">Introducci\u00f3n<\/h2>\n\n\n\n<p class=\"justificado wp-block-paragraph\">En este apartado se concentra informaci\u00f3n espec\u00edfica relacionada con la rendici\u00f3n de las declaraciones de situaci\u00f3n patrimonial, de intereses y constancia de presentaci\u00f3n de declaraci\u00f3n fiscal, de la cual se abordar\u00e1n los datos intr\u00ednsecos para poder llevar a cabo este proceso.<\/p>\n\n\n\n<p class=\"justificado wp-block-paragraph\">De igual forma se ahondar\u00e1 en las cuestiones que deben ser de conocimiento general para cualquier persona servidora p\u00fablica, as\u00ed como para cualquier ciudadano interesado en saber de qu\u00e9 trata este proceso, d\u00f3nde se presenta, los plazos dentro de los que se realiza y qu\u00e9 autoridades lo regulan. Por otro lado, la normatividad que refiere desde el dise\u00f1o de los formatos para presentar las declaraciones, la informaci\u00f3n que se solicita y c\u00f3mo se presenta.&nbsp; En este sentido, se espera con ello, que el estudiante conozca como se ve cristalizada la reforma en materia anticorrupci\u00f3n en estos mecanismos preventivos.<\/p>\n\n\n\n<h2 class=\"wp-block-heading\" id=\"desarrollo-del-tema\">Desarrollo del tema <\/h2>\n\n\n\n<h3 class=\"wp-block-heading\">1. Presentaci\u00f3n de las declaraciones de situaci\u00f3n patrimonial, de intereses y constancia de presentaci\u00f3n de declaraci\u00f3n fiscal<\/h3>\n\n\n\n<h4 class=\"wp-block-heading\">1.1 De la obligaci\u00f3n de presentar declaraci\u00f3n patrimonial y de intereses y constancia de presentaci\u00f3n de declaraci\u00f3n fiscal<\/h4>\n\n\n\n<p class=\"justificado wp-block-paragraph\">Como ya lo hemos visto en la clase anterior, las personas servidoras p\u00fablicas, tienen la obligaci\u00f3n de presentar sus declaraciones de situaci\u00f3n patrimonial, de intereses y la constancia de presentaci\u00f3n de la declaraci\u00f3n fiscal.&nbsp;<\/p>\n\n\n\n<p class=\"justificado wp-block-paragraph\">Conforme a lo previsto por el art\u00edculo 49, fracci\u00f3n IV de la Ley General de Responsabilidades Administrativas y su correlativo de la Ley de Responsabilidades Administrativas para el Estado de Guanajuato, refiere que se incurrir\u00e1 en <strong>falta administrativa no grave<\/strong> el servidor p\u00fablico que incumpla o transgreda la obligaci\u00f3n de presentar en tiempo y forma las declaraciones de situaci\u00f3n patrimonial y de intereses, en los t\u00e9rminos establecidos por tales leyes.<\/p>\n\n\n\n<p class=\"wp-block-paragraph\">Las declaraciones que se deber\u00e1n rendir son:<\/p>\n\n\n\n<figure class=\"wp-block-image size-full\"><img decoding=\"async\" src=\"data:image\/gif;base64,R0lGODlhAQABAIAAAAAAAP\/\/\/yH5BAEAAAAALAAAAAABAAEAAAIBRAA7\" data-src=\"https:\/\/blogs.ugto.mx\/rea\/wp-content\/uploads\/sites\/71\/2023\/08\/Captura-de-Pantalla-2023-08-25-a-las-13.06.37.png\" alt=\"\" class=\"wp-image-28137\" \/><noscript><img loading=\"lazy\" decoding=\"async\" width=\"1633\" height=\"302\" src=\"https:\/\/blogs.ugto.mx\/rea\/wp-content\/uploads\/sites\/71\/2023\/08\/Captura-de-Pantalla-2023-08-25-a-las-13.06.37.png\" alt=\"\" class=\"wp-image-28137\" srcset=\"https:\/\/blogs.ugto.mx\/rea\/wp-content\/uploads\/sites\/71\/2023\/08\/Captura-de-Pantalla-2023-08-25-a-las-13.06.37.png 1633w, https:\/\/blogs.ugto.mx\/rea\/wp-content\/uploads\/sites\/71\/2023\/08\/Captura-de-Pantalla-2023-08-25-a-las-13.06.37-300x55.png 300w, https:\/\/blogs.ugto.mx\/rea\/wp-content\/uploads\/sites\/71\/2023\/08\/Captura-de-Pantalla-2023-08-25-a-las-13.06.37-1024x189.png 1024w, https:\/\/blogs.ugto.mx\/rea\/wp-content\/uploads\/sites\/71\/2023\/08\/Captura-de-Pantalla-2023-08-25-a-las-13.06.37-768x142.png 768w, https:\/\/blogs.ugto.mx\/rea\/wp-content\/uploads\/sites\/71\/2023\/08\/Captura-de-Pantalla-2023-08-25-a-las-13.06.37-1536x284.png 1536w\" sizes=\"auto, (max-width: 1633px) 100vw, 1633px\" \/><\/noscript><\/figure>\n\n\n\n<p class=\"wp-block-paragraph\"><strong>Diagrama 1.<\/strong>&nbsp;Fuente: elaboraci\u00f3n propia con informaci\u00f3n de la Ley General de Responsabilidades Administrativas.<\/p>\n\n\n\n<p class=\"justificado wp-block-paragraph\">Dicha obligaci\u00f3n se encuentra prevista en la Ley General de Responsabilidades Administrativas<sup>1 <\/sup>y en la Ley de Responsabilidades Administrativas<sup> <\/sup>para el Estado de Guanajuato.<sup>2<\/sup> Los art\u00edculos que hacen referencia a dicha obligaci\u00f3n los encontramos en el Cap\u00edtulo III, de los instrumentos de rendici\u00f3n de cuentas, Secci\u00f3n Primera: del sistema de evoluci\u00f3n patrimonial, de declaraci\u00f3n de intereses y constancia de presentaci\u00f3n de declaraci\u00f3n fiscal y van del articulo 26 al 42 (corresponde la misma numeraci\u00f3n en ambos cuerpos normativos).<\/p>\n\n\n\n<h4 class=\"wp-block-heading\">1.2 Sujetos obligados a rendir declaraci\u00f3n patrimonial, de intereses y constancia de presentaci\u00f3n de declaraci\u00f3n fiscal<\/h4>\n\n\n\n<p class=\"justificado wp-block-paragraph\">De acuerdo con la normatividad vigente, es preciso se\u00f1alar qui\u00e9nes son servidores p\u00fablicos aquellas personas que desempe\u00f1an un empleo, cargo o comisi\u00f3n en los entes p\u00fablicos, en el \u00e1mbito federal y local, conforme a lo dispuesto en el art\u00edculo 108 de la Constituci\u00f3n<sup>3<\/sup>, es decir:<\/p>\n\n\n\n<p class=\"justificado wp-block-paragraph\">Se reputar\u00e1n como servidores p\u00fablicos a los representantes de elecci\u00f3n popular, a los miembros del Poder Judicial de la Federaci\u00f3n, los funcionarios y empleados y, en general, a toda persona que desempe\u00f1e un empleo, cargo o comisi\u00f3n de cualquier naturaleza en el Congreso de la Uni\u00f3n o en la Administraci\u00f3n P\u00fablica Federal, as\u00ed como a los servidores p\u00fablicos de los organismos a los que esta Constituci\u00f3n otorgue autonom\u00eda, quienes ser\u00e1n responsables por los actos u omisiones en que incurran en el desempe\u00f1o de sus respectivas funciones.<\/p>\n\n\n\n<h4 class=\"wp-block-heading\">1.3 Plazos para la presentaci\u00f3n de las declaraciones<\/h4>\n\n\n\n<p class=\"wp-block-paragraph\">Conforme al art\u00edculo 33 de la ley de la materia, las declaraciones deber\u00e1n presentarse en los siguientes plazos:<\/p>\n\n\n\n<figure class=\"wp-block-image size-full is-resized\"><img loading=\"lazy\" decoding=\"async\" src=\"data:image\/gif;base64,R0lGODlhAQABAIAAAAAAAP\/\/\/yH5BAEAAAAALAAAAAABAAEAAAIBRAA7\" data-src=\"https:\/\/blogs.ugto.mx\/rea\/wp-content\/uploads\/sites\/71\/2023\/06\/Captura-de-Pantalla-2023-06-30-a-las-15.29.25.png\" alt=\"\" class=\"wp-image-25929\" style=\"width:982px;height:235px\" width=\"982\" height=\"235\" \/><noscript><img loading=\"lazy\" decoding=\"async\" src=\"https:\/\/blogs.ugto.mx\/rea\/wp-content\/uploads\/sites\/71\/2023\/06\/Captura-de-Pantalla-2023-06-30-a-las-15.29.25.png\" alt=\"\" class=\"wp-image-25929\" style=\"width:982px;height:235px\" width=\"982\" height=\"235\" srcset=\"https:\/\/blogs.ugto.mx\/rea\/wp-content\/uploads\/sites\/71\/2023\/06\/Captura-de-Pantalla-2023-06-30-a-las-15.29.25.png 1629w, https:\/\/blogs.ugto.mx\/rea\/wp-content\/uploads\/sites\/71\/2023\/06\/Captura-de-Pantalla-2023-06-30-a-las-15.29.25-300x72.png 300w, https:\/\/blogs.ugto.mx\/rea\/wp-content\/uploads\/sites\/71\/2023\/06\/Captura-de-Pantalla-2023-06-30-a-las-15.29.25-1024x245.png 1024w, https:\/\/blogs.ugto.mx\/rea\/wp-content\/uploads\/sites\/71\/2023\/06\/Captura-de-Pantalla-2023-06-30-a-las-15.29.25-768x184.png 768w, https:\/\/blogs.ugto.mx\/rea\/wp-content\/uploads\/sites\/71\/2023\/06\/Captura-de-Pantalla-2023-06-30-a-las-15.29.25-1536x368.png 1536w\" sizes=\"auto, (max-width: 982px) 100vw, 982px\" \/><\/noscript><\/figure>\n\n\n\n<p class=\"has-text-align-center wp-block-paragraph\"><strong>Diagrama 2.<\/strong> Fuente: elaboraci\u00f3n propia con informaci\u00f3n de la Ley General de Responsabilidades Administrativas y la Ley de Responsabilidades Administrativas para el Estado de Guanajuato.<\/p>\n\n\n\n<p class=\"wp-block-paragraph\">Ahora bien, tambi\u00e9n es importante resaltar que, la LGRA tambi\u00e9n prev\u00e9 que sucede en caso del incumplimiento de dicha obligaci\u00f3n, cuando se\u00f1ala:<\/p>\n\n\n\n<blockquote class=\"wp-block-quote is-layout-flow wp-block-quote-is-layout-flow\">\n<p class=\"has-text-align-left justificado wp-block-paragraph\">\u201cSi transcurridos los plazos a que se refieren las fracciones I, II y III de este art\u00edculo, no se hubiese presentado la declaraci\u00f3n correspondiente, sin causa justificada, se iniciar\u00e1 inmediatamente la investigaci\u00f3n por presunta responsabilidad por la comisi\u00f3n de las Faltas administrativas correspondientes y se requerir\u00e1 por escrito al Declarante el cumplimiento de dicha obligaci\u00f3n.<\/p>\n\n\n\n<p class=\"has-text-align-left justificado wp-block-paragraph\">Trat\u00e1ndose de los supuestos previstos en las fracciones I y II de este art\u00edculo, en caso de que la omisi\u00f3n en la declaraci\u00f3n contin\u00fae por un periodo de treinta d\u00edas naturales siguientes a la fecha en que hubiere notificado el requerimiento al Declarante, la Secretar\u00eda o los \u00d3rganos internos de control, seg\u00fan corresponda, declarar\u00e1n que el nombramiento o contrato ha quedado sin efectos, debiendo notificar lo anterior al titular del Ente p\u00fablico correspondiente para separar del cargo al servidor p\u00fablico.<\/p>\n\n\n\n<p class=\"has-text-align-left justificado wp-block-paragraph\">Para el caso de omisi\u00f3n, sin causa justificada, en la presentaci\u00f3n de la declaraci\u00f3n a que se refiere la fracci\u00f3n III de este art\u00edculo, se inhabilitar\u00e1 al infractor de tres meses a un<em> a\u00f1o.\u201d<\/em><\/p>\n<cite><em>(art\u00edculo 33)<\/em><\/cite><\/blockquote>\n\n\n\n<p class=\"has-text-align-left wp-block-paragraph\"><\/p>\n\n\n\n<p class=\"justificado wp-block-paragraph\">De igual forma, la misma ley de la materia, precisa que las declaraciones de situaci\u00f3n patrimonial deber\u00e1n ser presentadas a trav\u00e9s de medios electr\u00f3nicos y de identificaci\u00f3n electr\u00f3nica.<\/p>\n\n\n\n<h4 class=\"wp-block-heading\">1.4 Informaci\u00f3n susceptible de ser entregada en las declaraciones de situaci\u00f3n patrimonial y de intereses<\/h4>\n\n\n\n<p class=\"justificado wp-block-paragraph\">En la pr\u00e1ctica, una de las dudas m\u00e1s comunes es precisamente, \u00bfqu\u00e9 informaci\u00f3n debo entregar en la presentaci\u00f3n de mi declaraci\u00f3n patrimonial?<\/p>\n\n\n\n<p class=\"justificado wp-block-paragraph\">En el Acuerdo por el que el Comit\u00e9 Coordinador del Sistema Nacional Anticorrupci\u00f3n se dan a conocer los formatos de declaraci\u00f3n de situaci\u00f3n patrimonial y de intereses son t\u00e9cnicamente operables con el Sistema de Evoluci\u00f3n Patrimonial y de Declaraci\u00f3n de Intereses de la Plataforma Digital Nacional, as\u00ed como el inicio de la obligaci\u00f3n de los servidores p\u00fablicos de presentar sus respectivas declaraciones de situaci\u00f3n patrimonial y de intereses, conforme a los art\u00edculos 32 y 33 de la Ley General de Responsabilidades Administrativas, publicado el 24 de diciembre de 2019.<sup>4<\/sup><\/p>\n\n\n\n<p class=\"has-small-font-size wp-block-paragraph\"><\/p>\n\n\n<div class=\"wp-block-image\">\n<figure class=\"aligncenter size-full\"><img decoding=\"async\" src=\"data:image\/gif;base64,R0lGODlhAQABAIAAAAAAAP\/\/\/yH5BAEAAAAALAAAAAABAAEAAAIBRAA7\" data-src=\"https:\/\/blogs.ugto.mx\/rea\/wp-content\/uploads\/sites\/71\/2023\/07\/Captura-de-Pantalla-2023-07-03-a-las-10.55.54.png\" alt=\"\" class=\"wp-image-25970\" \/><noscript><img loading=\"lazy\" decoding=\"async\" width=\"1142\" height=\"589\" src=\"https:\/\/blogs.ugto.mx\/rea\/wp-content\/uploads\/sites\/71\/2023\/07\/Captura-de-Pantalla-2023-07-03-a-las-10.55.54.png\" alt=\"\" class=\"wp-image-25970\" srcset=\"https:\/\/blogs.ugto.mx\/rea\/wp-content\/uploads\/sites\/71\/2023\/07\/Captura-de-Pantalla-2023-07-03-a-las-10.55.54.png 1142w, https:\/\/blogs.ugto.mx\/rea\/wp-content\/uploads\/sites\/71\/2023\/07\/Captura-de-Pantalla-2023-07-03-a-las-10.55.54-300x155.png 300w, https:\/\/blogs.ugto.mx\/rea\/wp-content\/uploads\/sites\/71\/2023\/07\/Captura-de-Pantalla-2023-07-03-a-las-10.55.54-1024x528.png 1024w, https:\/\/blogs.ugto.mx\/rea\/wp-content\/uploads\/sites\/71\/2023\/07\/Captura-de-Pantalla-2023-07-03-a-las-10.55.54-768x396.png 768w\" sizes=\"auto, (max-width: 1142px) 100vw, 1142px\" \/><\/noscript><\/figure>\n<\/div>\n\n<div class=\"wp-block-image\">\n<figure class=\"aligncenter size-full is-resized\"><img loading=\"lazy\" decoding=\"async\" src=\"data:image\/gif;base64,R0lGODlhAQABAIAAAAAAAP\/\/\/yH5BAEAAAAALAAAAAABAAEAAAIBRAA7\" data-src=\"https:\/\/blogs.ugto.mx\/rea\/wp-content\/uploads\/sites\/71\/2023\/07\/Captura-de-Pantalla-2023-07-03-a-las-10.56.58.png\" alt=\"\" class=\"wp-image-25971\" style=\"width:1024px;height:629px\" width=\"1024\" height=\"629\" \/><noscript><img loading=\"lazy\" decoding=\"async\" src=\"https:\/\/blogs.ugto.mx\/rea\/wp-content\/uploads\/sites\/71\/2023\/07\/Captura-de-Pantalla-2023-07-03-a-las-10.56.58.png\" alt=\"\" class=\"wp-image-25971\" style=\"width:1024px;height:629px\" width=\"1024\" height=\"629\" srcset=\"https:\/\/blogs.ugto.mx\/rea\/wp-content\/uploads\/sites\/71\/2023\/07\/Captura-de-Pantalla-2023-07-03-a-las-10.56.58.png 1151w, https:\/\/blogs.ugto.mx\/rea\/wp-content\/uploads\/sites\/71\/2023\/07\/Captura-de-Pantalla-2023-07-03-a-las-10.56.58-300x185.png 300w, https:\/\/blogs.ugto.mx\/rea\/wp-content\/uploads\/sites\/71\/2023\/07\/Captura-de-Pantalla-2023-07-03-a-las-10.56.58-1024x630.png 1024w, https:\/\/blogs.ugto.mx\/rea\/wp-content\/uploads\/sites\/71\/2023\/07\/Captura-de-Pantalla-2023-07-03-a-las-10.56.58-768x472.png 768w\" sizes=\"auto, (max-width: 1024px) 100vw, 1024px\" \/><\/noscript><\/figure>\n<\/div>\n\n\n<p class=\"justificado wp-block-paragraph\"><strong>Diagramas 3 y 4.<\/strong> Fuente: elaboraci\u00f3n propia con informaci\u00f3n del Acuerdo por el que se modifican los Anexos Primero y Segundo del Acuerdo por el que el Comit\u00e9 Coordinador del Sistema Nacional Anticorrupci\u00f3n emite el formato de declaraciones: de situaci\u00f3n patrimonial y de intereses; y expide las normas e instructivo para su llenado y presentaci\u00f3n.<\/p>\n\n\n\n<h4 class=\"wp-block-heading\">1.5 De la constancia de presentaci\u00f3n de declaraci\u00f3n fiscal<\/h4>\n\n\n\n<p class=\"justificado wp-block-paragraph\">Finalmente, corresponde que hablemos de la constancia de presentaci\u00f3n de declaraci\u00f3n fiscal, la cual, se presentar\u00e1 por cada persona servidora p\u00fablica en los t\u00e9rminos que el C\u00f3digo Fiscal de la Federaci\u00f3n, la Ley del Impuesto Sobre la Renta, el Reglamento para el C\u00f3digo Fiscal de la Federaci\u00f3n<sup>5<\/sup> as\u00ed lo determinen.<\/p>\n\n\n\n<h2 class=\"wp-block-heading\" id=\"conclusion\">Conclusi\u00f3n<\/h2>\n\n\n\n<p class=\"justificado wp-block-paragraph\">Derivado de esta unidad se espera que el alumno cuente con los conocimientos generales sobre la presentaci\u00f3n de las declaraciones de situaci\u00f3n patrimonial, de intereses y constancia de presentaci\u00f3n fiscal. En este sentido, se espera que las inquietudes que puedan surgir en cuanto a lo que rodea el proceso de presentar las declaraciones hayan sido esclarecidas y, la persona servidora p\u00fablica cuente con los conocimientos elementales que se requieren para llevar a cabo esta obligaci\u00f3n de una forma resuelta y veraz, asimismo que se comprenda de d\u00f3nde viene dicha obligaci\u00f3n, su fundamentaci\u00f3n, y qui\u00e9nes son las autoridades competentes que la regulan.<\/p>\n\n\n\n<p class=\"justificado wp-block-paragraph\">De igual forma, vislumbrar como es que, al momento de presentar una declaraci\u00f3n, todo se encuentra normado y estandarizado, desde el formato que se visualiza en la plataforma, la informaci\u00f3n solicitada en los rubros, los datos que son p\u00fablicos, los que son clasificados y la distribuci\u00f3n de las secciones.<\/p>\n\n\n\n<h2 class=\"wp-block-heading\" id=\"fuentes-de-informacion\">Fuentes de informaci\u00f3n<\/h2>\n\n\n\n<p class=\"justificado wp-block-paragraph\"><sup>1<\/sup>Ley General de Responsabilidades Administrativas [LGRA]. Reformada, Diario Oficial de la Federaci\u00f3n [DOF], 18 de julio, 2016. M\u00e9xico. <a href=\"https:\/\/www.diputados.gob.mx\/LeyesBiblio\/pdf\/LGRA.pdf\" target=\"_blank\" rel=\"noreferrer noopener\">https:\/\/www.diputados.gob.mx\/LeyesBiblio\/pdf\/LGRA.pdf<\/a><br><sup>2<\/sup>Ley de Responsabilidades Administrativas para el Estado de Guanajuato [LRAGTO]. Peri\u00f3dico Oficial [PO], 20 de junio, 2018. M\u00e9xico. <a href=\"https:\/\/sistemaestatalanticorrupcion.guanajuato.gob.mx\/wp-content\/uploads\/2021\/07\/Ley-de-Responsabilidades-Administrativas-para-el-Estado-de-Guanajuato.pdf\" target=\"_blank\" rel=\"noreferrer noopener\">https:\/\/sistemaestatalanticorrupcion.guanajuato.gob.mx\/wp-content\/uploads\/2021\/07\/Ley-de-Responsabilidades-Administrativas-para-el-Estado-de-Guanajuato.pdf<\/a><br><sup>3<\/sup>Constituci\u00f3n Pol\u00edtica de los Estados Unidos Mexicanos [CPEUM]. (1917) Art\u00edculo 108. Diario Oficial de la Federaci\u00f3n [DOF] 06-06-23. <a href=\"https:\/\/www.diputados.gob.mx\/LeyesBiblio\/pdf\/CPEUM.pdf\" target=\"_blank\" rel=\"noreferrer noopener\">https:\/\/www.diputados.gob.mx\/LeyesBiblio\/pdf\/CPEUM.pdf<\/a><br><sup>4<\/sup>Secretar\u00eda Ejecutiva del Sistema Nacional Anticorrupci\u00f3n. (23 de septiembre, 2019). Acuerdo por el que se modifican los Anexos Primero y Segundo del Acuerdo por el que el Comit\u00e9 Coordinador del Sistema Nacional Anticorrupci\u00f3n emite el formato de declaraciones: de situaci\u00f3n patrimonial y de intereses; y expide las normas e instructivo para su llenado y presentaci\u00f3n. Diario Oficial de la Federaci\u00f3n. <a href=\"https:\/\/www.dof.gob.mx\/nota_detalle.php?codigo=5573194&amp;fecha=23\/09\/2019#gsc.tab=0\" target=\"_blank\" rel=\"noreferrer noopener\">https:\/\/www.dof.gob.mx\/nota_detalle.php?codigo=5573194&amp;fecha=23\/09\/2019#gsc.tab=0<\/a><br><sup>5<\/sup>Servicio de Administraci\u00f3n Tributaria. (2022). <em>Presenta tu declaraci\u00f3n anual de personas morales.<\/em> <a href=\"https:\/\/www.sat.gob.mx\/declaracion\/58049\/declaracion-anual-de-personas-morales-en-el-servicio-de-declaraciones-y-pagos\" target=\"_blank\" rel=\"noreferrer noopener\">https:\/\/www.sat.gob.mx\/declaracion\/58049\/declaracion-anual-de-personas-morales-en-el-servicio-de-declaraciones-y-pagos<\/a><\/p>\n","protected":false},"excerpt":{"rendered":"<p>Introducci\u00f3n En este apartado se concentra informaci\u00f3n espec\u00edfica relacionada con la rendici\u00f3n de las declaraciones de situaci\u00f3n patrimonial, de intereses y constancia de presentaci\u00f3n de declaraci\u00f3n fiscal, de la cual se abordar\u00e1n los datos intr\u00ednsecos para poder llevar a cabo este proceso. De igual forma se ahondar\u00e1 en las cuestiones que deben ser de conocimiento &#8230; <a title=\"Clase digital 5. Presentaci\u00f3n de declaraciones de situaci\u00f3n patrimonial, de intereses y constancia de presentaci\u00f3n de declaraci\u00f3n fiscal\" class=\"read-more\" href=\"https:\/\/blogs.ugto.mx\/rea\/clase-digital-5-presentacion-de-declaraciones-de-situacion-patrimonial-de-intereses-y-constancia-de-presentacion-de-declaracion-fiscal\/\" aria-label=\"Leer m\u00e1s sobre Clase digital 5. Presentaci\u00f3n de declaraciones de situaci\u00f3n patrimonial, de intereses y constancia de presentaci\u00f3n de declaraci\u00f3n fiscal\">Leer m\u00e1s<\/a><\/p>\n","protected":false},"author":142,"featured_media":0,"comment_status":"closed","ping_status":"closed","sticky":false,"template":"","format":"standard","meta":{"_acf_changed":false,"_crdt_document":"","episode_type":"","audio_file":"","podmotor_file_id":"","podmotor_episode_id":"","cover_image":"","cover_image_id":"","duration":"","filesize":"","filesize_raw":"","date_recorded":"","explicit":"","block":"","itunes_episode_number":"","itunes_title":"","itunes_season_number":"","itunes_episode_type":"","footnotes":""},"categories":[180,642,645],"tags":[41,646],"class_list":["post-24578","post","type-post","status-publish","format-standard","hentry","category-cideap","category-control-interno-y-gestion-universitaria","category-curso-obligaciones-administrativas-de-las-personas-servidoras-publicas-acto-entrega-recepcion-y-presentacion-de-la-declaracion-3-de-3","tag-clase-digital","tag-edea01647"],"acf":[],"jetpack_featured_media_url":"","_links":{"self":[{"href":"https:\/\/blogs.ugto.mx\/rea\/wp-json\/wp\/v2\/posts\/24578","targetHints":{"allow":["GET"]}}],"collection":[{"href":"https:\/\/blogs.ugto.mx\/rea\/wp-json\/wp\/v2\/posts"}],"about":[{"href":"https:\/\/blogs.ugto.mx\/rea\/wp-json\/wp\/v2\/types\/post"}],"author":[{"embeddable":true,"href":"https:\/\/blogs.ugto.mx\/rea\/wp-json\/wp\/v2\/users\/142"}],"replies":[{"embeddable":true,"href":"https:\/\/blogs.ugto.mx\/rea\/wp-json\/wp\/v2\/comments?post=24578"}],"version-history":[{"count":23,"href":"https:\/\/blogs.ugto.mx\/rea\/wp-json\/wp\/v2\/posts\/24578\/revisions"}],"predecessor-version":[{"id":29218,"href":"https:\/\/blogs.ugto.mx\/rea\/wp-json\/wp\/v2\/posts\/24578\/revisions\/29218"}],"wp:attachment":[{"href":"https:\/\/blogs.ugto.mx\/rea\/wp-json\/wp\/v2\/media?parent=24578"}],"wp:term":[{"taxonomy":"category","embeddable":true,"href":"https:\/\/blogs.ugto.mx\/rea\/wp-json\/wp\/v2\/categories?post=24578"},{"taxonomy":"post_tag","embeddable":true,"href":"https:\/\/blogs.ugto.mx\/rea\/wp-json\/wp\/v2\/tags?post=24578"}],"curies":[{"name":"wp","href":"https:\/\/api.w.org\/{rel}","templated":true}]}}