{"id":24764,"date":"2023-06-14T21:39:36","date_gmt":"2023-06-14T21:39:36","guid":{"rendered":"https:\/\/blogs.ugto.mx\/rea\/?p=24764"},"modified":"2023-06-14T21:44:28","modified_gmt":"2023-06-14T21:44:28","slug":"clase-digital-10-influencia-del-latin-en-el-espanol","status":"publish","type":"post","link":"https:\/\/blogs.ugto.mx\/rea\/clase-digital-10-influencia-del-latin-en-el-espanol\/","title":{"rendered":"Clase digital 10. Influencia del lat\u00edn en el espa\u00f1ol"},"content":{"rendered":"\n\n\n<div class=\"wp-block-cover is-light\" style=\"min-height:284px;aspect-ratio:unset;\"><span aria-hidden=\"true\" class=\"wp-block-cover__background has-background-dim-40 has-background-dim\"><\/span><img decoding=\"async\" class=\"wp-block-cover__image-background wp-image-24765\" alt=\"background, texture, 4k wallpaper\" src=\"data:image\/gif;base64,R0lGODlhAQABAIAAAAAAAP\/\/\/yH5BAEAAAAALAAAAAABAAEAAAIBRAA7\" data-src=\"https:\/\/blogs.ugto.mx\/rea\/wp-content\/uploads\/sites\/71\/2023\/06\/2956789.jpg\" data-object-fit=\"cover\" \/><noscript><img loading=\"lazy\" decoding=\"async\" width=\"1280\" height=\"787\" class=\"wp-block-cover__image-background wp-image-24765\" alt=\"background, texture, 4k wallpaper\" src=\"https:\/\/blogs.ugto.mx\/rea\/wp-content\/uploads\/sites\/71\/2023\/06\/2956789.jpg\" data-object-fit=\"cover\" srcset=\"https:\/\/blogs.ugto.mx\/rea\/wp-content\/uploads\/sites\/71\/2023\/06\/2956789.jpg 1280w, https:\/\/blogs.ugto.mx\/rea\/wp-content\/uploads\/sites\/71\/2023\/06\/2956789-300x184.jpg 300w, https:\/\/blogs.ugto.mx\/rea\/wp-content\/uploads\/sites\/71\/2023\/06\/2956789-1024x630.jpg 1024w, https:\/\/blogs.ugto.mx\/rea\/wp-content\/uploads\/sites\/71\/2023\/06\/2956789-768x472.jpg 768w\" sizes=\"auto, (max-width: 1280px) 100vw, 1280px\" \/><\/noscript><div class=\"wp-block-cover__inner-container is-layout-flow wp-block-cover-is-layout-flow\">\n<p class=\"has-text-align-center has-base-3-color has-text-color has-large-font-size wp-block-paragraph\">Influencia del lat\u00edn en el espa\u00f1ol<\/p>\n<\/div><\/div>\n\n\n\n<h2 class=\"wp-block-heading\" id=\"introduccion\">Introducci\u00f3n<\/h2>\n\n\n\n<p class=\"wp-block-paragraph\">Hemos llegado al final del viaje por el aprendizaje de nuestra UDA Lenguaje y Comunicaci\u00f3n. Nuestro \u00faltimo tema estudia la influencia del lat\u00edn en el espa\u00f1ol, as\u00ed que abordaremos los or\u00edgenes, el vocabulario y las locuciones latinas.<\/p>\n\n\n\n<p class=\"wp-block-paragraph\">Veremos un poco de historia para que con ello ubiquemos elementos importantes que detonaron nuestra lengua y que dem\u00e1s de ello, algunos siguen vigentes dentro de nuestro l\u00e9xico.<\/p>\n\n\n\n<p class=\"wp-block-paragraph\">Iniciemos con esta lecci\u00f3n para conocer y ubicar la influencia del lat\u00edn en nuestro idioma, qu\u00e9 palabras y estructura gramatical siguen permaneciendo en el espa\u00f1ol.<\/p>\n\n\n\n<p class=\"wp-block-paragraph\">\u00a1Comencemos!<\/p>\n\n\n\n<h2 class=\"wp-block-heading\" id=\"desarrollo-del-tema\">Desarrollo del tema <\/h2>\n\n\n\n<p class=\"wp-block-paragraph\">Como bien lo hemos mencionado, nuestro espa\u00f1ol se conforma por una diversidad de palabras derivadas, muchas de ellos tienen decendencia griega-latina en un 70%, es importante mencionar que exist\u00eda un lat\u00edn cl\u00e1sico (Hablado por la clase alta) y un lat\u00edn vulgar (hablado por la plebe, la gente del pueblo); el lat\u00edn vulgar es el que tuvo m\u00e1s impacto en nuestro espa\u00f1ol por ser el que se propagaba, cabe mencionar que no s\u00f3lo tuvo influencia en nuestro espa\u00f1ol sino tambi\u00e9n en las lenguas romances: italiano, portugu\u00e9s, catal\u00e1n, franc\u00e9s, etc. Te invitamos a leer el siguiente blog para conocer m\u00e1s de la historia de la cronolog\u00eda del alfabeto latino: <\/p>\n\n\n\n<div data-wp-interactive=\"core\/file\" class=\"wp-block-file\"><object data-wp-bind--hidden=\"!state.hasPdfPreview\" hidden class=\"wp-block-file__embed\" data=\"https:\/\/blogs.ugto.mx\/rea\/wp-content\/uploads\/sites\/71\/2023\/06\/Origen-y-Evolucion-de-las-Letras-Latinas.pdf\" type=\"application\/pdf\" style=\"width:100%;height:600px\" aria-label=\"Incrustado de Origen-y-Evolucion-de-las-Letras-Latinas.\"><\/object><a id=\"wp-block-file--media-66ff3b2c-d1d6-4413-8128-793dfab9b81c\" href=\"https:\/\/blogs.ugto.mx\/rea\/wp-content\/uploads\/sites\/71\/2023\/06\/Origen-y-Evolucion-de-las-Letras-Latinas.pdf\">Origen-y-Evolucion-de-las-Letras-Latinas<\/a><a href=\"https:\/\/blogs.ugto.mx\/rea\/wp-content\/uploads\/sites\/71\/2023\/06\/Origen-y-Evolucion-de-las-Letras-Latinas.pdf\" class=\"wp-block-file__button wp-element-button\" download aria-describedby=\"wp-block-file--media-66ff3b2c-d1d6-4413-8128-793dfab9b81c\">Descarga<\/a><\/div>\n\n\n\n<p class=\"wp-block-paragraph\"><\/p>\n\n\n\n<p class=\"wp-block-paragraph\">El espa\u00f1ol, tiene muchas palabras que se conforman por prefijos, sufijos o ra\u00edces grecolatinas como por ejemplo <em>sub<\/em> que significa por debajo de ; o por ejemplo la ra\u00edz <em>arac <\/em>que hace alusi\u00f3n a ara\u00f1as o bien el sufijo <em>terio<\/em> que significa lugar.<\/p>\n\n\n\n<p class=\"wp-block-paragraph\">Ahora bien, nosotros manejamos categor\u00edas gramaticales, que son con las cuales conformamos frases, oraciones, p\u00e1rrafos, textos; proceso comunicativo, pero dichas categor\u00edas gramaticales tienen su antecedente en los latinos denominados casos, de igual forma el g\u00e9nero (masculino, femenino o neutro) proviene del la influencia latina.<\/p>\n\n\n\n<p class=\"wp-block-paragraph\">El lat\u00edn tiene tres g\u00e9neros (masculino, femenino y neutro), dos n\u00fameros (singular y plural) y seis casos:<\/p>\n\n\n\n<ul class=\"wp-block-list\">\n<li><strong>NOMINATIVO<\/strong>.&nbsp;Indica el sujeto de la oraci\u00f3n.&nbsp;<\/li>\n\n\n\n<li><strong>GENITIVO<\/strong>.&nbsp;Puede expresar posesi\u00f3n o pertenencia, cualidad, explicaci\u00f3n, etc.<\/li>\n\n\n\n<li><strong>DATIVO<\/strong>.&nbsp;Da lugar al objeto indirecto.<\/li>\n\n\n\n<li><strong>ACUSATIVO<\/strong>.&nbsp;Da lugar al objeto directo.<\/li>\n\n\n\n<li><strong>VOCATIVO<\/strong>.&nbsp;Sirve para llamar o invocar a una persona o cosa personificada.<\/li>\n\n\n\n<li><strong>ABLATIVO<\/strong>.&nbsp;Da lugar al complemento circunstancial.<\/li>\n<\/ul>\n\n\n\n<h3 class=\"wp-block-heading\">Estructura del lat\u00edn<\/h3>\n\n\n\n<ul class=\"wp-block-list\">\n<li><strong>Declinaciones<\/strong>. En lat\u00edn manejamos dos flexiones: la nominal (o declinaci\u00f3n) y la verbal (o conjugaci\u00f3n).<\/li>\n\n\n\n<li><strong>Declinaci\u00f3n<\/strong>. Es la serie ordenada de casos, los cuales expresan las diversas funciones que en la oraci\u00f3n ejercen el sustantivo, el adjetivo y el pronombre latino.<\/li>\n\n\n\n<li><strong>Conjugaci\u00f3n<\/strong>. Es la serie ordenada de todas las voces de variada inflexi\u00f3n con que el verbo expresa sus diferentes modos, tiempos, n\u00fameros y personas.<\/li>\n<\/ul>\n\n\n\n<p class=\"wp-block-paragraph\">Te invitamos a ver el siguiente video:<\/p>\n\n\n\n<figure class=\"wp-block-embed is-type-video is-provider-youtube wp-block-embed-youtube wp-embed-aspect-16-9 wp-has-aspect-ratio\"><div class=\"wp-block-embed__wrapper\">\n<iframe loading=\"lazy\" title=\"LAT\u00cdN EXPR\u00c9S \ud83d\ude80 20 minutos para empezar con textos latinos \ud83c\udfdb\ufe0f Curso de lat\u00edn desde cero #1.0\" width=\"1200\" height=\"675\" src=\"https:\/\/www.youtube.com\/embed\/3qUWTSB6row?list=PLLpdMTXxdF84F3du3TVjZD_dVcmgmGhNs\" frameborder=\"0\" allow=\"accelerometer; autoplay; clipboard-write; encrypted-media; gyroscope; picture-in-picture; web-share\" allowfullscreen><\/iframe>\n<\/div><\/figure>\n\n\n\n<p class=\"wp-block-paragraph\">Te compartimos la siguiente tabla de algunos prefijos:<\/p>\n\n\n\n<p class=\"has-text-align-center wp-block-paragraph\"><strong>TABLAS DE PREFIJOS Y SUFIJOS LATINOS<br>PREFIJOS LATINOS<\/strong><\/p>\n\n\n\n<figure class=\"wp-block-table is-style-stripes\"><table class=\"has-background\" style=\"background-color:#f4f4e0\"><thead><tr><th>PREFIJO<\/th><th>SIGNIFICA<\/th><th>VOCABULARIO<\/th><\/tr><\/thead><tbody><tr><td>Ab \u2013 abs<\/td><td>Separaci\u00f3n<\/td><td>Ablaci\u00f3n, abstracci\u00f3n, abjurar, abstenci\u00f3n.<\/td><\/tr><tr><td>Ad<\/td><td>A\u00f1adido<\/td><td>Adjunto, adverso, adherir, adverbio.<\/td><\/tr><tr><td>Ante<\/td><td>Delante<\/td><td>Anteproyecto, anteponer, antediluviano, antesala.<\/td><\/tr><tr><td>Bi \u2013 bis<\/td><td>Dos<\/td><td>Bisabuelo, b\u00edpedo, bilabial, bic\u00e9falo.<\/td><\/tr><tr><td>Circum<\/td><td>Alrededor<\/td><td>Circunvalar, circunnavegar, circundar, circunferencia.<\/td><\/tr><tr><td>Cum \u2013&nbsp;com&nbsp;\u2013 con<\/td><td>Con<\/td><td>Conciudadano, concatenaci\u00f3n, conversaci\u00f3n, compadre.<\/td><\/tr><tr><td>Contra<\/td><td>Contra<\/td><td>Contraponer, contrarrestar, contravenir, contradecir.<\/td><\/tr><tr><td>Des<\/td><td>Privaci\u00f3n<\/td><td>Descortes\u00eda, desgracia, desventura, desconsiderar.<\/td><\/tr><tr><td>Dis \u2013 di<\/td><td>Separaci\u00f3n, negaci\u00f3n<\/td><td>Discernir, disolver, dispersar, difamar.<\/td><\/tr><tr><td>Equi<\/td><td>Igual<\/td><td>Equivalente, equiparar, equinoccio, equidistante.<\/td><\/tr><tr><td>Ex<\/td><td>Privaci\u00f3n, negaci\u00f3n<\/td><td>Excomuni\u00f3n, ex campe\u00f3n, exonerar, ex rector.<\/td><\/tr><tr><td>Ex<\/td><td>Fuera, m\u00e1s all\u00e1<\/td><td>Expulsar, extraer, exponer.<\/td><\/tr><tr><td>Extra<\/td><td>Fuera de<\/td><td>Extraordinario, extrarradio, extralimitar, extraoficial.<\/td><\/tr><tr><td>In<\/td><td>En<\/td><td>Influir, investidura, informar, innovar.<\/td><\/tr><tr><td>I \u2013 in<\/td><td>Privado de<\/td><td>Inconveniente, inconsciente, invertir, inmovilizar.<\/td><\/tr><tr><td>Infra<\/td><td>Debajo<\/td><td>Infracci\u00f3n, infrahumano, infravalorar, infrarrojos.<\/td><\/tr><tr><td>Inter<\/td><td>Entre<\/td><td>Interposici\u00f3n, interzonas, intercontinental, internacional.<\/td><\/tr><tr><td>Intra<\/td><td>Dentro<\/td><td>Intramuros, intravenoso, introducir, intramuscular.<\/td><\/tr><tr><td>Multi<\/td><td>Muchos<\/td><td>Multicolor, multinacional, multiforme, multiplicar.<\/td><\/tr><tr><td>Omni<\/td><td>Todo<\/td><td>Omnisciente, omn\u00edmodo, omnipotente, omnipresente.<\/td><\/tr><tr><td>Per<\/td><td>A trav\u00e9s<\/td><td>Perforar, perdurar, percatar, percibir.<\/td><\/tr><tr><td>Post \u2013 pos<\/td><td>Despu\u00e9s<\/td><td>Postguerra, posoperatorio, posponer, posdata.<\/td><\/tr><tr><td>Pre<\/td><td>Delante<\/td><td>Preposici\u00f3n, prevenci\u00f3n, predicci\u00f3n, preparar.<\/td><\/tr><tr><td>Pro<\/td><td>Por<\/td><td>Promover, proclamar, producir, procrear.<\/td><\/tr><tr><td>Re<\/td><td>De nuevo<\/td><td>Remedir, recompensar, refinar, revisar.<\/td><\/tr><tr><td>Retro<\/td><td>Hacia atr\u00e1s<\/td><td>Retroceder, retrovisor, retrotraer, retrospectiva.<\/td><\/tr><tr><td>Semi<\/td><td>Medio<\/td><td>Semirrecta, semic\u00edrculo, semicurvo,semioval.<\/td><\/tr><tr><td>Sin \u2013 sine<\/td><td>Negaci\u00f3n<\/td><td>Sinn\u00famero, sinraz\u00f3n, sinsabor, sinverg\u00fcenza.<\/td><\/tr><tr><td>Su \u2013 sub<\/td><td>Debajo<\/td><td>Sufijo, subterr\u00e1neo, subacu\u00e1tico, subdesarrollo.<\/td><\/tr><tr><td>Super \u2013 supra<\/td><td>Sobre<\/td><td>Supranacional, supervalorar, supranormal, superhombre.<\/td><\/tr><tr><td>Tran \u2013 trans<\/td><td>A trav\u00e9s de<\/td><td>Transmitir, transoce\u00e1nico, tranv\u00eda, transiberiano.<\/td><\/tr><tr><td>Ultra<\/td><td>M\u00e1s all\u00e1<\/td><td>Ultrarr\u00e1pido, ultravioleta, ultrasonido, ultraterrestre.<\/td><\/tr><tr><td>Vice<\/td><td>En lugar de<\/td><td>Vicepresidente, viceministro, viceversa, vicealmirante.<\/td><\/tr><tr><td>Yuxta<\/td><td>Junto a<\/td><td>Yuxtalineal, yuxtaposici\u00f3n.<\/td><\/tr><\/tbody><\/table><\/figure>\n\n\n\n<h2 class=\"wp-block-heading\" id=\"conclusion\">Conclusi\u00f3n<\/h2>\n\n\n\n<p class=\"wp-block-paragraph\">Habr\u00e1s descubierto gracias a esta UDA que el lenguaje es un instrumento y producto de desarrollo social, el cual se transforma y se adapta a cada situaci\u00f3n en la que se ve inmerso. T\u00fa mismo al final de este recorrido has logrado mejorar tu l\u00e9xico, en comparaci\u00f3n de c\u00f3mo lo iniciaste cuando comenzamos con estas lecciones.<\/p>\n\n\n\n<p class=\"wp-block-paragraph\">La ense\u00f1anza del espa\u00f1ol debe ser pr\u00e1ctica y debe promover de manera conjunta el conocimiento y enriquecimiento del mismo. Por ello, no debes dejar de leer, escribir, hablar y escuchar tu lengua. Expl\u00f3rala, aclara lo que no sepas, practica lo que aprendes y, sobre todo, observa a otros hablantes fuera de tu contexto para apreciar su riqueza. Al\u00e9grate de que ha llegado al final de este recorrido y si\u00e9ntete orgulloso de todo lo que has aprendido y mejorado.<\/p>\n\n\n\n<h2 class=\"wp-block-heading\">Fuentes de informaci\u00f3n<\/h2>\n\n\n\n<ul class=\"wp-block-list\">\n<li><a href=\"https:\/\/www.superprof.mx\/blog\/locuciones-latinas-usadas-en-castellano\/\" target=\"_blank\" rel=\"noreferrer noopener nofollow\">Expresiones de lengua latina que se usan en espa\u00f1ol<\/a><\/li>\n\n\n\n<li><a href=\"http:\/\/maritolenguajeycomunicacion.blogspot.com\/p\/blog-page_15.html\" rel=\"nofollow\">Prefijos <\/a><a href=\"http:\/\/maritolenguajeycomunicacion.blogspot.com\/p\/blog-page_15.html\" target=\"_blank\" rel=\"noreferrer noopener\">y<\/a><a href=\"http:\/\/maritolenguajeycomunicacion.blogspot.com\/p\/blog-page_15.html\"> sufijos griegos y latinos<\/a><\/li>\n<\/ul>\n","protected":false},"excerpt":{"rendered":"<p>Introducci\u00f3n Hemos llegado al final del viaje por el aprendizaje de nuestra UDA Lenguaje y Comunicaci\u00f3n. Nuestro \u00faltimo tema estudia la influencia del lat\u00edn en el espa\u00f1ol, as\u00ed que abordaremos los or\u00edgenes, el vocabulario y las locuciones latinas. Veremos un poco de historia para que con ello ubiquemos elementos importantes que detonaron nuestra lengua y &#8230; <a title=\"Clase digital 10. Influencia del lat\u00edn en el espa\u00f1ol\" class=\"read-more\" href=\"https:\/\/blogs.ugto.mx\/rea\/clase-digital-10-influencia-del-latin-en-el-espanol\/\" aria-label=\"Leer m\u00e1s sobre Clase digital 10. Influencia del lat\u00edn en el espa\u00f1ol\">Leer m\u00e1s<\/a><\/p>\n","protected":false},"author":142,"featured_media":0,"comment_status":"closed","ping_status":"closed","sticky":false,"template":"","format":"standard","meta":{"_acf_changed":false,"_crdt_document":"","episode_type":"","audio_file":"","podmotor_file_id":"","podmotor_episode_id":"","cover_image":"","cover_image_id":"","duration":"","filesize":"","filesize_raw":"","date_recorded":"","explicit":"","block":"","itunes_episode_number":"","itunes_title":"","itunes_season_number":"","itunes_episode_type":"","footnotes":""},"categories":[339,654],"tags":[655,41,653],"class_list":["post-24764","post","type-post","status-publish","format-standard","hentry","category-bachillerato-plan-de-estudios-2020","category-uda-lenguaje-y-comunicacion","tag-blanca-olivia-ortiz-soria","tag-clase-digital","tag-shba06003"],"acf":[],"jetpack_featured_media_url":"","_links":{"self":[{"href":"https:\/\/blogs.ugto.mx\/rea\/wp-json\/wp\/v2\/posts\/24764","targetHints":{"allow":["GET"]}}],"collection":[{"href":"https:\/\/blogs.ugto.mx\/rea\/wp-json\/wp\/v2\/posts"}],"about":[{"href":"https:\/\/blogs.ugto.mx\/rea\/wp-json\/wp\/v2\/types\/post"}],"author":[{"embeddable":true,"href":"https:\/\/blogs.ugto.mx\/rea\/wp-json\/wp\/v2\/users\/142"}],"replies":[{"embeddable":true,"href":"https:\/\/blogs.ugto.mx\/rea\/wp-json\/wp\/v2\/comments?post=24764"}],"version-history":[{"count":26,"href":"https:\/\/blogs.ugto.mx\/rea\/wp-json\/wp\/v2\/posts\/24764\/revisions"}],"predecessor-version":[{"id":24795,"href":"https:\/\/blogs.ugto.mx\/rea\/wp-json\/wp\/v2\/posts\/24764\/revisions\/24795"}],"wp:attachment":[{"href":"https:\/\/blogs.ugto.mx\/rea\/wp-json\/wp\/v2\/media?parent=24764"}],"wp:term":[{"taxonomy":"category","embeddable":true,"href":"https:\/\/blogs.ugto.mx\/rea\/wp-json\/wp\/v2\/categories?post=24764"},{"taxonomy":"post_tag","embeddable":true,"href":"https:\/\/blogs.ugto.mx\/rea\/wp-json\/wp\/v2\/tags?post=24764"}],"curies":[{"name":"wp","href":"https:\/\/api.w.org\/{rel}","templated":true}]}}