{"id":28935,"date":"2023-09-27T16:47:50","date_gmt":"2023-09-27T16:47:50","guid":{"rendered":"https:\/\/blogs.ugto.mx\/rea\/?p=28935"},"modified":"2023-10-20T12:47:06","modified_gmt":"2023-10-20T12:47:06","slug":"guia-didactica-el-legado-de-las-vanguardias-del-siglo-xx-en-la-historia-y-el-arte","status":"publish","type":"post","link":"https:\/\/blogs.ugto.mx\/rea\/guia-didactica-el-legado-de-las-vanguardias-del-siglo-xx-en-la-historia-y-el-arte\/","title":{"rendered":"Gu\u00eda did\u00e1ctica El legado de las vanguardias del siglo XX en la historia y el arte"},"content":{"rendered":"\n\n\n<div class=\"wp-block-cover is-light\" style=\"min-height:284px;aspect-ratio:unset;\"><span aria-hidden=\"true\" class=\"wp-block-cover__background has-contrast-background-color has-background-dim-40 has-background-dim\"><\/span><img decoding=\"async\" class=\"wp-block-cover__image-background wp-image-29262\" alt=\"\" src=\"data:image\/gif;base64,R0lGODlhAQABAIAAAAAAAP\/\/\/yH5BAEAAAAALAAAAAABAAEAAAIBRAA7\" data-src=\"https:\/\/blogs.ugto.mx\/rea\/wp-content\/uploads\/sites\/71\/2023\/09\/Captura-de-Pantalla-2023-09-21-a-las-14.13.34.png\" data-object-fit=\"cover\" \/><noscript><img loading=\"lazy\" decoding=\"async\" width=\"1187\" height=\"862\" class=\"wp-block-cover__image-background wp-image-29262\" alt=\"\" src=\"https:\/\/blogs.ugto.mx\/rea\/wp-content\/uploads\/sites\/71\/2023\/09\/Captura-de-Pantalla-2023-09-21-a-las-14.13.34.png\" data-object-fit=\"cover\" srcset=\"https:\/\/blogs.ugto.mx\/rea\/wp-content\/uploads\/sites\/71\/2023\/09\/Captura-de-Pantalla-2023-09-21-a-las-14.13.34.png 1187w, https:\/\/blogs.ugto.mx\/rea\/wp-content\/uploads\/sites\/71\/2023\/09\/Captura-de-Pantalla-2023-09-21-a-las-14.13.34-300x218.png 300w, https:\/\/blogs.ugto.mx\/rea\/wp-content\/uploads\/sites\/71\/2023\/09\/Captura-de-Pantalla-2023-09-21-a-las-14.13.34-1024x744.png 1024w, https:\/\/blogs.ugto.mx\/rea\/wp-content\/uploads\/sites\/71\/2023\/09\/Captura-de-Pantalla-2023-09-21-a-las-14.13.34-768x558.png 768w\" sizes=\"auto, (max-width: 1187px) 100vw, 1187px\" \/><\/noscript><div class=\"wp-block-cover__inner-container is-layout-flow wp-block-cover-is-layout-flow\">\n<p class=\"has-text-align-center has-base-3-color has-text-color has-large-font-size wp-block-paragraph\">El legado de las vanguardias del siglo XX en la historia y el arte<\/p>\n<\/div><\/div>\n\n\n\n<h2 class=\"wp-block-heading\" id=\"fundamentacion\">Fundamentaci\u00f3n <\/h2>\n\n\n\n<p class=\"wp-block-paragraph\">El movimiento de vanguardia del siglo XX representa un periodo verdaderamente revolucionario en la historia del arte y la cultura. Fue un momento en el que surgieron nuevas formas y estilos art\u00edsticos, marcado por el rechazo de las convenciones tradicionales y el uso del arte como una poderosa herramienta para desafiar las normas y valores sociales arraigados.<\/p>\n\n\n\n<p class=\"wp-block-paragraph\">La creaci\u00f3n de este micro-curso, titulado \u00abEl legado de las vanguardias del siglo XX en la historia y el arte,\u00bb tiene como objetivo principal explorar en profundidad el contexto hist\u00f3rico de las vanguardias art\u00edsticas del siglo XX, destacando los movimientos y artistas clave que dieron forma a esta era, y analizando el impacto perdurable de este periodo en las pr\u00e1cticas art\u00edsticas contempor\u00e1neas.<\/p>\n\n\n\n<p class=\"wp-block-paragraph\">En la actualidad, es imperativo que los estudiantes de bachillerato proped\u00e9utico en el campo de las Artes Visuales adquieran un conocimiento s\u00f3lido de este periodo hist\u00f3rico y art\u00edstico fundamental. Esta experiencia de aprendizaje est\u00e1 dise\u00f1ada para ser un puente hacia una comprensi\u00f3n m\u00e1s profunda y significativa de las vanguardias del siglo XX, permitiendo a los participantes explorar no solo las manifestaciones art\u00edsticas en s\u00ed, sino tambi\u00e9n el contexto pol\u00edtico y social en el que surgieron.<\/p>\n\n\n\n<p class=\"wp-block-paragraph\">Los destinatarios de esta experiencia de aprendizaje son estudiantes del nivel medio superior y superior, interesados en el arte y su evoluci\u00f3n a lo largo de la historia. Este curso no solo enriquecer\u00e1 su comprensi\u00f3n de las vanguardias del siglo XX, sino que tambi\u00e9n fomentar\u00e1 un pensamiento cr\u00edtico y una apreciaci\u00f3n m\u00e1s profunda de c\u00f3mo estas corrientes art\u00edsticas han influido en la creaci\u00f3n art\u00edstica contempor\u00e1nea.<\/p>\n\n\n\n<p class=\"wp-block-paragraph\">Es fundamental que los estudiantes reconozcan que el surgimiento de nuevas formas de arte y estilos no s\u00f3lo transform\u00f3 el panorama art\u00edstico, sino que tambi\u00e9n influy\u00f3 en la forma en que percibimos y entendemos el mundo que nos rodea. La experimentaci\u00f3n y la innovaci\u00f3n, caracter\u00edsticas distintivas de las vanguardias, siguen siendo relevantes en la creaci\u00f3n art\u00edstica actual. Por lo tanto, este curso busca empoderar a los estudiantes para que se conviertan en cr\u00edticos de arte informados y creadores conscientes de la herencia que estas vanguardias les legaron.<\/p>\n\n\n\n<h2 class=\"wp-block-heading\" id=\"competencia-general\">Competencia general<\/h2>\n\n\n\n<p class=\"wp-block-paragraph\">Comprender y contextualizar las expresiones art\u00edsticas del siglo XX, identificando sus caracter\u00edsticas distintivas y su impacto en el arte moderno, para luego analizar de manera cr\u00edtica obras y movimientos art\u00edsticos de esta \u00e9poca, aplicando herramientas y enfoques de an\u00e1lisis art\u00edstico y, finalmente, cultivar una apreciaci\u00f3n reflexiva y abierta hacia la diversidad de expresiones art\u00edsticas, fomentando la valoraci\u00f3n de la innovaci\u00f3n y la ruptura con lo tradicional como elementos enriquecedores de la experiencia art\u00edstica.<\/p>\n\n\n\n<h2 class=\"wp-block-heading\" id=\"contenidos-tematicos\">Contenidos tem\u00e1ticos<\/h2>\n\n\n\n<ol class=\"wp-block-list\">\n<li>El impacto de las vanguardias en el arte moderno<\/li>\n\n\n\n<li>El \u00e9nfasis de las vanguardias en la experimentaci\u00f3n y la innovaci\u00f3n que gener\u00f3 nuevas t\u00e9cnicas y medios art\u00edsticos.<\/li>\n\n\n\n<li>El contexto pol\u00edtico y social de las vanguardias.<\/li>\n\n\n\n<li>La actualidad de las vanguardias en el arte contempor\u00e1neo.<\/li>\n<\/ol>\n\n\n\n<h2 class=\"wp-block-heading\">Metodolog\u00eda del trabajo<\/h2>\n\n\n\n<p class=\"wp-block-paragraph\">Para el trabajo a distancia mediante la plataforma de educaci\u00f3n se deber\u00e1 considerar lo siguiente:<\/p>\n\n\n\n<ul class=\"wp-block-list\">\n<li><strong>Materiales:<\/strong> se encontrar\u00e1n en el ambiente digital de aprendizaje referencia a lecturas, videos y otros recursos did\u00e1cticos complementarios.<\/li>\n\n\n\n<li><strong>Interacci\u00f3n en plataforma:<\/strong> se podr\u00e1n utilizar herramientas de comunicaci\u00f3n como foros para el an\u00e1lisis de las tem\u00e1ticas planteadas.<\/li>\n\n\n\n<li><strong>Actividades:<\/strong> se establecer\u00e1n consignas que servir\u00e1n de evidencia de los aprendizajes del estudiante.<\/li>\n\n\n\n<li><strong>Seguimiento del participante:<\/strong> el seguimiento ser\u00e1 constante, con el objetivo de acompa\u00f1ar y sostener el aprendizaje.<\/li>\n<\/ul>\n\n\n\n<h2 class=\"wp-block-heading\" id=\"criterios-de-evaluacion\">Criterios de evaluaci\u00f3n<\/h2>\n\n\n\n<p class=\"wp-block-paragraph\">Los criterios de evaluaci\u00f3n son los siguientes:<\/p>\n\n\n\n<ul class=\"wp-block-list\">\n<li>Claridad en la expresi\u00f3n evitando sobre y malos entendidos.<\/li>\n\n\n\n<li>Se observar\u00e1 el nivel de pertinencia del participante, sus posibilidades para aportar conceptos, dudas y comentarios.<\/li>\n\n\n\n<li>Se prestar\u00e1 especial inter\u00e9s al nivel de disposici\u00f3n a la tarea y compromiso con el aprendizaje.<\/li>\n\n\n\n<li>La evaluaci\u00f3n mantendr\u00e1 un enfoque hol\u00edstico que involucre lo cuantitativo y cualitativo.<\/li>\n\n\n\n<li>El 100% de la calificaci\u00f3n se basar\u00e1 en el desempe\u00f1o, entregables y las pruebas de conocimiento.<\/li>\n<\/ul>\n\n\n\n<p class=\"wp-block-paragraph\">Para aprobar, es necesario cumplir en tiempo y forma los siguientes requisitos durante el desarrollo de la unidad de aprendizaje:<\/p>\n\n\n\n<ul class=\"wp-block-list\">\n<li>Lectura reflexiva de los materiales.<\/li>\n\n\n\n<li>Participaci\u00f3n activa y pertinente en las actividades que as\u00ed lo especifiquen.<\/li>\n\n\n\n<li>Resoluci\u00f3n de las pruebas te\u00f3ricas que apliquen.<\/li>\n<\/ul>\n\n\n\n<h2 class=\"wp-block-heading\" id=\"creditos\">Cr\u00e9ditos <\/h2>\n\n\n\n<figure class=\"wp-block-table\"><table class=\"has-fixed-layout\"><thead><tr><th class=\"has-text-align-center\" data-align=\"center\">AUTORA<\/th><th class=\"has-text-align-center\" data-align=\"center\"><strong>DESARROLLO Y PRODUCCI\u00d3N<\/strong><\/th><\/tr><\/thead><tbody><tr><td class=\"has-text-align-center\" data-align=\"center\">Clara Marisol Hern\u00e1ndez Delgado<\/td><td class=\"has-text-align-center\" data-align=\"center\">SEDigital<strong><br><\/strong>(Sistema de Educaci\u00f3n Digital)<\/td><\/tr><\/tbody><\/table><\/figure>\n","protected":false},"excerpt":{"rendered":"<p>Fundamentaci\u00f3n El movimiento de vanguardia del siglo XX representa un periodo verdaderamente revolucionario en la historia del arte y la cultura. Fue un momento en el que surgieron nuevas formas y estilos art\u00edsticos, marcado por el rechazo de las convenciones tradicionales y el uso del arte como una poderosa herramienta para desafiar las normas y &#8230; <a title=\"Gu\u00eda did\u00e1ctica El legado de las vanguardias del siglo XX en la historia y el arte\" class=\"read-more\" href=\"https:\/\/blogs.ugto.mx\/rea\/guia-didactica-el-legado-de-las-vanguardias-del-siglo-xx-en-la-historia-y-el-arte\/\" aria-label=\"Leer m\u00e1s sobre Gu\u00eda did\u00e1ctica El legado de las vanguardias del siglo XX en la historia y el arte\">Leer m\u00e1s<\/a><\/p>\n","protected":false},"author":142,"featured_media":0,"comment_status":"closed","ping_status":"closed","sticky":false,"template":"","format":"standard","meta":{"_acf_changed":false,"_crdt_document":"","episode_type":"","audio_file":"","podmotor_file_id":"","podmotor_episode_id":"","cover_image":"","cover_image_id":"","duration":"","filesize":"","filesize_raw":"","date_recorded":"","explicit":"","block":"","itunes_episode_number":"","itunes_title":"","itunes_season_number":"","itunes_episode_type":"","footnotes":""},"categories":[187,180,765,202],"tags":[767,766,39],"class_list":["post-28935","post","type-post","status-publish","format-standard","hentry","category-artes-y-humanidades","category-cideap","category-curso-el-legado-de-las-vanguardias-del-siglo-xx-en-la-historia-y-el-arte","category-expresiones-artisticas","tag-clara-marisol-hernandez-delgado","tag-edar01668","tag-guia-didactica"],"acf":[],"jetpack_featured_media_url":"","_links":{"self":[{"href":"https:\/\/blogs.ugto.mx\/rea\/wp-json\/wp\/v2\/posts\/28935","targetHints":{"allow":["GET"]}}],"collection":[{"href":"https:\/\/blogs.ugto.mx\/rea\/wp-json\/wp\/v2\/posts"}],"about":[{"href":"https:\/\/blogs.ugto.mx\/rea\/wp-json\/wp\/v2\/types\/post"}],"author":[{"embeddable":true,"href":"https:\/\/blogs.ugto.mx\/rea\/wp-json\/wp\/v2\/users\/142"}],"replies":[{"embeddable":true,"href":"https:\/\/blogs.ugto.mx\/rea\/wp-json\/wp\/v2\/comments?post=28935"}],"version-history":[{"count":4,"href":"https:\/\/blogs.ugto.mx\/rea\/wp-json\/wp\/v2\/posts\/28935\/revisions"}],"predecessor-version":[{"id":30363,"href":"https:\/\/blogs.ugto.mx\/rea\/wp-json\/wp\/v2\/posts\/28935\/revisions\/30363"}],"wp:attachment":[{"href":"https:\/\/blogs.ugto.mx\/rea\/wp-json\/wp\/v2\/media?parent=28935"}],"wp:term":[{"taxonomy":"category","embeddable":true,"href":"https:\/\/blogs.ugto.mx\/rea\/wp-json\/wp\/v2\/categories?post=28935"},{"taxonomy":"post_tag","embeddable":true,"href":"https:\/\/blogs.ugto.mx\/rea\/wp-json\/wp\/v2\/tags?post=28935"}],"curies":[{"name":"wp","href":"https:\/\/api.w.org\/{rel}","templated":true}]}}