{"id":29491,"date":"2023-09-29T18:53:21","date_gmt":"2023-09-29T18:53:21","guid":{"rendered":"https:\/\/blogs.ugto.mx\/rea\/?p=29491"},"modified":"2023-10-24T21:27:08","modified_gmt":"2023-10-24T21:27:08","slug":"clase-digital-1-derechos-humanos-dd-hh","status":"publish","type":"post","link":"https:\/\/blogs.ugto.mx\/rea\/clase-digital-1-derechos-humanos-dd-hh\/","title":{"rendered":"Clase digital 1. Derechos humanos (DD.HH.)"},"content":{"rendered":"\n\n\n<div class=\"wp-block-cover is-light\" style=\"min-height:284px;aspect-ratio:unset;\"><span aria-hidden=\"true\" class=\"wp-block-cover__background has-background-dim-40 has-background-dim\"><\/span><img decoding=\"async\" class=\"wp-block-cover__image-background wp-image-29647\" alt=\"\" src=\"data:image\/gif;base64,R0lGODlhAQABAIAAAAAAAP\/\/\/yH5BAEAAAAALAAAAAABAAEAAAIBRAA7\" data-src=\"https:\/\/blogs.ugto.mx\/rea\/wp-content\/uploads\/sites\/71\/2023\/09\/pexels-pavel-danilyuk-8112197.jpg\" style=\"object-position:49% 35%\" data-object-fit=\"cover\" data-object-position=\"49% 35%\" \/><noscript><img loading=\"lazy\" decoding=\"async\" width=\"640\" height=\"959\" class=\"wp-block-cover__image-background wp-image-29647\" alt=\"\" src=\"https:\/\/blogs.ugto.mx\/rea\/wp-content\/uploads\/sites\/71\/2023\/09\/pexels-pavel-danilyuk-8112197.jpg\" style=\"object-position:49% 35%\" data-object-fit=\"cover\" data-object-position=\"49% 35%\" srcset=\"https:\/\/blogs.ugto.mx\/rea\/wp-content\/uploads\/sites\/71\/2023\/09\/pexels-pavel-danilyuk-8112197.jpg 640w, https:\/\/blogs.ugto.mx\/rea\/wp-content\/uploads\/sites\/71\/2023\/09\/pexels-pavel-danilyuk-8112197-200x300.jpg 200w\" sizes=\"auto, (max-width: 640px) 100vw, 640px\" \/><\/noscript><div class=\"wp-block-cover__inner-container is-layout-flow wp-block-cover-is-layout-flow\">\n<p class=\"has-text-align-center has-base-3-color has-text-color has-large-font-size wp-block-paragraph\"><br>Derechos humanos (DD.HH.)<\/p>\n<\/div><\/div>\n\n\n\n<h2 class=\"wp-block-heading\" id=\"introduccion\">Introducci\u00f3n<\/h2>\n\n\n\n<p class=\"wp-block-paragraph\">\u00a1Bienvenidos a la primera clase digital del curso \u00abMovimientos Sociales y los Derechos Humanos\u00bb en el Bachillerato General! En esta experiencia de aprendizaje, exploraremos el apasionante mundo de los derechos humanos y c\u00f3mo estos evolucionan a lo largo de la historia gracias a la lucha incansable de movimientos sociales.<\/p>\n\n\n\n<p class=\"wp-block-paragraph\">En esta primera lecci\u00f3n, nos sumergiremos en el universo de los derechos humanos. Comenzaremos por comprender qu\u00e9 son exactamente, su naturaleza jur\u00eddica y d\u00f3nde est\u00e1n consagrados. Hablaremos en detalle sobre la Declaraci\u00f3n Universal de los Derechos Humanos de 1948, un hito fundamental en la protecci\u00f3n de los derechos fundamentales a nivel global.<\/p>\n\n\n\n<p class=\"wp-block-paragraph\">Adem\u00e1s, exploraremos c\u00f3mo estos derechos se reflejan en la Constituci\u00f3n Pol\u00edtica de los Estados Unidos Mexicanos. M\u00e9xico ha experimentado reformas importantes para incorporar estos derechos, y en junio de 2011, se consolid\u00f3 como un defensor activo de los derechos humanos. Analizaremos cu\u00e1les de estos derechos est\u00e1n protegidos en nuestra propia Constituci\u00f3n.<\/p>\n\n\n\n<p class=\"wp-block-paragraph\">A medida que avanzamos en este curso, es natural que surjan preguntas y dudas. Recuerda que este es solo el comienzo de nuestro viaje en el mundo de los derechos humanos. El progreso es gradual, pero cada paso que damos nos acerca a una sociedad m\u00e1s justa y respetuosa de los derechos de todos. <\/p>\n\n\n\n<p class=\"wp-block-paragraph\">\u00a1Comencemos juntos este emocionante aprendizaje!<\/p>\n\n\n\n<h2 class=\"wp-block-heading\" id=\"desarrollo-del-tema\">Desarrollo del tema<\/h2>\n\n\n\n<h3 class=\"wp-block-heading\">1. 2.1. Definici\u00f3n de los Derechos Humanos<\/h3>\n\n\n\n<p class=\"wp-block-paragraph\">Hoy en d\u00eda, escuchamos mencionar los \u00abderechos humanos\u00bb en diferentes contextos, pero \u00bfrealmente sabemos qu\u00e9 significan? Si preguntamos a las personas qu\u00e9 son los derechos humanos, es probable que obtuvi\u00e9ramos diversas percepciones y ejemplos, pero no necesariamente una definici\u00f3n clara.<\/p>\n\n\n\n<p class=\"wp-block-paragraph\">Por lo tanto, es fundamental comprender a fondo el concepto de derechos humanos. Te invitamos a ver el siguiente video que te brindar\u00e1 una introducci\u00f3n a este tema:<\/p>\n\n\n\n<figure class=\"wp-block-embed is-type-video is-provider-youtube wp-block-embed-youtube wp-embed-aspect-16-9 wp-has-aspect-ratio\"><div class=\"wp-block-embed__wrapper\">\n<iframe loading=\"lazy\" title=\"\u00bf Qu\u00e9 son los Derechos Humanos ?. Organizaci\u00f3n Unidos por los Derechos\u00a0Humanos\" width=\"1200\" height=\"675\" src=\"https:\/\/www.youtube.com\/embed\/PPeRECua5CQ?feature=oembed\" frameborder=\"0\" allow=\"accelerometer; autoplay; clipboard-write; encrypted-media; gyroscope; picture-in-picture; web-share\" allowfullscreen><\/iframe>\n<\/div><\/figure>\n\n\n\n<ul class=\"wp-block-list\">\n<li>\u00bfQu\u00e9 opinas despu\u00e9s de verlo? <\/li>\n\n\n\n<li>\u00bfSab\u00edas realmente qu\u00e9 son los derechos humanos?<\/li>\n\n\n\n<li> \u00bfQu\u00e9 piensas sobre los eventos hist\u00f3ricos que llevaron a su reconocimiento?<\/li>\n<\/ul>\n\n\n\n<p class=\"wp-block-paragraph\">Seg\u00fan la Comisi\u00f3n Nacional de Derechos Humanos (CNDH), los derechos humanos se definen como \u00abel conjunto de prerrogativas sustentadas en la dignidad humana, cuya realizaci\u00f3n efectiva resulta indispensable para el desarrollo integral de la persona. Este conjunto de prerrogativas se encuentra establecido dentro del orden jur\u00eddico nacional, en nuestra Constituci\u00f3n Pol\u00edtica, tratados internacionales y las leyes\u00bb.<\/p>\n\n\n\n<p class=\"wp-block-paragraph\">La CNDH tambi\u00e9n reconoce que \u00ablos derechos humanos son inherentes a todos los seres humanos, sin importar su nacionalidad, lugar de residencia, sexo, origen \u00e9tnico, color, religi\u00f3n, lengua u otra condici\u00f3n. Todos tenemos los mismos derechos humanos, sin discriminaci\u00f3n. Estos derechos est\u00e1n interrelacionados, interdependientes e indivisibles\u00bb.<\/p>\n\n\n\n<p class=\"wp-block-paragraph\">El respeto hacia los derechos humanos es una responsabilidad compartida por todos. Todas las autoridades, en el \u00e1mbito de sus competencias, tienen la obligaci\u00f3n de promover, respetar, proteger y garantizar estos derechos en favor de cada individuo.<\/p>\n\n\n\n<p class=\"wp-block-paragraph\">Es importante destacar que los derechos humanos universales est\u00e1n consagrados en la Declaraci\u00f3n Universal de los Derechos Humanos y son garantizados a trav\u00e9s de tratados internacionales, el derecho internacional, principios generales y otros instrumentos que aseguran su protecci\u00f3n, como el juicio de amparo.<\/p>\n\n\n\n<h3 class=\"wp-block-heading\">1.2.2. Naturaleza jur\u00eddica de los Derechos humanos<\/h3>\n\n\n\n<p class=\"wp-block-paragraph\">Es esencial comprender la base de los derechos humanos y su evoluci\u00f3n hist\u00f3rica. En el pasado, no todas las personas ten\u00edan la consideraci\u00f3n de \u00abseres humanos\u00bb, ya que exist\u00eda la esclavitud, y los esclavos no eran reconocidos como personas.<\/p>\n\n\n\n<p class=\"wp-block-paragraph\">Te invitamos a ver el siguiente video: <\/p>\n\n\n\n<figure class=\"wp-block-embed is-type-video is-provider-youtube wp-block-embed-youtube wp-embed-aspect-16-9 wp-has-aspect-ratio\"><div class=\"wp-block-embed__wrapper\">\n<iframe loading=\"lazy\" title=\"\u00bfQu\u00e9 son los DERECHOS HUMANOS y cu\u00e1les son? - Historia y caracter\u00edsticas\u262e\ufe0f\ud83c\udf0e\" width=\"1200\" height=\"675\" src=\"https:\/\/www.youtube.com\/embed\/zqFM5LN12A8?feature=oembed\" frameborder=\"0\" allow=\"accelerometer; autoplay; clipboard-write; encrypted-media; gyroscope; picture-in-picture; web-share\" allowfullscreen><\/iframe>\n<\/div><\/figure>\n\n\n\n<ul class=\"wp-block-list\">\n<li>\u00bfCu\u00e1ntos derechos humanos conoc\u00edas? <\/li>\n\n\n\n<li>\u00bfHab\u00edas o\u00eddo hablar de la Declaraci\u00f3n de los Derechos Humanos?<\/li>\n<\/ul>\n\n\n\n<p class=\"wp-block-paragraph\">El jurista Jorge Carpizo, en su ensayo titulado \u00abLos Derechos Humanos: Naturaleza, Denominaci\u00f3n y Caracter\u00edsticas\u00bb, argumenta que la base de los derechos humanos es la dignidad de la persona, que est\u00e1 por encima de consideraciones positivistas. La dignidad humana se distingue por la raz\u00f3n, voluntad, libertad, igualdad e historicidad de cada individuo. Los derechos humanos son un conjunto de atribuciones reconocidas por instrumentos jur\u00eddicos para garantizar la dignidad de todas las personas en diversos \u00e1mbitos, como lo individual, social, pol\u00edtico, econ\u00f3mico y cultural.<\/p>\n\n\n\n<p class=\"wp-block-paragraph\">Te invitamos a leer el ensayo de Carpizo y realizar tus propias reflexiones sobre la naturaleza jur\u00eddica de los derechos humanos.<\/p>\n\n\n\n<p class=\"wp-block-paragraph\">Puedes encontrarlo aqu\u00ed:<\/p>\n\n\n\n<div class=\"wp-block-buttons is-content-justification-center is-layout-flex wp-container-core-buttons-is-layout-fe48e5de wp-block-buttons-is-layout-flex\">\n<div class=\"wp-block-button\"><a class=\"wp-block-button__link has-background wp-element-button\" href=\"https:\/\/drive.google.com\/file\/d\/1Cwu73Hcwpo8vCaLUIu6kWmBhBv9qjqH1\/view?usp=sharing\" style=\"background:linear-gradient(135deg,rgb(55,202,236) 0%,rgb(173,217,216) 100%)\" target=\"_blank\" rel=\"noreferrer noopener\">     ACCEDE     <\/a><\/div>\n<\/div>\n\n\n\n<h3 class=\"wp-block-heading\">1.2.3. La Declaraci\u00f3n de los Derechos Humanos<\/h3>\n\n\n\n<p class=\"wp-block-paragraph\">La Declaraci\u00f3n Universal de los Derechos Humanos es un documento crucial en la historia de los derechos humanos. Fue elaborado por representantes de diversas regiones del mundo, con diferentes antecedentes jur\u00eddicos y culturales, y proclamado por la Asamblea General de las Naciones Unidas el 10 de diciembre de 1948 en Par\u00eds, mediante la Resoluci\u00f3n 217 A (III). Te invito a que veas el siguiente enlace en donde se aborda este tema:<\/p>\n\n\n\n<div class=\"wp-block-buttons is-content-justification-center is-layout-flex wp-container-core-buttons-is-layout-fe48e5de wp-block-buttons-is-layout-flex\">\n<div class=\"wp-block-button\"><a class=\"wp-block-button__link has-background wp-element-button\" href=\"https:\/\/drive.google.com\/file\/d\/1vjNVnmscy7jF2veg1YO4sY9ub6kjHddA\/view?usp=sharing\" style=\"background:linear-gradient(135deg,rgb(55,202,236) 0%,rgb(173,217,216) 100%)\" target=\"_blank\" rel=\"noreferrer noopener\">     ACCEDE     <\/a><\/div>\n<\/div>\n\n\n\n<div class=\"wp-block-columns is-layout-flex wp-container-core-columns-is-layout-8f761849 wp-block-columns-is-layout-flex\">\n<div class=\"wp-block-column is-layout-flow wp-block-column-is-layout-flow\" style=\"flex-basis:33.33%\"><div class=\"wp-block-image\">\n<figure class=\"aligncenter size-full\"><img decoding=\"async\" src=\"data:image\/gif;base64,R0lGODlhAQABAIAAAAAAAP\/\/\/yH5BAEAAAAALAAAAAABAAEAAAIBRAA7\" data-src=\"https:\/\/blogs.ugto.mx\/rea\/wp-content\/uploads\/sites\/71\/2023\/09\/Dh.jpg\" alt=\"\" class=\"wp-image-29633\" \/><noscript><img loading=\"lazy\" decoding=\"async\" width=\"506\" height=\"506\" src=\"https:\/\/blogs.ugto.mx\/rea\/wp-content\/uploads\/sites\/71\/2023\/09\/Dh.jpg\" alt=\"\" class=\"wp-image-29633\" srcset=\"https:\/\/blogs.ugto.mx\/rea\/wp-content\/uploads\/sites\/71\/2023\/09\/Dh.jpg 506w, https:\/\/blogs.ugto.mx\/rea\/wp-content\/uploads\/sites\/71\/2023\/09\/Dh-300x300.jpg 300w, https:\/\/blogs.ugto.mx\/rea\/wp-content\/uploads\/sites\/71\/2023\/09\/Dh-150x150.jpg 150w\" sizes=\"auto, (max-width: 506px) 100vw, 506px\" \/><\/noscript><figcaption class=\"wp-element-caption\"><strong>Imagen 1.<\/strong> D\u00eda de los derechos humanos<\/figcaption><\/figure>\n<\/div><\/div>\n\n\n\n<div class=\"wp-block-column is-vertically-aligned-center is-layout-flow wp-block-column-is-layout-flow\" style=\"flex-basis:66.66%\">\n<p class=\"wp-block-paragraph\"><\/p>\n\n\n\n<p class=\"wp-block-paragraph\">Esta Declaraci\u00f3n establece los derechos humanos fundamentales que deben protegerse en todo el mundo y ha sido traducida a m\u00e1s de 500 idiomas. Es ampliamente reconocida por haber inspirado y allanado el camino para la adopci\u00f3n de m\u00e1s de setenta tratados de derechos humanos, que se aplican de manera permanente a nivel global y regional (todos contienen referencias a ella en sus pre\u00e1mbulos).<\/p>\n\n\n\n<p class=\"has-text-align-left wp-block-paragraph\">Te invito a que le des clic al siguiente enlace sobre la Declaraci\u00f3n de los Derechos humanos para que conozcas desde su pre\u00e1mbulo y los 30 art\u00edculos que la integran, esto te ayudar\u00e1 a conocer cu\u00e1les son los derechos b\u00e1sicos que tenemos como personas. <\/p>\n\n\n\n<div class=\"wp-block-buttons alignwide is-content-justification-center is-layout-flex wp-container-core-buttons-is-layout-fe48e5de wp-block-buttons-is-layout-flex\">\n<div class=\"wp-block-button\"><a class=\"wp-block-button__link has-background wp-element-button\" href=\"https:\/\/drive.google.com\/file\/d\/1NIHdFDZyRLzR5e-5RGDx8YZV6XSko4wx\/view?usp=sharing\" style=\"background:linear-gradient(135deg,rgb(55,202,236) 0%,rgb(173,217,216) 100%)\" target=\"_blank\" rel=\"noreferrer noopener\">     ACCEDE     <\/a><\/div>\n<\/div>\n<\/div>\n<\/div>\n\n\n\n<p class=\"wp-block-paragraph\"><\/p>\n\n\n\n<ul class=\"wp-block-list\">\n<li>\u00bfQu\u00e9 te ha parecido la Declaraci\u00f3n? <\/li>\n\n\n\n<li>\u00bfCu\u00e1ntos derechos conoc\u00edas?<\/li>\n<\/ul>\n\n\n\n<p class=\"wp-block-paragraph\">Te invito a que compartas estos derechos que tenemos como personas a tu c\u00edrculo m\u00e1s cercano para que se interesen en conocerlos.<\/p>\n\n\n\n<h3 class=\"wp-block-heading\">1.2.4. La Constituci\u00f3n Pol\u00edtica de los Estados Unidos Mexicanos (CPEUM)<\/h3>\n\n\n\n<div class=\"wp-block-columns is-layout-flex wp-container-core-columns-is-layout-8f761849 wp-block-columns-is-layout-flex\">\n<div class=\"wp-block-column is-layout-flow wp-block-column-is-layout-flow\" style=\"flex-basis:66.66%\">\n<p class=\"wp-block-paragraph\"><\/p>\n\n\n\n<p class=\"wp-block-paragraph\">La Constituci\u00f3n Pol\u00edtica de los Estados Unidos Mexicanos reconoce los derechos humanos de todas las personas y establece garant\u00edas para su protecci\u00f3n. Estas garant\u00edas son mecanismos jur\u00eddicos y pol\u00edticos que aseguran el ejercicio efectivo de los derechos humanos. Adem\u00e1s, la Constituci\u00f3n obliga a todas las autoridades a promover, respetar, proteger y garantizar estos derechos.<\/p>\n\n\n\n<p class=\"wp-block-paragraph\">En los 133 art\u00edculos de nuestra constituci\u00f3n se encuentran distribuidos derechos humanos que est\u00e1n protegidos en estos preceptos. Los derechos humanos en M\u00e9xico tienen dos fuentes: la Constituci\u00f3n misma y los tratados internacionales de los que el Estado mexicano es parte. Estos derechos se consideran principios para la interpretaci\u00f3n de las normas relacionadas con los derechos humanos y se basan en los principios de pro-persona, universalidad, interdependencia, indivisibilidad y progresividad.<\/p>\n\n\n\n<p class=\"wp-block-paragraph\"><\/p>\n<\/div>\n\n\n\n<div class=\"wp-block-column is-layout-flow wp-block-column-is-layout-flow\" style=\"flex-basis:33.33%\"><div class=\"wp-block-image is-style-default\">\n<figure class=\"aligncenter size-full is-resized\"><img loading=\"lazy\" decoding=\"async\" src=\"data:image\/gif;base64,R0lGODlhAQABAIAAAAAAAP\/\/\/yH5BAEAAAAALAAAAAABAAEAAAIBRAA7\" data-src=\"https:\/\/blogs.ugto.mx\/rea\/wp-content\/uploads\/sites\/71\/2023\/09\/CPEUM.jpg\" alt=\"\" class=\"wp-image-29624\" style=\"width:248px;height:397px\" width=\"248\" height=\"397\" \/><noscript><img loading=\"lazy\" decoding=\"async\" src=\"https:\/\/blogs.ugto.mx\/rea\/wp-content\/uploads\/sites\/71\/2023\/09\/CPEUM.jpg\" alt=\"\" class=\"wp-image-29624\" style=\"width:248px;height:397px\" width=\"248\" height=\"397\" srcset=\"https:\/\/blogs.ugto.mx\/rea\/wp-content\/uploads\/sites\/71\/2023\/09\/CPEUM.jpg 313w, https:\/\/blogs.ugto.mx\/rea\/wp-content\/uploads\/sites\/71\/2023\/09\/CPEUM-188x300.jpg 188w\" sizes=\"auto, (max-width: 248px) 100vw, 248px\" \/><\/noscript><figcaption class=\"wp-element-caption\"><strong>Imagen 2. <\/strong>Constituci\u00f3n Pol\u00edtica de los Estados Unidos Mexicanos<\/figcaption><\/figure>\n<\/div><\/div>\n<\/div>\n\n\n\n<p class=\"wp-block-paragraph\">Te invito a que le eches un vistazo a nuestra constituci\u00f3n y leer los primeros 28 art\u00edculos que consagran importantes derechos humanos. Realizar un an\u00e1lisis comparativo entre nuestra carta magna y la Declaraci\u00f3n de los Derechos Humanos universales puede ayudarte a comprender mejor estos derechos fundamentales. <\/p>\n\n\n\n<div class=\"wp-block-buttons is-content-justification-center is-layout-flex wp-container-core-buttons-is-layout-fe48e5de wp-block-buttons-is-layout-flex\">\n<div class=\"wp-block-button\"><a class=\"wp-block-button__link has-background wp-element-button\" href=\"https:\/\/drive.google.com\/file\/d\/1HllzSzbXcDHFkkCwNDu_4HQQCasueDi2\/view?usp=sharing\" style=\"background:linear-gradient(135deg,rgb(55,202,236) 0%,rgb(173,217,216) 100%)\" target=\"_blank\" rel=\"noreferrer noopener\">     ACCEDE     <\/a><\/div>\n<\/div>\n\n\n\n<p class=\"wp-block-paragraph\">\u00a1Adelante!<\/p>\n\n\n\n<h2 class=\"wp-block-heading\" id=\"conclusion\">Conclusi\u00f3n<\/h2>\n\n\n\n<p class=\"wp-block-paragraph\">Hemos llegado al final de esta primera clase digital en nuestro curso sobre los derechos humanos, esperamos que haya sido de gran provecho para ti. Durante esta lecci\u00f3n, hemos destacado la importancia de comprender los conceptos relacionados con los derechos humanos. Esto no solo nos permite reconocerlos, sino tambi\u00e9n exigir su respeto y protegerlos en beneficio de la humanidad. Los derechos humanos son elementos esenciales en la vida de cualquier persona, ya que fomentan un desarrollo integral al garantizar aspectos como la justicia, la libertad religiosa, un ambiente saludable y la igualdad. Tambi\u00e9n promueven una vida saludable y plena para todos.<\/p>\n\n\n\n<p class=\"wp-block-paragraph\">Es fundamental que destaquemos la relevancia de los derechos humanos no solo en el \u00e1mbito jur\u00eddico de las democracias occidentales, sino como un pilar fundamental en la construcci\u00f3n de una sociedad m\u00e1s humana. Debemos esforzarnos por preservarlos y promoverlos, especialmente en aquellas regiones donde a\u00fan no se reconocen ni respetan en su totalidad.<\/p>\n\n\n\n<p class=\"wp-block-paragraph\">Compartir el conocimiento adquirido es esencial si deseamos mejorar nuestro entorno social y fomentar la humanidad en nuestra sociedad. Los derechos humanos son la base para una convivencia m\u00e1s sana y respetuosa, promoviendo la tolerancia y la armon\u00eda entre las naciones. Es responsabilidad de todos salvaguardar la continuidad de estos derechos donde ya est\u00e1n reconocidos en las Constituciones y trabajar incansablemente para extender su aplicaci\u00f3n efectiva en aquellos lugares donde a\u00fan no se conocen.<\/p>\n\n\n\n<h2 class=\"wp-block-heading\" id=\"fuentes-de-informacion\">Fuentes de informaci\u00f3n<\/h2>\n\n\n\n<ul class=\"wp-block-list\">\n<li>Organizaci\u00f3n de las Naciones Unidas (ONU). Declaraci\u00f3n Universal de Derechos Humanos, recuperado de: <a href=\"https:\/\/www.un.org\/es\/about-us\/universal-declaration-of-human-rights\">https:\/\/www.un.org\/es\/about-us\/universal-declaration-of-human-rights<\/a>, consultado 2 junio, 2023<\/li>\n\n\n\n<li>CNDH (2023). \u00bfQu\u00e9 son los derechos humanos? Recuperado de:<a href=\"https:\/\/www.cndh.org.mx\/derechos-humanos\/que-son-los-derechos-humanos\"> https:\/\/www.cndh.org.mx\/derechos-humanos\/que-son-los-derechos-humanos<\/a>, consultado 2 junio, 2023<\/li>\n\n\n\n<li>Ballesteros, J. (2003). \u00bfDerechos?,\u00bfhumanos?. Recuperado de <a href=\"https:\/\/dadun.unav.edu\/bitstream\/10171\/14282\/1\/PD_48_02.pdf\">PD_48_02.pdf (unav.edu)<\/a>, consultado 2 junio, 2023.<\/li>\n\n\n\n<li>Ovalle Favela, Jos\u00e9. (2016). Derechos humanos y garant\u00edas constitucionales. Bolet\u00edn mexicano de derecho comparado, 49(146), 149-177. Recuperado en 25 de junio de 2023, de <a href=\"http:\/\/www.scielo.org.mx\/scielo.php?script=sci_arttext&amp;pid=S0041-86332016000200149&amp;lng=es&amp;tlng=es\">http:\/\/www.scielo.org.mx\/scielo.php?script=sci_arttext&amp;pid=S0041-86332016000200149&amp;lng=es&amp;tlng=es<\/a><\/li>\n<\/ul>\n","protected":false},"excerpt":{"rendered":"<p>Introducci\u00f3n \u00a1Bienvenidos a la primera clase digital del curso \u00abMovimientos Sociales y los Derechos Humanos\u00bb en el Bachillerato General! En esta experiencia de aprendizaje, exploraremos el apasionante mundo de los derechos humanos y c\u00f3mo estos evolucionan a lo largo de la historia gracias a la lucha incansable de movimientos sociales. En esta primera lecci\u00f3n, nos &#8230; <a title=\"Clase digital 1. Derechos humanos (DD.HH.)\" class=\"read-more\" href=\"https:\/\/blogs.ugto.mx\/rea\/clase-digital-1-derechos-humanos-dd-hh\/\" aria-label=\"Leer m\u00e1s sobre Clase digital 1. Derechos humanos (DD.HH.)\">Leer m\u00e1s<\/a><\/p>\n","protected":false},"author":142,"featured_media":0,"comment_status":"closed","ping_status":"closed","sticky":false,"template":"","format":"standard","meta":{"_acf_changed":false,"_crdt_document":"","episode_type":"","audio_file":"","podmotor_file_id":"","podmotor_episode_id":"","cover_image":"","cover_image_id":"","duration":"","filesize":"","filesize_raw":"","date_recorded":"","explicit":"","block":"","itunes_episode_number":"","itunes_title":"","itunes_season_number":"","itunes_episode_type":"","footnotes":""},"categories":[180,188,769,206],"tags":[41,773,774],"class_list":["post-29491","post","type-post","status-publish","format-standard","hentry","category-cideap","category-ciencias-sociales-periodismo-e-informacion","category-curso-movimientos-sociales-y-los-derechos-humanos","category-historia-y-actualidad","tag-clase-digital","tag-edsh01670","tag-maria-guadalupe-martinez-flores"],"acf":[],"jetpack_featured_media_url":"","_links":{"self":[{"href":"https:\/\/blogs.ugto.mx\/rea\/wp-json\/wp\/v2\/posts\/29491","targetHints":{"allow":["GET"]}}],"collection":[{"href":"https:\/\/blogs.ugto.mx\/rea\/wp-json\/wp\/v2\/posts"}],"about":[{"href":"https:\/\/blogs.ugto.mx\/rea\/wp-json\/wp\/v2\/types\/post"}],"author":[{"embeddable":true,"href":"https:\/\/blogs.ugto.mx\/rea\/wp-json\/wp\/v2\/users\/142"}],"replies":[{"embeddable":true,"href":"https:\/\/blogs.ugto.mx\/rea\/wp-json\/wp\/v2\/comments?post=29491"}],"version-history":[{"count":32,"href":"https:\/\/blogs.ugto.mx\/rea\/wp-json\/wp\/v2\/posts\/29491\/revisions"}],"predecessor-version":[{"id":30668,"href":"https:\/\/blogs.ugto.mx\/rea\/wp-json\/wp\/v2\/posts\/29491\/revisions\/30668"}],"wp:attachment":[{"href":"https:\/\/blogs.ugto.mx\/rea\/wp-json\/wp\/v2\/media?parent=29491"}],"wp:term":[{"taxonomy":"category","embeddable":true,"href":"https:\/\/blogs.ugto.mx\/rea\/wp-json\/wp\/v2\/categories?post=29491"},{"taxonomy":"post_tag","embeddable":true,"href":"https:\/\/blogs.ugto.mx\/rea\/wp-json\/wp\/v2\/tags?post=29491"}],"curies":[{"name":"wp","href":"https:\/\/api.w.org\/{rel}","templated":true}]}}