{"id":29611,"date":"2023-09-29T21:52:40","date_gmt":"2023-09-29T21:52:40","guid":{"rendered":"https:\/\/blogs.ugto.mx\/rea\/?p=29611"},"modified":"2023-10-24T21:29:42","modified_gmt":"2023-10-24T21:29:42","slug":"clase-digital-3-movimientos-sociales-desde-la-perspectiva-de-los-dd-hh-en-mexico","status":"publish","type":"post","link":"https:\/\/blogs.ugto.mx\/rea\/clase-digital-3-movimientos-sociales-desde-la-perspectiva-de-los-dd-hh-en-mexico\/","title":{"rendered":"Clase digital 3. Movimientos sociales desde la perspectiva de los \u00a0DD.HH. en M\u00e9xico"},"content":{"rendered":"\n\n\n<div class=\"wp-block-cover is-light\" style=\"min-height:284px;aspect-ratio:unset;\"><span aria-hidden=\"true\" class=\"wp-block-cover__background has-background-dim-40 has-background-dim\"><\/span><img decoding=\"async\" class=\"wp-block-cover__image-background wp-image-29686\" alt=\"\" src=\"data:image\/gif;base64,R0lGODlhAQABAIAAAAAAAP\/\/\/yH5BAEAAAAALAAAAAABAAEAAAIBRAA7\" data-src=\"https:\/\/blogs.ugto.mx\/rea\/wp-content\/uploads\/sites\/71\/2023\/09\/Group-of-American-activists-is-protesting.png\" style=\"object-position:60% 84%\" data-object-fit=\"cover\" data-object-position=\"60% 84%\" \/><noscript><img loading=\"lazy\" decoding=\"async\" width=\"779\" height=\"513\" class=\"wp-block-cover__image-background wp-image-29686\" alt=\"\" src=\"https:\/\/blogs.ugto.mx\/rea\/wp-content\/uploads\/sites\/71\/2023\/09\/Group-of-American-activists-is-protesting.png\" style=\"object-position:60% 84%\" data-object-fit=\"cover\" data-object-position=\"60% 84%\" srcset=\"https:\/\/blogs.ugto.mx\/rea\/wp-content\/uploads\/sites\/71\/2023\/09\/Group-of-American-activists-is-protesting.png 779w, https:\/\/blogs.ugto.mx\/rea\/wp-content\/uploads\/sites\/71\/2023\/09\/Group-of-American-activists-is-protesting-300x198.png 300w, https:\/\/blogs.ugto.mx\/rea\/wp-content\/uploads\/sites\/71\/2023\/09\/Group-of-American-activists-is-protesting-768x506.png 768w\" sizes=\"auto, (max-width: 779px) 100vw, 779px\" \/><\/noscript><div class=\"wp-block-cover__inner-container is-layout-flow wp-block-cover-is-layout-flow\">\n<p class=\"has-text-align-center has-base-3-color has-text-color has-large-font-size wp-block-paragraph\"><br>Movimientos sociales desde la<br>perspectiva de los \u00a0DD.HH. en M\u00e9xico<\/p>\n<\/div><\/div>\n\n\n\n<h2 class=\"wp-block-heading\" id=\"introduccion\">Introducci\u00f3n<\/h2>\n\n\n\n<p class=\"wp-block-paragraph\">Es un placer recibirte nuevamente en la tercera clase digital, titulada \u00abMovimientos sociales desde la perspectiva de los Derechos Humanos en M\u00e9xico\u00bb. Tal vez has escuchado mencionar los movimientos sociales que se materializan a trav\u00e9s de marchas y que representan las demandas y peticiones de la sociedad al Estado o al gobierno. Pero, \u00bfqu\u00e9 es exactamente un movimiento social? \u00bfConoces las diferencias entre una marcha y un movimiento social? \u00bfSabes por qu\u00e9 surgen estos movimientos?<\/p>\n\n\n\n<p class=\"wp-block-paragraph\">En esta nueva lecci\u00f3n, te adentrar\u00e1s en el concepto de movimientos sociales, explorando su definici\u00f3n, sus or\u00edgenes y sus precursores. Tambi\u00e9n analizaremos los elementos y caracter\u00edsticas esenciales que definen a un movimiento social y lo distinguen de otras formas de protesta.<\/p>\n\n\n\n<p class=\"wp-block-paragraph\">En este contexto, examinaremos algunos ejemplos hist\u00f3ricos de movimientos sociales en defensa de los Derechos Humanos a nivel global. Como habr\u00e1s aprendido en lecciones previas, la lucha por el reconocimiento y la garant\u00eda de los derechos humanos a menudo ha sido un proceso marcado por la violencia y resultados lentos. Sin embargo, la sociedad no ha cejado en su esfuerzo por luchar y exigir estas prerrogativas que han transformado nuestra humanidad.<\/p>\n\n\n\n<p class=\"wp-block-paragraph\">Te animo a que contin\u00faes explorando este fascinante tema y tomes notas sobre los aspectos que te resulten interesantes, ya que te ser\u00e1n \u00fatiles para completar tu tarea. Recuerda siempre la m\u00e1xima: \u00abAprender sin pensar es in\u00fatil. Pensar sin aprender es peligroso\u00bb.<\/p>\n\n\n\n<p class=\"wp-block-paragraph\">\u00a1Sigamos avanzando juntos en este emocionante viaje de aprendizaje!<\/p>\n\n\n\n<h2 class=\"wp-block-heading\" id=\"desarrollo-del-tema\">Desarrollo del tema <\/h2>\n\n\n\n<h3 class=\"wp-block-heading\">3.2.1. Definici\u00f3n de los Movimientos sociales<\/h3>\n\n\n\n<p class=\"wp-block-paragraph\">Un movimiento social es un tipo de acci\u00f3n grupal cuyo principal objetivo es empoderar a poblaciones oprimidas frente a las \u00e9lites bajo las que se encuentran. En general, se trata de grandes grupos, ya sea organizados formalmente o no, que se preocupan por problemas pol\u00edticos o sociales espec\u00edficos.<\/p>\n\n\n\n<p class=\"wp-block-paragraph\">Los movimientos sociales tienen como objetivo principal generar un cambio social o resistir y modificar uno previo. Constituyen la principal v\u00eda que tienen los grupos sociales menos favorecidos para intentar producir un cambio en la sociedad.<\/p>\n\n\n\n<p class=\"wp-block-paragraph\">Seg\u00fan varios investigadores, la proliferaci\u00f3n de movimientos sociales en la cultura occidental durante el siglo XX y XXI se debe a factores como la libertad de expresi\u00f3n, el aumento del bienestar econ\u00f3mico de la mayor\u00eda de las personas y la educaci\u00f3n universal. Aunque es importante se\u00f1alar que, a pesar de que en algunos pa\u00edses en v\u00edas de desarrollo tambi\u00e9n han surgido movimientos sociales, la mayor\u00eda de estos se originan en pa\u00edses democr\u00e1ticos. Actualmente, gracias al uso de tecnolog\u00edas como Internet y los medios de comunicaci\u00f3n, la aparici\u00f3n de nuevos movimientos sociales es m\u00e1s r\u00e1pida que nunca.<\/p>\n\n\n\n<p class=\"wp-block-paragraph\">Te invito a que sigas escuchando el siguiente video:<\/p>\n\n\n\n<figure class=\"wp-block-embed is-type-video is-provider-youtube wp-block-embed-youtube wp-embed-aspect-16-9 wp-has-aspect-ratio\"><div class=\"wp-block-embed__wrapper\">\n<iframe loading=\"lazy\" title=\"\u00bfQu\u00e9 es un MOVIMIENTO SOCIAL y cu\u00e1les son sus caracter\u00edsticas? (Ejemplos)\ud83d\ude4b\" width=\"1200\" height=\"675\" src=\"https:\/\/www.youtube.com\/embed\/_Zlxsz23alI?feature=oembed\" frameborder=\"0\" allow=\"accelerometer; autoplay; clipboard-write; encrypted-media; gyroscope; picture-in-picture; web-share\" allowfullscreen><\/iframe>\n<\/div><\/figure>\n\n\n\n<h3 class=\"wp-block-heading\">3.2.2. Origen de los movimientos sociales<\/h3>\n\n\n\n<p class=\"wp-block-paragraph\">Cuando se empez\u00f3 a utilizar el concepto de movimiento social a principios del siglo XIX, estaba relacionado con un tipo espec\u00edfico de cambio social, principalmente revolucionario, y ten\u00eda un prop\u00f3sito definido: la instauraci\u00f3n de un r\u00e9gimen socialista o comunista. Estaba vinculado a una identidad espec\u00edfica, la de la clase obrera.<\/p>\n\n\n\n<p class=\"wp-block-paragraph\">Sin embargo, con el tiempo, los movimientos sociales se diversificaron y adoptaron diferentes orientaciones ideol\u00f3gicas, desde revolucionarias hasta reaccionarias, e incluso posiciones intermedias. A veces, estos movimientos estaban asociados a un campo pol\u00edtico concreto, mientras que en otras ocasiones eran interclasistas y multipartidistas.<\/p>\n\n\n\n<div class=\"wp-block-columns is-layout-flex wp-container-core-columns-is-layout-8f761849 wp-block-columns-is-layout-flex\">\n<div class=\"wp-block-column is-layout-flow wp-block-column-is-layout-flow\"><div class=\"wp-block-image\">\n<figure class=\"aligncenter size-full is-resized\"><img loading=\"lazy\" decoding=\"async\" src=\"data:image\/gif;base64,R0lGODlhAQABAIAAAAAAAP\/\/\/yH5BAEAAAAALAAAAAABAAEAAAIBRAA7\" data-src=\"https:\/\/blogs.ugto.mx\/rea\/wp-content\/uploads\/sites\/71\/2023\/09\/Objetivo-de-los-movimientos-sociales.jpg\" alt=\"\" class=\"wp-image-29679\" style=\"width:383px;height:327px\" width=\"383\" height=\"327\" \/><noscript><img loading=\"lazy\" decoding=\"async\" src=\"https:\/\/blogs.ugto.mx\/rea\/wp-content\/uploads\/sites\/71\/2023\/09\/Objetivo-de-los-movimientos-sociales.jpg\" alt=\"\" class=\"wp-image-29679\" style=\"width:383px;height:327px\" width=\"383\" height=\"327\" srcset=\"https:\/\/blogs.ugto.mx\/rea\/wp-content\/uploads\/sites\/71\/2023\/09\/Objetivo-de-los-movimientos-sociales.jpg 569w, https:\/\/blogs.ugto.mx\/rea\/wp-content\/uploads\/sites\/71\/2023\/09\/Objetivo-de-los-movimientos-sociales-300x256.jpg 300w\" sizes=\"auto, (max-width: 383px) 100vw, 383px\" \/><\/noscript><figcaption class=\"wp-element-caption\"><strong>Imagen 1.<\/strong> Objetivo de los movimientos sociales<\/figcaption><\/figure>\n<\/div><\/div>\n\n\n\n<div class=\"wp-block-column is-layout-flow wp-block-column-is-layout-flow\">\n<p class=\"wp-block-paragraph\">El t\u00e9rmino \u00abmovimiento social\u00bb fue introducido en el vocabulario acad\u00e9mico por Lorenz Von Stein en 1846 en su obra \u00abHistoria de los Movimientos Sociales Franceses desde 1789 hasta el Presente (1850)\u00bb. Stein lo defini\u00f3 como la aspiraci\u00f3n de sectores sociales (clases) de lograr influencia sobre el Estado debido a las desigualdades econ\u00f3micas. Esto inclu\u00eda la aspiraci\u00f3n del proletariado de tener representaci\u00f3n en los sistemas de gobierno.<\/p>\n\n\n\n<p class=\"wp-block-paragraph\">La vocaci\u00f3n de los movimientos sociales es muy grande por su diversidad, por sus muchos objetivos, desde su auge en los a\u00f1os 1960. Su prestigio tambi\u00e9n es grande. Es una de las v\u00edas l\u00f3gicas de participaci\u00f3n ciudadana. No son fundaciones sociales u organizaciones no gubernamentales (ONG), sino que son unidades asistenciales.<\/p>\n\n\n\n<p class=\"wp-block-paragraph\"><\/p>\n<\/div>\n<\/div>\n\n\n\n<p class=\"wp-block-paragraph\"><\/p>\n\n\n\n<p class=\"wp-block-paragraph\">El concepto revivi\u00f3 en Alemania hacia los a\u00f1os 1970 con la formaci\u00f3n de los grupos de acci\u00f3n c\u00edvica (B\u00fcrgerinitiativen). Los movimientos sociales rara vez confluyen en un partido pol\u00edtico; su labor se basa en presionar al poder pol\u00edtico mediante reivindicaciones concretas o en crear alternativas. Estas alternativas o reivindicaciones se convierten en su principal identidad, sin tener que llegar a plasmar un ideario completo. Son el equivalente a acci\u00f3n afirmativa o grupo de presi\u00f3n para la modificaci\u00f3n de la opini\u00f3n p\u00fablica y de las pol\u00edticas p\u00fablicas (similar al lobby -cabildeo-).<\/p>\n\n\n\n<p class=\"wp-block-paragraph\">Tienen un car\u00e1cter de permanencia en el tiempo y con un n\u00famero de personas representativo, con relaci\u00f3n a los que sufren o ignoran el problema. Su recuerdo hist\u00f3rico es muy antiguo, por ejemplo, los Comuneros de Castilla.<\/p>\n\n\n\n<p class=\"wp-block-paragraph\">Son algunas veces el nacimiento de una idea con l\u00edderes carism\u00e1ticos memorables y su g\u00e9nesis puede derivar hacia un movimiento o iniciar una revuelta o, m\u00e1s contundentemente, una revoluci\u00f3n, como la Revoluci\u00f3n mexicana y asimismo la eventual plataforma para un partido hacia el poder.<\/p>\n\n\n\n<h3 class=\"wp-block-heading\">3.2.3. Elementos y caracter\u00edsticas de los Movimientos Sociales<\/h3>\n\n\n\n<p class=\"wp-block-paragraph\">El t\u00e9rmino \u00abmovimiento social\u00bb engloba una amplia variedad de movimientos que abordan diferentes contextos y objetivos en esferas como la cultural, social, pol\u00edtica, econ\u00f3mica o personal. Estos movimientos incluyen a clases, sectores como obreros, campesinos, mujeres, estudiantes, vecinos y grupos \u00e9tnicos.<\/p>\n\n\n\n<p class=\"wp-block-paragraph\">Los movimientos sociales se componen de tres elementos interrelacionados:<\/p>\n\n\n\n<ul class=\"wp-block-list\">\n<li><strong>Campa\u00f1a.<\/strong> Un esfuerzo p\u00fablico para transmitir demandas colectivas a las autoridades pertinentes.<\/li>\n\n\n\n<li><strong>Repertorio. <\/strong>Creaci\u00f3n de coaliciones y asociaciones con objetivos espec\u00edficos, reuniones p\u00fablicas, manifestaciones, declaraciones p\u00fablicas y campa\u00f1as de propaganda.<\/li>\n\n\n\n<li><strong>Demostraciones de valor.<\/strong> Comportamiento sobrio, atuendo cuidado, unidad mediante insignias y pancartas, recuento de asistentes y compromiso para desafiar obst\u00e1culos, como el mal tiempo.<\/li>\n<\/ul>\n\n\n\n<p class=\"wp-block-paragraph\">Los movimientos sociales se caracterizan por su permanencia en el tiempo y por el n\u00famero significativo de personas que representan en relaci\u00f3n con aquellos que sufren o desconocen el problema que est\u00e1n abordando. Su historia es antigua, y algunos incluso han dado lugar a revoluciones y cambios en la estructura pol\u00edtica y social de las naciones.<\/p>\n\n\n\n<p class=\"wp-block-paragraph\">Te invito a que veas y escuches el siguiente video sobre los movimientos sociales y la Ciencias Pol\u00edticas \u00bfQu\u00e9 son los movimientos sociales? Para que identifiquemos cu\u00e1les son los elementos y caracter\u00edsticas que diferencian a un movimiento social de otras agrupaciones pol\u00edticas y de los objetivos diversos que se persiguen.<\/p>\n\n\n\n<figure class=\"wp-block-embed is-type-video is-provider-youtube wp-block-embed-youtube wp-embed-aspect-16-9 wp-has-aspect-ratio\"><div class=\"wp-block-embed__wrapper\">\n<iframe loading=\"lazy\" title=\"41. Ciencia Pol\u00edtica. \u00bfQu\u00e9 son los movimientos sociales?\" width=\"1200\" height=\"675\" src=\"https:\/\/www.youtube.com\/embed\/AepnwEj6DF4?feature=oembed\" frameborder=\"0\" allow=\"accelerometer; autoplay; clipboard-write; encrypted-media; gyroscope; picture-in-picture; web-share\" allowfullscreen><\/iframe>\n<\/div><\/figure>\n\n\n\n<h3 class=\"wp-block-heading\">3.2.4. Principales Movimientos sociales (hist\u00f3ricos) en defensa de los Derechos Humanos a nivel mundial<\/h3>\n\n\n\n<p class=\"wp-block-paragraph\">Hasta este momento, hemos explorado y analizado los elementos y caracter\u00edsticas que conforman los movimientos sociales. Ahora, es importante recapitular lo que hemos aprendido en las clases previas para identificar hechos hist\u00f3ricos que pueden considerarse movimientos sociales y que han logrado cambios en la defensa de los derechos humanos, revisa los siguientes recursos:<\/p>\n\n\n\n<ul class=\"wp-block-list\">\n<li><strong>Ciencia Pol\u00edtica. Movimientos sociales<\/strong>. algunos ejemplos: <a href=\"https:\/\/www.youtube.com\/watch?v=L-HnwF9cyr8\">https:\/\/www.youtube.com\/watch?v=L-HnwF9cyr8<\/a><\/li>\n\n\n\n<li><strong>Independencia de los Estados Unidos de Norteam\u00e9rica (1776). <\/strong>Este evento marc\u00f3 un hito en la historia al establecer los fundamentos de un nuevo pa\u00eds y su Constituci\u00f3n, que inclu\u00eda una Declaraci\u00f3n de Derechos.<a href=\"https:\/\/youtu.be\/nMA5ykesU0I\">https:\/\/youtu.be\/nMA5ykesU0<\/a>I<\/li>\n\n\n\n<li><strong>Revoluci\u00f3n Francesa (1789). <\/strong>Antes de la Revoluci\u00f3n Francesa, el Siglo de las Luces hab\u00eda comenzado a promover la igualdad entre los ciudadanos. La Revoluci\u00f3n Francesa dio paso a la Declaraci\u00f3n de los Derechos del Hombre y el Ciudadano. Revoluci\u00f3n Frances<\/li>\n\n\n\n<li><strong>Declaraci\u00f3n de los Derechos del Hombre y del Ciudadano (agosto, 1789).<\/strong> Aunque en sus inicios exclu\u00eda los derechos de las mujeres, esta declaraci\u00f3n represent\u00f3 un avance en la promulgaci\u00f3n de derechos fundamentales. <a href=\"https:\/\/youtu.be\/MdGeeXoUvhY\">https:\/\/youtu.be\/MdGeeXoUvhY<\/a><\/li>\n<\/ul>\n\n\n\n<p class=\"wp-block-paragraph\">El poder reaccion\u00f3 de manera muy negativa ante este primer debate feminista ilustrado. Como respuesta, las mujeres fueron excluidas de los derechos pol\u00edticos, se prohibi\u00f3 que pudieran reunirse m\u00e1s de cinco mujeres en la calle y muchas fueron encarceladas por sus ideales. Adem\u00e1s, a inicios de 1800, el C\u00f3digo Napole\u00f3n, que planteaba el matrimonio como un contrato en el que la mujer estaba obligada a obedecer a su marido, se extendi\u00f3 por toda Europa. As\u00ed, la Ilustraci\u00f3n alumbr\u00f3 al feminismo, pero tambi\u00e9n supuso su primera gran derrota.<\/p>\n\n\n\n<p class=\"wp-block-paragraph\">Te invito a que veas los siguientes videos en donde se abordan los derechos humanos de las mujeres: <a href=\"https:\/\/www.bing.com\/videos\/search?q=Asamblea+General-+Declaraci%c3%b3n+Universal+de+los+Derechos+Humanos+&amp;&amp;view=detail&amp;mid=586B68877BA62EC8F03F586B68877BA62EC8F03F&amp;&amp;FORM=VRDGAR&amp;ru=%2Fvideos%2Fsearch%3Fq%3DAsamblea%2520General-%2520Declaraci%25C3%25B3n%2520Universal%2520de%2520los%2520Derechos%2520Humanos%2520%26qs%3Dn%26form%3DQBVDMH%26%3D%2525eAdministra%2520tu%2520historial%2520de%2520b%25C3%25BAsqueda%2525E%26sp%3D-1%26lq%3D0%26pq%3Dasamblea%2520general-%2520declaraci%25C3%25B3n%2520universal%2520de%2520los%2520derechos%2520humanos%2520%26sc%3D0-64%26sk%3D%26cvid%3D0325AB0443BA43A0B3605882E004C732%26ghsh%3D0%26ghacc%3D0%26ghpl%3D\">Las mujeres y la Declaraci\u00f3n Universal de Derechos Humanos &#8211; Bing video<\/a><a href=\"https:\/\/www.bing.com\/videos\/search?q=Asamblea+General-+Declaraci%c3%b3n+Universal+de+los+Derechos+Humanos+&amp;&amp;view=detail&amp;mid=586B68877BA62EC8F03F586B68877BA62EC8F03F&amp;&amp;FORM=VRDGAR&amp;ru=%2Fvideos%2Fsearch%3Fq%3DAsamblea%2520General-%2520Declaraci%25C3%25B3n%2520Universal%2520de%2520los%2520Derechos%2520Humanos%2520%26qs%3Dn%26form%3DQBVDMH%26%3D%2525eAdministra%2520tu%2520historial%2520de%2520b%25C3%25BAsqueda%2525E%26sp%3D-1%26lq%3D0%26pq%3Dasamblea%2520general-%2520declaraci%25C3%25B3n%2520universal%2520de%2520los%2520derechos%2520humanos%2520%26sc%3D0-64%26sk%3D%26cvid%3D0325AB0443BA43A0B3605882E004C732%26ghsh%3D0%26ghacc%3D0%26ghpl%3D\" target=\"_blank\" rel=\"noreferrer noopener\"> Movimientos Obreros<\/a><\/p>\n\n\n\n<ul class=\"wp-block-list\">\n<li><strong>Revoluci\u00f3n Rusa<\/strong>. La Revoluci\u00f3n Rusa busc\u00f3 mejorar las condiciones de vida de los trabajadores y cambi\u00f3 radicalmente el rumbo del pa\u00eds, poniendo fin a la monarqu\u00eda zarista. <a href=\"https:\/\/www.bing.com\/videos\/search?q=revolucion+rusa&amp;&amp;view=detail&amp;mid=BD2A6163662626F66200BD2A6163662626F66200&amp;&amp;FORM=VRDGAR&amp;ru=%2Fvideos%2Fsearch%3Fq%3Drevolucion%2520rusa%26qs%3DHS%26form%3DQBVDMH%26%3D%2525eAdministra%2520tu%2520historial%2520de%2520b%25C3%25BAsqueda%2525E%26sp%3D1%26lq%3D0%26pq%3Drevolucion%2520%26sc%3D10-11%26cvid%3D12E0C1ABC3CB4CEBB0D338E35490D7D0\">La Revoluci\u00f3n Rusa<\/a><\/li>\n\n\n\n<li><strong>Segunda Guerra Mundial. <\/strong>La Segunda Guerra Mundial marc\u00f3 un punto de inflexi\u00f3n en la protecci\u00f3n de los derechos humanos, dando lugar a protocolos, declaraciones y convenciones para su aplicaci\u00f3n a nivel global, como la Declaraci\u00f3n Universal de Derechos Humanos de 1948.Segunda Guerra Mundial. <a href=\"https:\/\/www.bing.com\/videos\/search?q=segunda+guerra+mundial&amp;&amp;view=detail&amp;mid=3497DF0A426ADFA014BE3497DF0A426ADFA014BE&amp;&amp;FORM=VRDGAR&amp;ru=%2Fvideos%2Fsearch%3Fq%3Dsegunda%2520guerra%2520mundial%26qs%3DMM%26form%3DQBVDMH%26%3D%2525eAdministra%2520tu%2520historial%2520de%2520b%25C3%25BAsqueda%2525E%26sp%3D1%26ghc%3D1%26lq%3D0%26pq%3Dsegunda%2520guerra%2520%26sc%3D10-15%26cvid%3D2A97898996514038BA4370660A6B70F8\">Segunda Guerra Mundial<\/a><\/li>\n<\/ul>\n\n\n\n<p class=\"wp-block-paragraph\">Para los expertos de los Derechos Humanos, se considera a la Segunda Guerra Mundial como el parteaguas de la protecci\u00f3n de los derechos, ya que se establecieron protocolos, declaraciones y convenciones con car\u00e1cter positivo en su aplicabilidad para todas aquellas naciones que lo suscribieran, por lo que la mayor\u00eda de los pa\u00edses del mundo as\u00ed lo aceptaron y ratificaron. A continuaci\u00f3n dejo unos links de esos documentos que se establecieron en la Asamblea General- <a href=\"https:\/\/www.bing.com\/videos\/search?q=Asamblea+General-+Declaraci%c3%b3n+Universal+de+los+Derechos+Humanos+&amp;&amp;view=detail&amp;mid=5C8FE01BBBA951DA55865C8FE01BBBA951DA5586&amp;&amp;FORM=VRDGAR&amp;ru=%2Fvideos%2Fsearch%3Fq%3DAsamblea%2520General-%2520Declaraci%25C3%25B3n%2520Universal%2520de%2520los%2520Derechos%2520Humanos%2520%26qs%3Dn%26form%3DQBVDMH%26%3D%2525eAdministra%2520tu%2520historial%2520de%2520b%25C3%25BAsqueda%2525E%26sp%3D-1%26lq%3D0%26pq%3Dasamblea%2520general-%2520declaraci%25C3%25B3n%2520universal%2520de%2520los%2520derechos%2520humanos%2520%26sc%3D0-64%26sk%3D%26cvid%3D0325AB0443BA43A0B3605882E004C732%26ghsh%3D0%26ghacc%3D0%26ghpl%3D\">Declaraci\u00f3n Universal de los Derechos Humanos (10 diciembre, 1948)<\/a>.<\/p>\n\n\n\n<p class=\"wp-block-paragraph\">Movimientos sociales actuales reivindicatorios de los derechos humanos (<a href=\"https:\/\/www.nationalgeographic.es\/historia\/2021\/06\/orgullo-lgbtiq-cinco-decadas-de-reivindicacion\">derechos sobre la diversidad sexual<\/a>, derechos a la vida, <a href=\"https:\/\/www.europarl.europa.eu\/news\/es\/headlines\/society\/20210225STO98706\/cronologia-los-derechos-de-las-mujeres-en-la-ue\">derecho de las mujeres<\/a>, derecho a un medio ambiente sano, etc)<\/p>\n\n\n\n<h2 class=\"wp-block-heading\" id=\"conclusion\">Conclusi\u00f3n<\/h2>\n\n\n\n<p class=\"wp-block-paragraph\">A lo largo de casi todo el siglo XX, el concepto de movimientos sociales se ha ido transformando, actualizando sus premisas de acuerdo con las modificaciones en las formas de organizaci\u00f3n, de acci\u00f3n y de objetivos de los propios movimientos, sin embargo, no deja de lado ese cambio que la sociedad quiere.<\/p>\n\n\n\n<p class=\"wp-block-paragraph\">A lo largo de casi todo el siglo XX, el concepto de movimientos sociales se ha ido transformando, actualizando sus premisas de acuerdo con las modificaciones en las formas de organizaci\u00f3n, de acci\u00f3n y de objetivos de los propios movimientos.<\/p>\n\n\n\n<p class=\"wp-block-paragraph\">Los derechos humanos afrontan todav\u00eda muchos retos a pesar de que los 193 Estados Miembros de la ONU han suscrito la DUDDHH. Basta repasar la actualidad para constatar la persistencia del racismo, la discriminaci\u00f3n, la violencia y la intolerancia y para comprobar que las libertades de expresi\u00f3n, asociaci\u00f3n y asamblea \u2013imprescindibles para que la sociedad civil funcione\u2013 siguen siendo atacadas en todas las regiones del mundo.<\/p>\n\n\n\n<p class=\"wp-block-paragraph\">La humanidad No olvida, y es menester que todos estos movimientos que han servido para el RECONOCIMIENTO y SALVAGUARDA de los derechos humanos m\u00e1s que nunca es necesario estudiarlos, conocerlos, y no dejarlos pasar al olvido, dado que los acontecimientos m\u00e1s importantes y el contexto hist\u00f3rico que nos rodea influyen en todos, compartimos una memoria colectiva, es decir, recordar estos hechos hist\u00f3ricos y movimientos sociales que se vivieron en un contexto compartido, y no olvidarlo jam\u00e1s.<\/p>\n\n\n\n<p class=\"wp-block-paragraph\">Te felicito por seguir avanzando y descubriendo momentos que han marcado al ser humano, para bien o mal, pero nos han marcado. Continuemos en esta b\u00fasqueda del conocimiento de los derechos humanos y compartir lo que aprendamos.<\/p>\n\n\n\n<h2 class=\"wp-block-heading\" id=\"fuentes-de-informacion\">Fuentes de informaci\u00f3n<\/h2>\n\n\n\n<ul class=\"wp-block-list\">\n<li>Rodr\u00edguez P. Alejandro, (2022) Blog: Movimientos social; concepto, caracter\u00edsticas, tipos, ejemplos. <a href=\"https:\/\/www.lifeder.com\/movimiento-social\/\">https:\/\/www.lifeder.com\/movimiento-social\/<\/a> consultado el 4 junio, 2023.<\/li>\n\n\n\n<li>De la Garza Talavera, Rafael. (2011). Las teor\u00edas de los movimientos sociales y el enfoque multidimensional. Estudios pol\u00edticos (M\u00e9xico), (22), 107-138. Recuperado de <a href=\"http:\/\/www.scielo.org.mx\/scielo.php?script=sci_arttext&amp;pid=S0185-16162011000100007&amp;lng=es&amp;tlng=es\">http:\/\/www.scielo.org.mx\/scielo.php?script=sci_arttext&amp;pid=S0185-16162011000100007&amp;lng=es&amp;tlng=es<\/a> consultado el en 04 de junio de 2023.<\/li>\n\n\n\n<li>Alvarado Rodr\u00edguez, M. E., Correa Nava, L. V., &amp; Costilla de la Trinidad, E. J. (2010). Movimientos sociales: una reflexi\u00f3n para la ense\u00f1anza de las ciencias sociales. Recuperado de h<a href=\"\/\/ru.iis.sociales.unam.mx\/bitstream\/IIS\/5304\/1\/02_alvarado.pdf\">ttps:\/\/ru.iis.sociales.unam.mx\/bitstream\/IIS\/5304\/1\/02_alvarado.pdf<\/a> consultado el en 04 de junio de 2023<\/li>\n\n\n\n<li>Organizaci\u00f3n de las Naciones Unidas. Recuperado de: <a href=\"https:\/\/www.un.org\/es\/about-us\">La Organizaci\u00f3n | Naciones Unidas<\/a>, consultado el en 04 de junio de 2023<\/li>\n<\/ul>\n","protected":false},"excerpt":{"rendered":"<p>Introducci\u00f3n Es un placer recibirte nuevamente en la tercera clase digital, titulada \u00abMovimientos sociales desde la perspectiva de los Derechos Humanos en M\u00e9xico\u00bb. Tal vez has escuchado mencionar los movimientos sociales que se materializan a trav\u00e9s de marchas y que representan las demandas y peticiones de la sociedad al Estado o al gobierno. Pero, \u00bfqu\u00e9 &#8230; <a title=\"Clase digital 3. Movimientos sociales desde la perspectiva de los \u00a0DD.HH. en M\u00e9xico\" class=\"read-more\" href=\"https:\/\/blogs.ugto.mx\/rea\/clase-digital-3-movimientos-sociales-desde-la-perspectiva-de-los-dd-hh-en-mexico\/\" aria-label=\"Leer m\u00e1s sobre Clase digital 3. Movimientos sociales desde la perspectiva de los \u00a0DD.HH. en M\u00e9xico\">Leer m\u00e1s<\/a><\/p>\n","protected":false},"author":142,"featured_media":0,"comment_status":"closed","ping_status":"closed","sticky":false,"template":"","format":"standard","meta":{"_acf_changed":false,"_crdt_document":"","episode_type":"","audio_file":"","podmotor_file_id":"","podmotor_episode_id":"","cover_image":"","cover_image_id":"","duration":"","filesize":"","filesize_raw":"","date_recorded":"","explicit":"","block":"","itunes_episode_number":"","itunes_title":"","itunes_season_number":"","itunes_episode_type":"","footnotes":""},"categories":[180,188,769,206],"tags":[41,773,774],"class_list":["post-29611","post","type-post","status-publish","format-standard","hentry","category-cideap","category-ciencias-sociales-periodismo-e-informacion","category-curso-movimientos-sociales-y-los-derechos-humanos","category-historia-y-actualidad","tag-clase-digital","tag-edsh01670","tag-maria-guadalupe-martinez-flores"],"acf":[],"jetpack_featured_media_url":"","_links":{"self":[{"href":"https:\/\/blogs.ugto.mx\/rea\/wp-json\/wp\/v2\/posts\/29611","targetHints":{"allow":["GET"]}}],"collection":[{"href":"https:\/\/blogs.ugto.mx\/rea\/wp-json\/wp\/v2\/posts"}],"about":[{"href":"https:\/\/blogs.ugto.mx\/rea\/wp-json\/wp\/v2\/types\/post"}],"author":[{"embeddable":true,"href":"https:\/\/blogs.ugto.mx\/rea\/wp-json\/wp\/v2\/users\/142"}],"replies":[{"embeddable":true,"href":"https:\/\/blogs.ugto.mx\/rea\/wp-json\/wp\/v2\/comments?post=29611"}],"version-history":[{"count":13,"href":"https:\/\/blogs.ugto.mx\/rea\/wp-json\/wp\/v2\/posts\/29611\/revisions"}],"predecessor-version":[{"id":30671,"href":"https:\/\/blogs.ugto.mx\/rea\/wp-json\/wp\/v2\/posts\/29611\/revisions\/30671"}],"wp:attachment":[{"href":"https:\/\/blogs.ugto.mx\/rea\/wp-json\/wp\/v2\/media?parent=29611"}],"wp:term":[{"taxonomy":"category","embeddable":true,"href":"https:\/\/blogs.ugto.mx\/rea\/wp-json\/wp\/v2\/categories?post=29611"},{"taxonomy":"post_tag","embeddable":true,"href":"https:\/\/blogs.ugto.mx\/rea\/wp-json\/wp\/v2\/tags?post=29611"}],"curies":[{"name":"wp","href":"https:\/\/api.w.org\/{rel}","templated":true}]}}